{"id":7410,"date":"2026-09-01T06:00:00","date_gmt":"2026-09-01T06:00:00","guid":{"rendered":"https:\/\/www.belodonte.es\/?p=7410"},"modified":"2026-07-10T09:30:26","modified_gmt":"2026-07-10T09:30:26","slug":"mucositis-oral-en-pacients-oncologics-maneig-clinic-prevencio","status":"publish","type":"post","link":"https:\/\/www.belodonte.es\/ca\/mucositis-oral-en-pacients-oncologics-maneig-clinic-prevencio\/","title":{"rendered":"Mucositis oral en pacients oncol\u00f2gics: maneig cl\u00ednic i prevenci\u00f3"},"content":{"rendered":"\n<p class=\"wp-block-paragraph\">La <strong>mucositis oral<\/strong> \u00e9s la inflamaci\u00f3 i ulceraci\u00f3 de la mucosa de la cavitat oral provocada per l&#8217;efecte citot\u00f2xic de la quimioter\u00e0pia i la radioter\u00e0pia sobre les c\u00e8l\u00b7lules de revestiment de la boca. \u00c9s una de les complicacions m\u00e9s freq\u00fcents i debilitants del tractament oncol\u00f2gic: afecta a entre el 20% i el 40% dels pacients que reben quimioter\u00e0pia est\u00e0ndard, i a m\u00e9s del 80% dels quals reben radioter\u00e0pia al capdavant i coll o trasplantament de c\u00e8l\u00b7lules mare hematopo\u00e8tiques. El seu impacte va molt m\u00e9s enll\u00e0 del dolor local: pot obligar a reduir o interrompre el tractament oncol\u00f2gic, comprometre la nutrici\u00f3 i augmentar el risc d&#8217;infeccions sist\u00e8miques greus.<\/p>\n\n\n\n<h2 class=\"wp-block-heading\">Per qu\u00e8 es produeix la mucositis oral en pacients oncol\u00f2gics?<\/h2>\n\n\n\n<p class=\"wp-block-paragraph\">La mucosa oral \u00e9s un dels teixits m\u00e9s vulnerables a l&#8217;efecte de la quimioter\u00e0pia i la radioter\u00e0pia perqu\u00e8 est\u00e0 composta per c\u00e8l\u00b7lules de renovaci\u00f3 r\u00e0pida (el seu cicle de reposici\u00f3 complet dura entre 7 i 14 dies), exactament el tipus de c\u00e8l\u00b7lules sobre les quals actuen els tractaments oncol\u00f2gics. Els citost\u00e0tics i la radiaci\u00f3 interfereixen en la divisi\u00f3 cel\u00b7lular de les c\u00e8l\u00b7lules basals de l&#8217;epiteli oral, impedint la seva renovaci\u00f3 normal.<\/p>\n\n\n\n<p class=\"wp-block-paragraph\">El resultat \u00e9s una p\u00e8rdua progressiva de la barrera mucosa que exposa el teixit subjacent, genera \u00falceres doloroses i permet la colonitzaci\u00f3 per bacteris, fongs i virus oportunistes.<\/p>\n\n\n\n<p class=\"wp-block-paragraph\">El model fisiopatol\u00f2gic actualment acceptat, descrit per Sonis en 2004 i \u00e0mpliament validat des de llavors, divideix el proc\u00e9s en cinc fases seq\u00fcencials: iniciaci\u00f3, regulaci\u00f3 a l&#8217;al\u00e7a amb generaci\u00f3 de missatgers inflamatoris, amplificaci\u00f3 del senyal inflamatori, ulceraci\u00f3 i finalment curaci\u00f3 espont\u00e0nia quan cessa l&#8217;est\u00edmul t\u00f2xic.<\/p>\n\n\n\n<h2 class=\"wp-block-heading\">Quins s\u00edmptomes produeix i com es classifica?<\/h2>\n\n\n\n<p class=\"wp-block-paragraph\">La mucositis oral es manifesta inicialment com una sensaci\u00f3 d&#8217;ardor i eritema (enrogiment) de la mucosa, que evoluciona cap a la formaci\u00f3 d&#8217;\u00falceres doloroses cobertes per una pseudomembrana blanquinosa. El dolor pot ser d&#8217;intensitat extrema, interferint amb la capacitat de parlar, empassar i alimentar-se. L&#8217;escala m\u00e9s utilitzada per a la seva classificaci\u00f3 \u00e9s la de l&#8217;Organitzaci\u00f3 Mundial de la Salut (OMS), que estableix cinc graus:<\/p>\n\n\n\n<p class=\"wp-block-paragraph\">Grau Descripci\u00f3<br>0 Sense canvis<br>1 Eritema i dolor lleu, sense \u00falceres<br>2 Eritema, \u00falceres, pot menjar s\u00f2lids<br>3 \u00dalceres extenses, nom\u00e9s tolera l\u00edquids<br>4 Impossibilitat d&#8217;alimentar-se, requereix suport nutricional<\/p>\n\n\n\n<p class=\"wp-block-paragraph\">Els graus 3 i 4 es consideren mucositis severa i poden obligar a hospitalitzar al pacient, reduir la dosi de quimioter\u00e0pia o interrompre la radioter\u00e0pia, amb el conseg\u00fcent impacte negatiu sobre el resultat oncol\u00f2gic del tractament.<\/p>\n\n\n\n<h2 class=\"wp-block-heading\">Quins factors augmenten el risc de desenvolupar mucositis greu?<\/h2>\n\n\n\n<p class=\"wp-block-paragraph\">Existeixen factors de risc dependents del tractament i factors dependents del pacient. Entre els primers destaquen el tipus de citost\u00e0tic utilitzat (els agents alquilants, el metotrexat i el 5-fluorouraciltenen major potencial mucot\u00f2xic), la dosi acumulada de radioter\u00e0pia al capdavant i coll (especialment per sobre de 30 Gy), el fraccionament de la radioter\u00e0pia i la combinaci\u00f3 de qu\u00edmio i radioter\u00e0pia simult\u00e0nies.<\/p>\n\n\n\n<p class=\"wp-block-paragraph\">Entre els factors dependents del pacient es troben l&#8217;edat avan\u00e7ada, l&#8217;estat nutricional previ al tractament, la funci\u00f3 renal (que determina la velocitat d&#8217;eliminaci\u00f3 dels citost\u00e0tics), la pres\u00e8ncia de malaltia periodontal activa o focus infecciosos dentals no tractats abans de l&#8217;inici del tractament oncol\u00f2gic, i determinades variants gen\u00e8tiques relacionades amb el metabolisme dels citost\u00e0tics.<\/p>\n\n\n\n<h2 class=\"wp-block-heading\">Com es prev\u00e9 la mucositis oral?<\/h2>\n\n\n\n<p class=\"wp-block-paragraph\">La prevenci\u00f3 de la mucositis oral comen\u00e7a abans de l&#8217;inici del tractament oncol\u00f2gic. La valoraci\u00f3 i el sanejament oral previs (eliminaci\u00f3 de focus infecciosos, tractament periodontal, ajust de pr\u00f2tesis mal adaptades) redueixen de manera significativa el risc de complicacions infeccioses associades a la mucositis.<\/p>\n\n\n\n<p class=\"wp-block-paragraph\">Durant el tractament, les mesures amb m\u00e9s evid\u00e8ncia cient\u00edfica inclouen les esbandides amb crioter\u00e0pia oral (mantenir gel en la boca durant l&#8217;administraci\u00f3 intravenosa d&#8217;uns certs citost\u00e0tics, especialment el 5-fluorouracil en bitlla, redueix el flux sanguini muc\u00f3s i limita l&#8217;exposici\u00f3 al citost\u00e0tic), l&#8217;\u00fas de factor de creixement de queratin\u00f2cits (palifermina) en pacients sotmesos a trasplantament de c\u00e8l\u00b7lules mare, i la ter\u00e0pia amb l\u00e0ser de baixa intensitat (fotobiomodulaci\u00f3), que ha demostrat en m\u00faltiples assajos cl\u00ednics reduir tant la incid\u00e8ncia com la severitat de la mucositis en pacients que reben radioter\u00e0pia al capdavant i coll.<\/p>\n\n\n\n<p class=\"wp-block-paragraph\">En Cl\u00ednica Belodonte el protocol de valoraci\u00f3 preoncol\u00f2gica inclou la revisi\u00f3 oral sistem\u00e0tica i el sanejament complet abans de l&#8217;inici de qualsevol tractament amb potencial mucot\u00f2xic.<\/p>\n\n\n\n<h2 class=\"wp-block-heading\">Quin \u00e9s el tractament de la mucositis establerta?<\/h2>\n\n\n\n<p class=\"wp-block-paragraph\">El tractament de la mucositis oral establerta \u00e9s fonamentalment de suport, ja que no existeix fins a la data cap f\u00e0rmac que reverteixi el proc\u00e9s fisiopatol\u00f2gic una vegada iniciat.<\/p>\n\n\n\n<p class=\"wp-block-paragraph\">Els pilars del maneig inclouen el control del dolor (amb analg\u00e8sia escalonada que pot arribar a requerir opioides en els graus 3 i 4), el manteniment de la higiene oral amb productes suaus i no irritants (solucions salines, bicarbonat s\u00f2dic dilu\u00eft, evitant col\u00b7lutoris amb alcohol), el control de les infeccions oportunistes (antif\u00fangics t\u00f2pics o sist\u00e8mics per a la candidiasi, antivirals per a les reactivacions herp\u00e8tiques), el suport nutricional (nutrici\u00f3 enteral o parenteral quan la mucositis impedeix la ingesta oral adequada) i la hidrataci\u00f3.<\/p>\n\n\n\n<p class=\"wp-block-paragraph\">Els anest\u00e8sics t\u00f2pics com la lidoca\u00efna viscosa poden proporcionar alleujament temporal del dolor abans dels menjars, encara que el seu \u00fas ha de pautar-se amb cura pel risc d&#8217;interferir amb el reflex de degluci\u00f3.<\/p>\n\n\n\n<h2 class=\"wp-block-heading\">Preguntes freq\u00fcents sobre mucositis oral<\/h2>\n\n\n\n<h3 class=\"wp-block-heading\">Quant dura la mucositis oral?<\/h3>\n\n\n\n<p class=\"wp-block-paragraph\">En els pacients que reben quimioter\u00e0pia en cicles, la mucositis sol apar\u00e8ixer entre el cinqu\u00e8 i el des\u00e8 dia despr\u00e9s de cada cicle i es resol espont\u00e0niament en dos a tres setmanes, una vegada que les c\u00e8l\u00b7lules mucoses es regeneren. En els pacients que reben radioter\u00e0pia cont\u00ednua al capdavant i coll, la mucositis pot persistir durant tot el tractament i diverses setmanes despr\u00e9s de finalitzar-lo.<\/p>\n\n\n\n<h3 class=\"wp-block-heading\">Pot prevenir-se completament?<\/h3>\n\n\n\n<p class=\"wp-block-paragraph\">No existeix cap mesura que garanteixi la prevenci\u00f3 completa de la mucositis en pacients amb alt risc. No obstant aix\u00f2, la combinaci\u00f3 de sanejament oral previ, crioter\u00e0pia durant l&#8217;administraci\u00f3 de citost\u00e0tics i fotobiomodulaci\u00f3 amb l\u00e0ser ha demostrat reduir la seva incid\u00e8ncia i severitat de forma cl\u00ednicament rellevant.<\/p>\n\n\n\n<h3 class=\"wp-block-heading\">Quins productes d&#8217;higiene oral han d&#8217;evitar-se durant la mucositis?<\/h3>\n\n\n\n<p class=\"wp-block-paragraph\">Han d&#8217;evitar-se els col\u00b7lutoris amb alcohol, la clorhexidina en concentracions elevades (que resseca i irrita la mucosa ja lesionada), els raspalls de truges dures i qualsevol producte mentolat o amb sabors intensos que pugui agreujar la sensaci\u00f3 d&#8217;ardor.<\/p>\n\n\n\n<h3 class=\"wp-block-heading\">La mucositis oral pot provocar infeccions greus?<\/h3>\n\n\n\n<p class=\"wp-block-paragraph\">S\u00ed. La p\u00e8rdua de la barrera mucosa en un pacient amb problemes d&#8217;inmunitat pot facilitar l&#8217;entrada de bacteris al torrent sanguini (bacteri\u00e8mia) i generar s\u00e8psia, una complicaci\u00f3 potencialment greu que requereix hospitalitzaci\u00f3 i antibioter\u00e0pia intravenosa. Aquest risc \u00e9s especialment elevat en pacients amb neutrop\u00e8nia severa associada al tractament quimioter\u00e0pic.<\/p>\n\n\n\n<p class=\"wp-block-paragraph\">Si iniciar\u00e0s un tractament de quimioter\u00e0pia o radioter\u00e0pia al capdavant i coll, sol\u00b7licita una valoraci\u00f3 oral abans de comen\u00e7ar. Arribar al tractament amb la boca en les millors condicions possibles \u00e9s una de les mesures m\u00e9s eficaces per a reduir el risc de complicacions.<\/p>\n","protected":false},"excerpt":{"rendered":"<p>La mucositis oral \u00e9s la inflamaci\u00f3 i ulceraci\u00f3 de la mucosa de la cavitat oral provocada per l&#8217;efecte citot\u00f2xic de la quimioter\u00e0pia i la radioter\u00e0pia sobre les c\u00e8l\u00b7lules de revestiment de la boca. \u00c9s una de les complicacions m\u00e9s freq\u00fcents [&hellip;]<\/p>\n","protected":false},"author":3,"featured_media":7409,"comment_status":"open","ping_status":"open","sticky":false,"template":"","format":"standard","meta":{"site-sidebar-layout":"default","site-content-layout":"","ast-site-content-layout":"default","site-content-style":"default","site-sidebar-style":"default","ast-global-header-display":"","ast-banner-title-visibility":"","ast-main-header-display":"","ast-hfb-above-header-display":"","ast-hfb-below-header-display":"","ast-hfb-mobile-header-display":"","site-post-title":"","ast-breadcrumbs-content":"","ast-featured-img":"","footer-sml-layout":"","ast-disable-related-posts":"","theme-transparent-header-meta":"","adv-header-id-meta":"","stick-header-meta":"","header-above-stick-meta":"","header-main-stick-meta":"","header-below-stick-meta":"","astra-migrate-meta-layouts":"set","ast-page-background-enabled":"default","ast-page-background-meta":{"desktop":{"background-color":"","background-image":"","background-repeat":"repeat","background-position":"center center","background-size":"auto","background-attachment":"scroll","background-type":"","background-media":"","overlay-type":"","overlay-color":"","overlay-opacity":"","overlay-gradient":""},"tablet":{"background-color":"","background-image":"","background-repeat":"repeat","background-position":"center center","background-size":"auto","background-attachment":"scroll","background-type":"","background-media":"","overlay-type":"","overlay-color":"","overlay-opacity":"","overlay-gradient":""},"mobile":{"background-color":"","background-image":"","background-repeat":"repeat","background-position":"center center","background-size":"auto","background-attachment":"scroll","background-type":"","background-media":"","overlay-type":"","overlay-color":"","overlay-opacity":"","overlay-gradient":""}},"ast-content-background-meta":{"desktop":{"background-color":"var(--ast-global-color-5)","background-image":"","background-repeat":"repeat","background-position":"center center","background-size":"auto","background-attachment":"scroll","background-type":"","background-media":"","overlay-type":"","overlay-color":"","overlay-opacity":"","overlay-gradient":""},"tablet":{"background-color":"var(--ast-global-color-5)","background-image":"","background-repeat":"repeat","background-position":"center center","background-size":"auto","background-attachment":"scroll","background-type":"","background-media":"","overlay-type":"","overlay-color":"","overlay-opacity":"","overlay-gradient":""},"mobile":{"background-color":"var(--ast-global-color-5)","background-image":"","background-repeat":"repeat","background-position":"center center","background-size":"auto","background-attachment":"scroll","background-type":"","background-media":"","overlay-type":"","overlay-color":"","overlay-opacity":"","overlay-gradient":""}},"footnotes":""},"categories":[32],"tags":[],"class_list":["post-7410","post","type-post","status-publish","format-standard","has-post-thumbnail","hentry","category-cirugia-oral"],"yoast_head":"<!-- This site is optimized with the Yoast SEO plugin v28.4 - https:\/\/yoast.com\/product\/yoast-seo-wordpress\/ -->\n<title>Mucositis oral en pacients oncol\u00f2gics: maneig cl\u00ednic i prevenci\u00f3 - Cl\u00ednica Belodonte<\/title>\n<meta name=\"robots\" content=\"index, follow, max-snippet:-1, max-image-preview:large, max-video-preview:-1\" \/>\n<link rel=\"canonical\" href=\"https:\/\/www.belodonte.es\/mucositis-oral-pacientes-oncologicos-manejo-clinico-prevencion\/\" \/>\n<meta property=\"og:locale\" content=\"ca_ES\" \/>\n<meta property=\"og:type\" content=\"article\" \/>\n<meta property=\"og:title\" content=\"Mucositis oral en pacients oncol\u00f2gics: maneig cl\u00ednic i prevenci\u00f3 - Cl\u00ednica Belodonte\" \/>\n<meta property=\"og:description\" content=\"La mucositis oral \u00e9s la inflamaci\u00f3 i ulceraci\u00f3 de la mucosa de la cavitat oral provocada per l&#8217;efecte citot\u00f2xic de la quimioter\u00e0pia i la radioter\u00e0pia sobre les c\u00e8l\u00b7lules de revestiment de la boca. \u00c9s una de les complicacions m\u00e9s freq\u00fcents [&hellip;]\" \/>\n<meta property=\"og:url\" content=\"https:\/\/www.belodonte.es\/mucositis-oral-pacientes-oncologicos-manejo-clinico-prevencion\/\" \/>\n<meta property=\"og:site_name\" content=\"Cl\u00ednica Belodonte\" \/>\n<meta property=\"article:published_time\" content=\"2026-09-01T06:00:00+00:00\" \/>\n<meta property=\"og:image\" content=\"https:\/\/www.belodonte.es\/wp-content\/uploads\/2026\/07\/mucositis-oral.jpg\" \/>\n\t<meta property=\"og:image:width\" content=\"1000\" \/>\n\t<meta property=\"og:image:height\" content=\"665\" \/>\n\t<meta property=\"og:image:type\" content=\"image\/jpeg\" \/>\n<meta name=\"author\" content=\"Cl\u00ednica Belodonte\" \/>\n<meta name=\"twitter:card\" content=\"summary_large_image\" \/>\n<meta name=\"twitter:label1\" content=\"Written by\" \/>\n\t<meta name=\"twitter:data1\" content=\"Cl\u00ednica Belodonte\" \/>\n\t<meta name=\"twitter:label2\" content=\"Est. reading time\" \/>\n\t<meta name=\"twitter:data2\" content=\"6 minutes\" \/>\n<script type=\"application\/ld+json\" class=\"yoast-schema-graph\">{\"@context\":\"https:\\\/\\\/schema.org\",\"@graph\":[{\"@type\":\"Article\",\"@id\":\"https:\\\/\\\/www.belodonte.es\\\/mucositis-oral-pacientes-oncologicos-manejo-clinico-prevencion\\\/#article\",\"isPartOf\":{\"@id\":\"https:\\\/\\\/www.belodonte.es\\\/mucositis-oral-pacientes-oncologicos-manejo-clinico-prevencion\\\/\"},\"author\":{\"name\":\"Cl\u00ednica Belodonte\",\"@id\":\"https:\\\/\\\/www.belodonte.es\\\/#\\\/schema\\\/person\\\/af746658db6c58f111ab4e18a476abcd\"},\"headline\":\"Mucositis oral en pacients oncol\u00f2gics: maneig cl\u00ednic i prevenci\u00f3\",\"datePublished\":\"2026-09-01T06:00:00+00:00\",\"mainEntityOfPage\":{\"@id\":\"https:\\\/\\\/www.belodonte.es\\\/mucositis-oral-pacientes-oncologicos-manejo-clinico-prevencion\\\/\"},\"wordCount\":1239,\"commentCount\":0,\"publisher\":{\"@id\":\"https:\\\/\\\/www.belodonte.es\\\/#organization\"},\"image\":{\"@id\":\"https:\\\/\\\/www.belodonte.es\\\/mucositis-oral-pacientes-oncologicos-manejo-clinico-prevencion\\\/#primaryimage\"},\"thumbnailUrl\":\"https:\\\/\\\/www.belodonte.es\\\/wp-content\\\/uploads\\\/2026\\\/07\\\/mucositis-oral.jpg\",\"articleSection\":[\"Cirugia Oral\"],\"inLanguage\":\"ca\",\"potentialAction\":[{\"@type\":\"CommentAction\",\"name\":\"Comment\",\"target\":[\"https:\\\/\\\/www.belodonte.es\\\/mucositis-oral-pacientes-oncologicos-manejo-clinico-prevencion\\\/#respond\"]}]},{\"@type\":\"WebPage\",\"@id\":\"https:\\\/\\\/www.belodonte.es\\\/mucositis-oral-pacientes-oncologicos-manejo-clinico-prevencion\\\/\",\"url\":\"https:\\\/\\\/www.belodonte.es\\\/mucositis-oral-pacientes-oncologicos-manejo-clinico-prevencion\\\/\",\"name\":\"Mucositis oral en pacients oncol\u00f2gics: maneig cl\u00ednic i prevenci\u00f3 - Cl\u00ednica Belodonte\",\"isPartOf\":{\"@id\":\"https:\\\/\\\/www.belodonte.es\\\/#website\"},\"primaryImageOfPage\":{\"@id\":\"https:\\\/\\\/www.belodonte.es\\\/mucositis-oral-pacientes-oncologicos-manejo-clinico-prevencion\\\/#primaryimage\"},\"image\":{\"@id\":\"https:\\\/\\\/www.belodonte.es\\\/mucositis-oral-pacientes-oncologicos-manejo-clinico-prevencion\\\/#primaryimage\"},\"thumbnailUrl\":\"https:\\\/\\\/www.belodonte.es\\\/wp-content\\\/uploads\\\/2026\\\/07\\\/mucositis-oral.jpg\",\"datePublished\":\"2026-09-01T06:00:00+00:00\",\"breadcrumb\":{\"@id\":\"https:\\\/\\\/www.belodonte.es\\\/mucositis-oral-pacientes-oncologicos-manejo-clinico-prevencion\\\/#breadcrumb\"},\"inLanguage\":\"ca\",\"potentialAction\":[{\"@type\":\"ReadAction\",\"target\":[\"https:\\\/\\\/www.belodonte.es\\\/mucositis-oral-pacientes-oncologicos-manejo-clinico-prevencion\\\/\"]}]},{\"@type\":\"ImageObject\",\"inLanguage\":\"ca\",\"@id\":\"https:\\\/\\\/www.belodonte.es\\\/mucositis-oral-pacientes-oncologicos-manejo-clinico-prevencion\\\/#primaryimage\",\"url\":\"https:\\\/\\\/www.belodonte.es\\\/wp-content\\\/uploads\\\/2026\\\/07\\\/mucositis-oral.jpg\",\"contentUrl\":\"https:\\\/\\\/www.belodonte.es\\\/wp-content\\\/uploads\\\/2026\\\/07\\\/mucositis-oral.jpg\",\"width\":1000,\"height\":665},{\"@type\":\"BreadcrumbList\",\"@id\":\"https:\\\/\\\/www.belodonte.es\\\/mucositis-oral-pacientes-oncologicos-manejo-clinico-prevencion\\\/#breadcrumb\",\"itemListElement\":[{\"@type\":\"ListItem\",\"position\":1,\"name\":\"Portada\",\"item\":\"https:\\\/\\\/www.belodonte.es\\\/\"},{\"@type\":\"ListItem\",\"position\":2,\"name\":\"Mucositis oral en pacients oncol\u00f2gics: maneig cl\u00ednic i prevenci\u00f3\"}]},{\"@type\":\"WebSite\",\"@id\":\"https:\\\/\\\/www.belodonte.es\\\/#website\",\"url\":\"https:\\\/\\\/www.belodonte.es\\\/\",\"name\":\"Cl\u00ednica Belodonte\",\"description\":\"Cl\u00ednica dental en Barcelona\",\"publisher\":{\"@id\":\"https:\\\/\\\/www.belodonte.es\\\/#organization\"},\"potentialAction\":[{\"@type\":\"SearchAction\",\"target\":{\"@type\":\"EntryPoint\",\"urlTemplate\":\"https:\\\/\\\/www.belodonte.es\\\/?s={search_term_string}\"},\"query-input\":{\"@type\":\"PropertyValueSpecification\",\"valueRequired\":true,\"valueName\":\"search_term_string\"}}],\"inLanguage\":\"ca\"},{\"@type\":\"Organization\",\"@id\":\"https:\\\/\\\/www.belodonte.es\\\/#organization\",\"name\":\"Cl\u00ednica Dental Belodonte\",\"url\":\"https:\\\/\\\/www.belodonte.es\\\/\",\"logo\":{\"@type\":\"ImageObject\",\"inLanguage\":\"ca\",\"@id\":\"https:\\\/\\\/www.belodonte.es\\\/#\\\/schema\\\/logo\\\/image\\\/\",\"url\":\"https:\\\/\\\/www.belodonte.es\\\/wp-content\\\/uploads\\\/2021\\\/10\\\/favicon-clinica-belodonte.png\",\"contentUrl\":\"https:\\\/\\\/www.belodonte.es\\\/wp-content\\\/uploads\\\/2021\\\/10\\\/favicon-clinica-belodonte.png\",\"width\":512,\"height\":512,\"caption\":\"Cl\u00ednica Dental Belodonte\"},\"image\":{\"@id\":\"https:\\\/\\\/www.belodonte.es\\\/#\\\/schema\\\/logo\\\/image\\\/\"}},{\"@type\":\"Person\",\"@id\":\"https:\\\/\\\/www.belodonte.es\\\/#\\\/schema\\\/person\\\/af746658db6c58f111ab4e18a476abcd\",\"name\":\"Cl\u00ednica Belodonte\",\"image\":{\"@type\":\"ImageObject\",\"inLanguage\":\"ca\",\"@id\":\"https:\\\/\\\/secure.gravatar.com\\\/avatar\\\/638e9d8d08bf2340d3d84b2996cdb448289ac0a26b32c99af87880a52287f8b8?s=96&d=mm&r=g\",\"url\":\"https:\\\/\\\/secure.gravatar.com\\\/avatar\\\/638e9d8d08bf2340d3d84b2996cdb448289ac0a26b32c99af87880a52287f8b8?s=96&d=mm&r=g\",\"contentUrl\":\"https:\\\/\\\/secure.gravatar.com\\\/avatar\\\/638e9d8d08bf2340d3d84b2996cdb448289ac0a26b32c99af87880a52287f8b8?s=96&d=mm&r=g\",\"caption\":\"Cl\u00ednica Belodonte\"},\"url\":\"https:\\\/\\\/www.belodonte.es\\\/ca\\\/author\\\/wm_mgc\\\/\"}]}<\/script>\n<!-- \/ Yoast SEO plugin. -->","yoast_head_json":{"title":"Mucositis oral en pacients oncol\u00f2gics: maneig cl\u00ednic i prevenci\u00f3 - Cl\u00ednica Belodonte","robots":{"index":"index","follow":"follow","max-snippet":"max-snippet:-1","max-image-preview":"max-image-preview:large","max-video-preview":"max-video-preview:-1"},"canonical":"https:\/\/www.belodonte.es\/mucositis-oral-pacientes-oncologicos-manejo-clinico-prevencion\/","og_locale":"ca_ES","og_type":"article","og_title":"Mucositis oral en pacients oncol\u00f2gics: maneig cl\u00ednic i prevenci\u00f3 - Cl\u00ednica Belodonte","og_description":"La mucositis oral \u00e9s la inflamaci\u00f3 i ulceraci\u00f3 de la mucosa de la cavitat oral provocada per l&#8217;efecte citot\u00f2xic de la quimioter\u00e0pia i la radioter\u00e0pia sobre les c\u00e8l\u00b7lules de revestiment de la boca. \u00c9s una de les complicacions m\u00e9s freq\u00fcents [&hellip;]","og_url":"https:\/\/www.belodonte.es\/mucositis-oral-pacientes-oncologicos-manejo-clinico-prevencion\/","og_site_name":"Cl\u00ednica Belodonte","article_published_time":"2026-09-01T06:00:00+00:00","og_image":[{"width":1000,"height":665,"url":"https:\/\/www.belodonte.es\/wp-content\/uploads\/2026\/07\/mucositis-oral.jpg","type":"image\/jpeg"}],"author":"Cl\u00ednica Belodonte","twitter_card":"summary_large_image","twitter_misc":{"Written by":"Cl\u00ednica Belodonte","Est. reading time":"6 minutes"},"schema":{"@context":"https:\/\/schema.org","@graph":[{"@type":"Article","@id":"https:\/\/www.belodonte.es\/mucositis-oral-pacientes-oncologicos-manejo-clinico-prevencion\/#article","isPartOf":{"@id":"https:\/\/www.belodonte.es\/mucositis-oral-pacientes-oncologicos-manejo-clinico-prevencion\/"},"author":{"name":"Cl\u00ednica Belodonte","@id":"https:\/\/www.belodonte.es\/#\/schema\/person\/af746658db6c58f111ab4e18a476abcd"},"headline":"Mucositis oral en pacients oncol\u00f2gics: maneig cl\u00ednic i prevenci\u00f3","datePublished":"2026-09-01T06:00:00+00:00","mainEntityOfPage":{"@id":"https:\/\/www.belodonte.es\/mucositis-oral-pacientes-oncologicos-manejo-clinico-prevencion\/"},"wordCount":1239,"commentCount":0,"publisher":{"@id":"https:\/\/www.belodonte.es\/#organization"},"image":{"@id":"https:\/\/www.belodonte.es\/mucositis-oral-pacientes-oncologicos-manejo-clinico-prevencion\/#primaryimage"},"thumbnailUrl":"https:\/\/www.belodonte.es\/wp-content\/uploads\/2026\/07\/mucositis-oral.jpg","articleSection":["Cirugia Oral"],"inLanguage":"ca","potentialAction":[{"@type":"CommentAction","name":"Comment","target":["https:\/\/www.belodonte.es\/mucositis-oral-pacientes-oncologicos-manejo-clinico-prevencion\/#respond"]}]},{"@type":"WebPage","@id":"https:\/\/www.belodonte.es\/mucositis-oral-pacientes-oncologicos-manejo-clinico-prevencion\/","url":"https:\/\/www.belodonte.es\/mucositis-oral-pacientes-oncologicos-manejo-clinico-prevencion\/","name":"Mucositis oral en pacients oncol\u00f2gics: maneig cl\u00ednic i prevenci\u00f3 - Cl\u00ednica Belodonte","isPartOf":{"@id":"https:\/\/www.belodonte.es\/#website"},"primaryImageOfPage":{"@id":"https:\/\/www.belodonte.es\/mucositis-oral-pacientes-oncologicos-manejo-clinico-prevencion\/#primaryimage"},"image":{"@id":"https:\/\/www.belodonte.es\/mucositis-oral-pacientes-oncologicos-manejo-clinico-prevencion\/#primaryimage"},"thumbnailUrl":"https:\/\/www.belodonte.es\/wp-content\/uploads\/2026\/07\/mucositis-oral.jpg","datePublished":"2026-09-01T06:00:00+00:00","breadcrumb":{"@id":"https:\/\/www.belodonte.es\/mucositis-oral-pacientes-oncologicos-manejo-clinico-prevencion\/#breadcrumb"},"inLanguage":"ca","potentialAction":[{"@type":"ReadAction","target":["https:\/\/www.belodonte.es\/mucositis-oral-pacientes-oncologicos-manejo-clinico-prevencion\/"]}]},{"@type":"ImageObject","inLanguage":"ca","@id":"https:\/\/www.belodonte.es\/mucositis-oral-pacientes-oncologicos-manejo-clinico-prevencion\/#primaryimage","url":"https:\/\/www.belodonte.es\/wp-content\/uploads\/2026\/07\/mucositis-oral.jpg","contentUrl":"https:\/\/www.belodonte.es\/wp-content\/uploads\/2026\/07\/mucositis-oral.jpg","width":1000,"height":665},{"@type":"BreadcrumbList","@id":"https:\/\/www.belodonte.es\/mucositis-oral-pacientes-oncologicos-manejo-clinico-prevencion\/#breadcrumb","itemListElement":[{"@type":"ListItem","position":1,"name":"Portada","item":"https:\/\/www.belodonte.es\/"},{"@type":"ListItem","position":2,"name":"Mucositis oral en pacients oncol\u00f2gics: maneig cl\u00ednic i prevenci\u00f3"}]},{"@type":"WebSite","@id":"https:\/\/www.belodonte.es\/#website","url":"https:\/\/www.belodonte.es\/","name":"Cl\u00ednica Belodonte","description":"Cl\u00ednica dental en Barcelona","publisher":{"@id":"https:\/\/www.belodonte.es\/#organization"},"potentialAction":[{"@type":"SearchAction","target":{"@type":"EntryPoint","urlTemplate":"https:\/\/www.belodonte.es\/?s={search_term_string}"},"query-input":{"@type":"PropertyValueSpecification","valueRequired":true,"valueName":"search_term_string"}}],"inLanguage":"ca"},{"@type":"Organization","@id":"https:\/\/www.belodonte.es\/#organization","name":"Cl\u00ednica Dental Belodonte","url":"https:\/\/www.belodonte.es\/","logo":{"@type":"ImageObject","inLanguage":"ca","@id":"https:\/\/www.belodonte.es\/#\/schema\/logo\/image\/","url":"https:\/\/www.belodonte.es\/wp-content\/uploads\/2021\/10\/favicon-clinica-belodonte.png","contentUrl":"https:\/\/www.belodonte.es\/wp-content\/uploads\/2021\/10\/favicon-clinica-belodonte.png","width":512,"height":512,"caption":"Cl\u00ednica Dental Belodonte"},"image":{"@id":"https:\/\/www.belodonte.es\/#\/schema\/logo\/image\/"}},{"@type":"Person","@id":"https:\/\/www.belodonte.es\/#\/schema\/person\/af746658db6c58f111ab4e18a476abcd","name":"Cl\u00ednica Belodonte","image":{"@type":"ImageObject","inLanguage":"ca","@id":"https:\/\/secure.gravatar.com\/avatar\/638e9d8d08bf2340d3d84b2996cdb448289ac0a26b32c99af87880a52287f8b8?s=96&d=mm&r=g","url":"https:\/\/secure.gravatar.com\/avatar\/638e9d8d08bf2340d3d84b2996cdb448289ac0a26b32c99af87880a52287f8b8?s=96&d=mm&r=g","contentUrl":"https:\/\/secure.gravatar.com\/avatar\/638e9d8d08bf2340d3d84b2996cdb448289ac0a26b32c99af87880a52287f8b8?s=96&d=mm&r=g","caption":"Cl\u00ednica Belodonte"},"url":"https:\/\/www.belodonte.es\/ca\/author\/wm_mgc\/"}]}},"_links":{"self":[{"href":"https:\/\/www.belodonte.es\/ca\/wp-json\/wp\/v2\/posts\/7410","targetHints":{"allow":["GET"]}}],"collection":[{"href":"https:\/\/www.belodonte.es\/ca\/wp-json\/wp\/v2\/posts"}],"about":[{"href":"https:\/\/www.belodonte.es\/ca\/wp-json\/wp\/v2\/types\/post"}],"author":[{"embeddable":true,"href":"https:\/\/www.belodonte.es\/ca\/wp-json\/wp\/v2\/users\/3"}],"replies":[{"embeddable":true,"href":"https:\/\/www.belodonte.es\/ca\/wp-json\/wp\/v2\/comments?post=7410"}],"version-history":[{"count":2,"href":"https:\/\/www.belodonte.es\/ca\/wp-json\/wp\/v2\/posts\/7410\/revisions"}],"predecessor-version":[{"id":7413,"href":"https:\/\/www.belodonte.es\/ca\/wp-json\/wp\/v2\/posts\/7410\/revisions\/7413"}],"wp:featuredmedia":[{"embeddable":true,"href":"https:\/\/www.belodonte.es\/ca\/wp-json\/wp\/v2\/media\/7409"}],"wp:attachment":[{"href":"https:\/\/www.belodonte.es\/ca\/wp-json\/wp\/v2\/media?parent=7410"}],"wp:term":[{"taxonomy":"category","embeddable":true,"href":"https:\/\/www.belodonte.es\/ca\/wp-json\/wp\/v2\/categories?post=7410"},{"taxonomy":"post_tag","embeddable":true,"href":"https:\/\/www.belodonte.es\/ca\/wp-json\/wp\/v2\/tags?post=7410"}],"curies":[{"name":"wp","href":"https:\/\/api.w.org\/{rel}","templated":true}]}}