{"id":7109,"date":"2026-04-28T06:00:00","date_gmt":"2026-04-28T06:00:00","guid":{"rendered":"https:\/\/www.belodonte.es\/?p=7109"},"modified":"2026-03-05T08:53:05","modified_gmt":"2026-03-05T08:53:05","slug":"espetec-obrir-boca-sense-dolor-que-es-quan-revisar","status":"publish","type":"post","link":"https:\/\/www.belodonte.es\/ca\/espetec-obrir-boca-sense-dolor-que-es-quan-revisar\/","title":{"rendered":"Espetec en obrir la boca sense dolor: qu\u00e8 \u00e9s i quan revisar-ho"},"content":{"rendered":"\n<p>Un <strong>espetec en obrir la boca sense dolor <\/strong>sol estar relacionat amb l&#8217;articulaci\u00f3 temporomandibular (ATM), l&#8217;estructura que connecta la mand\u00edbula amb el crani i permet moviments com parlar, mastegar o badallar. En molts casos no \u00e9s un problema greu, per\u00f2 s\u00ed que \u00e9s un senyal que l&#8217;articulaci\u00f3 no est\u00e0 funcionant de forma completament coordinada.<\/p>\n\n\n\n<p>Encara que el soroll no sempre indica malaltia, conv\u00e9 entendre per qu\u00e8 apareix i quan pot requerir valoraci\u00f3 odontol\u00f2gica o de cirurgia oral i maxil\u00b7lofacial. Des de <strong>Cl\u00ednica Belodonte, <a href=\"https:\/\/www.belodonte.es\/ca\/cirurgia-oral-i-maxilofacial\/\" type=\"link\" id=\"https:\/\/www.belodonte.es\/ca\/cirurgia-oral-i-maxilofacial\/\" target=\"_blank\" rel=\"noreferrer noopener\">experts en Cirurgia Oral i Maxil\u00b7lofacial a Barcelona<\/a><\/strong>, expliquem sobre aquest s\u00edmptoma.<\/p>\n\n\n\n<h2 class=\"wp-block-heading\">Qu\u00e8 \u00e9s l&#8217;articulaci\u00f3 temporomandibular i per qu\u00e8 pot produir un espetec<\/h2>\n\n\n\n<p>L&#8217;articulaci\u00f3 temporomandibular actua com una frontissa lliscant situada just davant de l&#8217;o\u00efda. Cada vegada que obrim la boca, la mand\u00edbula trencada i es despla\u00e7a cap endavant gr\u00e0cies a l&#8217;acci\u00f3 coordinada de m\u00fasculs, lligaments i un petit disc articular que esmorteeix el moviment.<\/p>\n\n\n\n<p>Quan aquest disc es mou lleugerament de la seva posici\u00f3 o l&#8217;articulaci\u00f3 perd part de la seva coordinaci\u00f3, pot apar\u00e8ixer un espetec o \u201cclic\u201d audible en obrir o tancar la boca.<\/p>\n\n\n\n<p>En molts pacients, aquest so ocorre perqu\u00e8 el disc articular es despla\u00e7a i torna a col\u00b7locar-se durant el moviment mandibular. Aquest fenomen es denomina despla\u00e7ament discal amb reducci\u00f3 i \u00e9s una de les causes m\u00e9s freq\u00fcents de l&#8217;espetec mandibular sense dolor.<\/p>\n\n\n\n<h2 class=\"wp-block-heading\">Causes m\u00e9s freq\u00fcents de l&#8217;espetec mandibular<\/h2>\n\n\n\n<p>L&#8217;espetec en obrir la boca pot tenir diversos or\u00edgens. Els m\u00e9s habituals inclouen:<\/p>\n\n\n\n<h3 class=\"wp-block-heading\">Alteracions lleus de l&#8217;articulaci\u00f3 temporomandibular<\/h3>\n\n\n\n<p>Petits canvis en la posici\u00f3 del disc articular poden generar un clic sense provocar mol\u00e8sties. Moltes persones ho presenten durant anys sense desenvolupar s\u00edmptomes addicionals.<\/p>\n\n\n\n<h3 class=\"wp-block-heading\">Bruxisme o tensi\u00f3 mandibular<\/h3>\n\n\n\n<p>L&#8217;h\u00e0bit d&#8217;estr\u00e8nyer o grinyolar les dents, especialment durant la nit, genera sobrec\u00e0rrega en l&#8217;articulaci\u00f3 i en els m\u00fasculs masticatoris. Amb el temps pot alterar el moviment normal de la mand\u00edbula i produir sorolls articulars.<\/p>\n\n\n\n<h3 class=\"wp-block-heading\">Desajustaments en la mossegada<\/h3>\n\n\n\n<p>Quan les dents no encaixen correctament, la mand\u00edbula pot adaptar-se realitzant petits moviments compensatoris. Aquesta adaptaci\u00f3 a vegades es manifesta com a espetecs en obrir o tancar la boca.<\/p>\n\n\n\n<h3 class=\"wp-block-heading\">Hipermobilitat articular<\/h3>\n\n\n\n<p>Algunes persones tenen articulacions m\u00e9s laxes de l&#8217;habitual. En aquests casos la mand\u00edbula pot despla\u00e7ar-se lleugerament m\u00e9s del normal, generant sorolls articulars sense que existeixi necess\u00e0riament una patologia.<\/p>\n\n\n\n<h3 class=\"wp-block-heading\">Sobrec\u00e0rrega muscular<\/h3>\n\n\n\n<p>L&#8217;estr\u00e8s, l&#8217;h\u00e0bit de mastegar xiclet constantment o mantenir la mand\u00edbula en tensi\u00f3 durant llargs per\u00edodes tamb\u00e9 pot alterar la coordinaci\u00f3 del moviment mandibular.<\/p>\n\n\n\n<h2 class=\"wp-block-heading\">\u00c9s necessari tractar un espetec sense dolor?<\/h2>\n\n\n\n<p>\u00c9s recomanable consultar amb un odont\u00f2leg o especialista en cirurgia oral i maxil\u00b7lofacial si apareixen altres signes com:<\/p>\n\n\n\n<ul class=\"wp-block-list\">\n<li>Dolor en obrir o tancar la boca.<\/li>\n\n\n\n<li>Limitaci\u00f3 per a obrir la boca.<\/li>\n\n\n\n<li>Bloquejos mandibulars.<\/li>\n\n\n\n<li>Desviaci\u00f3 de la mand\u00edbula en obrir.<\/li>\n\n\n\n<li>Dolor en o\u00efda, mand\u00edbula o temples.<\/li>\n<\/ul>\n\n\n\n<p>Aquests s\u00edmptomes poden indicar un trastorn temporomandibular m\u00e9s avan\u00e7at.<\/p>\n\n\n\n<h2 class=\"wp-block-heading\">Quines solucions existeixen<\/h2>\n\n\n\n<p>L&#8217;enfocament terap\u00e8utic dep\u00e8n de la causa de l&#8217;espetec. En la majoria dels casos s&#8217;utilitzen tractaments conservadors orientats a millorar la funci\u00f3 de l&#8217;articulaci\u00f3.<\/p>\n\n\n\n<h3 class=\"wp-block-heading\">F\u00e8rules de desc\u00e0rrega<\/h3>\n\n\n\n<p>Les f\u00e8rules oclusals s&#8217;usen sovint en pacients amb bruxisme o sobrec\u00e0rrega muscular. Aquestes f\u00e8rules ajuden a relaxar la musculatura i protegir l&#8217;articulaci\u00f3 durant el somni.<\/p>\n\n\n\n<h3 class=\"wp-block-heading\">Fisioter\u00e0pia i exercicis mandibulars<\/h3>\n\n\n\n<p>Els exercicis guiats poden millorar la coordinaci\u00f3 muscular i reduir la sobrec\u00e0rrega en l&#8217;articulaci\u00f3 temporomandibular.<\/p>\n\n\n\n<h3 class=\"wp-block-heading\">Control d&#8217;h\u00e0bits<\/h3>\n\n\n\n<p>Evitar mastegar xiclet de manera constant, reduir la tensi\u00f3 mandibular i mantenir una bona higiene postural de la mand\u00edbula pot ajudar a disminuir els sorolls articulars.<\/p>\n\n\n\n<h3 class=\"wp-block-heading\">Ajust oclusal o tractament dental<\/h3>\n\n\n\n<p>En alguns casos, corregir problemes de mossegada o restauracions dentals inadequades pot millorar l&#8217;estabilitat mandibular.<\/p>\n\n\n\n<h3 class=\"wp-block-heading\">Tractament de cirurgia oral i maxil\u00b7lofacial<\/h3>\n\n\n\n<p>Quan existeixen alteracions estructurals de l&#8217;articulaci\u00f3 temporomandibular o els tractaments conservadors no funcionen, l&#8217;especialista en cirurgia oral i maxil\u00b7lofacial pot valorar t\u00e8cniques espec\u00edfiques per a restaurar el funcionament articular.<\/p>\n\n\n\n<p>Aquestes situacions s\u00f3n menys freq\u00fcents i solen reservar-se per a casos amb dolor persistent o limitaci\u00f3 funcional.<\/p>\n\n\n\n<h2 class=\"wp-block-heading\">Quan conv\u00e9 revisar-ho<\/h2>\n\n\n\n<p>Un espetec ocasional sense dolor sol ser benigne. No obstant aix\u00f2, si el soroll apareix cada vegada que s&#8217;obre la boca, empitjora amb el temps o s&#8217;acompanya d&#8217;altres s\u00edmptomes, \u00e9s recomanable realitzar una valoraci\u00f3 odontol\u00f2gica.<\/p>\n\n\n\n<p>L&#8217;exploraci\u00f3 cl\u00ednica i, en alguns casos, proves d&#8217;imatge permeten determinar si existeix un trastorn de l&#8217;articulaci\u00f3 temporomandibular i quin tractament \u00e9s m\u00e9s adequat.<\/p>\n\n\n\n<p>Detectar aquestes alteracions de manera primerenca ajuda a prevenir problemes articulars m\u00e9s complexos i mantenir un moviment mandibular saludable a llarg termini.<\/p>\n","protected":false},"excerpt":{"rendered":"<p>Un espetec en obrir la boca sense dolor sol estar relacionat amb l&#8217;articulaci\u00f3 temporomandibular (ATM), l&#8217;estructura que connecta la mand\u00edbula amb el crani i permet moviments com parlar, mastegar o badallar. En molts casos no \u00e9s un problema greu, per\u00f2 [&hellip;]<\/p>\n","protected":false},"author":3,"featured_media":7108,"comment_status":"open","ping_status":"open","sticky":false,"template":"","format":"standard","meta":{"site-sidebar-layout":"default","site-content-layout":"","ast-site-content-layout":"default","site-content-style":"default","site-sidebar-style":"default","ast-global-header-display":"","ast-banner-title-visibility":"","ast-main-header-display":"","ast-hfb-above-header-display":"","ast-hfb-below-header-display":"","ast-hfb-mobile-header-display":"","site-post-title":"","ast-breadcrumbs-content":"","ast-featured-img":"","footer-sml-layout":"","ast-disable-related-posts":"","theme-transparent-header-meta":"","adv-header-id-meta":"","stick-header-meta":"","header-above-stick-meta":"","header-main-stick-meta":"","header-below-stick-meta":"","astra-migrate-meta-layouts":"set","ast-page-background-enabled":"default","ast-page-background-meta":{"desktop":{"background-color":"","background-image":"","background-repeat":"repeat","background-position":"center center","background-size":"auto","background-attachment":"scroll","background-type":"","background-media":"","overlay-type":"","overlay-color":"","overlay-opacity":"","overlay-gradient":""},"tablet":{"background-color":"","background-image":"","background-repeat":"repeat","background-position":"center center","background-size":"auto","background-attachment":"scroll","background-type":"","background-media":"","overlay-type":"","overlay-color":"","overlay-opacity":"","overlay-gradient":""},"mobile":{"background-color":"","background-image":"","background-repeat":"repeat","background-position":"center center","background-size":"auto","background-attachment":"scroll","background-type":"","background-media":"","overlay-type":"","overlay-color":"","overlay-opacity":"","overlay-gradient":""}},"ast-content-background-meta":{"desktop":{"background-color":"var(--ast-global-color-5)","background-image":"","background-repeat":"repeat","background-position":"center center","background-size":"auto","background-attachment":"scroll","background-type":"","background-media":"","overlay-type":"","overlay-color":"","overlay-opacity":"","overlay-gradient":""},"tablet":{"background-color":"var(--ast-global-color-5)","background-image":"","background-repeat":"repeat","background-position":"center center","background-size":"auto","background-attachment":"scroll","background-type":"","background-media":"","overlay-type":"","overlay-color":"","overlay-opacity":"","overlay-gradient":""},"mobile":{"background-color":"var(--ast-global-color-5)","background-image":"","background-repeat":"repeat","background-position":"center center","background-size":"auto","background-attachment":"scroll","background-type":"","background-media":"","overlay-type":"","overlay-color":"","overlay-opacity":"","overlay-gradient":""}},"footnotes":""},"categories":[32],"tags":[],"class_list":["post-7109","post","type-post","status-publish","format-standard","has-post-thumbnail","hentry","category-cirugia-oral"],"yoast_head":"<!-- This site is optimized with the Yoast SEO plugin v27.5 - https:\/\/yoast.com\/product\/yoast-seo-wordpress\/ -->\n<title>Espetec en obrir la boca sense dolor: qu\u00e8 \u00e9s i quan revisar-ho<\/title>\n<meta name=\"description\" content=\"Un espetec en obrir la boca sense dolor sol estar relacionat amb l&#039;ATM, l&#039;estructura que connecta la mand\u00edbula amb el crani.\" \/>\n<meta name=\"robots\" content=\"index, follow, max-snippet:-1, max-image-preview:large, max-video-preview:-1\" \/>\n<link rel=\"canonical\" href=\"https:\/\/www.belodonte.es\/chasquido-abrir-boca-sin-dolor\/\" \/>\n<meta property=\"og:locale\" content=\"ca_ES\" \/>\n<meta property=\"og:type\" content=\"article\" \/>\n<meta property=\"og:title\" content=\"Espetec en obrir la boca sense dolor: qu\u00e8 \u00e9s i quan revisar-ho\" \/>\n<meta property=\"og:description\" content=\"Un espetec en obrir la boca sense dolor sol estar relacionat amb l&#039;ATM, l&#039;estructura que connecta la mand\u00edbula amb el crani.\" \/>\n<meta property=\"og:url\" content=\"https:\/\/www.belodonte.es\/chasquido-abrir-boca-sin-dolor\/\" \/>\n<meta property=\"og:site_name\" content=\"Cl\u00ednica Belodonte\" \/>\n<meta property=\"article:published_time\" content=\"2026-04-28T06:00:00+00:00\" \/>\n<meta property=\"og:image\" content=\"https:\/\/www.belodonte.es\/wp-content\/uploads\/2026\/04\/chasquido-al-abrir-la-boca-sin-dolor.png\" \/>\n\t<meta property=\"og:image:width\" content=\"1976\" \/>\n\t<meta property=\"og:image:height\" content=\"1108\" \/>\n\t<meta property=\"og:image:type\" content=\"image\/png\" \/>\n<meta name=\"author\" content=\"Cl\u00ednica Belodonte\" \/>\n<meta name=\"twitter:card\" content=\"summary_large_image\" \/>\n<meta name=\"twitter:label1\" content=\"Written by\" \/>\n\t<meta name=\"twitter:data1\" content=\"Cl\u00ednica Belodonte\" \/>\n\t<meta name=\"twitter:label2\" content=\"Est. reading time\" \/>\n\t<meta name=\"twitter:data2\" content=\"4 minutes\" \/>\n<script type=\"application\/ld+json\" class=\"yoast-schema-graph\">{\"@context\":\"https:\\\/\\\/schema.org\",\"@graph\":[{\"@type\":\"Article\",\"@id\":\"https:\\\/\\\/www.belodonte.es\\\/chasquido-abrir-boca-sin-dolor\\\/#article\",\"isPartOf\":{\"@id\":\"https:\\\/\\\/www.belodonte.es\\\/chasquido-abrir-boca-sin-dolor\\\/\"},\"author\":{\"name\":\"Cl\u00ednica Belodonte\",\"@id\":\"https:\\\/\\\/www.belodonte.es\\\/#\\\/schema\\\/person\\\/af746658db6c58f111ab4e18a476abcd\"},\"headline\":\"Espetec en obrir la boca sense dolor: qu\u00e8 \u00e9s i quan revisar-ho\",\"datePublished\":\"2026-04-28T06:00:00+00:00\",\"mainEntityOfPage\":{\"@id\":\"https:\\\/\\\/www.belodonte.es\\\/chasquido-abrir-boca-sin-dolor\\\/\"},\"wordCount\":793,\"commentCount\":0,\"publisher\":{\"@id\":\"https:\\\/\\\/www.belodonte.es\\\/#organization\"},\"image\":{\"@id\":\"https:\\\/\\\/www.belodonte.es\\\/chasquido-abrir-boca-sin-dolor\\\/#primaryimage\"},\"thumbnailUrl\":\"https:\\\/\\\/www.belodonte.es\\\/wp-content\\\/uploads\\\/2026\\\/04\\\/chasquido-al-abrir-la-boca-sin-dolor.png\",\"articleSection\":[\"Cirugia Oral\"],\"inLanguage\":\"ca\",\"potentialAction\":[{\"@type\":\"CommentAction\",\"name\":\"Comment\",\"target\":[\"https:\\\/\\\/www.belodonte.es\\\/chasquido-abrir-boca-sin-dolor\\\/#respond\"]}]},{\"@type\":\"WebPage\",\"@id\":\"https:\\\/\\\/www.belodonte.es\\\/chasquido-abrir-boca-sin-dolor\\\/\",\"url\":\"https:\\\/\\\/www.belodonte.es\\\/chasquido-abrir-boca-sin-dolor\\\/\",\"name\":\"Espetec en obrir la boca sense dolor: qu\u00e8 \u00e9s i quan revisar-ho\",\"isPartOf\":{\"@id\":\"https:\\\/\\\/www.belodonte.es\\\/#website\"},\"primaryImageOfPage\":{\"@id\":\"https:\\\/\\\/www.belodonte.es\\\/chasquido-abrir-boca-sin-dolor\\\/#primaryimage\"},\"image\":{\"@id\":\"https:\\\/\\\/www.belodonte.es\\\/chasquido-abrir-boca-sin-dolor\\\/#primaryimage\"},\"thumbnailUrl\":\"https:\\\/\\\/www.belodonte.es\\\/wp-content\\\/uploads\\\/2026\\\/04\\\/chasquido-al-abrir-la-boca-sin-dolor.png\",\"datePublished\":\"2026-04-28T06:00:00+00:00\",\"description\":\"Un espetec en obrir la boca sense dolor sol estar relacionat amb l'ATM, l'estructura que connecta la mand\u00edbula amb el crani.\",\"breadcrumb\":{\"@id\":\"https:\\\/\\\/www.belodonte.es\\\/chasquido-abrir-boca-sin-dolor\\\/#breadcrumb\"},\"inLanguage\":\"ca\",\"potentialAction\":[{\"@type\":\"ReadAction\",\"target\":[\"https:\\\/\\\/www.belodonte.es\\\/chasquido-abrir-boca-sin-dolor\\\/\"]}]},{\"@type\":\"ImageObject\",\"inLanguage\":\"ca\",\"@id\":\"https:\\\/\\\/www.belodonte.es\\\/chasquido-abrir-boca-sin-dolor\\\/#primaryimage\",\"url\":\"https:\\\/\\\/www.belodonte.es\\\/wp-content\\\/uploads\\\/2026\\\/04\\\/chasquido-al-abrir-la-boca-sin-dolor.png\",\"contentUrl\":\"https:\\\/\\\/www.belodonte.es\\\/wp-content\\\/uploads\\\/2026\\\/04\\\/chasquido-al-abrir-la-boca-sin-dolor.png\",\"width\":1976,\"height\":1108,\"caption\":\"chasquido al abrir la boca sin dolor\"},{\"@type\":\"BreadcrumbList\",\"@id\":\"https:\\\/\\\/www.belodonte.es\\\/chasquido-abrir-boca-sin-dolor\\\/#breadcrumb\",\"itemListElement\":[{\"@type\":\"ListItem\",\"position\":1,\"name\":\"Portada\",\"item\":\"https:\\\/\\\/www.belodonte.es\\\/\"},{\"@type\":\"ListItem\",\"position\":2,\"name\":\"Espetec en obrir la boca sense dolor: qu\u00e8 \u00e9s i quan revisar-ho\"}]},{\"@type\":\"WebSite\",\"@id\":\"https:\\\/\\\/www.belodonte.es\\\/#website\",\"url\":\"https:\\\/\\\/www.belodonte.es\\\/\",\"name\":\"Cl\u00ednica Belodonte\",\"description\":\"Cl\u00ednica dental en Barcelona\",\"publisher\":{\"@id\":\"https:\\\/\\\/www.belodonte.es\\\/#organization\"},\"potentialAction\":[{\"@type\":\"SearchAction\",\"target\":{\"@type\":\"EntryPoint\",\"urlTemplate\":\"https:\\\/\\\/www.belodonte.es\\\/?s={search_term_string}\"},\"query-input\":{\"@type\":\"PropertyValueSpecification\",\"valueRequired\":true,\"valueName\":\"search_term_string\"}}],\"inLanguage\":\"ca\"},{\"@type\":\"Organization\",\"@id\":\"https:\\\/\\\/www.belodonte.es\\\/#organization\",\"name\":\"Cl\u00ednica Dental Belodonte\",\"url\":\"https:\\\/\\\/www.belodonte.es\\\/\",\"logo\":{\"@type\":\"ImageObject\",\"inLanguage\":\"ca\",\"@id\":\"https:\\\/\\\/www.belodonte.es\\\/#\\\/schema\\\/logo\\\/image\\\/\",\"url\":\"https:\\\/\\\/www.belodonte.es\\\/wp-content\\\/uploads\\\/2021\\\/10\\\/favicon-clinica-belodonte.png\",\"contentUrl\":\"https:\\\/\\\/www.belodonte.es\\\/wp-content\\\/uploads\\\/2021\\\/10\\\/favicon-clinica-belodonte.png\",\"width\":512,\"height\":512,\"caption\":\"Cl\u00ednica Dental Belodonte\"},\"image\":{\"@id\":\"https:\\\/\\\/www.belodonte.es\\\/#\\\/schema\\\/logo\\\/image\\\/\"}},{\"@type\":\"Person\",\"@id\":\"https:\\\/\\\/www.belodonte.es\\\/#\\\/schema\\\/person\\\/af746658db6c58f111ab4e18a476abcd\",\"name\":\"Cl\u00ednica Belodonte\",\"image\":{\"@type\":\"ImageObject\",\"inLanguage\":\"ca\",\"@id\":\"https:\\\/\\\/secure.gravatar.com\\\/avatar\\\/638e9d8d08bf2340d3d84b2996cdb448289ac0a26b32c99af87880a52287f8b8?s=96&d=mm&r=g\",\"url\":\"https:\\\/\\\/secure.gravatar.com\\\/avatar\\\/638e9d8d08bf2340d3d84b2996cdb448289ac0a26b32c99af87880a52287f8b8?s=96&d=mm&r=g\",\"contentUrl\":\"https:\\\/\\\/secure.gravatar.com\\\/avatar\\\/638e9d8d08bf2340d3d84b2996cdb448289ac0a26b32c99af87880a52287f8b8?s=96&d=mm&r=g\",\"caption\":\"Cl\u00ednica Belodonte\"},\"url\":\"https:\\\/\\\/www.belodonte.es\\\/ca\\\/author\\\/wm_mgc\\\/\"}]}<\/script>\n<!-- \/ Yoast SEO plugin. -->","yoast_head_json":{"title":"Espetec en obrir la boca sense dolor: qu\u00e8 \u00e9s i quan revisar-ho","description":"Un espetec en obrir la boca sense dolor sol estar relacionat amb l'ATM, l'estructura que connecta la mand\u00edbula amb el crani.","robots":{"index":"index","follow":"follow","max-snippet":"max-snippet:-1","max-image-preview":"max-image-preview:large","max-video-preview":"max-video-preview:-1"},"canonical":"https:\/\/www.belodonte.es\/chasquido-abrir-boca-sin-dolor\/","og_locale":"ca_ES","og_type":"article","og_title":"Espetec en obrir la boca sense dolor: qu\u00e8 \u00e9s i quan revisar-ho","og_description":"Un espetec en obrir la boca sense dolor sol estar relacionat amb l'ATM, l'estructura que connecta la mand\u00edbula amb el crani.","og_url":"https:\/\/www.belodonte.es\/chasquido-abrir-boca-sin-dolor\/","og_site_name":"Cl\u00ednica Belodonte","article_published_time":"2026-04-28T06:00:00+00:00","og_image":[{"width":1976,"height":1108,"url":"https:\/\/www.belodonte.es\/wp-content\/uploads\/2026\/04\/chasquido-al-abrir-la-boca-sin-dolor.png","type":"image\/png"}],"author":"Cl\u00ednica Belodonte","twitter_card":"summary_large_image","twitter_misc":{"Written by":"Cl\u00ednica Belodonte","Est. reading time":"4 minutes"},"schema":{"@context":"https:\/\/schema.org","@graph":[{"@type":"Article","@id":"https:\/\/www.belodonte.es\/chasquido-abrir-boca-sin-dolor\/#article","isPartOf":{"@id":"https:\/\/www.belodonte.es\/chasquido-abrir-boca-sin-dolor\/"},"author":{"name":"Cl\u00ednica Belodonte","@id":"https:\/\/www.belodonte.es\/#\/schema\/person\/af746658db6c58f111ab4e18a476abcd"},"headline":"Espetec en obrir la boca sense dolor: qu\u00e8 \u00e9s i quan revisar-ho","datePublished":"2026-04-28T06:00:00+00:00","mainEntityOfPage":{"@id":"https:\/\/www.belodonte.es\/chasquido-abrir-boca-sin-dolor\/"},"wordCount":793,"commentCount":0,"publisher":{"@id":"https:\/\/www.belodonte.es\/#organization"},"image":{"@id":"https:\/\/www.belodonte.es\/chasquido-abrir-boca-sin-dolor\/#primaryimage"},"thumbnailUrl":"https:\/\/www.belodonte.es\/wp-content\/uploads\/2026\/04\/chasquido-al-abrir-la-boca-sin-dolor.png","articleSection":["Cirugia Oral"],"inLanguage":"ca","potentialAction":[{"@type":"CommentAction","name":"Comment","target":["https:\/\/www.belodonte.es\/chasquido-abrir-boca-sin-dolor\/#respond"]}]},{"@type":"WebPage","@id":"https:\/\/www.belodonte.es\/chasquido-abrir-boca-sin-dolor\/","url":"https:\/\/www.belodonte.es\/chasquido-abrir-boca-sin-dolor\/","name":"Espetec en obrir la boca sense dolor: qu\u00e8 \u00e9s i quan revisar-ho","isPartOf":{"@id":"https:\/\/www.belodonte.es\/#website"},"primaryImageOfPage":{"@id":"https:\/\/www.belodonte.es\/chasquido-abrir-boca-sin-dolor\/#primaryimage"},"image":{"@id":"https:\/\/www.belodonte.es\/chasquido-abrir-boca-sin-dolor\/#primaryimage"},"thumbnailUrl":"https:\/\/www.belodonte.es\/wp-content\/uploads\/2026\/04\/chasquido-al-abrir-la-boca-sin-dolor.png","datePublished":"2026-04-28T06:00:00+00:00","description":"Un espetec en obrir la boca sense dolor sol estar relacionat amb l'ATM, l'estructura que connecta la mand\u00edbula amb el crani.","breadcrumb":{"@id":"https:\/\/www.belodonte.es\/chasquido-abrir-boca-sin-dolor\/#breadcrumb"},"inLanguage":"ca","potentialAction":[{"@type":"ReadAction","target":["https:\/\/www.belodonte.es\/chasquido-abrir-boca-sin-dolor\/"]}]},{"@type":"ImageObject","inLanguage":"ca","@id":"https:\/\/www.belodonte.es\/chasquido-abrir-boca-sin-dolor\/#primaryimage","url":"https:\/\/www.belodonte.es\/wp-content\/uploads\/2026\/04\/chasquido-al-abrir-la-boca-sin-dolor.png","contentUrl":"https:\/\/www.belodonte.es\/wp-content\/uploads\/2026\/04\/chasquido-al-abrir-la-boca-sin-dolor.png","width":1976,"height":1108,"caption":"chasquido al abrir la boca sin dolor"},{"@type":"BreadcrumbList","@id":"https:\/\/www.belodonte.es\/chasquido-abrir-boca-sin-dolor\/#breadcrumb","itemListElement":[{"@type":"ListItem","position":1,"name":"Portada","item":"https:\/\/www.belodonte.es\/"},{"@type":"ListItem","position":2,"name":"Espetec en obrir la boca sense dolor: qu\u00e8 \u00e9s i quan revisar-ho"}]},{"@type":"WebSite","@id":"https:\/\/www.belodonte.es\/#website","url":"https:\/\/www.belodonte.es\/","name":"Cl\u00ednica Belodonte","description":"Cl\u00ednica dental en Barcelona","publisher":{"@id":"https:\/\/www.belodonte.es\/#organization"},"potentialAction":[{"@type":"SearchAction","target":{"@type":"EntryPoint","urlTemplate":"https:\/\/www.belodonte.es\/?s={search_term_string}"},"query-input":{"@type":"PropertyValueSpecification","valueRequired":true,"valueName":"search_term_string"}}],"inLanguage":"ca"},{"@type":"Organization","@id":"https:\/\/www.belodonte.es\/#organization","name":"Cl\u00ednica Dental Belodonte","url":"https:\/\/www.belodonte.es\/","logo":{"@type":"ImageObject","inLanguage":"ca","@id":"https:\/\/www.belodonte.es\/#\/schema\/logo\/image\/","url":"https:\/\/www.belodonte.es\/wp-content\/uploads\/2021\/10\/favicon-clinica-belodonte.png","contentUrl":"https:\/\/www.belodonte.es\/wp-content\/uploads\/2021\/10\/favicon-clinica-belodonte.png","width":512,"height":512,"caption":"Cl\u00ednica Dental Belodonte"},"image":{"@id":"https:\/\/www.belodonte.es\/#\/schema\/logo\/image\/"}},{"@type":"Person","@id":"https:\/\/www.belodonte.es\/#\/schema\/person\/af746658db6c58f111ab4e18a476abcd","name":"Cl\u00ednica Belodonte","image":{"@type":"ImageObject","inLanguage":"ca","@id":"https:\/\/secure.gravatar.com\/avatar\/638e9d8d08bf2340d3d84b2996cdb448289ac0a26b32c99af87880a52287f8b8?s=96&d=mm&r=g","url":"https:\/\/secure.gravatar.com\/avatar\/638e9d8d08bf2340d3d84b2996cdb448289ac0a26b32c99af87880a52287f8b8?s=96&d=mm&r=g","contentUrl":"https:\/\/secure.gravatar.com\/avatar\/638e9d8d08bf2340d3d84b2996cdb448289ac0a26b32c99af87880a52287f8b8?s=96&d=mm&r=g","caption":"Cl\u00ednica Belodonte"},"url":"https:\/\/www.belodonte.es\/ca\/author\/wm_mgc\/"}]}},"_links":{"self":[{"href":"https:\/\/www.belodonte.es\/ca\/wp-json\/wp\/v2\/posts\/7109","targetHints":{"allow":["GET"]}}],"collection":[{"href":"https:\/\/www.belodonte.es\/ca\/wp-json\/wp\/v2\/posts"}],"about":[{"href":"https:\/\/www.belodonte.es\/ca\/wp-json\/wp\/v2\/types\/post"}],"author":[{"embeddable":true,"href":"https:\/\/www.belodonte.es\/ca\/wp-json\/wp\/v2\/users\/3"}],"replies":[{"embeddable":true,"href":"https:\/\/www.belodonte.es\/ca\/wp-json\/wp\/v2\/comments?post=7109"}],"version-history":[{"count":1,"href":"https:\/\/www.belodonte.es\/ca\/wp-json\/wp\/v2\/posts\/7109\/revisions"}],"predecessor-version":[{"id":7110,"href":"https:\/\/www.belodonte.es\/ca\/wp-json\/wp\/v2\/posts\/7109\/revisions\/7110"}],"wp:featuredmedia":[{"embeddable":true,"href":"https:\/\/www.belodonte.es\/ca\/wp-json\/wp\/v2\/media\/7108"}],"wp:attachment":[{"href":"https:\/\/www.belodonte.es\/ca\/wp-json\/wp\/v2\/media?parent=7109"}],"wp:term":[{"taxonomy":"category","embeddable":true,"href":"https:\/\/www.belodonte.es\/ca\/wp-json\/wp\/v2\/categories?post=7109"},{"taxonomy":"post_tag","embeddable":true,"href":"https:\/\/www.belodonte.es\/ca\/wp-json\/wp\/v2\/tags?post=7109"}],"curies":[{"name":"wp","href":"https:\/\/api.w.org\/{rel}","templated":true}]}}