{"id":7105,"date":"2026-04-23T06:00:00","date_gmt":"2026-04-23T06:00:00","guid":{"rendered":"https:\/\/www.belodonte.es\/?p=7105"},"modified":"2026-03-04T12:25:54","modified_gmt":"2026-03-04T12:25:54","slug":"sensacio-pressio-paladar-causes-solucions","status":"publish","type":"post","link":"https:\/\/www.belodonte.es\/ca\/sensacio-pressio-paladar-causes-solucions\/","title":{"rendered":"Sensaci\u00f3 de pressi\u00f3 al paladar: causes i solucions"},"content":{"rendered":"\n<p>La <strong>sensaci\u00f3 de pressi\u00f3 al paladar <\/strong>\u00e9s una mol\u00e8stia relativament freq\u00fcent que molts pacients descriuen com un pes, tensi\u00f3 o sensaci\u00f3 de \u201cembranzida\u201d en la part superior de la boca. Encara que a vegades pot ser una cosa passatgera, quan persisteix conv\u00e9 avaluar-la perqu\u00e8 pot estar relacionada amb problemes dentals, sinusals o alteracions en les estructures del maxil\u00b7lar superior.<\/p>\n\n\n\n<p>Comprendre qu\u00e8 pot provocar aquesta sensaci\u00f3 \u00e9s clau per a determinar quan \u00e9s necessari acudir a l&#8217;odont\u00f2leg o a l&#8217;especialista en cirurgia oral i maxil\u00b7lofacial. Des de <strong>Cl\u00ednica Belodonte, <a href=\"https:\/\/www.belodonte.es\/ca\/cirurgia-oral-i-maxilofacial\/\" type=\"page\" id=\"1973\" target=\"_blank\" rel=\"noreferrer noopener\">experts en Cirurgia Oral i Maxil\u00b7lofacial a Barcelona<\/a><\/strong>, tractem aquest tema.<\/p>\n\n\n\n<h2 class=\"wp-block-heading\">Qu\u00e8 significa sentir sensaci\u00f3 de pressi\u00f3 al paladar<\/h2>\n\n\n\n<p>El paladar forma el sostre de la cavitat oral i separa la boca de les cavitats nasals i els sins maxil\u00b7lars. Hi conflueixen estructures \u00f2ssies, mucosa, nervis i vasos sanguinis, per la qual cosa qualsevol alteraci\u00f3 en aquestes zones pot generar sensaci\u00f3 de pressi\u00f3 o mol\u00e8stia difusa.<\/p>\n\n\n\n<p>Els pacients solen descriure s\u00edmptomes com:<\/p>\n\n\n\n<ul class=\"wp-block-list\">\n<li>Sensaci\u00f3 de pressi\u00f3 o pes en el centre o laterals del paladar.<\/li>\n\n\n\n<li>Mol\u00e8stia en pressionar amb la llengua.<\/li>\n\n\n\n<li>Sensaci\u00f3 d&#8217;inflamaci\u00f3 interna.<\/li>\n\n\n\n<li>Pressi\u00f3 que s&#8217;irradia cap a dents superiors o nas.<\/li>\n\n\n\n<li>Mol\u00e8stia en mastegar o empassar.<\/li>\n<\/ul>\n\n\n\n<p>Depenent de la causa, la pressi\u00f3 pot apar\u00e8ixer de manera intermitent o mantenir-se durant dies o setmanes.<\/p>\n\n\n\n<h2 class=\"wp-block-heading\">Causes dentals freq\u00fcents<\/h2>\n\n\n\n<p>Des de l&#8217;odontologia, diverses condicions poden explicar aquesta sensaci\u00f3.<\/p>\n\n\n\n<h3 class=\"wp-block-heading\">Infeccions dentals en dents superiors<\/h3>\n\n\n\n<p>Les infeccions en els molars o premolars superiors poden generar pressi\u00f3 al paladar a causa de la proximitat entre les arrels dentals i l&#8217;os del maxil\u00b7lar.<\/p>\n\n\n\n<p>Quan existeix un absc\u00e9s o una infecci\u00f3 en el nervi de la dent, la inflamaci\u00f3 pot estendre&#8217;s als teixits pr\u00f2xims i provocar pressi\u00f3 o dolor al paladar.<\/p>\n\n\n\n<p>En aquests casos solen apar\u00e8ixer tamb\u00e9 s\u00edmptomes com:<\/p>\n\n\n\n<ul class=\"wp-block-list\">\n<li>Dolor en mastegar.<\/li>\n\n\n\n<li>Sensibilitat al fred o a la calor.<\/li>\n\n\n\n<li>Inflamaci\u00f3 en genives.<\/li>\n\n\n\n<li>Mal sabor en la boca.<\/li>\n<\/ul>\n\n\n\n<p>El tractament pot requerir una endod\u00f2ncia o tractament del conducte radicular per a eliminar la infecci\u00f3.<\/p>\n\n\n\n<h3 class=\"wp-block-heading\">Problemes periodontals<\/h3>\n\n\n\n<p>La malaltia periodontal tamb\u00e9 pot generar sensaci\u00f3 de pressi\u00f3 o inflamaci\u00f3 al paladar, especialment quan afecta dents superiors.<\/p>\n\n\n\n<p>Els bacteris acumulats sota la geniva provoquen inflamaci\u00f3 del teixit i de l&#8217;os que sost\u00e9 les dents. Aquesta inflamaci\u00f3 pot transmetre una sensaci\u00f3 de tensi\u00f3 o pressi\u00f3 en les zones pr\u00f2ximes.<\/p>\n\n\n\n<p>El tractament sol incloure neteja periodontal profunda, control de placa bacteriana i seguiment odontol\u00f2gic.<\/p>\n\n\n\n<h3 class=\"wp-block-heading\">Inflamaci\u00f3 dels sins maxil\u00b7lars<\/h3>\n\n\n\n<p>Una causa relativament comuna de pressi\u00f3 al paladar \u00e9s la sinusitis maxil\u00b7lar.<\/p>\n\n\n\n<p>Els sins maxil\u00b7lars estan situats just damunt de les dents superiors. Quan s&#8217;inflamen per infeccions respirat\u00f2ries, al\u00b7l\u00e8rgies o processos inflamatoris, poden generar pressi\u00f3 que es percep en:<\/p>\n\n\n\n<ul class=\"wp-block-list\">\n<li>Galtes.<\/li>\n\n\n\n<li>Dents superiors.<\/li>\n\n\n\n<li>Paladar.<\/li>\n<\/ul>\n\n\n\n<p>En aquests casos la sensaci\u00f3 sol acompanyar-se de congesti\u00f3 nasal, pressi\u00f3 facial o mal de cap.<\/p>\n\n\n\n<p>L&#8217;odont\u00f2leg pot identificar si l&#8217;origen \u00e9s dental o sinusal i derivar a l&#8217;especialista corresponent si cal.<\/p>\n\n\n\n<h3 class=\"wp-block-heading\">Alteracions estructurals del maxil\u00b7lar<\/h3>\n\n\n\n<p>En alguns pacients, la sensaci\u00f3 de pressi\u00f3 pot estar relacionada amb alteracions anat\u00f2miques o problemes de l&#8217;os maxil\u00b7lar.<\/p>\n\n\n\n<p>Per exemple:<\/p>\n\n\n\n<ul class=\"wp-block-list\">\n<li>Creixement ossi benigne (torus palat\u00ed).<\/li>\n\n\n\n<li>Quistos odontog\u00e8nics.<\/li>\n\n\n\n<li>Lesions \u00f2ssies del maxil\u00b7lar.<\/li>\n\n\n\n<li>Problemes en implants dentals.<\/li>\n<\/ul>\n\n\n\n<p>Quan existeix una alteraci\u00f3 estructural, l&#8217;especialista en cirurgia oral i maxil\u00b7lofacial pot realitzar estudis radiol\u00f2gics (radiografia o CBCT) per a avaluar l&#8217;os i planificar el tractament adequat.<\/p>\n\n\n\n<p>Depenent del cas, el tractament pot consistir en control cl\u00ednic, cirurgia oral o eliminaci\u00f3 de la lesi\u00f3.<\/p>\n\n\n\n<h2 class=\"wp-block-heading\">Quan conv\u00e9 consultar a l&#8217;odont\u00f2leg<\/h2>\n\n\n\n<p>No tota pressi\u00f3 en el paladar \u00e9s greu, per\u00f2 conv\u00e9 consultar quan:<\/p>\n\n\n\n<ul class=\"wp-block-list\">\n<li>La sensaci\u00f3 dura m\u00e9s de diversos dies.<\/li>\n\n\n\n<li>Existeix dolor en mastegar.<\/li>\n\n\n\n<li>Apareix inflamaci\u00f3 o embalum en el paladar.<\/li>\n\n\n\n<li>S&#8217;acompanya de dolor dental.<\/li>\n\n\n\n<li>Existeix febre o malestar general.<\/li>\n<\/ul>\n\n\n\n<p>Una exploraci\u00f3 odontol\u00f2gica permet revisar dents, genives i estructures maxil\u00b7lars per a identificar l&#8217;origen del problema.<\/p>\n\n\n\n<p>En moltes ocasions, tractar la causa dental o inflamat\u00f2ria resol completament la sensaci\u00f3 de pressi\u00f3.<\/p>\n\n\n\n<h2 class=\"wp-block-heading\">La import\u00e0ncia d&#8217;una avaluaci\u00f3 cl\u00ednica<\/h2>\n\n\n\n<p>El paladar est\u00e0 estretament relacionat amb les dents superiors, els sins maxil\u00b7lars i l&#8217;os del maxil\u00b7lar. Per aquest motiu, la sensaci\u00f3 de pressi\u00f3 en aquesta zona pot tenir m\u00faltiples causes, algunes odontol\u00f2giques i altres relacionades amb estructures pr\u00f2ximes.<\/p>\n\n\n\n<p>Un diagn\u00f2stic prec\u00eds requereix una valoraci\u00f3 cl\u00ednica completa i, en alguns casos, proves d&#8217;imatge.<\/p>\n\n\n\n<p>Detectar l&#8217;origen del problema de manera primerenca permet aplicar el tractament adequat i evitar complicacions majors, especialment quan la causa \u00e9s una infecci\u00f3 dental o una alteraci\u00f3 de l&#8217;os maxil\u00b7lar.<\/p>\n","protected":false},"excerpt":{"rendered":"<p>La sensaci\u00f3 de pressi\u00f3 al paladar \u00e9s una mol\u00e8stia relativament freq\u00fcent que molts pacients descriuen com un pes, tensi\u00f3 o sensaci\u00f3 de \u201cembranzida\u201d en la part superior de la boca. Encara que a vegades pot ser una cosa passatgera, quan [&hellip;]<\/p>\n","protected":false},"author":3,"featured_media":7104,"comment_status":"open","ping_status":"open","sticky":false,"template":"","format":"standard","meta":{"site-sidebar-layout":"default","site-content-layout":"","ast-site-content-layout":"default","site-content-style":"default","site-sidebar-style":"default","ast-global-header-display":"","ast-banner-title-visibility":"","ast-main-header-display":"","ast-hfb-above-header-display":"","ast-hfb-below-header-display":"","ast-hfb-mobile-header-display":"","site-post-title":"","ast-breadcrumbs-content":"","ast-featured-img":"","footer-sml-layout":"","ast-disable-related-posts":"","theme-transparent-header-meta":"","adv-header-id-meta":"","stick-header-meta":"","header-above-stick-meta":"","header-main-stick-meta":"","header-below-stick-meta":"","astra-migrate-meta-layouts":"set","ast-page-background-enabled":"default","ast-page-background-meta":{"desktop":{"background-color":"","background-image":"","background-repeat":"repeat","background-position":"center center","background-size":"auto","background-attachment":"scroll","background-type":"","background-media":"","overlay-type":"","overlay-color":"","overlay-opacity":"","overlay-gradient":""},"tablet":{"background-color":"","background-image":"","background-repeat":"repeat","background-position":"center center","background-size":"auto","background-attachment":"scroll","background-type":"","background-media":"","overlay-type":"","overlay-color":"","overlay-opacity":"","overlay-gradient":""},"mobile":{"background-color":"","background-image":"","background-repeat":"repeat","background-position":"center center","background-size":"auto","background-attachment":"scroll","background-type":"","background-media":"","overlay-type":"","overlay-color":"","overlay-opacity":"","overlay-gradient":""}},"ast-content-background-meta":{"desktop":{"background-color":"var(--ast-global-color-5)","background-image":"","background-repeat":"repeat","background-position":"center center","background-size":"auto","background-attachment":"scroll","background-type":"","background-media":"","overlay-type":"","overlay-color":"","overlay-opacity":"","overlay-gradient":""},"tablet":{"background-color":"var(--ast-global-color-5)","background-image":"","background-repeat":"repeat","background-position":"center center","background-size":"auto","background-attachment":"scroll","background-type":"","background-media":"","overlay-type":"","overlay-color":"","overlay-opacity":"","overlay-gradient":""},"mobile":{"background-color":"var(--ast-global-color-5)","background-image":"","background-repeat":"repeat","background-position":"center center","background-size":"auto","background-attachment":"scroll","background-type":"","background-media":"","overlay-type":"","overlay-color":"","overlay-opacity":"","overlay-gradient":""}},"footnotes":""},"categories":[32],"tags":[],"class_list":["post-7105","post","type-post","status-publish","format-standard","has-post-thumbnail","hentry","category-cirugia-oral"],"yoast_head":"<!-- This site is optimized with the Yoast SEO plugin v27.5 - https:\/\/yoast.com\/product\/yoast-seo-wordpress\/ -->\n<title>Sensaci\u00f3 de pressi\u00f3 al paladar: causes i solucions<\/title>\n<meta name=\"description\" content=\"La sensaci\u00f3 de pressi\u00f3 al paladar \u00e9s una mol\u00e8stia freq\u00fcent que molts pacients descriuen com un pes i tensi\u00f3 en la part superior de la boca.\" \/>\n<meta name=\"robots\" content=\"index, follow, max-snippet:-1, max-image-preview:large, max-video-preview:-1\" \/>\n<link rel=\"canonical\" href=\"https:\/\/www.belodonte.es\/sensacion-presion-paladar-causas-soluciones\/\" \/>\n<meta property=\"og:locale\" content=\"ca_ES\" \/>\n<meta property=\"og:type\" content=\"article\" \/>\n<meta property=\"og:title\" content=\"Sensaci\u00f3 de pressi\u00f3 al paladar: causes i solucions\" \/>\n<meta property=\"og:description\" content=\"La sensaci\u00f3 de pressi\u00f3 al paladar \u00e9s una mol\u00e8stia freq\u00fcent que molts pacients descriuen com un pes i tensi\u00f3 en la part superior de la boca.\" \/>\n<meta property=\"og:url\" content=\"https:\/\/www.belodonte.es\/sensacion-presion-paladar-causas-soluciones\/\" \/>\n<meta property=\"og:site_name\" content=\"Cl\u00ednica Belodonte\" \/>\n<meta property=\"article:published_time\" content=\"2026-04-23T06:00:00+00:00\" \/>\n<meta property=\"og:image\" content=\"https:\/\/www.belodonte.es\/wp-content\/uploads\/2026\/03\/sensacion-de-presion-en-el-paladar.jpeg\" \/>\n\t<meta property=\"og:image:width\" content=\"1000\" \/>\n\t<meta property=\"og:image:height\" content=\"563\" \/>\n\t<meta property=\"og:image:type\" content=\"image\/jpeg\" \/>\n<meta name=\"author\" content=\"Cl\u00ednica Belodonte\" \/>\n<meta name=\"twitter:card\" content=\"summary_large_image\" \/>\n<meta name=\"twitter:label1\" content=\"Written by\" \/>\n\t<meta name=\"twitter:data1\" content=\"Cl\u00ednica Belodonte\" \/>\n\t<meta name=\"twitter:label2\" content=\"Est. reading time\" \/>\n\t<meta name=\"twitter:data2\" content=\"4 minutes\" \/>\n<script type=\"application\/ld+json\" class=\"yoast-schema-graph\">{\"@context\":\"https:\\\/\\\/schema.org\",\"@graph\":[{\"@type\":\"Article\",\"@id\":\"https:\\\/\\\/www.belodonte.es\\\/sensacion-presion-paladar-causas-soluciones\\\/#article\",\"isPartOf\":{\"@id\":\"https:\\\/\\\/www.belodonte.es\\\/sensacion-presion-paladar-causas-soluciones\\\/\"},\"author\":{\"name\":\"Cl\u00ednica Belodonte\",\"@id\":\"https:\\\/\\\/www.belodonte.es\\\/#\\\/schema\\\/person\\\/af746658db6c58f111ab4e18a476abcd\"},\"headline\":\"Sensaci\u00f3 de pressi\u00f3 al paladar: causes i solucions\",\"datePublished\":\"2026-04-23T06:00:00+00:00\",\"mainEntityOfPage\":{\"@id\":\"https:\\\/\\\/www.belodonte.es\\\/sensacion-presion-paladar-causas-soluciones\\\/\"},\"wordCount\":774,\"commentCount\":0,\"publisher\":{\"@id\":\"https:\\\/\\\/www.belodonte.es\\\/#organization\"},\"image\":{\"@id\":\"https:\\\/\\\/www.belodonte.es\\\/sensacion-presion-paladar-causas-soluciones\\\/#primaryimage\"},\"thumbnailUrl\":\"https:\\\/\\\/www.belodonte.es\\\/wp-content\\\/uploads\\\/2026\\\/03\\\/sensacion-de-presion-en-el-paladar.jpeg\",\"articleSection\":[\"Cirugia Oral\"],\"inLanguage\":\"ca\",\"potentialAction\":[{\"@type\":\"CommentAction\",\"name\":\"Comment\",\"target\":[\"https:\\\/\\\/www.belodonte.es\\\/sensacion-presion-paladar-causas-soluciones\\\/#respond\"]}]},{\"@type\":\"WebPage\",\"@id\":\"https:\\\/\\\/www.belodonte.es\\\/sensacion-presion-paladar-causas-soluciones\\\/\",\"url\":\"https:\\\/\\\/www.belodonte.es\\\/sensacion-presion-paladar-causas-soluciones\\\/\",\"name\":\"Sensaci\u00f3 de pressi\u00f3 al paladar: causes i solucions\",\"isPartOf\":{\"@id\":\"https:\\\/\\\/www.belodonte.es\\\/#website\"},\"primaryImageOfPage\":{\"@id\":\"https:\\\/\\\/www.belodonte.es\\\/sensacion-presion-paladar-causas-soluciones\\\/#primaryimage\"},\"image\":{\"@id\":\"https:\\\/\\\/www.belodonte.es\\\/sensacion-presion-paladar-causas-soluciones\\\/#primaryimage\"},\"thumbnailUrl\":\"https:\\\/\\\/www.belodonte.es\\\/wp-content\\\/uploads\\\/2026\\\/03\\\/sensacion-de-presion-en-el-paladar.jpeg\",\"datePublished\":\"2026-04-23T06:00:00+00:00\",\"description\":\"La sensaci\u00f3 de pressi\u00f3 al paladar \u00e9s una mol\u00e8stia freq\u00fcent que molts pacients descriuen com un pes i tensi\u00f3 en la part superior de la boca.\",\"breadcrumb\":{\"@id\":\"https:\\\/\\\/www.belodonte.es\\\/sensacion-presion-paladar-causas-soluciones\\\/#breadcrumb\"},\"inLanguage\":\"ca\",\"potentialAction\":[{\"@type\":\"ReadAction\",\"target\":[\"https:\\\/\\\/www.belodonte.es\\\/sensacion-presion-paladar-causas-soluciones\\\/\"]}]},{\"@type\":\"ImageObject\",\"inLanguage\":\"ca\",\"@id\":\"https:\\\/\\\/www.belodonte.es\\\/sensacion-presion-paladar-causas-soluciones\\\/#primaryimage\",\"url\":\"https:\\\/\\\/www.belodonte.es\\\/wp-content\\\/uploads\\\/2026\\\/03\\\/sensacion-de-presion-en-el-paladar.jpeg\",\"contentUrl\":\"https:\\\/\\\/www.belodonte.es\\\/wp-content\\\/uploads\\\/2026\\\/03\\\/sensacion-de-presion-en-el-paladar.jpeg\",\"width\":1000,\"height\":563,\"caption\":\"sensacio\u0301n de presio\u0301n en el paladar\"},{\"@type\":\"BreadcrumbList\",\"@id\":\"https:\\\/\\\/www.belodonte.es\\\/sensacion-presion-paladar-causas-soluciones\\\/#breadcrumb\",\"itemListElement\":[{\"@type\":\"ListItem\",\"position\":1,\"name\":\"Portada\",\"item\":\"https:\\\/\\\/www.belodonte.es\\\/\"},{\"@type\":\"ListItem\",\"position\":2,\"name\":\"Sensaci\u00f3 de pressi\u00f3 al paladar: causes i solucions\"}]},{\"@type\":\"WebSite\",\"@id\":\"https:\\\/\\\/www.belodonte.es\\\/#website\",\"url\":\"https:\\\/\\\/www.belodonte.es\\\/\",\"name\":\"Cl\u00ednica Belodonte\",\"description\":\"Cl\u00ednica dental en Barcelona\",\"publisher\":{\"@id\":\"https:\\\/\\\/www.belodonte.es\\\/#organization\"},\"potentialAction\":[{\"@type\":\"SearchAction\",\"target\":{\"@type\":\"EntryPoint\",\"urlTemplate\":\"https:\\\/\\\/www.belodonte.es\\\/?s={search_term_string}\"},\"query-input\":{\"@type\":\"PropertyValueSpecification\",\"valueRequired\":true,\"valueName\":\"search_term_string\"}}],\"inLanguage\":\"ca\"},{\"@type\":\"Organization\",\"@id\":\"https:\\\/\\\/www.belodonte.es\\\/#organization\",\"name\":\"Cl\u00ednica Dental Belodonte\",\"url\":\"https:\\\/\\\/www.belodonte.es\\\/\",\"logo\":{\"@type\":\"ImageObject\",\"inLanguage\":\"ca\",\"@id\":\"https:\\\/\\\/www.belodonte.es\\\/#\\\/schema\\\/logo\\\/image\\\/\",\"url\":\"https:\\\/\\\/www.belodonte.es\\\/wp-content\\\/uploads\\\/2021\\\/10\\\/favicon-clinica-belodonte.png\",\"contentUrl\":\"https:\\\/\\\/www.belodonte.es\\\/wp-content\\\/uploads\\\/2021\\\/10\\\/favicon-clinica-belodonte.png\",\"width\":512,\"height\":512,\"caption\":\"Cl\u00ednica Dental Belodonte\"},\"image\":{\"@id\":\"https:\\\/\\\/www.belodonte.es\\\/#\\\/schema\\\/logo\\\/image\\\/\"}},{\"@type\":\"Person\",\"@id\":\"https:\\\/\\\/www.belodonte.es\\\/#\\\/schema\\\/person\\\/af746658db6c58f111ab4e18a476abcd\",\"name\":\"Cl\u00ednica Belodonte\",\"image\":{\"@type\":\"ImageObject\",\"inLanguage\":\"ca\",\"@id\":\"https:\\\/\\\/secure.gravatar.com\\\/avatar\\\/638e9d8d08bf2340d3d84b2996cdb448289ac0a26b32c99af87880a52287f8b8?s=96&d=mm&r=g\",\"url\":\"https:\\\/\\\/secure.gravatar.com\\\/avatar\\\/638e9d8d08bf2340d3d84b2996cdb448289ac0a26b32c99af87880a52287f8b8?s=96&d=mm&r=g\",\"contentUrl\":\"https:\\\/\\\/secure.gravatar.com\\\/avatar\\\/638e9d8d08bf2340d3d84b2996cdb448289ac0a26b32c99af87880a52287f8b8?s=96&d=mm&r=g\",\"caption\":\"Cl\u00ednica Belodonte\"},\"url\":\"https:\\\/\\\/www.belodonte.es\\\/ca\\\/author\\\/wm_mgc\\\/\"}]}<\/script>\n<!-- \/ Yoast SEO plugin. -->","yoast_head_json":{"title":"Sensaci\u00f3 de pressi\u00f3 al paladar: causes i solucions","description":"La sensaci\u00f3 de pressi\u00f3 al paladar \u00e9s una mol\u00e8stia freq\u00fcent que molts pacients descriuen com un pes i tensi\u00f3 en la part superior de la boca.","robots":{"index":"index","follow":"follow","max-snippet":"max-snippet:-1","max-image-preview":"max-image-preview:large","max-video-preview":"max-video-preview:-1"},"canonical":"https:\/\/www.belodonte.es\/sensacion-presion-paladar-causas-soluciones\/","og_locale":"ca_ES","og_type":"article","og_title":"Sensaci\u00f3 de pressi\u00f3 al paladar: causes i solucions","og_description":"La sensaci\u00f3 de pressi\u00f3 al paladar \u00e9s una mol\u00e8stia freq\u00fcent que molts pacients descriuen com un pes i tensi\u00f3 en la part superior de la boca.","og_url":"https:\/\/www.belodonte.es\/sensacion-presion-paladar-causas-soluciones\/","og_site_name":"Cl\u00ednica Belodonte","article_published_time":"2026-04-23T06:00:00+00:00","og_image":[{"width":1000,"height":563,"url":"https:\/\/www.belodonte.es\/wp-content\/uploads\/2026\/03\/sensacion-de-presion-en-el-paladar.jpeg","type":"image\/jpeg"}],"author":"Cl\u00ednica Belodonte","twitter_card":"summary_large_image","twitter_misc":{"Written by":"Cl\u00ednica Belodonte","Est. reading time":"4 minutes"},"schema":{"@context":"https:\/\/schema.org","@graph":[{"@type":"Article","@id":"https:\/\/www.belodonte.es\/sensacion-presion-paladar-causas-soluciones\/#article","isPartOf":{"@id":"https:\/\/www.belodonte.es\/sensacion-presion-paladar-causas-soluciones\/"},"author":{"name":"Cl\u00ednica Belodonte","@id":"https:\/\/www.belodonte.es\/#\/schema\/person\/af746658db6c58f111ab4e18a476abcd"},"headline":"Sensaci\u00f3 de pressi\u00f3 al paladar: causes i solucions","datePublished":"2026-04-23T06:00:00+00:00","mainEntityOfPage":{"@id":"https:\/\/www.belodonte.es\/sensacion-presion-paladar-causas-soluciones\/"},"wordCount":774,"commentCount":0,"publisher":{"@id":"https:\/\/www.belodonte.es\/#organization"},"image":{"@id":"https:\/\/www.belodonte.es\/sensacion-presion-paladar-causas-soluciones\/#primaryimage"},"thumbnailUrl":"https:\/\/www.belodonte.es\/wp-content\/uploads\/2026\/03\/sensacion-de-presion-en-el-paladar.jpeg","articleSection":["Cirugia Oral"],"inLanguage":"ca","potentialAction":[{"@type":"CommentAction","name":"Comment","target":["https:\/\/www.belodonte.es\/sensacion-presion-paladar-causas-soluciones\/#respond"]}]},{"@type":"WebPage","@id":"https:\/\/www.belodonte.es\/sensacion-presion-paladar-causas-soluciones\/","url":"https:\/\/www.belodonte.es\/sensacion-presion-paladar-causas-soluciones\/","name":"Sensaci\u00f3 de pressi\u00f3 al paladar: causes i solucions","isPartOf":{"@id":"https:\/\/www.belodonte.es\/#website"},"primaryImageOfPage":{"@id":"https:\/\/www.belodonte.es\/sensacion-presion-paladar-causas-soluciones\/#primaryimage"},"image":{"@id":"https:\/\/www.belodonte.es\/sensacion-presion-paladar-causas-soluciones\/#primaryimage"},"thumbnailUrl":"https:\/\/www.belodonte.es\/wp-content\/uploads\/2026\/03\/sensacion-de-presion-en-el-paladar.jpeg","datePublished":"2026-04-23T06:00:00+00:00","description":"La sensaci\u00f3 de pressi\u00f3 al paladar \u00e9s una mol\u00e8stia freq\u00fcent que molts pacients descriuen com un pes i tensi\u00f3 en la part superior de la boca.","breadcrumb":{"@id":"https:\/\/www.belodonte.es\/sensacion-presion-paladar-causas-soluciones\/#breadcrumb"},"inLanguage":"ca","potentialAction":[{"@type":"ReadAction","target":["https:\/\/www.belodonte.es\/sensacion-presion-paladar-causas-soluciones\/"]}]},{"@type":"ImageObject","inLanguage":"ca","@id":"https:\/\/www.belodonte.es\/sensacion-presion-paladar-causas-soluciones\/#primaryimage","url":"https:\/\/www.belodonte.es\/wp-content\/uploads\/2026\/03\/sensacion-de-presion-en-el-paladar.jpeg","contentUrl":"https:\/\/www.belodonte.es\/wp-content\/uploads\/2026\/03\/sensacion-de-presion-en-el-paladar.jpeg","width":1000,"height":563,"caption":"sensacio\u0301n de presio\u0301n en el paladar"},{"@type":"BreadcrumbList","@id":"https:\/\/www.belodonte.es\/sensacion-presion-paladar-causas-soluciones\/#breadcrumb","itemListElement":[{"@type":"ListItem","position":1,"name":"Portada","item":"https:\/\/www.belodonte.es\/"},{"@type":"ListItem","position":2,"name":"Sensaci\u00f3 de pressi\u00f3 al paladar: causes i solucions"}]},{"@type":"WebSite","@id":"https:\/\/www.belodonte.es\/#website","url":"https:\/\/www.belodonte.es\/","name":"Cl\u00ednica Belodonte","description":"Cl\u00ednica dental en Barcelona","publisher":{"@id":"https:\/\/www.belodonte.es\/#organization"},"potentialAction":[{"@type":"SearchAction","target":{"@type":"EntryPoint","urlTemplate":"https:\/\/www.belodonte.es\/?s={search_term_string}"},"query-input":{"@type":"PropertyValueSpecification","valueRequired":true,"valueName":"search_term_string"}}],"inLanguage":"ca"},{"@type":"Organization","@id":"https:\/\/www.belodonte.es\/#organization","name":"Cl\u00ednica Dental Belodonte","url":"https:\/\/www.belodonte.es\/","logo":{"@type":"ImageObject","inLanguage":"ca","@id":"https:\/\/www.belodonte.es\/#\/schema\/logo\/image\/","url":"https:\/\/www.belodonte.es\/wp-content\/uploads\/2021\/10\/favicon-clinica-belodonte.png","contentUrl":"https:\/\/www.belodonte.es\/wp-content\/uploads\/2021\/10\/favicon-clinica-belodonte.png","width":512,"height":512,"caption":"Cl\u00ednica Dental Belodonte"},"image":{"@id":"https:\/\/www.belodonte.es\/#\/schema\/logo\/image\/"}},{"@type":"Person","@id":"https:\/\/www.belodonte.es\/#\/schema\/person\/af746658db6c58f111ab4e18a476abcd","name":"Cl\u00ednica Belodonte","image":{"@type":"ImageObject","inLanguage":"ca","@id":"https:\/\/secure.gravatar.com\/avatar\/638e9d8d08bf2340d3d84b2996cdb448289ac0a26b32c99af87880a52287f8b8?s=96&d=mm&r=g","url":"https:\/\/secure.gravatar.com\/avatar\/638e9d8d08bf2340d3d84b2996cdb448289ac0a26b32c99af87880a52287f8b8?s=96&d=mm&r=g","contentUrl":"https:\/\/secure.gravatar.com\/avatar\/638e9d8d08bf2340d3d84b2996cdb448289ac0a26b32c99af87880a52287f8b8?s=96&d=mm&r=g","caption":"Cl\u00ednica Belodonte"},"url":"https:\/\/www.belodonte.es\/ca\/author\/wm_mgc\/"}]}},"_links":{"self":[{"href":"https:\/\/www.belodonte.es\/ca\/wp-json\/wp\/v2\/posts\/7105","targetHints":{"allow":["GET"]}}],"collection":[{"href":"https:\/\/www.belodonte.es\/ca\/wp-json\/wp\/v2\/posts"}],"about":[{"href":"https:\/\/www.belodonte.es\/ca\/wp-json\/wp\/v2\/types\/post"}],"author":[{"embeddable":true,"href":"https:\/\/www.belodonte.es\/ca\/wp-json\/wp\/v2\/users\/3"}],"replies":[{"embeddable":true,"href":"https:\/\/www.belodonte.es\/ca\/wp-json\/wp\/v2\/comments?post=7105"}],"version-history":[{"count":1,"href":"https:\/\/www.belodonte.es\/ca\/wp-json\/wp\/v2\/posts\/7105\/revisions"}],"predecessor-version":[{"id":7106,"href":"https:\/\/www.belodonte.es\/ca\/wp-json\/wp\/v2\/posts\/7105\/revisions\/7106"}],"wp:featuredmedia":[{"embeddable":true,"href":"https:\/\/www.belodonte.es\/ca\/wp-json\/wp\/v2\/media\/7104"}],"wp:attachment":[{"href":"https:\/\/www.belodonte.es\/ca\/wp-json\/wp\/v2\/media?parent=7105"}],"wp:term":[{"taxonomy":"category","embeddable":true,"href":"https:\/\/www.belodonte.es\/ca\/wp-json\/wp\/v2\/categories?post=7105"},{"taxonomy":"post_tag","embeddable":true,"href":"https:\/\/www.belodonte.es\/ca\/wp-json\/wp\/v2\/tags?post=7105"}],"curies":[{"name":"wp","href":"https:\/\/api.w.org\/{rel}","templated":true}]}}