{"id":6967,"date":"2026-03-10T06:00:00","date_gmt":"2026-03-10T06:00:00","guid":{"rendered":"https:\/\/www.belodonte.es\/?p=6967"},"modified":"2026-02-02T08:49:55","modified_gmt":"2026-02-02T08:49:55","slug":"ortodoncia-fonacio-com-influeix-en-la-parla","status":"publish","type":"post","link":"https:\/\/www.belodonte.es\/ca\/ortodoncia-fonacio-com-influeix-en-la-parla\/","title":{"rendered":"Ortod\u00f2ncia i fonaci\u00f3: com influeix en la parla"},"content":{"rendered":"\n<p>L&#8217;ortod\u00f2ncia no sols transforma el somriure, tamb\u00e9 pot influir de manera temporal en la manera de parlar. Molts pacients noten canvis en la pronunciaci\u00f3 en iniciar un tractament ortod\u00f2ntic, una cosa completament normal i, en la majoria dels casos, transitori. Entendre com es relacionen <strong>ortod\u00f2ncia i fonaci\u00f3 <\/strong>ajuda a viure el proc\u00e9s amb tranquil\u00b7litat i a saber com actuar per a adaptar-se millor. Des de <strong>Cl\u00ednica Belodonte, <a href=\"https:\/\/www.belodonte.es\/ca\/ortodoncia\/\" type=\"link\" id=\"https:\/\/www.belodonte.es\/ca\/ortodoncia\/\" target=\"_blank\" rel=\"noreferrer noopener\">experts en ortod\u00f2ncia a Barcelona<\/a><\/strong>, abordem la relaci\u00f3 entre ortod\u00f2ncia i fonaci\u00f3 amb una visi\u00f3 cl\u00ednica i pr\u00e0ctica, explicant per qu\u00e8 ocorre, quant dura i qu\u00e8 pot fer el pacient per a mantenir una fonaci\u00f3 correcta durant el tractament.<\/p>\n\n\n\n<h2 class=\"wp-block-heading\">Quina relaci\u00f3 existeix entre ortod\u00f2ncia i fonaci\u00f3?<\/h2>\n\n\n\n<p>La fonaci\u00f3 dep\u00e8n de la coordinaci\u00f3 precisa entre llengua, llavis, dents, paladar i flux d&#8217;aire. Quan es col\u00b7loca un aparell d&#8217;ortod\u00f2ncia, especialment brackets o alineadors, es modifica de manera temporal l&#8217;espai oral i la posici\u00f3 d&#8217;alguns d&#8217;aquests elements.<\/p>\n\n\n\n<p>Aquests canvis obliguen a la llengua i als m\u00fasculs implicats en la parla a adaptar-se a una nova situaci\u00f3. Com a resultat, poden apar\u00e8ixer lleugeres alteracions en la pronunciaci\u00f3 d&#8217;uns certs sons, sobretot aquells que requereixen un contacte prec\u00eds entre llengua i dents.<\/p>\n\n\n\n<p>No es tracta d&#8217;un problema neurol\u00f2gic ni estructural, sin\u00f3 d&#8217;un proc\u00e9s de reajustament funcional.<\/p>\n\n\n\n<h2 class=\"wp-block-heading\">Quins sons poden veure&#8217;s m\u00e9s afectats?<\/h2>\n\n\n\n<p>Els sons m\u00e9s sensibles als canvis ortod\u00f2ntics solen ser els fricatius i sibilants, com la \u201cs\u201d, la \u201cz\u201d, la \u201ct\u201d o la \u201cd\u201d. Aix\u00f2 ocorre perqu\u00e8 aquests fonemes depenen en gran manera del posicionament exacte de la llengua respecte als incisius.<\/p>\n\n\n\n<p>En alguns casos, la parla pot sonar lleugerament diferent durant els primers dies o setmanes, especialment a l&#8217;inici del tractament o despr\u00e9s d&#8217;uns certs ajustos. No obstant aix\u00f2, el cervell i la musculatura oral tendeixen a adaptar-se amb rapidesa.<\/p>\n\n\n\n<h2 class=\"wp-block-heading\">Difer\u00e8ncies segons el tipus d&#8217;ortod\u00f2ncia<\/h2>\n\n\n\n<p>No tots els tractaments influeixen igual en la fonaci\u00f3. L&#8217;ortod\u00f2ncia amb brackets pot generar una sensaci\u00f3 inicial d&#8217;interfer\u00e8ncia f\u00edsica, sobretot amb els brackets linguals, que estan en contacte directe amb la llengua.<\/p>\n\n\n\n<p>Els alineadors transparents tamb\u00e9 poden afectar la parla al principi, ja que cobreixen part de la superf\u00edcie dental, encara que solen permetre una adaptaci\u00f3 m\u00e9s r\u00e0pida. En tots dos casos, l&#8217;alteraci\u00f3 \u00e9s temporal i millora a mesura que el pacient s&#8217;habitua a l&#8217;aparell.<\/p>\n\n\n\n<h2 class=\"wp-block-heading\">Quant duren els canvis en la parla?<\/h2>\n\n\n\n<p>En la majoria dels pacients, les petites alteracions en la fonaci\u00f3 duren entre uns dies i poques setmanes. El temps exacte dep\u00e8n de factors com el tipus d&#8217;ortod\u00f2ncia, la sensibilitat individual i la pr\u00e0ctica di\u00e0ria de la parla.<\/p>\n\n\n\n<p>\u00c9s important saber que, fins i tot quan el pacient percep canvis, aquests solen ser molt menys evidents per als qui li envolten.<\/p>\n\n\n\n<h2 class=\"wp-block-heading\">Com actuar per a adaptar-se millor durant el tractament<\/h2>\n\n\n\n<p>Parlar amb normalitat des del primer dia \u00e9s clau. Llegir en veu alta, mantenir converses habituals i no evitar la parla afavoreix una adaptaci\u00f3 m\u00e9s r\u00e0pida de la musculatura oral.<\/p>\n\n\n\n<p>Mantenir una correcta hidrataci\u00f3 bucal tamb\u00e9 ajuda, ja que la sequedat pot augmentar la sensaci\u00f3 de dificultat en parlar. A m\u00e9s, seguir les recomanacions del ortodontista quant a revisions i ajustos permet que el tractament avanci de manera progressiva i controlada.<\/p>\n\n\n\n<p>Si existeix una preocupaci\u00f3 concreta per la fonaci\u00f3, especialment en persones que utilitzen la veu de manera professional, \u00e9s recomanable comentar-ho en consulta per a valorar el tipus d&#8217;aparell m\u00e9s adequat.<\/p>\n\n\n\n<h2 class=\"wp-block-heading\">L&#8217;ortod\u00f2ncia pot millorar la parla a llarg termini?<\/h2>\n\n\n\n<p>S\u00ed. En determinats casos, corregir maloclusions, apinyaments o problemes de mossegada pot tenir un efecte positiu en la fonaci\u00f3 una vegada finalitzat el tractament. Una correcta alineaci\u00f3 dental facilita un posicionament m\u00e9s eficient de la llengua i millora l&#8217;articulaci\u00f3 d&#8217;alguns sons.<\/p>\n\n\n\n<p>Per aix\u00f2, encara que l&#8217;inici del tractament pugui generar petites adaptacions, el resultat final sol ser benefici\u00f3s tant en l&#8217;\u00e0mbit est\u00e8tic com funcional.<\/p>\n\n\n\n<h2 class=\"wp-block-heading\">Ortod\u00f2ncia i fonaci\u00f3: un proc\u00e9s d&#8217;adaptaci\u00f3 natural<\/h2>\n\n\n\n<p>Els canvis en la parla durant l&#8217;ortod\u00f2ncia formen part d&#8217;un proc\u00e9s normal i temporal. Amb informaci\u00f3 adequada, acompanyament professional i una mica de paci\u00e8ncia, la fonaci\u00f3 es normalitza r\u00e0pidament.<\/p>\n\n\n\n<p>En Cl\u00ednica Belodonte, entenem l&#8217;ortod\u00f2ncia com un tractament integral, on la funci\u00f3 i el benestar del pacient s\u00f3n tan importants com el resultat est\u00e8tic. Si tens dubtes sobre com pot afectar l&#8217;ortod\u00f2ncia a la teva parla, el nostre equip estar\u00e0 encantat d&#8217;orientar-te de forma personalitzada.<\/p>\n","protected":false},"excerpt":{"rendered":"<p>L&#8217;ortod\u00f2ncia no sols transforma el somriure, tamb\u00e9 pot influir de manera temporal en la manera de parlar. Molts pacients noten canvis en la pronunciaci\u00f3 en iniciar un tractament ortod\u00f2ntic, una cosa completament normal i, en la majoria dels casos, transitori. [&hellip;]<\/p>\n","protected":false},"author":3,"featured_media":6966,"comment_status":"open","ping_status":"open","sticky":false,"template":"","format":"standard","meta":{"site-sidebar-layout":"default","site-content-layout":"","ast-site-content-layout":"default","site-content-style":"default","site-sidebar-style":"default","ast-global-header-display":"","ast-banner-title-visibility":"","ast-main-header-display":"","ast-hfb-above-header-display":"","ast-hfb-below-header-display":"","ast-hfb-mobile-header-display":"","site-post-title":"","ast-breadcrumbs-content":"","ast-featured-img":"","footer-sml-layout":"","ast-disable-related-posts":"","theme-transparent-header-meta":"","adv-header-id-meta":"","stick-header-meta":"","header-above-stick-meta":"","header-main-stick-meta":"","header-below-stick-meta":"","astra-migrate-meta-layouts":"set","ast-page-background-enabled":"default","ast-page-background-meta":{"desktop":{"background-color":"","background-image":"","background-repeat":"repeat","background-position":"center center","background-size":"auto","background-attachment":"scroll","background-type":"","background-media":"","overlay-type":"","overlay-color":"","overlay-opacity":"","overlay-gradient":""},"tablet":{"background-color":"","background-image":"","background-repeat":"repeat","background-position":"center center","background-size":"auto","background-attachment":"scroll","background-type":"","background-media":"","overlay-type":"","overlay-color":"","overlay-opacity":"","overlay-gradient":""},"mobile":{"background-color":"","background-image":"","background-repeat":"repeat","background-position":"center center","background-size":"auto","background-attachment":"scroll","background-type":"","background-media":"","overlay-type":"","overlay-color":"","overlay-opacity":"","overlay-gradient":""}},"ast-content-background-meta":{"desktop":{"background-color":"var(--ast-global-color-5)","background-image":"","background-repeat":"repeat","background-position":"center center","background-size":"auto","background-attachment":"scroll","background-type":"","background-media":"","overlay-type":"","overlay-color":"","overlay-opacity":"","overlay-gradient":""},"tablet":{"background-color":"var(--ast-global-color-5)","background-image":"","background-repeat":"repeat","background-position":"center center","background-size":"auto","background-attachment":"scroll","background-type":"","background-media":"","overlay-type":"","overlay-color":"","overlay-opacity":"","overlay-gradient":""},"mobile":{"background-color":"var(--ast-global-color-5)","background-image":"","background-repeat":"repeat","background-position":"center center","background-size":"auto","background-attachment":"scroll","background-type":"","background-media":"","overlay-type":"","overlay-color":"","overlay-opacity":"","overlay-gradient":""}},"footnotes":""},"categories":[19],"tags":[],"class_list":["post-6967","post","type-post","status-publish","format-standard","has-post-thumbnail","hentry","category-ortodoncia-2"],"yoast_head":"<!-- This site is optimized with the Yoast SEO plugin v27.5 - https:\/\/yoast.com\/product\/yoast-seo-wordpress\/ -->\n<title>Ortod\u00f2ncia i fonaci\u00f3: com influeix en la parla<\/title>\n<meta name=\"description\" content=\"Entendre com es relacionen ortod\u00f2ncia i fonaci\u00f3 ajuda a viure el proc\u00e9s amb tranquil\u00b7litat i a saber com actuar per a adaptar-se millor.\" \/>\n<meta name=\"robots\" content=\"index, follow, max-snippet:-1, max-image-preview:large, max-video-preview:-1\" \/>\n<link rel=\"canonical\" href=\"https:\/\/www.belodonte.es\/ortodoncia-fonacion-como-influye-habla\/\" \/>\n<meta property=\"og:locale\" content=\"ca_ES\" \/>\n<meta property=\"og:type\" content=\"article\" \/>\n<meta property=\"og:title\" content=\"Ortod\u00f2ncia i fonaci\u00f3: com influeix en la parla\" \/>\n<meta property=\"og:description\" content=\"Entendre com es relacionen ortod\u00f2ncia i fonaci\u00f3 ajuda a viure el proc\u00e9s amb tranquil\u00b7litat i a saber com actuar per a adaptar-se millor.\" \/>\n<meta property=\"og:url\" content=\"https:\/\/www.belodonte.es\/ortodoncia-fonacion-como-influye-habla\/\" \/>\n<meta property=\"og:site_name\" content=\"Cl\u00ednica Belodonte\" \/>\n<meta property=\"article:published_time\" content=\"2026-03-10T06:00:00+00:00\" \/>\n<meta property=\"og:image\" content=\"https:\/\/www.belodonte.es\/wp-content\/uploads\/2026\/01\/ortodoncia-y-fonacion.jpeg\" \/>\n\t<meta property=\"og:image:width\" content=\"1000\" \/>\n\t<meta property=\"og:image:height\" content=\"563\" \/>\n\t<meta property=\"og:image:type\" content=\"image\/jpeg\" \/>\n<meta name=\"author\" content=\"Cl\u00ednica Belodonte\" \/>\n<meta name=\"twitter:card\" content=\"summary_large_image\" \/>\n<meta name=\"twitter:label1\" content=\"Written by\" \/>\n\t<meta name=\"twitter:data1\" content=\"Cl\u00ednica Belodonte\" \/>\n\t<meta name=\"twitter:label2\" content=\"Est. reading time\" \/>\n\t<meta name=\"twitter:data2\" content=\"4 minutes\" \/>\n<script type=\"application\/ld+json\" class=\"yoast-schema-graph\">{\"@context\":\"https:\\\/\\\/schema.org\",\"@graph\":[{\"@type\":\"Article\",\"@id\":\"https:\\\/\\\/www.belodonte.es\\\/ortodoncia-fonacion-como-influye-habla\\\/#article\",\"isPartOf\":{\"@id\":\"https:\\\/\\\/www.belodonte.es\\\/ortodoncia-fonacion-como-influye-habla\\\/\"},\"author\":{\"name\":\"Cl\u00ednica Belodonte\",\"@id\":\"https:\\\/\\\/www.belodonte.es\\\/#\\\/schema\\\/person\\\/af746658db6c58f111ab4e18a476abcd\"},\"headline\":\"Ortod\u00f2ncia i fonaci\u00f3: com influeix en la parla\",\"datePublished\":\"2026-03-10T06:00:00+00:00\",\"mainEntityOfPage\":{\"@id\":\"https:\\\/\\\/www.belodonte.es\\\/ortodoncia-fonacion-como-influye-habla\\\/\"},\"wordCount\":770,\"commentCount\":0,\"publisher\":{\"@id\":\"https:\\\/\\\/www.belodonte.es\\\/#organization\"},\"image\":{\"@id\":\"https:\\\/\\\/www.belodonte.es\\\/ortodoncia-fonacion-como-influye-habla\\\/#primaryimage\"},\"thumbnailUrl\":\"https:\\\/\\\/www.belodonte.es\\\/wp-content\\\/uploads\\\/2026\\\/01\\\/ortodoncia-y-fonacion.jpeg\",\"articleSection\":[\"Ortod\u00f2ncia\"],\"inLanguage\":\"ca\",\"potentialAction\":[{\"@type\":\"CommentAction\",\"name\":\"Comment\",\"target\":[\"https:\\\/\\\/www.belodonte.es\\\/ortodoncia-fonacion-como-influye-habla\\\/#respond\"]}]},{\"@type\":\"WebPage\",\"@id\":\"https:\\\/\\\/www.belodonte.es\\\/ortodoncia-fonacion-como-influye-habla\\\/\",\"url\":\"https:\\\/\\\/www.belodonte.es\\\/ortodoncia-fonacion-como-influye-habla\\\/\",\"name\":\"Ortod\u00f2ncia i fonaci\u00f3: com influeix en la parla\",\"isPartOf\":{\"@id\":\"https:\\\/\\\/www.belodonte.es\\\/#website\"},\"primaryImageOfPage\":{\"@id\":\"https:\\\/\\\/www.belodonte.es\\\/ortodoncia-fonacion-como-influye-habla\\\/#primaryimage\"},\"image\":{\"@id\":\"https:\\\/\\\/www.belodonte.es\\\/ortodoncia-fonacion-como-influye-habla\\\/#primaryimage\"},\"thumbnailUrl\":\"https:\\\/\\\/www.belodonte.es\\\/wp-content\\\/uploads\\\/2026\\\/01\\\/ortodoncia-y-fonacion.jpeg\",\"datePublished\":\"2026-03-10T06:00:00+00:00\",\"description\":\"Entendre com es relacionen ortod\u00f2ncia i fonaci\u00f3 ajuda a viure el proc\u00e9s amb tranquil\u00b7litat i a saber com actuar per a adaptar-se millor.\",\"breadcrumb\":{\"@id\":\"https:\\\/\\\/www.belodonte.es\\\/ortodoncia-fonacion-como-influye-habla\\\/#breadcrumb\"},\"inLanguage\":\"ca\",\"potentialAction\":[{\"@type\":\"ReadAction\",\"target\":[\"https:\\\/\\\/www.belodonte.es\\\/ortodoncia-fonacion-como-influye-habla\\\/\"]}]},{\"@type\":\"ImageObject\",\"inLanguage\":\"ca\",\"@id\":\"https:\\\/\\\/www.belodonte.es\\\/ortodoncia-fonacion-como-influye-habla\\\/#primaryimage\",\"url\":\"https:\\\/\\\/www.belodonte.es\\\/wp-content\\\/uploads\\\/2026\\\/01\\\/ortodoncia-y-fonacion.jpeg\",\"contentUrl\":\"https:\\\/\\\/www.belodonte.es\\\/wp-content\\\/uploads\\\/2026\\\/01\\\/ortodoncia-y-fonacion.jpeg\",\"width\":1000,\"height\":563,\"caption\":\"ortodoncia y fonacio\u0301n\"},{\"@type\":\"BreadcrumbList\",\"@id\":\"https:\\\/\\\/www.belodonte.es\\\/ortodoncia-fonacion-como-influye-habla\\\/#breadcrumb\",\"itemListElement\":[{\"@type\":\"ListItem\",\"position\":1,\"name\":\"Portada\",\"item\":\"https:\\\/\\\/www.belodonte.es\\\/\"},{\"@type\":\"ListItem\",\"position\":2,\"name\":\"Ortod\u00f2ncia i fonaci\u00f3: com influeix en la parla\"}]},{\"@type\":\"WebSite\",\"@id\":\"https:\\\/\\\/www.belodonte.es\\\/#website\",\"url\":\"https:\\\/\\\/www.belodonte.es\\\/\",\"name\":\"Cl\u00ednica Belodonte\",\"description\":\"Cl\u00ednica dental en Barcelona\",\"publisher\":{\"@id\":\"https:\\\/\\\/www.belodonte.es\\\/#organization\"},\"potentialAction\":[{\"@type\":\"SearchAction\",\"target\":{\"@type\":\"EntryPoint\",\"urlTemplate\":\"https:\\\/\\\/www.belodonte.es\\\/?s={search_term_string}\"},\"query-input\":{\"@type\":\"PropertyValueSpecification\",\"valueRequired\":true,\"valueName\":\"search_term_string\"}}],\"inLanguage\":\"ca\"},{\"@type\":\"Organization\",\"@id\":\"https:\\\/\\\/www.belodonte.es\\\/#organization\",\"name\":\"Cl\u00ednica Dental Belodonte\",\"url\":\"https:\\\/\\\/www.belodonte.es\\\/\",\"logo\":{\"@type\":\"ImageObject\",\"inLanguage\":\"ca\",\"@id\":\"https:\\\/\\\/www.belodonte.es\\\/#\\\/schema\\\/logo\\\/image\\\/\",\"url\":\"https:\\\/\\\/www.belodonte.es\\\/wp-content\\\/uploads\\\/2021\\\/10\\\/favicon-clinica-belodonte.png\",\"contentUrl\":\"https:\\\/\\\/www.belodonte.es\\\/wp-content\\\/uploads\\\/2021\\\/10\\\/favicon-clinica-belodonte.png\",\"width\":512,\"height\":512,\"caption\":\"Cl\u00ednica Dental Belodonte\"},\"image\":{\"@id\":\"https:\\\/\\\/www.belodonte.es\\\/#\\\/schema\\\/logo\\\/image\\\/\"}},{\"@type\":\"Person\",\"@id\":\"https:\\\/\\\/www.belodonte.es\\\/#\\\/schema\\\/person\\\/af746658db6c58f111ab4e18a476abcd\",\"name\":\"Cl\u00ednica Belodonte\",\"image\":{\"@type\":\"ImageObject\",\"inLanguage\":\"ca\",\"@id\":\"https:\\\/\\\/secure.gravatar.com\\\/avatar\\\/638e9d8d08bf2340d3d84b2996cdb448289ac0a26b32c99af87880a52287f8b8?s=96&d=mm&r=g\",\"url\":\"https:\\\/\\\/secure.gravatar.com\\\/avatar\\\/638e9d8d08bf2340d3d84b2996cdb448289ac0a26b32c99af87880a52287f8b8?s=96&d=mm&r=g\",\"contentUrl\":\"https:\\\/\\\/secure.gravatar.com\\\/avatar\\\/638e9d8d08bf2340d3d84b2996cdb448289ac0a26b32c99af87880a52287f8b8?s=96&d=mm&r=g\",\"caption\":\"Cl\u00ednica Belodonte\"},\"url\":\"https:\\\/\\\/www.belodonte.es\\\/ca\\\/author\\\/wm_mgc\\\/\"}]}<\/script>\n<!-- \/ Yoast SEO plugin. -->","yoast_head_json":{"title":"Ortod\u00f2ncia i fonaci\u00f3: com influeix en la parla","description":"Entendre com es relacionen ortod\u00f2ncia i fonaci\u00f3 ajuda a viure el proc\u00e9s amb tranquil\u00b7litat i a saber com actuar per a adaptar-se millor.","robots":{"index":"index","follow":"follow","max-snippet":"max-snippet:-1","max-image-preview":"max-image-preview:large","max-video-preview":"max-video-preview:-1"},"canonical":"https:\/\/www.belodonte.es\/ortodoncia-fonacion-como-influye-habla\/","og_locale":"ca_ES","og_type":"article","og_title":"Ortod\u00f2ncia i fonaci\u00f3: com influeix en la parla","og_description":"Entendre com es relacionen ortod\u00f2ncia i fonaci\u00f3 ajuda a viure el proc\u00e9s amb tranquil\u00b7litat i a saber com actuar per a adaptar-se millor.","og_url":"https:\/\/www.belodonte.es\/ortodoncia-fonacion-como-influye-habla\/","og_site_name":"Cl\u00ednica Belodonte","article_published_time":"2026-03-10T06:00:00+00:00","og_image":[{"width":1000,"height":563,"url":"https:\/\/www.belodonte.es\/wp-content\/uploads\/2026\/01\/ortodoncia-y-fonacion.jpeg","type":"image\/jpeg"}],"author":"Cl\u00ednica Belodonte","twitter_card":"summary_large_image","twitter_misc":{"Written by":"Cl\u00ednica Belodonte","Est. reading time":"4 minutes"},"schema":{"@context":"https:\/\/schema.org","@graph":[{"@type":"Article","@id":"https:\/\/www.belodonte.es\/ortodoncia-fonacion-como-influye-habla\/#article","isPartOf":{"@id":"https:\/\/www.belodonte.es\/ortodoncia-fonacion-como-influye-habla\/"},"author":{"name":"Cl\u00ednica Belodonte","@id":"https:\/\/www.belodonte.es\/#\/schema\/person\/af746658db6c58f111ab4e18a476abcd"},"headline":"Ortod\u00f2ncia i fonaci\u00f3: com influeix en la parla","datePublished":"2026-03-10T06:00:00+00:00","mainEntityOfPage":{"@id":"https:\/\/www.belodonte.es\/ortodoncia-fonacion-como-influye-habla\/"},"wordCount":770,"commentCount":0,"publisher":{"@id":"https:\/\/www.belodonte.es\/#organization"},"image":{"@id":"https:\/\/www.belodonte.es\/ortodoncia-fonacion-como-influye-habla\/#primaryimage"},"thumbnailUrl":"https:\/\/www.belodonte.es\/wp-content\/uploads\/2026\/01\/ortodoncia-y-fonacion.jpeg","articleSection":["Ortod\u00f2ncia"],"inLanguage":"ca","potentialAction":[{"@type":"CommentAction","name":"Comment","target":["https:\/\/www.belodonte.es\/ortodoncia-fonacion-como-influye-habla\/#respond"]}]},{"@type":"WebPage","@id":"https:\/\/www.belodonte.es\/ortodoncia-fonacion-como-influye-habla\/","url":"https:\/\/www.belodonte.es\/ortodoncia-fonacion-como-influye-habla\/","name":"Ortod\u00f2ncia i fonaci\u00f3: com influeix en la parla","isPartOf":{"@id":"https:\/\/www.belodonte.es\/#website"},"primaryImageOfPage":{"@id":"https:\/\/www.belodonte.es\/ortodoncia-fonacion-como-influye-habla\/#primaryimage"},"image":{"@id":"https:\/\/www.belodonte.es\/ortodoncia-fonacion-como-influye-habla\/#primaryimage"},"thumbnailUrl":"https:\/\/www.belodonte.es\/wp-content\/uploads\/2026\/01\/ortodoncia-y-fonacion.jpeg","datePublished":"2026-03-10T06:00:00+00:00","description":"Entendre com es relacionen ortod\u00f2ncia i fonaci\u00f3 ajuda a viure el proc\u00e9s amb tranquil\u00b7litat i a saber com actuar per a adaptar-se millor.","breadcrumb":{"@id":"https:\/\/www.belodonte.es\/ortodoncia-fonacion-como-influye-habla\/#breadcrumb"},"inLanguage":"ca","potentialAction":[{"@type":"ReadAction","target":["https:\/\/www.belodonte.es\/ortodoncia-fonacion-como-influye-habla\/"]}]},{"@type":"ImageObject","inLanguage":"ca","@id":"https:\/\/www.belodonte.es\/ortodoncia-fonacion-como-influye-habla\/#primaryimage","url":"https:\/\/www.belodonte.es\/wp-content\/uploads\/2026\/01\/ortodoncia-y-fonacion.jpeg","contentUrl":"https:\/\/www.belodonte.es\/wp-content\/uploads\/2026\/01\/ortodoncia-y-fonacion.jpeg","width":1000,"height":563,"caption":"ortodoncia y fonacio\u0301n"},{"@type":"BreadcrumbList","@id":"https:\/\/www.belodonte.es\/ortodoncia-fonacion-como-influye-habla\/#breadcrumb","itemListElement":[{"@type":"ListItem","position":1,"name":"Portada","item":"https:\/\/www.belodonte.es\/"},{"@type":"ListItem","position":2,"name":"Ortod\u00f2ncia i fonaci\u00f3: com influeix en la parla"}]},{"@type":"WebSite","@id":"https:\/\/www.belodonte.es\/#website","url":"https:\/\/www.belodonte.es\/","name":"Cl\u00ednica Belodonte","description":"Cl\u00ednica dental en Barcelona","publisher":{"@id":"https:\/\/www.belodonte.es\/#organization"},"potentialAction":[{"@type":"SearchAction","target":{"@type":"EntryPoint","urlTemplate":"https:\/\/www.belodonte.es\/?s={search_term_string}"},"query-input":{"@type":"PropertyValueSpecification","valueRequired":true,"valueName":"search_term_string"}}],"inLanguage":"ca"},{"@type":"Organization","@id":"https:\/\/www.belodonte.es\/#organization","name":"Cl\u00ednica Dental Belodonte","url":"https:\/\/www.belodonte.es\/","logo":{"@type":"ImageObject","inLanguage":"ca","@id":"https:\/\/www.belodonte.es\/#\/schema\/logo\/image\/","url":"https:\/\/www.belodonte.es\/wp-content\/uploads\/2021\/10\/favicon-clinica-belodonte.png","contentUrl":"https:\/\/www.belodonte.es\/wp-content\/uploads\/2021\/10\/favicon-clinica-belodonte.png","width":512,"height":512,"caption":"Cl\u00ednica Dental Belodonte"},"image":{"@id":"https:\/\/www.belodonte.es\/#\/schema\/logo\/image\/"}},{"@type":"Person","@id":"https:\/\/www.belodonte.es\/#\/schema\/person\/af746658db6c58f111ab4e18a476abcd","name":"Cl\u00ednica Belodonte","image":{"@type":"ImageObject","inLanguage":"ca","@id":"https:\/\/secure.gravatar.com\/avatar\/638e9d8d08bf2340d3d84b2996cdb448289ac0a26b32c99af87880a52287f8b8?s=96&d=mm&r=g","url":"https:\/\/secure.gravatar.com\/avatar\/638e9d8d08bf2340d3d84b2996cdb448289ac0a26b32c99af87880a52287f8b8?s=96&d=mm&r=g","contentUrl":"https:\/\/secure.gravatar.com\/avatar\/638e9d8d08bf2340d3d84b2996cdb448289ac0a26b32c99af87880a52287f8b8?s=96&d=mm&r=g","caption":"Cl\u00ednica Belodonte"},"url":"https:\/\/www.belodonte.es\/ca\/author\/wm_mgc\/"}]}},"_links":{"self":[{"href":"https:\/\/www.belodonte.es\/ca\/wp-json\/wp\/v2\/posts\/6967","targetHints":{"allow":["GET"]}}],"collection":[{"href":"https:\/\/www.belodonte.es\/ca\/wp-json\/wp\/v2\/posts"}],"about":[{"href":"https:\/\/www.belodonte.es\/ca\/wp-json\/wp\/v2\/types\/post"}],"author":[{"embeddable":true,"href":"https:\/\/www.belodonte.es\/ca\/wp-json\/wp\/v2\/users\/3"}],"replies":[{"embeddable":true,"href":"https:\/\/www.belodonte.es\/ca\/wp-json\/wp\/v2\/comments?post=6967"}],"version-history":[{"count":1,"href":"https:\/\/www.belodonte.es\/ca\/wp-json\/wp\/v2\/posts\/6967\/revisions"}],"predecessor-version":[{"id":6968,"href":"https:\/\/www.belodonte.es\/ca\/wp-json\/wp\/v2\/posts\/6967\/revisions\/6968"}],"wp:featuredmedia":[{"embeddable":true,"href":"https:\/\/www.belodonte.es\/ca\/wp-json\/wp\/v2\/media\/6966"}],"wp:attachment":[{"href":"https:\/\/www.belodonte.es\/ca\/wp-json\/wp\/v2\/media?parent=6967"}],"wp:term":[{"taxonomy":"category","embeddable":true,"href":"https:\/\/www.belodonte.es\/ca\/wp-json\/wp\/v2\/categories?post=6967"},{"taxonomy":"post_tag","embeddable":true,"href":"https:\/\/www.belodonte.es\/ca\/wp-json\/wp\/v2\/tags?post=6967"}],"curies":[{"name":"wp","href":"https:\/\/api.w.org\/{rel}","templated":true}]}}