{"id":6921,"date":"2026-02-24T06:00:00","date_gmt":"2026-02-24T06:00:00","guid":{"rendered":"https:\/\/www.belodonte.es\/?p=6921"},"modified":"2026-01-08T12:43:34","modified_gmt":"2026-01-08T12:43:34","slug":"aliments-prohibits-amb-els-brackets-que-evitar-per-que","status":"publish","type":"post","link":"https:\/\/www.belodonte.es\/ca\/aliments-prohibits-amb-els-brackets-que-evitar-per-que\/","title":{"rendered":"Aliments prohibits amb els\u00a0brackets: qu\u00e8 evitar i per qu\u00e8"},"content":{"rendered":"\n<p>Portar brackets \u00e9s una decisi\u00f3 que va molt m\u00e9s enll\u00e0 de l&#8217;est\u00e8tica. Implica un comprom\u00eds diari amb el teu tractament d&#8217;ortod\u00f2ncia i, entre tots els factors que influeixen en el seu \u00e8xit, l&#8217;alimentaci\u00f3 juga un paper determinant. No es tracta nom\u00e9s del que menges, sin\u00f3 de com uns certs aliments poden interferir directament en l&#8217;avan\u00e7 del tractament, provocar mol\u00e8sties innecess\u00e0ries o fins i tot allargar-lo m\u00e9s del que es preveu. Des de <strong><a href=\"https:\/\/www.belodonte.es\/ca\/ortodoncia\/\" target=\"_blank\" rel=\"noreferrer noopener\">Cl\u00ednica Belodonte, experts en Ortod\u00f2ncia a Barcelona<\/a><\/strong>, t&#8217;expliquem quins s\u00f3n els <strong>aliments prohibits amb els brackets<\/strong>, per qu\u00e8 no es recomanen i com cuidar la teva ortod\u00f2ncia per a evitar complicacions.<\/p>\n\n\n\n<h2 class=\"wp-block-heading\">Per qu\u00e8 alguns aliments estan prohibits amb els brackets<\/h2>\n\n\n\n<p>Els brackets, siguin met\u00e0l\u00b7lics, est\u00e8tics o part d&#8217;un sistema d&#8217;ortod\u00f2ncia m\u00e9s avan\u00e7at, s&#8217;adhereixen a la dent mitjan\u00e7ant un ciment espec\u00edfic i es connecten entre si amb arcs i lligadures. Aquest sistema necessita estabilitat per a exercir forces controlades i constants sobre les dents.<\/p>\n\n\n\n<p>Uns certs aliments poden comprometre aquesta estabilitat. Els m\u00e9s problem\u00e0tics s\u00f3n aquells que requereixen una mossegada forta, tenen una textura molt dura o resulten enganxosos. En mastegar-los, poden enlairar brackets, deformar l&#8217;arc o generar microfractures que passen desapercebudes, per\u00f2 afecten el ritme del tractament. A m\u00e9s, alguns afavoreixen l&#8217;acumulaci\u00f3 de placa, augmentant el risc de c\u00e0ries i d&#8217;inflamaci\u00f3 de genives durant l&#8217;ortod\u00f2ncia.<\/p>\n\n\n\n<h2 class=\"wp-block-heading\">Com afecten aquests aliments al tractament d&#8217;ortod\u00f2ncia<\/h2>\n\n\n\n<p>Quan un bracket s&#8217;enlaira o un arc es despla\u00e7a per culpa de l&#8217;alimentaci\u00f3, el tractament deixa de funcionar com estava planificat. Aix\u00f2 no sols implica una visita extra al ortodontista, sin\u00f3 que interromp el moviment dental previst. En molts casos, aquests incidents repetits s\u00f3n la causa principal que un tractament s&#8217;allargui diversos mesos m\u00e9s del necessari.<\/p>\n\n\n\n<p>A m\u00e9s, determinats aliments augmenten el risc de descalcificacions al voltant dels brackets. Aquestes taques blanques en l&#8217;esmalt apareixen quan les restes de menjar es queden atrapats i no s&#8217;eliminen correctament, una cosa especialment freq\u00fcent amb aliments ensucrats o molt adhesius. El resultat pot ser una dent alineada, per\u00f2 amb danys est\u00e8tics i funcionals una vegada retirats els brackets.<\/p>\n\n\n\n<h2 class=\"wp-block-heading\">Impacte en la salut bucodental durant l&#8217;\u00fas de brackets<\/h2>\n\n\n\n<p>L&#8217;ortod\u00f2ncia dificulta la higiene oral, fins i tot en pacients molt acurats. Si a aix\u00f2 se suma una dieta poc adequada, el risc de c\u00e0ries i gingivitis augmenta de manera considerable. Els aliments enganxosos tendeixen a quedar-se retinguts al voltant dels brackets i sota els arcs, mentre que els duros poden provocar petites lesions en la mucosa o en els llavis quan l&#8217;aparell es despla\u00e7a.<\/p>\n\n\n\n<p>Mantenir una alimentaci\u00f3 adaptada no sols protegeix els brackets, sin\u00f3 que tamb\u00e9 ajuda a conservar unes genives sanes i un esmalt fort durant tot el tractament.<\/p>\n\n\n\n<h2 class=\"wp-block-heading\">Alimentaci\u00f3 i cura ortod\u00f2ntica: la clau d&#8217;un bon resultat<\/h2>\n\n\n\n<p>Durant el tractament amb brackets, l&#8217;ideal \u00e9s prioritzar aliments que no suposin un esfor\u00e7 excessiu en mastegar i que es netegin amb facilitat. Tallar el menjar en trossos petits i mastegar de manera controlada redueix significativament el risc d&#8217;incid\u00e8ncies.<\/p>\n\n\n\n<p>Des de l&#8217;ortod\u00f2ncia, l&#8217;objectiu no \u00e9s imposar restriccions innecess\u00e0ries, sin\u00f3 acompanyar el tractament amb h\u00e0bits que afavoreixin la seva efic\u00e0cia. Una dieta adaptada, combinada amb una higiene exhaustiva i revisions peri\u00f2diques, \u00e9s la base perqu\u00e8 el tractament avanci segons el que es preveu i sense sobresalts.<\/p>\n\n\n\n<h2 class=\"wp-block-heading\">Prevenci\u00f3: com evitar problemes amb els brackets<\/h2>\n\n\n\n<p>La prevenci\u00f3 comen\u00e7a per la informaci\u00f3. Con\u00e8ixer quins aliments poden danyar els brackets permet prendre decisions conscients en el dia a dia. A aix\u00f2 se suma una correcta t\u00e8cnica de raspallat, l&#8217;\u00fas de raspalls interproximals i la const\u00e0ncia en les revisions amb el ortodontista.<\/p>\n\n\n\n<p>En Cl\u00ednica Belodonte insistim que cuidar l&#8217;alimentaci\u00f3 durant l&#8217;ortod\u00f2ncia no \u00e9s una limitaci\u00f3, sin\u00f3 una inversi\u00f3 en temps i en salut bucodental. Evitar uns certs aliments \u00e9s una forma senzilla i efica\u00e7 de protegir el teu tractament, reduir complicacions i assegurar-te que el resultat final sigui exactament el que esperes. <strong><a href=\"https:\/\/www.belodonte.es\/ca\/contacte\/\" target=\"_blank\" rel=\"noreferrer noopener\">Contacta amb nosaltres.<\/a><\/strong><\/p>\n","protected":false},"excerpt":{"rendered":"<p>Portar brackets \u00e9s una decisi\u00f3 que va molt m\u00e9s enll\u00e0 de l&#8217;est\u00e8tica. Implica un comprom\u00eds diari amb el teu tractament d&#8217;ortod\u00f2ncia i, entre tots els factors que influeixen en el seu \u00e8xit, l&#8217;alimentaci\u00f3 juga un paper determinant. No es tracta [&hellip;]<\/p>\n","protected":false},"author":3,"featured_media":6920,"comment_status":"open","ping_status":"open","sticky":false,"template":"","format":"standard","meta":{"site-sidebar-layout":"default","site-content-layout":"","ast-site-content-layout":"default","site-content-style":"default","site-sidebar-style":"default","ast-global-header-display":"","ast-banner-title-visibility":"","ast-main-header-display":"","ast-hfb-above-header-display":"","ast-hfb-below-header-display":"","ast-hfb-mobile-header-display":"","site-post-title":"","ast-breadcrumbs-content":"","ast-featured-img":"","footer-sml-layout":"","ast-disable-related-posts":"","theme-transparent-header-meta":"","adv-header-id-meta":"","stick-header-meta":"","header-above-stick-meta":"","header-main-stick-meta":"","header-below-stick-meta":"","astra-migrate-meta-layouts":"set","ast-page-background-enabled":"default","ast-page-background-meta":{"desktop":{"background-color":"","background-image":"","background-repeat":"repeat","background-position":"center center","background-size":"auto","background-attachment":"scroll","background-type":"","background-media":"","overlay-type":"","overlay-color":"","overlay-opacity":"","overlay-gradient":""},"tablet":{"background-color":"","background-image":"","background-repeat":"repeat","background-position":"center center","background-size":"auto","background-attachment":"scroll","background-type":"","background-media":"","overlay-type":"","overlay-color":"","overlay-opacity":"","overlay-gradient":""},"mobile":{"background-color":"","background-image":"","background-repeat":"repeat","background-position":"center center","background-size":"auto","background-attachment":"scroll","background-type":"","background-media":"","overlay-type":"","overlay-color":"","overlay-opacity":"","overlay-gradient":""}},"ast-content-background-meta":{"desktop":{"background-color":"var(--ast-global-color-5)","background-image":"","background-repeat":"repeat","background-position":"center center","background-size":"auto","background-attachment":"scroll","background-type":"","background-media":"","overlay-type":"","overlay-color":"","overlay-opacity":"","overlay-gradient":""},"tablet":{"background-color":"var(--ast-global-color-5)","background-image":"","background-repeat":"repeat","background-position":"center center","background-size":"auto","background-attachment":"scroll","background-type":"","background-media":"","overlay-type":"","overlay-color":"","overlay-opacity":"","overlay-gradient":""},"mobile":{"background-color":"var(--ast-global-color-5)","background-image":"","background-repeat":"repeat","background-position":"center center","background-size":"auto","background-attachment":"scroll","background-type":"","background-media":"","overlay-type":"","overlay-color":"","overlay-opacity":"","overlay-gradient":""}},"footnotes":""},"categories":[19],"tags":[],"class_list":["post-6921","post","type-post","status-publish","format-standard","has-post-thumbnail","hentry","category-ortodoncia-2"],"yoast_head":"<!-- This site is optimized with the Yoast SEO plugin v27.5 - https:\/\/yoast.com\/product\/yoast-seo-wordpress\/ -->\n<title>Aliments prohibits amb els\u00a0brackets: qu\u00e8 evitar i per qu\u00e8<\/title>\n<meta name=\"description\" content=\"T&#039;expliquem quins s\u00f3n els aliments prohibits amb els brackets, per qu\u00e8 no es recomanen i com cuidar la teva ortod\u00f2ncia.\" \/>\n<meta name=\"robots\" content=\"index, follow, max-snippet:-1, max-image-preview:large, max-video-preview:-1\" \/>\n<link rel=\"canonical\" href=\"https:\/\/www.belodonte.es\/alimentos-prohibidos-con-los-brackets-que-evitar-por-que\/\" \/>\n<meta property=\"og:locale\" content=\"ca_ES\" \/>\n<meta property=\"og:type\" content=\"article\" \/>\n<meta property=\"og:title\" content=\"Aliments prohibits amb els\u00a0brackets: qu\u00e8 evitar i per qu\u00e8\" \/>\n<meta property=\"og:description\" content=\"T&#039;expliquem quins s\u00f3n els aliments prohibits amb els brackets, per qu\u00e8 no es recomanen i com cuidar la teva ortod\u00f2ncia.\" \/>\n<meta property=\"og:url\" content=\"https:\/\/www.belodonte.es\/alimentos-prohibidos-con-los-brackets-que-evitar-por-que\/\" \/>\n<meta property=\"og:site_name\" content=\"Cl\u00ednica Belodonte\" \/>\n<meta property=\"article:published_time\" content=\"2026-02-24T06:00:00+00:00\" \/>\n<meta property=\"og:image\" content=\"https:\/\/www.belodonte.es\/wp-content\/uploads\/2026\/01\/Alimentos-prohibidos-con-los-brackets-scaled.jpeg\" \/>\n\t<meta property=\"og:image:width\" content=\"2001\" \/>\n\t<meta property=\"og:image:height\" content=\"1126\" \/>\n\t<meta property=\"og:image:type\" content=\"image\/jpeg\" \/>\n<meta name=\"author\" content=\"Cl\u00ednica Belodonte\" \/>\n<meta name=\"twitter:card\" content=\"summary_large_image\" \/>\n<meta name=\"twitter:label1\" content=\"Written by\" \/>\n\t<meta name=\"twitter:data1\" content=\"Cl\u00ednica Belodonte\" \/>\n\t<meta name=\"twitter:label2\" content=\"Est. reading time\" \/>\n\t<meta name=\"twitter:data2\" content=\"4 minutes\" \/>\n<script type=\"application\/ld+json\" class=\"yoast-schema-graph\">{\"@context\":\"https:\\\/\\\/schema.org\",\"@graph\":[{\"@type\":\"Article\",\"@id\":\"https:\\\/\\\/www.belodonte.es\\\/alimentos-prohibidos-con-los-brackets-que-evitar-por-que\\\/#article\",\"isPartOf\":{\"@id\":\"https:\\\/\\\/www.belodonte.es\\\/alimentos-prohibidos-con-los-brackets-que-evitar-por-que\\\/\"},\"author\":{\"name\":\"Cl\u00ednica Belodonte\",\"@id\":\"https:\\\/\\\/www.belodonte.es\\\/#\\\/schema\\\/person\\\/af746658db6c58f111ab4e18a476abcd\"},\"headline\":\"Aliments prohibits amb els\u00a0brackets: qu\u00e8 evitar i per qu\u00e8\",\"datePublished\":\"2026-02-24T06:00:00+00:00\",\"mainEntityOfPage\":{\"@id\":\"https:\\\/\\\/www.belodonte.es\\\/alimentos-prohibidos-con-los-brackets-que-evitar-por-que\\\/\"},\"wordCount\":698,\"commentCount\":0,\"publisher\":{\"@id\":\"https:\\\/\\\/www.belodonte.es\\\/#organization\"},\"image\":{\"@id\":\"https:\\\/\\\/www.belodonte.es\\\/alimentos-prohibidos-con-los-brackets-que-evitar-por-que\\\/#primaryimage\"},\"thumbnailUrl\":\"https:\\\/\\\/www.belodonte.es\\\/wp-content\\\/uploads\\\/2026\\\/01\\\/Alimentos-prohibidos-con-los-brackets-scaled.jpeg\",\"articleSection\":[\"Ortod\u00f2ncia\"],\"inLanguage\":\"ca\",\"potentialAction\":[{\"@type\":\"CommentAction\",\"name\":\"Comment\",\"target\":[\"https:\\\/\\\/www.belodonte.es\\\/alimentos-prohibidos-con-los-brackets-que-evitar-por-que\\\/#respond\"]}]},{\"@type\":\"WebPage\",\"@id\":\"https:\\\/\\\/www.belodonte.es\\\/alimentos-prohibidos-con-los-brackets-que-evitar-por-que\\\/\",\"url\":\"https:\\\/\\\/www.belodonte.es\\\/alimentos-prohibidos-con-los-brackets-que-evitar-por-que\\\/\",\"name\":\"Aliments prohibits amb els\u00a0brackets: qu\u00e8 evitar i per qu\u00e8\",\"isPartOf\":{\"@id\":\"https:\\\/\\\/www.belodonte.es\\\/#website\"},\"primaryImageOfPage\":{\"@id\":\"https:\\\/\\\/www.belodonte.es\\\/alimentos-prohibidos-con-los-brackets-que-evitar-por-que\\\/#primaryimage\"},\"image\":{\"@id\":\"https:\\\/\\\/www.belodonte.es\\\/alimentos-prohibidos-con-los-brackets-que-evitar-por-que\\\/#primaryimage\"},\"thumbnailUrl\":\"https:\\\/\\\/www.belodonte.es\\\/wp-content\\\/uploads\\\/2026\\\/01\\\/Alimentos-prohibidos-con-los-brackets-scaled.jpeg\",\"datePublished\":\"2026-02-24T06:00:00+00:00\",\"description\":\"T'expliquem quins s\u00f3n els aliments prohibits amb els brackets, per qu\u00e8 no es recomanen i com cuidar la teva ortod\u00f2ncia.\",\"breadcrumb\":{\"@id\":\"https:\\\/\\\/www.belodonte.es\\\/alimentos-prohibidos-con-los-brackets-que-evitar-por-que\\\/#breadcrumb\"},\"inLanguage\":\"ca\",\"potentialAction\":[{\"@type\":\"ReadAction\",\"target\":[\"https:\\\/\\\/www.belodonte.es\\\/alimentos-prohibidos-con-los-brackets-que-evitar-por-que\\\/\"]}]},{\"@type\":\"ImageObject\",\"inLanguage\":\"ca\",\"@id\":\"https:\\\/\\\/www.belodonte.es\\\/alimentos-prohibidos-con-los-brackets-que-evitar-por-que\\\/#primaryimage\",\"url\":\"https:\\\/\\\/www.belodonte.es\\\/wp-content\\\/uploads\\\/2026\\\/01\\\/Alimentos-prohibidos-con-los-brackets-scaled.jpeg\",\"contentUrl\":\"https:\\\/\\\/www.belodonte.es\\\/wp-content\\\/uploads\\\/2026\\\/01\\\/Alimentos-prohibidos-con-los-brackets-scaled.jpeg\",\"width\":2001,\"height\":1126,\"caption\":\"Alimentos prohibidos con los brackets\"},{\"@type\":\"BreadcrumbList\",\"@id\":\"https:\\\/\\\/www.belodonte.es\\\/alimentos-prohibidos-con-los-brackets-que-evitar-por-que\\\/#breadcrumb\",\"itemListElement\":[{\"@type\":\"ListItem\",\"position\":1,\"name\":\"Portada\",\"item\":\"https:\\\/\\\/www.belodonte.es\\\/\"},{\"@type\":\"ListItem\",\"position\":2,\"name\":\"Aliments prohibits amb els\u00a0brackets: qu\u00e8 evitar i per qu\u00e8\"}]},{\"@type\":\"WebSite\",\"@id\":\"https:\\\/\\\/www.belodonte.es\\\/#website\",\"url\":\"https:\\\/\\\/www.belodonte.es\\\/\",\"name\":\"Cl\u00ednica Belodonte\",\"description\":\"Cl\u00ednica dental en Barcelona\",\"publisher\":{\"@id\":\"https:\\\/\\\/www.belodonte.es\\\/#organization\"},\"potentialAction\":[{\"@type\":\"SearchAction\",\"target\":{\"@type\":\"EntryPoint\",\"urlTemplate\":\"https:\\\/\\\/www.belodonte.es\\\/?s={search_term_string}\"},\"query-input\":{\"@type\":\"PropertyValueSpecification\",\"valueRequired\":true,\"valueName\":\"search_term_string\"}}],\"inLanguage\":\"ca\"},{\"@type\":\"Organization\",\"@id\":\"https:\\\/\\\/www.belodonte.es\\\/#organization\",\"name\":\"Cl\u00ednica Dental Belodonte\",\"url\":\"https:\\\/\\\/www.belodonte.es\\\/\",\"logo\":{\"@type\":\"ImageObject\",\"inLanguage\":\"ca\",\"@id\":\"https:\\\/\\\/www.belodonte.es\\\/#\\\/schema\\\/logo\\\/image\\\/\",\"url\":\"https:\\\/\\\/www.belodonte.es\\\/wp-content\\\/uploads\\\/2021\\\/10\\\/favicon-clinica-belodonte.png\",\"contentUrl\":\"https:\\\/\\\/www.belodonte.es\\\/wp-content\\\/uploads\\\/2021\\\/10\\\/favicon-clinica-belodonte.png\",\"width\":512,\"height\":512,\"caption\":\"Cl\u00ednica Dental Belodonte\"},\"image\":{\"@id\":\"https:\\\/\\\/www.belodonte.es\\\/#\\\/schema\\\/logo\\\/image\\\/\"}},{\"@type\":\"Person\",\"@id\":\"https:\\\/\\\/www.belodonte.es\\\/#\\\/schema\\\/person\\\/af746658db6c58f111ab4e18a476abcd\",\"name\":\"Cl\u00ednica Belodonte\",\"image\":{\"@type\":\"ImageObject\",\"inLanguage\":\"ca\",\"@id\":\"https:\\\/\\\/secure.gravatar.com\\\/avatar\\\/638e9d8d08bf2340d3d84b2996cdb448289ac0a26b32c99af87880a52287f8b8?s=96&d=mm&r=g\",\"url\":\"https:\\\/\\\/secure.gravatar.com\\\/avatar\\\/638e9d8d08bf2340d3d84b2996cdb448289ac0a26b32c99af87880a52287f8b8?s=96&d=mm&r=g\",\"contentUrl\":\"https:\\\/\\\/secure.gravatar.com\\\/avatar\\\/638e9d8d08bf2340d3d84b2996cdb448289ac0a26b32c99af87880a52287f8b8?s=96&d=mm&r=g\",\"caption\":\"Cl\u00ednica Belodonte\"},\"url\":\"https:\\\/\\\/www.belodonte.es\\\/ca\\\/author\\\/wm_mgc\\\/\"}]}<\/script>\n<!-- \/ Yoast SEO plugin. -->","yoast_head_json":{"title":"Aliments prohibits amb els\u00a0brackets: qu\u00e8 evitar i per qu\u00e8","description":"T'expliquem quins s\u00f3n els aliments prohibits amb els brackets, per qu\u00e8 no es recomanen i com cuidar la teva ortod\u00f2ncia.","robots":{"index":"index","follow":"follow","max-snippet":"max-snippet:-1","max-image-preview":"max-image-preview:large","max-video-preview":"max-video-preview:-1"},"canonical":"https:\/\/www.belodonte.es\/alimentos-prohibidos-con-los-brackets-que-evitar-por-que\/","og_locale":"ca_ES","og_type":"article","og_title":"Aliments prohibits amb els\u00a0brackets: qu\u00e8 evitar i per qu\u00e8","og_description":"T'expliquem quins s\u00f3n els aliments prohibits amb els brackets, per qu\u00e8 no es recomanen i com cuidar la teva ortod\u00f2ncia.","og_url":"https:\/\/www.belodonte.es\/alimentos-prohibidos-con-los-brackets-que-evitar-por-que\/","og_site_name":"Cl\u00ednica Belodonte","article_published_time":"2026-02-24T06:00:00+00:00","og_image":[{"width":2001,"height":1126,"url":"https:\/\/www.belodonte.es\/wp-content\/uploads\/2026\/01\/Alimentos-prohibidos-con-los-brackets-scaled.jpeg","type":"image\/jpeg"}],"author":"Cl\u00ednica Belodonte","twitter_card":"summary_large_image","twitter_misc":{"Written by":"Cl\u00ednica Belodonte","Est. reading time":"4 minutes"},"schema":{"@context":"https:\/\/schema.org","@graph":[{"@type":"Article","@id":"https:\/\/www.belodonte.es\/alimentos-prohibidos-con-los-brackets-que-evitar-por-que\/#article","isPartOf":{"@id":"https:\/\/www.belodonte.es\/alimentos-prohibidos-con-los-brackets-que-evitar-por-que\/"},"author":{"name":"Cl\u00ednica Belodonte","@id":"https:\/\/www.belodonte.es\/#\/schema\/person\/af746658db6c58f111ab4e18a476abcd"},"headline":"Aliments prohibits amb els\u00a0brackets: qu\u00e8 evitar i per qu\u00e8","datePublished":"2026-02-24T06:00:00+00:00","mainEntityOfPage":{"@id":"https:\/\/www.belodonte.es\/alimentos-prohibidos-con-los-brackets-que-evitar-por-que\/"},"wordCount":698,"commentCount":0,"publisher":{"@id":"https:\/\/www.belodonte.es\/#organization"},"image":{"@id":"https:\/\/www.belodonte.es\/alimentos-prohibidos-con-los-brackets-que-evitar-por-que\/#primaryimage"},"thumbnailUrl":"https:\/\/www.belodonte.es\/wp-content\/uploads\/2026\/01\/Alimentos-prohibidos-con-los-brackets-scaled.jpeg","articleSection":["Ortod\u00f2ncia"],"inLanguage":"ca","potentialAction":[{"@type":"CommentAction","name":"Comment","target":["https:\/\/www.belodonte.es\/alimentos-prohibidos-con-los-brackets-que-evitar-por-que\/#respond"]}]},{"@type":"WebPage","@id":"https:\/\/www.belodonte.es\/alimentos-prohibidos-con-los-brackets-que-evitar-por-que\/","url":"https:\/\/www.belodonte.es\/alimentos-prohibidos-con-los-brackets-que-evitar-por-que\/","name":"Aliments prohibits amb els\u00a0brackets: qu\u00e8 evitar i per qu\u00e8","isPartOf":{"@id":"https:\/\/www.belodonte.es\/#website"},"primaryImageOfPage":{"@id":"https:\/\/www.belodonte.es\/alimentos-prohibidos-con-los-brackets-que-evitar-por-que\/#primaryimage"},"image":{"@id":"https:\/\/www.belodonte.es\/alimentos-prohibidos-con-los-brackets-que-evitar-por-que\/#primaryimage"},"thumbnailUrl":"https:\/\/www.belodonte.es\/wp-content\/uploads\/2026\/01\/Alimentos-prohibidos-con-los-brackets-scaled.jpeg","datePublished":"2026-02-24T06:00:00+00:00","description":"T'expliquem quins s\u00f3n els aliments prohibits amb els brackets, per qu\u00e8 no es recomanen i com cuidar la teva ortod\u00f2ncia.","breadcrumb":{"@id":"https:\/\/www.belodonte.es\/alimentos-prohibidos-con-los-brackets-que-evitar-por-que\/#breadcrumb"},"inLanguage":"ca","potentialAction":[{"@type":"ReadAction","target":["https:\/\/www.belodonte.es\/alimentos-prohibidos-con-los-brackets-que-evitar-por-que\/"]}]},{"@type":"ImageObject","inLanguage":"ca","@id":"https:\/\/www.belodonte.es\/alimentos-prohibidos-con-los-brackets-que-evitar-por-que\/#primaryimage","url":"https:\/\/www.belodonte.es\/wp-content\/uploads\/2026\/01\/Alimentos-prohibidos-con-los-brackets-scaled.jpeg","contentUrl":"https:\/\/www.belodonte.es\/wp-content\/uploads\/2026\/01\/Alimentos-prohibidos-con-los-brackets-scaled.jpeg","width":2001,"height":1126,"caption":"Alimentos prohibidos con los brackets"},{"@type":"BreadcrumbList","@id":"https:\/\/www.belodonte.es\/alimentos-prohibidos-con-los-brackets-que-evitar-por-que\/#breadcrumb","itemListElement":[{"@type":"ListItem","position":1,"name":"Portada","item":"https:\/\/www.belodonte.es\/"},{"@type":"ListItem","position":2,"name":"Aliments prohibits amb els\u00a0brackets: qu\u00e8 evitar i per qu\u00e8"}]},{"@type":"WebSite","@id":"https:\/\/www.belodonte.es\/#website","url":"https:\/\/www.belodonte.es\/","name":"Cl\u00ednica Belodonte","description":"Cl\u00ednica dental en Barcelona","publisher":{"@id":"https:\/\/www.belodonte.es\/#organization"},"potentialAction":[{"@type":"SearchAction","target":{"@type":"EntryPoint","urlTemplate":"https:\/\/www.belodonte.es\/?s={search_term_string}"},"query-input":{"@type":"PropertyValueSpecification","valueRequired":true,"valueName":"search_term_string"}}],"inLanguage":"ca"},{"@type":"Organization","@id":"https:\/\/www.belodonte.es\/#organization","name":"Cl\u00ednica Dental Belodonte","url":"https:\/\/www.belodonte.es\/","logo":{"@type":"ImageObject","inLanguage":"ca","@id":"https:\/\/www.belodonte.es\/#\/schema\/logo\/image\/","url":"https:\/\/www.belodonte.es\/wp-content\/uploads\/2021\/10\/favicon-clinica-belodonte.png","contentUrl":"https:\/\/www.belodonte.es\/wp-content\/uploads\/2021\/10\/favicon-clinica-belodonte.png","width":512,"height":512,"caption":"Cl\u00ednica Dental Belodonte"},"image":{"@id":"https:\/\/www.belodonte.es\/#\/schema\/logo\/image\/"}},{"@type":"Person","@id":"https:\/\/www.belodonte.es\/#\/schema\/person\/af746658db6c58f111ab4e18a476abcd","name":"Cl\u00ednica Belodonte","image":{"@type":"ImageObject","inLanguage":"ca","@id":"https:\/\/secure.gravatar.com\/avatar\/638e9d8d08bf2340d3d84b2996cdb448289ac0a26b32c99af87880a52287f8b8?s=96&d=mm&r=g","url":"https:\/\/secure.gravatar.com\/avatar\/638e9d8d08bf2340d3d84b2996cdb448289ac0a26b32c99af87880a52287f8b8?s=96&d=mm&r=g","contentUrl":"https:\/\/secure.gravatar.com\/avatar\/638e9d8d08bf2340d3d84b2996cdb448289ac0a26b32c99af87880a52287f8b8?s=96&d=mm&r=g","caption":"Cl\u00ednica Belodonte"},"url":"https:\/\/www.belodonte.es\/ca\/author\/wm_mgc\/"}]}},"_links":{"self":[{"href":"https:\/\/www.belodonte.es\/ca\/wp-json\/wp\/v2\/posts\/6921","targetHints":{"allow":["GET"]}}],"collection":[{"href":"https:\/\/www.belodonte.es\/ca\/wp-json\/wp\/v2\/posts"}],"about":[{"href":"https:\/\/www.belodonte.es\/ca\/wp-json\/wp\/v2\/types\/post"}],"author":[{"embeddable":true,"href":"https:\/\/www.belodonte.es\/ca\/wp-json\/wp\/v2\/users\/3"}],"replies":[{"embeddable":true,"href":"https:\/\/www.belodonte.es\/ca\/wp-json\/wp\/v2\/comments?post=6921"}],"version-history":[{"count":1,"href":"https:\/\/www.belodonte.es\/ca\/wp-json\/wp\/v2\/posts\/6921\/revisions"}],"predecessor-version":[{"id":6922,"href":"https:\/\/www.belodonte.es\/ca\/wp-json\/wp\/v2\/posts\/6921\/revisions\/6922"}],"wp:featuredmedia":[{"embeddable":true,"href":"https:\/\/www.belodonte.es\/ca\/wp-json\/wp\/v2\/media\/6920"}],"wp:attachment":[{"href":"https:\/\/www.belodonte.es\/ca\/wp-json\/wp\/v2\/media?parent=6921"}],"wp:term":[{"taxonomy":"category","embeddable":true,"href":"https:\/\/www.belodonte.es\/ca\/wp-json\/wp\/v2\/categories?post=6921"},{"taxonomy":"post_tag","embeddable":true,"href":"https:\/\/www.belodonte.es\/ca\/wp-json\/wp\/v2\/tags?post=6921"}],"curies":[{"name":"wp","href":"https:\/\/api.w.org\/{rel}","templated":true}]}}