{"id":6915,"date":"2026-02-17T06:00:00","date_gmt":"2026-02-17T06:00:00","guid":{"rendered":"https:\/\/www.belodonte.es\/?p=6915"},"modified":"2026-01-08T11:54:54","modified_gmt":"2026-01-08T11:54:54","slug":"periodontitis-alzheimer-existeix-relacio","status":"publish","type":"post","link":"https:\/\/www.belodonte.es\/ca\/periodontitis-alzheimer-existeix-relacio\/","title":{"rendered":"Periodontitis i Alzheimer: existeix relaci\u00f3?"},"content":{"rendered":"\n<p>La salut bucodental va molt m\u00e9s enll\u00e0 de la boca. En els \u00faltims anys, la ci\u00e8ncia ha posat el focus en com determinades malalties orals poden influir en la salut general, incloent-hi el sistema cardiovascular i el cervell. En aquest context, la possible relaci\u00f3 entre la<strong> periodontitis i l&#8217;Alzheimer<\/strong> ha despertat un gran inter\u00e8s tant en l&#8217;\u00e0mbit m\u00e8dic com odontol\u00f2gic, ja que totes dues patologies comparteixen mecanismes inflamatoris que podrien estar connectats.<\/p>\n\n\n\n<p>Des de <strong><a href=\"https:\/\/www.belodonte.es\/ca\/periodoncia\/\" target=\"_blank\" rel=\"noreferrer noopener\">Cl\u00ednica Belodonte, experts en period\u00f2ncia a Barcelona,<\/a><\/strong> abordem aquesta q\u00fcesti\u00f3 des d&#8217;una perspectiva rigorosa i preventiva, explicant qu\u00e8 \u00e9s la periodontitis, per qu\u00e8 es produeix i com un correcte tractament periodontal pot ser clau per a cuidar no sols el somriure, sin\u00f3 tamb\u00e9 la salut global.<\/p>\n\n\n\n<h2 class=\"wp-block-heading\">Qu\u00e8 \u00e9s la periodontitis i com afecta a la salut bucal<\/h2>\n\n\n\n<p>La periodontitis \u00e9s una malaltia inflamat\u00f2ria cr\u00f2nica que afecta els teixits que envolten i sostenen les dents, com les genives i l&#8217;os alveolar. Sol desenvolupar-se a partir d&#8217;una gingivitis no tractada, quan l&#8217;acumulaci\u00f3 de placa bacteriana i carrall provoca una resposta inflamat\u00f2ria persistent. Amb el temps, aquesta inflamaci\u00f3 pot destruir el suport dental, donant lloc a mobilitat dental i, en fases avan\u00e7ades, a la p\u00e8rdua de peces dentals.<\/p>\n\n\n\n<p>M\u00e9s enll\u00e0 del mal local, la periodontitis es considera una malaltia amb impacte sist\u00e8mic, ja que els bacteris i mediadors inflamatoris poden passar al torrent sanguini i afectar altres \u00f2rgans.<\/p>\n\n\n\n<h2 class=\"wp-block-heading\">Per qu\u00e8 es desenvolupa la periodontitis: causes i factors de risc<\/h2>\n\n\n\n<p>La causa principal de la periodontitis \u00e9s l&#8217;acumulaci\u00f3 de placa bacteriana a causa d&#8217;una higiene oral insuficient o inadequada. No obstant aix\u00f2, no totes les persones reaccionen igual davant la pres\u00e8ncia de bacteris, i existeixen factors que augmenten el risc de desenvolupar aquesta patologia. Entre ells destaquen el tabaquisme, la predisposici\u00f3 gen\u00e8tica, l&#8217;estr\u00e8s, determinades malalties sist\u00e8miques com la diabetis mal controlada i els canvis hormonals.<\/p>\n\n\n\n<p>L&#8217;envelliment tamb\u00e9 influeix, ja que amb els anys \u00e9s m\u00e9s freq\u00fcent la pres\u00e8ncia de malalties cr\u00f2niques i una resposta inflamat\u00f2ria alterada, la qual cosa pot afavorir tant la periodontitis com altres processos degeneratius.<\/p>\n\n\n\n<h2 class=\"wp-block-heading\">S\u00edmptomes, efectes i la seva possible relaci\u00f3 amb l&#8217;Alzheimer<\/h2>\n\n\n\n<p>Els s\u00edmptomes m\u00e9s habituals de la periodontitis inclouen sagnat de genives, inflamaci\u00f3, enrogiment, mal al\u00e8 persistent i retracci\u00f3 gingival. A mesura que la malaltia avan\u00e7a, pot apar\u00e8ixer sensibilitat dental, mobilitat i fins i tot p\u00e8rdua de dents.<\/p>\n\n\n\n<p>La possible relaci\u00f3 amb l&#8217;Alzheimer es basa en la inflamaci\u00f3 cr\u00f2nica. Diversos estudis suggereixen que els bacteris periodontals i les toxines que alliberen poden arribar al cervell a trav\u00e9s de la sang, contribuint a processos neuroinflamatoris. Aquesta inflamaci\u00f3 sostinguda podria afavorir l&#8217;acumulaci\u00f3 de prote\u00efnes associades a la deterioraci\u00f3 cognitiva. Encara que la recerca segueix en curs i no es pot afirmar una relaci\u00f3 causal directa, s\u00ed que existeix una creixent evid\u00e8ncia que la periodontitis podria actuar com a factor de risc modificable.<\/p>\n\n\n\n<h2 class=\"wp-block-heading\">Tractaments periodontals per a controlar la malaltia<\/h2>\n\n\n\n<p>El tractament de la periodontitis des de la period\u00f2ncia t\u00e9 com a objectiu eliminar la infecci\u00f3, controlar la inflamaci\u00f3 i preservar els teixits de suport dental. En fases inicials, es basa en una neteja profunda professional per a eliminar el carrall subgingival i els bacteris. En casos m\u00e9s avan\u00e7ats, poden ser necessaris tractaments m\u00e9s complexos per a reduir les bosses periodontals i estabilitzar la malaltia.<\/p>\n\n\n\n<p>Un seguiment peri\u00f2dic \u00e9s fonamental, ja que la periodontitis \u00e9s una patologia cr\u00f2nica que requereix manteniment a llarg termini per a evitar recaigudes.<\/p>\n\n\n\n<h2 class=\"wp-block-heading\">Prevenci\u00f3: la clau per a protegir genives i salut general<\/h2>\n\n\n\n<p>La prevenci\u00f3 de la periodontitis comen\u00e7a amb una correcta higiene oral di\u00e0ria, combinada amb revisions peri\u00f2diques en la cl\u00ednica dental. Detectar els primers signes d&#8217;inflamaci\u00f3 gingival permet actuar a temps i evitar la progressi\u00f3 de la malaltia.<\/p>\n\n\n\n<p>Adoptar h\u00e0bits saludables com deixar de fumar, mantenir una dieta equilibrada i controlar malalties sist\u00e8miques contribueix significativament a reduir el risc periodontal. Cuidar les genives no sols ajuda a conservar les dents, sin\u00f3 que pot tenir un impacte positiu en la salut general i, potencialment, en la protecci\u00f3 enfront de malalties neurodegeneratives.<\/p>\n\n\n\n<p>En Cl\u00ednica Belodonte entenem la salut bucodental com a part essencial del benestar global, apostant per la prevenci\u00f3 i el tractament personalitzat com a base d&#8217;una odontologia moderna i responsable. <strong><a href=\"https:\/\/www.belodonte.es\/ca\/contacte\/\">Contacta amb nosaltres.<\/a><\/strong><\/p>\n","protected":false},"excerpt":{"rendered":"<p>La salut bucodental va molt m\u00e9s enll\u00e0 de la boca. En els \u00faltims anys, la ci\u00e8ncia ha posat el focus en com determinades malalties orals poden influir en la salut general, incloent-hi el sistema cardiovascular i el cervell. En aquest [&hellip;]<\/p>\n","protected":false},"author":3,"featured_media":6914,"comment_status":"open","ping_status":"open","sticky":false,"template":"","format":"standard","meta":{"site-sidebar-layout":"default","site-content-layout":"","ast-site-content-layout":"default","site-content-style":"default","site-sidebar-style":"default","ast-global-header-display":"","ast-banner-title-visibility":"","ast-main-header-display":"","ast-hfb-above-header-display":"","ast-hfb-below-header-display":"","ast-hfb-mobile-header-display":"","site-post-title":"","ast-breadcrumbs-content":"","ast-featured-img":"","footer-sml-layout":"","ast-disable-related-posts":"","theme-transparent-header-meta":"","adv-header-id-meta":"","stick-header-meta":"","header-above-stick-meta":"","header-main-stick-meta":"","header-below-stick-meta":"","astra-migrate-meta-layouts":"set","ast-page-background-enabled":"default","ast-page-background-meta":{"desktop":{"background-color":"","background-image":"","background-repeat":"repeat","background-position":"center center","background-size":"auto","background-attachment":"scroll","background-type":"","background-media":"","overlay-type":"","overlay-color":"","overlay-opacity":"","overlay-gradient":""},"tablet":{"background-color":"","background-image":"","background-repeat":"repeat","background-position":"center center","background-size":"auto","background-attachment":"scroll","background-type":"","background-media":"","overlay-type":"","overlay-color":"","overlay-opacity":"","overlay-gradient":""},"mobile":{"background-color":"","background-image":"","background-repeat":"repeat","background-position":"center center","background-size":"auto","background-attachment":"scroll","background-type":"","background-media":"","overlay-type":"","overlay-color":"","overlay-opacity":"","overlay-gradient":""}},"ast-content-background-meta":{"desktop":{"background-color":"var(--ast-global-color-5)","background-image":"","background-repeat":"repeat","background-position":"center center","background-size":"auto","background-attachment":"scroll","background-type":"","background-media":"","overlay-type":"","overlay-color":"","overlay-opacity":"","overlay-gradient":""},"tablet":{"background-color":"var(--ast-global-color-5)","background-image":"","background-repeat":"repeat","background-position":"center center","background-size":"auto","background-attachment":"scroll","background-type":"","background-media":"","overlay-type":"","overlay-color":"","overlay-opacity":"","overlay-gradient":""},"mobile":{"background-color":"var(--ast-global-color-5)","background-image":"","background-repeat":"repeat","background-position":"center center","background-size":"auto","background-attachment":"scroll","background-type":"","background-media":"","overlay-type":"","overlay-color":"","overlay-opacity":"","overlay-gradient":""}},"footnotes":""},"categories":[34],"tags":[],"class_list":["post-6915","post","type-post","status-publish","format-standard","has-post-thumbnail","hentry","category-periodoncia-2"],"yoast_head":"<!-- This site is optimized with the Yoast SEO plugin v27.5 - https:\/\/yoast.com\/product\/yoast-seo-wordpress\/ -->\n<title>Periodontitis i Alzheimer: existeix relaci\u00f3?<\/title>\n<meta name=\"description\" content=\"La possible relaci\u00f3 entre la periodontitis i l&#039;Alzheimer ha despertat un gran inter\u00e8s tant en l&#039;\u00e0mbit m\u00e8dic com odontol\u00f2gic.\" \/>\n<meta name=\"robots\" content=\"index, follow, max-snippet:-1, max-image-preview:large, max-video-preview:-1\" \/>\n<link rel=\"canonical\" href=\"https:\/\/www.belodonte.es\/periodontitis-alzheimer-existe-relacion\/\" \/>\n<meta property=\"og:locale\" content=\"ca_ES\" \/>\n<meta property=\"og:type\" content=\"article\" \/>\n<meta property=\"og:title\" content=\"Periodontitis i Alzheimer: existeix relaci\u00f3?\" \/>\n<meta property=\"og:description\" content=\"La possible relaci\u00f3 entre la periodontitis i l&#039;Alzheimer ha despertat un gran inter\u00e8s tant en l&#039;\u00e0mbit m\u00e8dic com odontol\u00f2gic.\" \/>\n<meta property=\"og:url\" content=\"https:\/\/www.belodonte.es\/periodontitis-alzheimer-existe-relacion\/\" \/>\n<meta property=\"og:site_name\" content=\"Cl\u00ednica Belodonte\" \/>\n<meta property=\"article:published_time\" content=\"2026-02-17T06:00:00+00:00\" \/>\n<meta property=\"og:image\" content=\"https:\/\/www.belodonte.es\/wp-content\/uploads\/2026\/01\/periodontitis-y-alzheimer.jpeg\" \/>\n\t<meta property=\"og:image:width\" content=\"1000\" \/>\n\t<meta property=\"og:image:height\" content=\"563\" \/>\n\t<meta property=\"og:image:type\" content=\"image\/jpeg\" \/>\n<meta name=\"author\" content=\"Cl\u00ednica Belodonte\" \/>\n<meta name=\"twitter:card\" content=\"summary_large_image\" \/>\n<meta name=\"twitter:label1\" content=\"Written by\" \/>\n\t<meta name=\"twitter:data1\" content=\"Cl\u00ednica Belodonte\" \/>\n\t<meta name=\"twitter:label2\" content=\"Est. reading time\" \/>\n\t<meta name=\"twitter:data2\" content=\"4 minutes\" \/>\n<script type=\"application\/ld+json\" class=\"yoast-schema-graph\">{\"@context\":\"https:\\\/\\\/schema.org\",\"@graph\":[{\"@type\":\"Article\",\"@id\":\"https:\\\/\\\/www.belodonte.es\\\/periodontitis-alzheimer-existe-relacion\\\/#article\",\"isPartOf\":{\"@id\":\"https:\\\/\\\/www.belodonte.es\\\/periodontitis-alzheimer-existe-relacion\\\/\"},\"author\":{\"name\":\"Cl\u00ednica Belodonte\",\"@id\":\"https:\\\/\\\/www.belodonte.es\\\/#\\\/schema\\\/person\\\/af746658db6c58f111ab4e18a476abcd\"},\"headline\":\"Periodontitis i Alzheimer: existeix relaci\u00f3?\",\"datePublished\":\"2026-02-17T06:00:00+00:00\",\"mainEntityOfPage\":{\"@id\":\"https:\\\/\\\/www.belodonte.es\\\/periodontitis-alzheimer-existe-relacion\\\/\"},\"wordCount\":746,\"commentCount\":0,\"publisher\":{\"@id\":\"https:\\\/\\\/www.belodonte.es\\\/#organization\"},\"image\":{\"@id\":\"https:\\\/\\\/www.belodonte.es\\\/periodontitis-alzheimer-existe-relacion\\\/#primaryimage\"},\"thumbnailUrl\":\"https:\\\/\\\/www.belodonte.es\\\/wp-content\\\/uploads\\\/2026\\\/01\\\/periodontitis-y-alzheimer.jpeg\",\"articleSection\":[\"Period\u00f2ncia\"],\"inLanguage\":\"ca\",\"potentialAction\":[{\"@type\":\"CommentAction\",\"name\":\"Comment\",\"target\":[\"https:\\\/\\\/www.belodonte.es\\\/periodontitis-alzheimer-existe-relacion\\\/#respond\"]}]},{\"@type\":\"WebPage\",\"@id\":\"https:\\\/\\\/www.belodonte.es\\\/periodontitis-alzheimer-existe-relacion\\\/\",\"url\":\"https:\\\/\\\/www.belodonte.es\\\/periodontitis-alzheimer-existe-relacion\\\/\",\"name\":\"Periodontitis i Alzheimer: existeix relaci\u00f3?\",\"isPartOf\":{\"@id\":\"https:\\\/\\\/www.belodonte.es\\\/#website\"},\"primaryImageOfPage\":{\"@id\":\"https:\\\/\\\/www.belodonte.es\\\/periodontitis-alzheimer-existe-relacion\\\/#primaryimage\"},\"image\":{\"@id\":\"https:\\\/\\\/www.belodonte.es\\\/periodontitis-alzheimer-existe-relacion\\\/#primaryimage\"},\"thumbnailUrl\":\"https:\\\/\\\/www.belodonte.es\\\/wp-content\\\/uploads\\\/2026\\\/01\\\/periodontitis-y-alzheimer.jpeg\",\"datePublished\":\"2026-02-17T06:00:00+00:00\",\"description\":\"La possible relaci\u00f3 entre la periodontitis i l'Alzheimer ha despertat un gran inter\u00e8s tant en l'\u00e0mbit m\u00e8dic com odontol\u00f2gic.\",\"breadcrumb\":{\"@id\":\"https:\\\/\\\/www.belodonte.es\\\/periodontitis-alzheimer-existe-relacion\\\/#breadcrumb\"},\"inLanguage\":\"ca\",\"potentialAction\":[{\"@type\":\"ReadAction\",\"target\":[\"https:\\\/\\\/www.belodonte.es\\\/periodontitis-alzheimer-existe-relacion\\\/\"]}]},{\"@type\":\"ImageObject\",\"inLanguage\":\"ca\",\"@id\":\"https:\\\/\\\/www.belodonte.es\\\/periodontitis-alzheimer-existe-relacion\\\/#primaryimage\",\"url\":\"https:\\\/\\\/www.belodonte.es\\\/wp-content\\\/uploads\\\/2026\\\/01\\\/periodontitis-y-alzheimer.jpeg\",\"contentUrl\":\"https:\\\/\\\/www.belodonte.es\\\/wp-content\\\/uploads\\\/2026\\\/01\\\/periodontitis-y-alzheimer.jpeg\",\"width\":1000,\"height\":563,\"caption\":\"periodontitis y alzheimer\"},{\"@type\":\"BreadcrumbList\",\"@id\":\"https:\\\/\\\/www.belodonte.es\\\/periodontitis-alzheimer-existe-relacion\\\/#breadcrumb\",\"itemListElement\":[{\"@type\":\"ListItem\",\"position\":1,\"name\":\"Portada\",\"item\":\"https:\\\/\\\/www.belodonte.es\\\/\"},{\"@type\":\"ListItem\",\"position\":2,\"name\":\"Periodontitis i Alzheimer: existeix relaci\u00f3?\"}]},{\"@type\":\"WebSite\",\"@id\":\"https:\\\/\\\/www.belodonte.es\\\/#website\",\"url\":\"https:\\\/\\\/www.belodonte.es\\\/\",\"name\":\"Cl\u00ednica Belodonte\",\"description\":\"Cl\u00ednica dental en Barcelona\",\"publisher\":{\"@id\":\"https:\\\/\\\/www.belodonte.es\\\/#organization\"},\"potentialAction\":[{\"@type\":\"SearchAction\",\"target\":{\"@type\":\"EntryPoint\",\"urlTemplate\":\"https:\\\/\\\/www.belodonte.es\\\/?s={search_term_string}\"},\"query-input\":{\"@type\":\"PropertyValueSpecification\",\"valueRequired\":true,\"valueName\":\"search_term_string\"}}],\"inLanguage\":\"ca\"},{\"@type\":\"Organization\",\"@id\":\"https:\\\/\\\/www.belodonte.es\\\/#organization\",\"name\":\"Cl\u00ednica Dental Belodonte\",\"url\":\"https:\\\/\\\/www.belodonte.es\\\/\",\"logo\":{\"@type\":\"ImageObject\",\"inLanguage\":\"ca\",\"@id\":\"https:\\\/\\\/www.belodonte.es\\\/#\\\/schema\\\/logo\\\/image\\\/\",\"url\":\"https:\\\/\\\/www.belodonte.es\\\/wp-content\\\/uploads\\\/2021\\\/10\\\/favicon-clinica-belodonte.png\",\"contentUrl\":\"https:\\\/\\\/www.belodonte.es\\\/wp-content\\\/uploads\\\/2021\\\/10\\\/favicon-clinica-belodonte.png\",\"width\":512,\"height\":512,\"caption\":\"Cl\u00ednica Dental Belodonte\"},\"image\":{\"@id\":\"https:\\\/\\\/www.belodonte.es\\\/#\\\/schema\\\/logo\\\/image\\\/\"}},{\"@type\":\"Person\",\"@id\":\"https:\\\/\\\/www.belodonte.es\\\/#\\\/schema\\\/person\\\/af746658db6c58f111ab4e18a476abcd\",\"name\":\"Cl\u00ednica Belodonte\",\"image\":{\"@type\":\"ImageObject\",\"inLanguage\":\"ca\",\"@id\":\"https:\\\/\\\/secure.gravatar.com\\\/avatar\\\/638e9d8d08bf2340d3d84b2996cdb448289ac0a26b32c99af87880a52287f8b8?s=96&d=mm&r=g\",\"url\":\"https:\\\/\\\/secure.gravatar.com\\\/avatar\\\/638e9d8d08bf2340d3d84b2996cdb448289ac0a26b32c99af87880a52287f8b8?s=96&d=mm&r=g\",\"contentUrl\":\"https:\\\/\\\/secure.gravatar.com\\\/avatar\\\/638e9d8d08bf2340d3d84b2996cdb448289ac0a26b32c99af87880a52287f8b8?s=96&d=mm&r=g\",\"caption\":\"Cl\u00ednica Belodonte\"},\"url\":\"https:\\\/\\\/www.belodonte.es\\\/ca\\\/author\\\/wm_mgc\\\/\"}]}<\/script>\n<!-- \/ Yoast SEO plugin. -->","yoast_head_json":{"title":"Periodontitis i Alzheimer: existeix relaci\u00f3?","description":"La possible relaci\u00f3 entre la periodontitis i l'Alzheimer ha despertat un gran inter\u00e8s tant en l'\u00e0mbit m\u00e8dic com odontol\u00f2gic.","robots":{"index":"index","follow":"follow","max-snippet":"max-snippet:-1","max-image-preview":"max-image-preview:large","max-video-preview":"max-video-preview:-1"},"canonical":"https:\/\/www.belodonte.es\/periodontitis-alzheimer-existe-relacion\/","og_locale":"ca_ES","og_type":"article","og_title":"Periodontitis i Alzheimer: existeix relaci\u00f3?","og_description":"La possible relaci\u00f3 entre la periodontitis i l'Alzheimer ha despertat un gran inter\u00e8s tant en l'\u00e0mbit m\u00e8dic com odontol\u00f2gic.","og_url":"https:\/\/www.belodonte.es\/periodontitis-alzheimer-existe-relacion\/","og_site_name":"Cl\u00ednica Belodonte","article_published_time":"2026-02-17T06:00:00+00:00","og_image":[{"width":1000,"height":563,"url":"https:\/\/www.belodonte.es\/wp-content\/uploads\/2026\/01\/periodontitis-y-alzheimer.jpeg","type":"image\/jpeg"}],"author":"Cl\u00ednica Belodonte","twitter_card":"summary_large_image","twitter_misc":{"Written by":"Cl\u00ednica Belodonte","Est. reading time":"4 minutes"},"schema":{"@context":"https:\/\/schema.org","@graph":[{"@type":"Article","@id":"https:\/\/www.belodonte.es\/periodontitis-alzheimer-existe-relacion\/#article","isPartOf":{"@id":"https:\/\/www.belodonte.es\/periodontitis-alzheimer-existe-relacion\/"},"author":{"name":"Cl\u00ednica Belodonte","@id":"https:\/\/www.belodonte.es\/#\/schema\/person\/af746658db6c58f111ab4e18a476abcd"},"headline":"Periodontitis i Alzheimer: existeix relaci\u00f3?","datePublished":"2026-02-17T06:00:00+00:00","mainEntityOfPage":{"@id":"https:\/\/www.belodonte.es\/periodontitis-alzheimer-existe-relacion\/"},"wordCount":746,"commentCount":0,"publisher":{"@id":"https:\/\/www.belodonte.es\/#organization"},"image":{"@id":"https:\/\/www.belodonte.es\/periodontitis-alzheimer-existe-relacion\/#primaryimage"},"thumbnailUrl":"https:\/\/www.belodonte.es\/wp-content\/uploads\/2026\/01\/periodontitis-y-alzheimer.jpeg","articleSection":["Period\u00f2ncia"],"inLanguage":"ca","potentialAction":[{"@type":"CommentAction","name":"Comment","target":["https:\/\/www.belodonte.es\/periodontitis-alzheimer-existe-relacion\/#respond"]}]},{"@type":"WebPage","@id":"https:\/\/www.belodonte.es\/periodontitis-alzheimer-existe-relacion\/","url":"https:\/\/www.belodonte.es\/periodontitis-alzheimer-existe-relacion\/","name":"Periodontitis i Alzheimer: existeix relaci\u00f3?","isPartOf":{"@id":"https:\/\/www.belodonte.es\/#website"},"primaryImageOfPage":{"@id":"https:\/\/www.belodonte.es\/periodontitis-alzheimer-existe-relacion\/#primaryimage"},"image":{"@id":"https:\/\/www.belodonte.es\/periodontitis-alzheimer-existe-relacion\/#primaryimage"},"thumbnailUrl":"https:\/\/www.belodonte.es\/wp-content\/uploads\/2026\/01\/periodontitis-y-alzheimer.jpeg","datePublished":"2026-02-17T06:00:00+00:00","description":"La possible relaci\u00f3 entre la periodontitis i l'Alzheimer ha despertat un gran inter\u00e8s tant en l'\u00e0mbit m\u00e8dic com odontol\u00f2gic.","breadcrumb":{"@id":"https:\/\/www.belodonte.es\/periodontitis-alzheimer-existe-relacion\/#breadcrumb"},"inLanguage":"ca","potentialAction":[{"@type":"ReadAction","target":["https:\/\/www.belodonte.es\/periodontitis-alzheimer-existe-relacion\/"]}]},{"@type":"ImageObject","inLanguage":"ca","@id":"https:\/\/www.belodonte.es\/periodontitis-alzheimer-existe-relacion\/#primaryimage","url":"https:\/\/www.belodonte.es\/wp-content\/uploads\/2026\/01\/periodontitis-y-alzheimer.jpeg","contentUrl":"https:\/\/www.belodonte.es\/wp-content\/uploads\/2026\/01\/periodontitis-y-alzheimer.jpeg","width":1000,"height":563,"caption":"periodontitis y alzheimer"},{"@type":"BreadcrumbList","@id":"https:\/\/www.belodonte.es\/periodontitis-alzheimer-existe-relacion\/#breadcrumb","itemListElement":[{"@type":"ListItem","position":1,"name":"Portada","item":"https:\/\/www.belodonte.es\/"},{"@type":"ListItem","position":2,"name":"Periodontitis i Alzheimer: existeix relaci\u00f3?"}]},{"@type":"WebSite","@id":"https:\/\/www.belodonte.es\/#website","url":"https:\/\/www.belodonte.es\/","name":"Cl\u00ednica Belodonte","description":"Cl\u00ednica dental en Barcelona","publisher":{"@id":"https:\/\/www.belodonte.es\/#organization"},"potentialAction":[{"@type":"SearchAction","target":{"@type":"EntryPoint","urlTemplate":"https:\/\/www.belodonte.es\/?s={search_term_string}"},"query-input":{"@type":"PropertyValueSpecification","valueRequired":true,"valueName":"search_term_string"}}],"inLanguage":"ca"},{"@type":"Organization","@id":"https:\/\/www.belodonte.es\/#organization","name":"Cl\u00ednica Dental Belodonte","url":"https:\/\/www.belodonte.es\/","logo":{"@type":"ImageObject","inLanguage":"ca","@id":"https:\/\/www.belodonte.es\/#\/schema\/logo\/image\/","url":"https:\/\/www.belodonte.es\/wp-content\/uploads\/2021\/10\/favicon-clinica-belodonte.png","contentUrl":"https:\/\/www.belodonte.es\/wp-content\/uploads\/2021\/10\/favicon-clinica-belodonte.png","width":512,"height":512,"caption":"Cl\u00ednica Dental Belodonte"},"image":{"@id":"https:\/\/www.belodonte.es\/#\/schema\/logo\/image\/"}},{"@type":"Person","@id":"https:\/\/www.belodonte.es\/#\/schema\/person\/af746658db6c58f111ab4e18a476abcd","name":"Cl\u00ednica Belodonte","image":{"@type":"ImageObject","inLanguage":"ca","@id":"https:\/\/secure.gravatar.com\/avatar\/638e9d8d08bf2340d3d84b2996cdb448289ac0a26b32c99af87880a52287f8b8?s=96&d=mm&r=g","url":"https:\/\/secure.gravatar.com\/avatar\/638e9d8d08bf2340d3d84b2996cdb448289ac0a26b32c99af87880a52287f8b8?s=96&d=mm&r=g","contentUrl":"https:\/\/secure.gravatar.com\/avatar\/638e9d8d08bf2340d3d84b2996cdb448289ac0a26b32c99af87880a52287f8b8?s=96&d=mm&r=g","caption":"Cl\u00ednica Belodonte"},"url":"https:\/\/www.belodonte.es\/ca\/author\/wm_mgc\/"}]}},"_links":{"self":[{"href":"https:\/\/www.belodonte.es\/ca\/wp-json\/wp\/v2\/posts\/6915","targetHints":{"allow":["GET"]}}],"collection":[{"href":"https:\/\/www.belodonte.es\/ca\/wp-json\/wp\/v2\/posts"}],"about":[{"href":"https:\/\/www.belodonte.es\/ca\/wp-json\/wp\/v2\/types\/post"}],"author":[{"embeddable":true,"href":"https:\/\/www.belodonte.es\/ca\/wp-json\/wp\/v2\/users\/3"}],"replies":[{"embeddable":true,"href":"https:\/\/www.belodonte.es\/ca\/wp-json\/wp\/v2\/comments?post=6915"}],"version-history":[{"count":1,"href":"https:\/\/www.belodonte.es\/ca\/wp-json\/wp\/v2\/posts\/6915\/revisions"}],"predecessor-version":[{"id":6916,"href":"https:\/\/www.belodonte.es\/ca\/wp-json\/wp\/v2\/posts\/6915\/revisions\/6916"}],"wp:featuredmedia":[{"embeddable":true,"href":"https:\/\/www.belodonte.es\/ca\/wp-json\/wp\/v2\/media\/6914"}],"wp:attachment":[{"href":"https:\/\/www.belodonte.es\/ca\/wp-json\/wp\/v2\/media?parent=6915"}],"wp:term":[{"taxonomy":"category","embeddable":true,"href":"https:\/\/www.belodonte.es\/ca\/wp-json\/wp\/v2\/categories?post=6915"},{"taxonomy":"post_tag","embeddable":true,"href":"https:\/\/www.belodonte.es\/ca\/wp-json\/wp\/v2\/tags?post=6915"}],"curies":[{"name":"wp","href":"https:\/\/api.w.org\/{rel}","templated":true}]}}