{"id":6788,"date":"2025-12-25T06:00:00","date_gmt":"2025-12-25T06:00:00","guid":{"rendered":"https:\/\/www.belodonte.es\/?p=6788"},"modified":"2025-11-06T11:26:53","modified_gmt":"2025-11-06T11:26:53","slug":"ortopnea-tracta-comporta","status":"publish","type":"post","link":"https:\/\/www.belodonte.es\/ca\/ortopnea-tracta-comporta\/","title":{"rendered":"Ortopnea: De qu\u00e8 es tracta i qu\u00e8 comporta?"},"content":{"rendered":"\n<p>L<strong>&#8216;ortopnea<\/strong> \u00e9s un s\u00edmptoma que pot alarmar a molts pacients, ja que es manifesta com a dificultat per a respirar quan s&#8217;est\u00e0 tombat. Sovint, obliga la persona a dormir asseguda o semiincorporada per a poder respirar amb normalitat. Aquest problema pot tenir diferents causes, i en alguns casos es relaciona amb alteracions que afecten les vies respirat\u00f2ries superiors o al sistema cardiovascular.<\/p>\n\n\n\n<p>Des de <strong>Cl\u00ednica Belodonte, <a href=\"https:\/\/www.belodonte.es\/ca\/cirurgia-oral-i-maxilofacial\/\" target=\"_blank\" rel=\"noreferrer noopener\">especialistes en cirurgia oral i maxil\u00b7lofacial a Barcelona<\/a><\/strong>, t&#8217;expliquem qu\u00e8 \u00e9s l&#8217;ortopnea, per qu\u00e8 ocorre, quines s\u00f3n les seves possibles conseq\u00fc\u00e8ncies i quins tractaments existeixen per a alleujar-la i prevenir-la.<\/p>\n\n\n\n<h2 class=\"wp-block-heading\">Qu\u00e8 \u00e9s l&#8217;ortopnea?<\/h2>\n\n\n\n<p>L&#8217;ortopnea \u00e9s la sensaci\u00f3 de falta d&#8217;aire o dificultat per a respirar en estar ficat al llit. A difer\u00e8ncia de la dispnea (dificultat respirat\u00f2ria general), l&#8217;ortopnea es presenta exclusivament en posici\u00f3 horitzontal i sol millorar en incorporar-se o en asseure&#8217;s.<\/p>\n\n\n\n<p>Es tracta d&#8217;un s\u00edmptoma, no d&#8217;una malaltia en si, per\u00f2 pot ser un indici de problemes subjacents importants. En molts casos, apareix de manera progressiva i pot acompanyar-se de tos nocturna, cansament o palpitacions.<\/p>\n\n\n\n<h2 class=\"wp-block-heading\">Causes i factors de risc<\/h2>\n\n\n\n<p>Les causes de l&#8217;ortopnea poden ser variades, encara que en la majoria dels casos estan relacionades amb trastorns del cor, els pulmons o les vies respirat\u00f2ries superiors. Entre les m\u00e9s freq\u00fcents es troben:<\/p>\n\n\n\n<ul class=\"wp-block-list\">\n<li><strong>Insufici\u00e8ncia card\u00edaca: <\/strong>\u00e9s la causa m\u00e9s habitual. Quan el cor no pot bombar sang amb efic\u00e0cia, s&#8217;acumula l\u00edquid en els pulmons, dificultant la respiraci\u00f3 en posici\u00f3 tombada.<\/li>\n\n\n\n<li><strong>Obstruccions de les vies respirat\u00f2ries: <\/strong>problemes estructurals o funcionals en la cavitat oral, la faringe o la mand\u00edbula poden reduir el pas de l&#8217;aire durant el descans.<\/li>\n\n\n\n<li><strong>Malalties pulmonars cr\u00f2niques:<\/strong> com l&#8217;asma, l&#8217;MPOC o la fibrosi pulmonar.<\/li>\n\n\n\n<li><strong>Afeccions maxil\u00b7lofacials: <\/strong>anomalies en la posici\u00f3 mandibular, la grand\u00e0ria de la llengua o el paladar poden afavorir el col\u00b7lapse de les vies a\u00e8ries durant la nit.<\/li>\n\n\n\n<li><strong>Obesitat i reflux gastroesof\u00e0gic:<\/strong> augmenten la pressi\u00f3 tor\u00e0cica i dificulten la respiraci\u00f3.<\/li>\n<\/ul>\n\n\n\n<p>Els factors de risc m\u00e9s comuns inclouen l&#8217;edat avan\u00e7ada, el tabaquisme, el sedentarisme i unes certes alteracions anat\u00f2miques del maxil\u00b7lar o la mand\u00edbula.<\/p>\n\n\n\n<h2 class=\"wp-block-heading\">Efectes en la salut i la qualitat de vida<\/h2>\n\n\n\n<p>L&#8217;ortopnea pot tenir conseq\u00fc\u00e8ncies importants si no es diagnostica i tracta a temps. Entre elles destaquen:<\/p>\n\n\n\n<ul class=\"wp-block-list\">\n<li>Fatiga cr\u00f2nica i falta de descans a causa de la interrupci\u00f3 del somni.<\/li>\n\n\n\n<li>Ansietat o sensaci\u00f3 d&#8217;ofec nocturn, que afecta el benestar emocional.<\/li>\n\n\n\n<li>Risc cardiovascular elevat, ja que moltes vegades est\u00e0 relacionada amb insufici\u00e8ncia card\u00edaca o hipertensi\u00f3 pulmonar.<\/li>\n\n\n\n<li>Problemes respiratoris progressius, si existeix una causa obstructiva no tractada.<\/li>\n<\/ul>\n\n\n\n<p>A m\u00e9s, la falta d&#8217;oxigenaci\u00f3 adequada durant el descans pot afectar la concentraci\u00f3, l&#8217;estat d&#8217;\u00e0nim i la salut general.<\/p>\n\n\n\n<h2 class=\"wp-block-heading\">Tractament des de la cirurgia oral i maxil\u00b7lofacial<\/h2>\n\n\n\n<p>En Cl\u00ednica Belodonte, analitzem cada cas de manera individual per a identificar si l&#8217;ortopnea t\u00e9 un origen estructural o anat\u00f2mic en la cavitat oral, la mand\u00edbula o les vies respirat\u00f2ries superiors.<\/p>\n\n\n\n<p>El tractament dependr\u00e0 de la causa subjacent, per\u00f2 pot incloure:<\/p>\n\n\n\n<ul class=\"wp-block-list\">\n<li>Cirurgia ortogn\u00e0tica o mandibular, per a corregir posicions \u00f2ssies que redueixin el pas de l&#8217;aire.<\/li>\n\n\n\n<li>Tractaments de la via a\u00e8ria superior, en casos de col\u00b7lapse o estrenyiment.<\/li>\n\n\n\n<li>Correcci\u00f3 del paladar o base lingual, mitjan\u00e7ant t\u00e8cniques m\u00ednimament invasives.<\/li>\n\n\n\n<li>Col\u00b7laboraci\u00f3 multidisciplin\u00e0ria amb especialistes en cardiologia, pneumologia o medicina del somni, si es detecten altres causes.<\/li>\n<\/ul>\n\n\n\n<p>L&#8217;objectiu \u00e9s millorar la funcionalitat respirat\u00f2ria i evitar que el pacient hagi de dormir incorporat o amb dificultat per a respirar.<\/p>\n\n\n\n<h2 class=\"wp-block-heading\">Prevenci\u00f3 i h\u00e0bits saludables<\/h2>\n\n\n\n<p>La prevenci\u00f3 de l&#8217;ortopnea implica mantenir un estil de vida saludable i realitzar revisions m\u00e8diques peri\u00f2diques, especialment si existeixen antecedents card\u00edacs o respiratoris. Algunes recomanacions s\u00f3n:<\/p>\n\n\n\n<ul class=\"wp-block-list\">\n<li>Mantenir un pes corporal adequat.<\/li>\n\n\n\n<li>Evitar el tabac i l&#8217;alcohol, que irriten les vies respirat\u00f2ries.<\/li>\n\n\n\n<li>No sopar just abans de ficar-se al llit i dormir amb una lleugera inclinaci\u00f3 del tronc.<\/li>\n\n\n\n<li>Consultar a l&#8217;especialista si apareixen roncs intensos, pauses respirat\u00f2ries o sensaci\u00f3 d&#8217;ofec nocturn.<\/li>\n<\/ul>\n\n\n\n<p>En Cl\u00ednica Belodonte, experts en cirurgia oral i maxil\u00b7lofacial, valorem les causes anat\u00f2miques i funcionals que poden estar darrere de l&#8217;ortopnea per a oferir un tractament personalitzat i efectiu. Si notes dificultat per a respirar en tombar-te, no ho ignoris: un diagn\u00f2stic primerenc pot millorar el teu descans i la teva salut general. <strong><a href=\"https:\/\/www.belodonte.es\/ca\/contacte\/\" target=\"_blank\" rel=\"noreferrer noopener\">Contacta amb nosaltres.<\/a><\/strong><\/p>\n","protected":false},"excerpt":{"rendered":"<p>L&#8216;ortopnea \u00e9s un s\u00edmptoma que pot alarmar a molts pacients, ja que es manifesta com a dificultat per a respirar quan s&#8217;est\u00e0 tombat. Sovint, obliga la persona a dormir asseguda o semiincorporada per a poder respirar amb normalitat. Aquest problema [&hellip;]<\/p>\n","protected":false},"author":3,"featured_media":6787,"comment_status":"open","ping_status":"open","sticky":false,"template":"","format":"standard","meta":{"site-sidebar-layout":"default","site-content-layout":"","ast-site-content-layout":"default","site-content-style":"default","site-sidebar-style":"default","ast-global-header-display":"","ast-banner-title-visibility":"","ast-main-header-display":"","ast-hfb-above-header-display":"","ast-hfb-below-header-display":"","ast-hfb-mobile-header-display":"","site-post-title":"","ast-breadcrumbs-content":"","ast-featured-img":"","footer-sml-layout":"","ast-disable-related-posts":"","theme-transparent-header-meta":"","adv-header-id-meta":"","stick-header-meta":"","header-above-stick-meta":"","header-main-stick-meta":"","header-below-stick-meta":"","astra-migrate-meta-layouts":"set","ast-page-background-enabled":"default","ast-page-background-meta":{"desktop":{"background-color":"","background-image":"","background-repeat":"repeat","background-position":"center center","background-size":"auto","background-attachment":"scroll","background-type":"","background-media":"","overlay-type":"","overlay-color":"","overlay-opacity":"","overlay-gradient":""},"tablet":{"background-color":"","background-image":"","background-repeat":"repeat","background-position":"center center","background-size":"auto","background-attachment":"scroll","background-type":"","background-media":"","overlay-type":"","overlay-color":"","overlay-opacity":"","overlay-gradient":""},"mobile":{"background-color":"","background-image":"","background-repeat":"repeat","background-position":"center center","background-size":"auto","background-attachment":"scroll","background-type":"","background-media":"","overlay-type":"","overlay-color":"","overlay-opacity":"","overlay-gradient":""}},"ast-content-background-meta":{"desktop":{"background-color":"var(--ast-global-color-5)","background-image":"","background-repeat":"repeat","background-position":"center center","background-size":"auto","background-attachment":"scroll","background-type":"","background-media":"","overlay-type":"","overlay-color":"","overlay-opacity":"","overlay-gradient":""},"tablet":{"background-color":"var(--ast-global-color-5)","background-image":"","background-repeat":"repeat","background-position":"center center","background-size":"auto","background-attachment":"scroll","background-type":"","background-media":"","overlay-type":"","overlay-color":"","overlay-opacity":"","overlay-gradient":""},"mobile":{"background-color":"var(--ast-global-color-5)","background-image":"","background-repeat":"repeat","background-position":"center center","background-size":"auto","background-attachment":"scroll","background-type":"","background-media":"","overlay-type":"","overlay-color":"","overlay-opacity":"","overlay-gradient":""}},"footnotes":""},"categories":[32],"tags":[],"class_list":["post-6788","post","type-post","status-publish","format-standard","has-post-thumbnail","hentry","category-cirugia-oral"],"yoast_head":"<!-- This site is optimized with the Yoast SEO plugin v27.5 - https:\/\/yoast.com\/product\/yoast-seo-wordpress\/ -->\n<title>Ortopnea: De qu\u00e8 es tracta i qu\u00e8 comporta?<\/title>\n<meta name=\"description\" content=\"L&#039;ortopnea \u00e9s un s\u00edmptoma que pot alarmar a molts pacients, ja que es manifesta com a dificultat per a respirar quan s&#039;est\u00e0 tombat.\" \/>\n<meta name=\"robots\" content=\"index, follow, max-snippet:-1, max-image-preview:large, max-video-preview:-1\" \/>\n<link rel=\"canonical\" href=\"https:\/\/www.belodonte.es\/ortopnea-de-que-se-trata-que-conlleva\/\" \/>\n<meta property=\"og:locale\" content=\"ca_ES\" \/>\n<meta property=\"og:type\" content=\"article\" \/>\n<meta property=\"og:title\" content=\"Ortopnea: De qu\u00e8 es tracta i qu\u00e8 comporta?\" \/>\n<meta property=\"og:description\" content=\"L&#039;ortopnea \u00e9s un s\u00edmptoma que pot alarmar a molts pacients, ja que es manifesta com a dificultat per a respirar quan s&#039;est\u00e0 tombat.\" \/>\n<meta property=\"og:url\" content=\"https:\/\/www.belodonte.es\/ortopnea-de-que-se-trata-que-conlleva\/\" \/>\n<meta property=\"og:site_name\" content=\"Cl\u00ednica Belodonte\" \/>\n<meta property=\"article:published_time\" content=\"2025-12-25T06:00:00+00:00\" \/>\n<meta property=\"og:image\" content=\"https:\/\/www.belodonte.es\/wp-content\/uploads\/2025\/11\/ortopnea.jpeg\" \/>\n\t<meta property=\"og:image:width\" content=\"2001\" \/>\n\t<meta property=\"og:image:height\" content=\"1126\" \/>\n\t<meta property=\"og:image:type\" content=\"image\/jpeg\" \/>\n<meta name=\"author\" content=\"Cl\u00ednica Belodonte\" \/>\n<meta name=\"twitter:card\" content=\"summary_large_image\" \/>\n<meta name=\"twitter:label1\" content=\"Written by\" \/>\n\t<meta name=\"twitter:data1\" content=\"Cl\u00ednica Belodonte\" \/>\n\t<meta name=\"twitter:label2\" content=\"Est. reading time\" \/>\n\t<meta name=\"twitter:data2\" content=\"4 minutes\" \/>\n<script type=\"application\/ld+json\" class=\"yoast-schema-graph\">{\"@context\":\"https:\\\/\\\/schema.org\",\"@graph\":[{\"@type\":\"Article\",\"@id\":\"https:\\\/\\\/www.belodonte.es\\\/ortopnea-de-que-se-trata-que-conlleva\\\/#article\",\"isPartOf\":{\"@id\":\"https:\\\/\\\/www.belodonte.es\\\/ortopnea-de-que-se-trata-que-conlleva\\\/\"},\"author\":{\"name\":\"Cl\u00ednica Belodonte\",\"@id\":\"https:\\\/\\\/www.belodonte.es\\\/#\\\/schema\\\/person\\\/af746658db6c58f111ab4e18a476abcd\"},\"headline\":\"Ortopnea: De qu\u00e8 es tracta i qu\u00e8 comporta?\",\"datePublished\":\"2025-12-25T06:00:00+00:00\",\"mainEntityOfPage\":{\"@id\":\"https:\\\/\\\/www.belodonte.es\\\/ortopnea-de-que-se-trata-que-conlleva\\\/\"},\"wordCount\":751,\"commentCount\":0,\"publisher\":{\"@id\":\"https:\\\/\\\/www.belodonte.es\\\/#organization\"},\"image\":{\"@id\":\"https:\\\/\\\/www.belodonte.es\\\/ortopnea-de-que-se-trata-que-conlleva\\\/#primaryimage\"},\"thumbnailUrl\":\"https:\\\/\\\/www.belodonte.es\\\/wp-content\\\/uploads\\\/2025\\\/11\\\/ortopnea.jpeg\",\"articleSection\":[\"Cirugia Oral\"],\"inLanguage\":\"ca\",\"potentialAction\":[{\"@type\":\"CommentAction\",\"name\":\"Comment\",\"target\":[\"https:\\\/\\\/www.belodonte.es\\\/ortopnea-de-que-se-trata-que-conlleva\\\/#respond\"]}]},{\"@type\":\"WebPage\",\"@id\":\"https:\\\/\\\/www.belodonte.es\\\/ortopnea-de-que-se-trata-que-conlleva\\\/\",\"url\":\"https:\\\/\\\/www.belodonte.es\\\/ortopnea-de-que-se-trata-que-conlleva\\\/\",\"name\":\"Ortopnea: De qu\u00e8 es tracta i qu\u00e8 comporta?\",\"isPartOf\":{\"@id\":\"https:\\\/\\\/www.belodonte.es\\\/#website\"},\"primaryImageOfPage\":{\"@id\":\"https:\\\/\\\/www.belodonte.es\\\/ortopnea-de-que-se-trata-que-conlleva\\\/#primaryimage\"},\"image\":{\"@id\":\"https:\\\/\\\/www.belodonte.es\\\/ortopnea-de-que-se-trata-que-conlleva\\\/#primaryimage\"},\"thumbnailUrl\":\"https:\\\/\\\/www.belodonte.es\\\/wp-content\\\/uploads\\\/2025\\\/11\\\/ortopnea.jpeg\",\"datePublished\":\"2025-12-25T06:00:00+00:00\",\"description\":\"L'ortopnea \u00e9s un s\u00edmptoma que pot alarmar a molts pacients, ja que es manifesta com a dificultat per a respirar quan s'est\u00e0 tombat.\",\"breadcrumb\":{\"@id\":\"https:\\\/\\\/www.belodonte.es\\\/ortopnea-de-que-se-trata-que-conlleva\\\/#breadcrumb\"},\"inLanguage\":\"ca\",\"potentialAction\":[{\"@type\":\"ReadAction\",\"target\":[\"https:\\\/\\\/www.belodonte.es\\\/ortopnea-de-que-se-trata-que-conlleva\\\/\"]}]},{\"@type\":\"ImageObject\",\"inLanguage\":\"ca\",\"@id\":\"https:\\\/\\\/www.belodonte.es\\\/ortopnea-de-que-se-trata-que-conlleva\\\/#primaryimage\",\"url\":\"https:\\\/\\\/www.belodonte.es\\\/wp-content\\\/uploads\\\/2025\\\/11\\\/ortopnea.jpeg\",\"contentUrl\":\"https:\\\/\\\/www.belodonte.es\\\/wp-content\\\/uploads\\\/2025\\\/11\\\/ortopnea.jpeg\",\"width\":2001,\"height\":1126,\"caption\":\"ortopnea\"},{\"@type\":\"BreadcrumbList\",\"@id\":\"https:\\\/\\\/www.belodonte.es\\\/ortopnea-de-que-se-trata-que-conlleva\\\/#breadcrumb\",\"itemListElement\":[{\"@type\":\"ListItem\",\"position\":1,\"name\":\"Portada\",\"item\":\"https:\\\/\\\/www.belodonte.es\\\/\"},{\"@type\":\"ListItem\",\"position\":2,\"name\":\"Ortopnea: De qu\u00e8 es tracta i qu\u00e8 comporta?\"}]},{\"@type\":\"WebSite\",\"@id\":\"https:\\\/\\\/www.belodonte.es\\\/#website\",\"url\":\"https:\\\/\\\/www.belodonte.es\\\/\",\"name\":\"Cl\u00ednica Belodonte\",\"description\":\"Cl\u00ednica dental en Barcelona\",\"publisher\":{\"@id\":\"https:\\\/\\\/www.belodonte.es\\\/#organization\"},\"potentialAction\":[{\"@type\":\"SearchAction\",\"target\":{\"@type\":\"EntryPoint\",\"urlTemplate\":\"https:\\\/\\\/www.belodonte.es\\\/?s={search_term_string}\"},\"query-input\":{\"@type\":\"PropertyValueSpecification\",\"valueRequired\":true,\"valueName\":\"search_term_string\"}}],\"inLanguage\":\"ca\"},{\"@type\":\"Organization\",\"@id\":\"https:\\\/\\\/www.belodonte.es\\\/#organization\",\"name\":\"Cl\u00ednica Dental Belodonte\",\"url\":\"https:\\\/\\\/www.belodonte.es\\\/\",\"logo\":{\"@type\":\"ImageObject\",\"inLanguage\":\"ca\",\"@id\":\"https:\\\/\\\/www.belodonte.es\\\/#\\\/schema\\\/logo\\\/image\\\/\",\"url\":\"https:\\\/\\\/www.belodonte.es\\\/wp-content\\\/uploads\\\/2021\\\/10\\\/favicon-clinica-belodonte.png\",\"contentUrl\":\"https:\\\/\\\/www.belodonte.es\\\/wp-content\\\/uploads\\\/2021\\\/10\\\/favicon-clinica-belodonte.png\",\"width\":512,\"height\":512,\"caption\":\"Cl\u00ednica Dental Belodonte\"},\"image\":{\"@id\":\"https:\\\/\\\/www.belodonte.es\\\/#\\\/schema\\\/logo\\\/image\\\/\"}},{\"@type\":\"Person\",\"@id\":\"https:\\\/\\\/www.belodonte.es\\\/#\\\/schema\\\/person\\\/af746658db6c58f111ab4e18a476abcd\",\"name\":\"Cl\u00ednica Belodonte\",\"image\":{\"@type\":\"ImageObject\",\"inLanguage\":\"ca\",\"@id\":\"https:\\\/\\\/secure.gravatar.com\\\/avatar\\\/638e9d8d08bf2340d3d84b2996cdb448289ac0a26b32c99af87880a52287f8b8?s=96&d=mm&r=g\",\"url\":\"https:\\\/\\\/secure.gravatar.com\\\/avatar\\\/638e9d8d08bf2340d3d84b2996cdb448289ac0a26b32c99af87880a52287f8b8?s=96&d=mm&r=g\",\"contentUrl\":\"https:\\\/\\\/secure.gravatar.com\\\/avatar\\\/638e9d8d08bf2340d3d84b2996cdb448289ac0a26b32c99af87880a52287f8b8?s=96&d=mm&r=g\",\"caption\":\"Cl\u00ednica Belodonte\"},\"url\":\"https:\\\/\\\/www.belodonte.es\\\/ca\\\/author\\\/wm_mgc\\\/\"}]}<\/script>\n<!-- \/ Yoast SEO plugin. -->","yoast_head_json":{"title":"Ortopnea: De qu\u00e8 es tracta i qu\u00e8 comporta?","description":"L'ortopnea \u00e9s un s\u00edmptoma que pot alarmar a molts pacients, ja que es manifesta com a dificultat per a respirar quan s'est\u00e0 tombat.","robots":{"index":"index","follow":"follow","max-snippet":"max-snippet:-1","max-image-preview":"max-image-preview:large","max-video-preview":"max-video-preview:-1"},"canonical":"https:\/\/www.belodonte.es\/ortopnea-de-que-se-trata-que-conlleva\/","og_locale":"ca_ES","og_type":"article","og_title":"Ortopnea: De qu\u00e8 es tracta i qu\u00e8 comporta?","og_description":"L'ortopnea \u00e9s un s\u00edmptoma que pot alarmar a molts pacients, ja que es manifesta com a dificultat per a respirar quan s'est\u00e0 tombat.","og_url":"https:\/\/www.belodonte.es\/ortopnea-de-que-se-trata-que-conlleva\/","og_site_name":"Cl\u00ednica Belodonte","article_published_time":"2025-12-25T06:00:00+00:00","og_image":[{"width":2001,"height":1126,"url":"https:\/\/www.belodonte.es\/wp-content\/uploads\/2025\/11\/ortopnea.jpeg","type":"image\/jpeg"}],"author":"Cl\u00ednica Belodonte","twitter_card":"summary_large_image","twitter_misc":{"Written by":"Cl\u00ednica Belodonte","Est. reading time":"4 minutes"},"schema":{"@context":"https:\/\/schema.org","@graph":[{"@type":"Article","@id":"https:\/\/www.belodonte.es\/ortopnea-de-que-se-trata-que-conlleva\/#article","isPartOf":{"@id":"https:\/\/www.belodonte.es\/ortopnea-de-que-se-trata-que-conlleva\/"},"author":{"name":"Cl\u00ednica Belodonte","@id":"https:\/\/www.belodonte.es\/#\/schema\/person\/af746658db6c58f111ab4e18a476abcd"},"headline":"Ortopnea: De qu\u00e8 es tracta i qu\u00e8 comporta?","datePublished":"2025-12-25T06:00:00+00:00","mainEntityOfPage":{"@id":"https:\/\/www.belodonte.es\/ortopnea-de-que-se-trata-que-conlleva\/"},"wordCount":751,"commentCount":0,"publisher":{"@id":"https:\/\/www.belodonte.es\/#organization"},"image":{"@id":"https:\/\/www.belodonte.es\/ortopnea-de-que-se-trata-que-conlleva\/#primaryimage"},"thumbnailUrl":"https:\/\/www.belodonte.es\/wp-content\/uploads\/2025\/11\/ortopnea.jpeg","articleSection":["Cirugia Oral"],"inLanguage":"ca","potentialAction":[{"@type":"CommentAction","name":"Comment","target":["https:\/\/www.belodonte.es\/ortopnea-de-que-se-trata-que-conlleva\/#respond"]}]},{"@type":"WebPage","@id":"https:\/\/www.belodonte.es\/ortopnea-de-que-se-trata-que-conlleva\/","url":"https:\/\/www.belodonte.es\/ortopnea-de-que-se-trata-que-conlleva\/","name":"Ortopnea: De qu\u00e8 es tracta i qu\u00e8 comporta?","isPartOf":{"@id":"https:\/\/www.belodonte.es\/#website"},"primaryImageOfPage":{"@id":"https:\/\/www.belodonte.es\/ortopnea-de-que-se-trata-que-conlleva\/#primaryimage"},"image":{"@id":"https:\/\/www.belodonte.es\/ortopnea-de-que-se-trata-que-conlleva\/#primaryimage"},"thumbnailUrl":"https:\/\/www.belodonte.es\/wp-content\/uploads\/2025\/11\/ortopnea.jpeg","datePublished":"2025-12-25T06:00:00+00:00","description":"L'ortopnea \u00e9s un s\u00edmptoma que pot alarmar a molts pacients, ja que es manifesta com a dificultat per a respirar quan s'est\u00e0 tombat.","breadcrumb":{"@id":"https:\/\/www.belodonte.es\/ortopnea-de-que-se-trata-que-conlleva\/#breadcrumb"},"inLanguage":"ca","potentialAction":[{"@type":"ReadAction","target":["https:\/\/www.belodonte.es\/ortopnea-de-que-se-trata-que-conlleva\/"]}]},{"@type":"ImageObject","inLanguage":"ca","@id":"https:\/\/www.belodonte.es\/ortopnea-de-que-se-trata-que-conlleva\/#primaryimage","url":"https:\/\/www.belodonte.es\/wp-content\/uploads\/2025\/11\/ortopnea.jpeg","contentUrl":"https:\/\/www.belodonte.es\/wp-content\/uploads\/2025\/11\/ortopnea.jpeg","width":2001,"height":1126,"caption":"ortopnea"},{"@type":"BreadcrumbList","@id":"https:\/\/www.belodonte.es\/ortopnea-de-que-se-trata-que-conlleva\/#breadcrumb","itemListElement":[{"@type":"ListItem","position":1,"name":"Portada","item":"https:\/\/www.belodonte.es\/"},{"@type":"ListItem","position":2,"name":"Ortopnea: De qu\u00e8 es tracta i qu\u00e8 comporta?"}]},{"@type":"WebSite","@id":"https:\/\/www.belodonte.es\/#website","url":"https:\/\/www.belodonte.es\/","name":"Cl\u00ednica Belodonte","description":"Cl\u00ednica dental en Barcelona","publisher":{"@id":"https:\/\/www.belodonte.es\/#organization"},"potentialAction":[{"@type":"SearchAction","target":{"@type":"EntryPoint","urlTemplate":"https:\/\/www.belodonte.es\/?s={search_term_string}"},"query-input":{"@type":"PropertyValueSpecification","valueRequired":true,"valueName":"search_term_string"}}],"inLanguage":"ca"},{"@type":"Organization","@id":"https:\/\/www.belodonte.es\/#organization","name":"Cl\u00ednica Dental Belodonte","url":"https:\/\/www.belodonte.es\/","logo":{"@type":"ImageObject","inLanguage":"ca","@id":"https:\/\/www.belodonte.es\/#\/schema\/logo\/image\/","url":"https:\/\/www.belodonte.es\/wp-content\/uploads\/2021\/10\/favicon-clinica-belodonte.png","contentUrl":"https:\/\/www.belodonte.es\/wp-content\/uploads\/2021\/10\/favicon-clinica-belodonte.png","width":512,"height":512,"caption":"Cl\u00ednica Dental Belodonte"},"image":{"@id":"https:\/\/www.belodonte.es\/#\/schema\/logo\/image\/"}},{"@type":"Person","@id":"https:\/\/www.belodonte.es\/#\/schema\/person\/af746658db6c58f111ab4e18a476abcd","name":"Cl\u00ednica Belodonte","image":{"@type":"ImageObject","inLanguage":"ca","@id":"https:\/\/secure.gravatar.com\/avatar\/638e9d8d08bf2340d3d84b2996cdb448289ac0a26b32c99af87880a52287f8b8?s=96&d=mm&r=g","url":"https:\/\/secure.gravatar.com\/avatar\/638e9d8d08bf2340d3d84b2996cdb448289ac0a26b32c99af87880a52287f8b8?s=96&d=mm&r=g","contentUrl":"https:\/\/secure.gravatar.com\/avatar\/638e9d8d08bf2340d3d84b2996cdb448289ac0a26b32c99af87880a52287f8b8?s=96&d=mm&r=g","caption":"Cl\u00ednica Belodonte"},"url":"https:\/\/www.belodonte.es\/ca\/author\/wm_mgc\/"}]}},"_links":{"self":[{"href":"https:\/\/www.belodonte.es\/ca\/wp-json\/wp\/v2\/posts\/6788","targetHints":{"allow":["GET"]}}],"collection":[{"href":"https:\/\/www.belodonte.es\/ca\/wp-json\/wp\/v2\/posts"}],"about":[{"href":"https:\/\/www.belodonte.es\/ca\/wp-json\/wp\/v2\/types\/post"}],"author":[{"embeddable":true,"href":"https:\/\/www.belodonte.es\/ca\/wp-json\/wp\/v2\/users\/3"}],"replies":[{"embeddable":true,"href":"https:\/\/www.belodonte.es\/ca\/wp-json\/wp\/v2\/comments?post=6788"}],"version-history":[{"count":2,"href":"https:\/\/www.belodonte.es\/ca\/wp-json\/wp\/v2\/posts\/6788\/revisions"}],"predecessor-version":[{"id":6790,"href":"https:\/\/www.belodonte.es\/ca\/wp-json\/wp\/v2\/posts\/6788\/revisions\/6790"}],"wp:featuredmedia":[{"embeddable":true,"href":"https:\/\/www.belodonte.es\/ca\/wp-json\/wp\/v2\/media\/6787"}],"wp:attachment":[{"href":"https:\/\/www.belodonte.es\/ca\/wp-json\/wp\/v2\/media?parent=6788"}],"wp:term":[{"taxonomy":"category","embeddable":true,"href":"https:\/\/www.belodonte.es\/ca\/wp-json\/wp\/v2\/categories?post=6788"},{"taxonomy":"post_tag","embeddable":true,"href":"https:\/\/www.belodonte.es\/ca\/wp-json\/wp\/v2\/tags?post=6788"}],"curies":[{"name":"wp","href":"https:\/\/api.w.org\/{rel}","templated":true}]}}