{"id":6778,"date":"2025-12-18T06:00:00","date_gmt":"2025-12-18T06:00:00","guid":{"rendered":"https:\/\/www.belodonte.es\/?p=6778"},"modified":"2025-11-06T10:41:43","modified_gmt":"2025-11-06T10:41:43","slug":"parotiditis-causes-simptomes-tractament-prevencio","status":"publish","type":"post","link":"https:\/\/www.belodonte.es\/ca\/parotiditis-causes-simptomes-tractament-prevencio\/","title":{"rendered":"Parotiditis: causes, s\u00edmptomes, tractament i prevenci\u00f3"},"content":{"rendered":"\n<p>La <strong>parotiditis<\/strong> \u00e9s una inflamaci\u00f3 de les gl\u00e0ndules par\u00f2tides, les m\u00e9s grans de les gl\u00e0ndules salivals, situades a banda i banda del rostre, just davant de les orelles. Encara que sol associar-se popularment amb les galteres, la parotiditis pot tenir altres causes d&#8217;origen infecci\u00f3s, inflamatori o fins i tot obstructiu. Recon\u00e8ixer els seus s\u00edmptomes a temps i acudir a un especialista en cirurgia oral i maxil\u00b7lofacial \u00e9s fonamental per a evitar complicacions i garantir una recuperaci\u00f3 adequada.<\/p>\n\n\n\n<p>Des de <strong>Cl\u00ednica Belodonte,<a href=\"https:\/\/www.belodonte.es\/ca\/cirurgia-oral-i-maxilofacial\/\" target=\"_blank\" rel=\"noreferrer noopener\"> experts en cirurgia oral i maxil\u00b7lofacial a Barcelona<\/a><\/strong>, t&#8217;expliquem qu\u00e8 \u00e9s la parotiditis, quines s\u00f3n les seves causes m\u00e9s freq\u00fcents, com es tracta i quines mesures ajuden a prevenir-la.<\/p>\n\n\n\n<h2 class=\"wp-block-heading\">Qu\u00e8 \u00e9s la parotiditis?<\/h2>\n\n\n\n<p>La parotiditis \u00e9s la inflamaci\u00f3 d&#8217;una o totes dues gl\u00e0ndules par\u00f2tides, encarregades de produir saliva per a facilitar la masticaci\u00f3 i la digesti\u00f3. Aquesta inflamaci\u00f3 pot deure&#8217;s a una infecci\u00f3 viral, bacteriana o a una obstrucci\u00f3 del conducte salival (per exemple, per un c\u00e0lcul).<\/p>\n\n\n\n<p>Existeixen dos tipus principals:<\/p>\n\n\n\n<ul class=\"wp-block-list\">\n<li>Parotiditis aguda, que apareix de manera sobtada, amb dolor i augment del volum glandular.<\/li>\n\n\n\n<li>Parotiditis cr\u00f2nica, que es manifesta en episodis repetits al llarg del temps, a vegades amb secreci\u00f3 de pus o mol\u00e8sties recurrents.<\/li>\n<\/ul>\n\n\n\n<p>La detecci\u00f3 preco\u00e7 i un diagn\u00f2stic prec\u00eds s\u00f3n essencials per a determinar la causa i aplicar el tractament m\u00e9s adequat.<\/p>\n\n\n\n<h2 class=\"wp-block-heading\">Causes i factors de risc<\/h2>\n\n\n\n<p>Les causes de la parotiditis poden variar segons el tipus d&#8217;inflamaci\u00f3:<\/p>\n\n\n\n<ul class=\"wp-block-list\">\n<li><strong>Infeccions virals: <\/strong>la m\u00e9s coneguda \u00e9s la produ\u00efda pel virus de les galteres (paramixovirus), encara que tamb\u00e9 poden intervenir altres virus respiratoris.<\/li>\n\n\n\n<li><strong>Infeccions bacterianes: <\/strong>bacteris com Staphylococcus aureus poden causar parotiditis en persones amb baixa producci\u00f3 de saliva o deshidrataci\u00f3.<\/li>\n\n\n\n<li><strong>Obstrucci\u00f3 del conducte salival:<\/strong> els sial\u00f2lits (pedres o c\u00e0lculs salivals) bloquegen la sortida de la saliva, generant inflamaci\u00f3 i dolor.<\/li>\n\n\n\n<li><strong>Trastorns autoimmunes: <\/strong>com la s\u00edndrome de Sjogren, que afecta la funci\u00f3 de les gl\u00e0ndules salivals.<\/li>\n<\/ul>\n\n\n\n<p>Factors de risc s\u00f3n edat avan\u00e7ada, mala higiene oral, deshidrataci\u00f3, tabaquisme, tractaments amb di\u00fcr\u00e8tics o radioter\u00e0pia al capdavant i coll.<\/p>\n\n\n\n<p>Identificar l&#8217;origen \u00e9s clau, ja que l&#8217;abordatge terap\u00e8utic dependr\u00e0 de si la causa \u00e9s infecciosa, inflamat\u00f2ria o mec\u00e0nica.<\/p>\n\n\n\n<h2 class=\"wp-block-heading\">S\u00edmptomes i efectes de la parotiditis<\/h2>\n\n\n\n<p>Els s\u00edmptomes de la parotiditis poden variar, per\u00f2 els m\u00e9s habituals s\u00f3n:<\/p>\n\n\n\n<ul class=\"wp-block-list\">\n<li>Inflor dolorosa davant de l&#8217;o\u00efda o sota la mand\u00edbula.<\/li>\n\n\n\n<li>Dolor en mastegar o empassar.<\/li>\n\n\n\n<li>Febre i malestar general.<\/li>\n\n\n\n<li>Enrogiment de la pell en la zona afectada.<\/li>\n\n\n\n<li>Secreci\u00f3 de pus a l&#8217;interior de la boca (si hi ha infecci\u00f3 bacteriana).<\/li>\n<\/ul>\n\n\n\n<p>En casos cr\u00f2nics, enduriment de la gl\u00e0ndula o episodis repetitius d&#8217;inflamaci\u00f3.<\/p>\n\n\n\n<p>Si no es tracta a temps, la parotiditis pot derivar en abscessos, infeccions esteses o danys permanents en la gl\u00e0ndula salival.<\/p>\n\n\n\n<h2 class=\"wp-block-heading\">Tractament des de la cirurgia oral i maxil\u00b7lofacial<\/h2>\n\n\n\n<p>El tractament dep\u00e8n de la causa subjacent, per la qual cosa \u00e9s fonamental la valoraci\u00f3 per un especialista en cirurgia oral i maxil\u00b7lofacial. En Cl\u00ednica Belodonte, es realitza un diagn\u00f2stic prec\u00eds mitjan\u00e7ant exploraci\u00f3 cl\u00ednica, ecografia o proves d&#8217;imatge.<\/p>\n\n\n\n<ul class=\"wp-block-list\">\n<li><strong>Tractament m\u00e8dic<\/strong>: en casos lleus o virals, s&#8217;indica rep\u00f2s, hidrataci\u00f3, analg\u00e8sics i mesures locals (com a compreses calentes i massatges suaus).<\/li>\n\n\n\n<li><strong>Tractament antibi\u00f2tic:<\/strong> quan hi ha infecci\u00f3 bacteriana confirmada.<\/li>\n\n\n\n<li><strong>Cirurgia oral i maxil\u00b7lofacial:<\/strong> si existeixen c\u00e0lculs, abscessos o processos cr\u00f2nics que requereixen drenatge o extirpaci\u00f3 del conducte afectat. L&#8217;especialista pot realitzar una sialendosc\u00f2pia (t\u00e8cnica m\u00ednimament invasiva) o, en casos m\u00e9s greus, una parotidectomia (extirpaci\u00f3 parcial o total de la gl\u00e0ndula).<\/li>\n<\/ul>\n\n\n\n<p>L&#8217;objectiu \u00e9s conservar la funci\u00f3 salival i evitar recurr\u00e8ncies o complicacions.<\/p>\n\n\n\n<h2 class=\"wp-block-heading\">Prevenci\u00f3 i cures<\/h2>\n\n\n\n<p>La prevenci\u00f3 de la parotiditis es basa a mantenir uns h\u00e0bits de salut oral i general adequats:<\/p>\n\n\n\n<ul class=\"wp-block-list\">\n<li>Beure prou aigua per a afavorir la producci\u00f3 de saliva.<\/li>\n\n\n\n<li>Mantenir una bona higiene bucodental i acudir peri\u00f2dicament al dentista.<\/li>\n\n\n\n<li>Evitar el tabac i el consum excessiu d&#8217;alcohol.<\/li>\n\n\n\n<li>Estimular la salivaci\u00f3 amb caramels o xiclets sense sucre.<\/li>\n\n\n\n<li>Vacunar-se contra les galteres (vacuna triple v\u00edrica).<\/li>\n<\/ul>\n\n\n\n<p>Davant qualsevol inflamaci\u00f3 o mol\u00e8stia persistent en la zona parot\u00eddia, \u00e9s important acudir com m\u00e9s aviat millor a un especialista en cirurgia oral i maxil\u00b7lofacial per a evitar complicacions.<\/p>\n\n\n\n<p>En resum, la parotiditis \u00e9s una afecci\u00f3 que requereix diagn\u00f2stic i tractament especialitzats. En Cl\u00ednica Belodonte, oferim una atenci\u00f3 integral en salut oral, amb professionals experts en cirurgia oral i maxil\u00b7lofacial que valoren cada cas de forma personalitzada, garantint una recuperaci\u00f3 efica\u00e7 i segura. <strong><a href=\"https:\/\/www.belodonte.es\/ca\/contacte\/\" target=\"_blank\" rel=\"noreferrer noopener\">Contacta amb nosaltres.<\/a><\/strong><\/p>\n","protected":false},"excerpt":{"rendered":"<p>La parotiditis \u00e9s una inflamaci\u00f3 de les gl\u00e0ndules par\u00f2tides, les m\u00e9s grans de les gl\u00e0ndules salivals, situades a banda i banda del rostre, just davant de les orelles. Encara que sol associar-se popularment amb les galteres, la parotiditis pot tenir [&hellip;]<\/p>\n","protected":false},"author":3,"featured_media":6777,"comment_status":"open","ping_status":"open","sticky":false,"template":"","format":"standard","meta":{"site-sidebar-layout":"default","site-content-layout":"","ast-site-content-layout":"default","site-content-style":"default","site-sidebar-style":"default","ast-global-header-display":"","ast-banner-title-visibility":"","ast-main-header-display":"","ast-hfb-above-header-display":"","ast-hfb-below-header-display":"","ast-hfb-mobile-header-display":"","site-post-title":"","ast-breadcrumbs-content":"","ast-featured-img":"","footer-sml-layout":"","ast-disable-related-posts":"","theme-transparent-header-meta":"","adv-header-id-meta":"","stick-header-meta":"","header-above-stick-meta":"","header-main-stick-meta":"","header-below-stick-meta":"","astra-migrate-meta-layouts":"set","ast-page-background-enabled":"default","ast-page-background-meta":{"desktop":{"background-color":"","background-image":"","background-repeat":"repeat","background-position":"center center","background-size":"auto","background-attachment":"scroll","background-type":"","background-media":"","overlay-type":"","overlay-color":"","overlay-opacity":"","overlay-gradient":""},"tablet":{"background-color":"","background-image":"","background-repeat":"repeat","background-position":"center center","background-size":"auto","background-attachment":"scroll","background-type":"","background-media":"","overlay-type":"","overlay-color":"","overlay-opacity":"","overlay-gradient":""},"mobile":{"background-color":"","background-image":"","background-repeat":"repeat","background-position":"center center","background-size":"auto","background-attachment":"scroll","background-type":"","background-media":"","overlay-type":"","overlay-color":"","overlay-opacity":"","overlay-gradient":""}},"ast-content-background-meta":{"desktop":{"background-color":"var(--ast-global-color-5)","background-image":"","background-repeat":"repeat","background-position":"center center","background-size":"auto","background-attachment":"scroll","background-type":"","background-media":"","overlay-type":"","overlay-color":"","overlay-opacity":"","overlay-gradient":""},"tablet":{"background-color":"var(--ast-global-color-5)","background-image":"","background-repeat":"repeat","background-position":"center center","background-size":"auto","background-attachment":"scroll","background-type":"","background-media":"","overlay-type":"","overlay-color":"","overlay-opacity":"","overlay-gradient":""},"mobile":{"background-color":"var(--ast-global-color-5)","background-image":"","background-repeat":"repeat","background-position":"center center","background-size":"auto","background-attachment":"scroll","background-type":"","background-media":"","overlay-type":"","overlay-color":"","overlay-opacity":"","overlay-gradient":""}},"footnotes":""},"categories":[32],"tags":[],"class_list":["post-6778","post","type-post","status-publish","format-standard","has-post-thumbnail","hentry","category-cirugia-oral"],"yoast_head":"<!-- This site is optimized with the Yoast SEO plugin v27.5 - https:\/\/yoast.com\/product\/yoast-seo-wordpress\/ -->\n<title>Parotiditis: causes, s\u00edmptomes, tractament i prevenci\u00f3<\/title>\n<meta name=\"description\" content=\"La parotiditis \u00e9s una inflamaci\u00f3 de les gl\u00e0ndules par\u00f2tides, les m\u00e9s grans de les gl\u00e0ndules salivals, situades a banda i banda del rostre.\" \/>\n<meta name=\"robots\" content=\"index, follow, max-snippet:-1, max-image-preview:large, max-video-preview:-1\" \/>\n<link rel=\"canonical\" href=\"https:\/\/www.belodonte.es\/parotiditis-causas-sintomas-tratamiento-prevencion\/\" \/>\n<meta property=\"og:locale\" content=\"ca_ES\" \/>\n<meta property=\"og:type\" content=\"article\" \/>\n<meta property=\"og:title\" content=\"Parotiditis: causes, s\u00edmptomes, tractament i prevenci\u00f3\" \/>\n<meta property=\"og:description\" content=\"La parotiditis \u00e9s una inflamaci\u00f3 de les gl\u00e0ndules par\u00f2tides, les m\u00e9s grans de les gl\u00e0ndules salivals, situades a banda i banda del rostre.\" \/>\n<meta property=\"og:url\" content=\"https:\/\/www.belodonte.es\/parotiditis-causas-sintomas-tratamiento-prevencion\/\" \/>\n<meta property=\"og:site_name\" content=\"Cl\u00ednica Belodonte\" \/>\n<meta property=\"article:published_time\" content=\"2025-12-18T06:00:00+00:00\" \/>\n<meta property=\"og:image\" content=\"https:\/\/www.belodonte.es\/wp-content\/uploads\/2025\/11\/parotiditis-1024x576.jpeg\" \/>\n\t<meta property=\"og:image:width\" content=\"1024\" \/>\n\t<meta property=\"og:image:height\" content=\"576\" \/>\n\t<meta property=\"og:image:type\" content=\"image\/jpeg\" \/>\n<meta name=\"author\" content=\"Cl\u00ednica Belodonte\" \/>\n<meta name=\"twitter:card\" content=\"summary_large_image\" \/>\n<meta name=\"twitter:label1\" content=\"Written by\" \/>\n\t<meta name=\"twitter:data1\" content=\"Cl\u00ednica Belodonte\" \/>\n\t<meta name=\"twitter:label2\" content=\"Est. reading time\" \/>\n\t<meta name=\"twitter:data2\" content=\"4 minutes\" \/>\n<script type=\"application\/ld+json\" class=\"yoast-schema-graph\">{\"@context\":\"https:\\\/\\\/schema.org\",\"@graph\":[{\"@type\":\"Article\",\"@id\":\"https:\\\/\\\/www.belodonte.es\\\/parotiditis-causas-sintomas-tratamiento-prevencion\\\/#article\",\"isPartOf\":{\"@id\":\"https:\\\/\\\/www.belodonte.es\\\/parotiditis-causas-sintomas-tratamiento-prevencion\\\/\"},\"author\":{\"name\":\"Cl\u00ednica Belodonte\",\"@id\":\"https:\\\/\\\/www.belodonte.es\\\/#\\\/schema\\\/person\\\/af746658db6c58f111ab4e18a476abcd\"},\"headline\":\"Parotiditis: causes, s\u00edmptomes, tractament i prevenci\u00f3\",\"datePublished\":\"2025-12-18T06:00:00+00:00\",\"mainEntityOfPage\":{\"@id\":\"https:\\\/\\\/www.belodonte.es\\\/parotiditis-causas-sintomas-tratamiento-prevencion\\\/\"},\"wordCount\":785,\"commentCount\":0,\"publisher\":{\"@id\":\"https:\\\/\\\/www.belodonte.es\\\/#organization\"},\"image\":{\"@id\":\"https:\\\/\\\/www.belodonte.es\\\/parotiditis-causas-sintomas-tratamiento-prevencion\\\/#primaryimage\"},\"thumbnailUrl\":\"https:\\\/\\\/www.belodonte.es\\\/wp-content\\\/uploads\\\/2025\\\/11\\\/parotiditis.jpeg\",\"articleSection\":[\"Cirugia Oral\"],\"inLanguage\":\"ca\",\"potentialAction\":[{\"@type\":\"CommentAction\",\"name\":\"Comment\",\"target\":[\"https:\\\/\\\/www.belodonte.es\\\/parotiditis-causas-sintomas-tratamiento-prevencion\\\/#respond\"]}]},{\"@type\":\"WebPage\",\"@id\":\"https:\\\/\\\/www.belodonte.es\\\/parotiditis-causas-sintomas-tratamiento-prevencion\\\/\",\"url\":\"https:\\\/\\\/www.belodonte.es\\\/parotiditis-causas-sintomas-tratamiento-prevencion\\\/\",\"name\":\"Parotiditis: causes, s\u00edmptomes, tractament i prevenci\u00f3\",\"isPartOf\":{\"@id\":\"https:\\\/\\\/www.belodonte.es\\\/#website\"},\"primaryImageOfPage\":{\"@id\":\"https:\\\/\\\/www.belodonte.es\\\/parotiditis-causas-sintomas-tratamiento-prevencion\\\/#primaryimage\"},\"image\":{\"@id\":\"https:\\\/\\\/www.belodonte.es\\\/parotiditis-causas-sintomas-tratamiento-prevencion\\\/#primaryimage\"},\"thumbnailUrl\":\"https:\\\/\\\/www.belodonte.es\\\/wp-content\\\/uploads\\\/2025\\\/11\\\/parotiditis.jpeg\",\"datePublished\":\"2025-12-18T06:00:00+00:00\",\"description\":\"La parotiditis \u00e9s una inflamaci\u00f3 de les gl\u00e0ndules par\u00f2tides, les m\u00e9s grans de les gl\u00e0ndules salivals, situades a banda i banda del rostre.\",\"breadcrumb\":{\"@id\":\"https:\\\/\\\/www.belodonte.es\\\/parotiditis-causas-sintomas-tratamiento-prevencion\\\/#breadcrumb\"},\"inLanguage\":\"ca\",\"potentialAction\":[{\"@type\":\"ReadAction\",\"target\":[\"https:\\\/\\\/www.belodonte.es\\\/parotiditis-causas-sintomas-tratamiento-prevencion\\\/\"]}]},{\"@type\":\"ImageObject\",\"inLanguage\":\"ca\",\"@id\":\"https:\\\/\\\/www.belodonte.es\\\/parotiditis-causas-sintomas-tratamiento-prevencion\\\/#primaryimage\",\"url\":\"https:\\\/\\\/www.belodonte.es\\\/wp-content\\\/uploads\\\/2025\\\/11\\\/parotiditis.jpeg\",\"contentUrl\":\"https:\\\/\\\/www.belodonte.es\\\/wp-content\\\/uploads\\\/2025\\\/11\\\/parotiditis.jpeg\",\"width\":5565,\"height\":3131,\"caption\":\"parotiditis\"},{\"@type\":\"BreadcrumbList\",\"@id\":\"https:\\\/\\\/www.belodonte.es\\\/parotiditis-causas-sintomas-tratamiento-prevencion\\\/#breadcrumb\",\"itemListElement\":[{\"@type\":\"ListItem\",\"position\":1,\"name\":\"Portada\",\"item\":\"https:\\\/\\\/www.belodonte.es\\\/\"},{\"@type\":\"ListItem\",\"position\":2,\"name\":\"Parotiditis: causes, s\u00edmptomes, tractament i prevenci\u00f3\"}]},{\"@type\":\"WebSite\",\"@id\":\"https:\\\/\\\/www.belodonte.es\\\/#website\",\"url\":\"https:\\\/\\\/www.belodonte.es\\\/\",\"name\":\"Cl\u00ednica Belodonte\",\"description\":\"Cl\u00ednica dental en Barcelona\",\"publisher\":{\"@id\":\"https:\\\/\\\/www.belodonte.es\\\/#organization\"},\"potentialAction\":[{\"@type\":\"SearchAction\",\"target\":{\"@type\":\"EntryPoint\",\"urlTemplate\":\"https:\\\/\\\/www.belodonte.es\\\/?s={search_term_string}\"},\"query-input\":{\"@type\":\"PropertyValueSpecification\",\"valueRequired\":true,\"valueName\":\"search_term_string\"}}],\"inLanguage\":\"ca\"},{\"@type\":\"Organization\",\"@id\":\"https:\\\/\\\/www.belodonte.es\\\/#organization\",\"name\":\"Cl\u00ednica Dental Belodonte\",\"url\":\"https:\\\/\\\/www.belodonte.es\\\/\",\"logo\":{\"@type\":\"ImageObject\",\"inLanguage\":\"ca\",\"@id\":\"https:\\\/\\\/www.belodonte.es\\\/#\\\/schema\\\/logo\\\/image\\\/\",\"url\":\"https:\\\/\\\/www.belodonte.es\\\/wp-content\\\/uploads\\\/2021\\\/10\\\/favicon-clinica-belodonte.png\",\"contentUrl\":\"https:\\\/\\\/www.belodonte.es\\\/wp-content\\\/uploads\\\/2021\\\/10\\\/favicon-clinica-belodonte.png\",\"width\":512,\"height\":512,\"caption\":\"Cl\u00ednica Dental Belodonte\"},\"image\":{\"@id\":\"https:\\\/\\\/www.belodonte.es\\\/#\\\/schema\\\/logo\\\/image\\\/\"}},{\"@type\":\"Person\",\"@id\":\"https:\\\/\\\/www.belodonte.es\\\/#\\\/schema\\\/person\\\/af746658db6c58f111ab4e18a476abcd\",\"name\":\"Cl\u00ednica Belodonte\",\"image\":{\"@type\":\"ImageObject\",\"inLanguage\":\"ca\",\"@id\":\"https:\\\/\\\/secure.gravatar.com\\\/avatar\\\/638e9d8d08bf2340d3d84b2996cdb448289ac0a26b32c99af87880a52287f8b8?s=96&d=mm&r=g\",\"url\":\"https:\\\/\\\/secure.gravatar.com\\\/avatar\\\/638e9d8d08bf2340d3d84b2996cdb448289ac0a26b32c99af87880a52287f8b8?s=96&d=mm&r=g\",\"contentUrl\":\"https:\\\/\\\/secure.gravatar.com\\\/avatar\\\/638e9d8d08bf2340d3d84b2996cdb448289ac0a26b32c99af87880a52287f8b8?s=96&d=mm&r=g\",\"caption\":\"Cl\u00ednica Belodonte\"},\"url\":\"https:\\\/\\\/www.belodonte.es\\\/ca\\\/author\\\/wm_mgc\\\/\"}]}<\/script>\n<!-- \/ Yoast SEO plugin. -->","yoast_head_json":{"title":"Parotiditis: causes, s\u00edmptomes, tractament i prevenci\u00f3","description":"La parotiditis \u00e9s una inflamaci\u00f3 de les gl\u00e0ndules par\u00f2tides, les m\u00e9s grans de les gl\u00e0ndules salivals, situades a banda i banda del rostre.","robots":{"index":"index","follow":"follow","max-snippet":"max-snippet:-1","max-image-preview":"max-image-preview:large","max-video-preview":"max-video-preview:-1"},"canonical":"https:\/\/www.belodonte.es\/parotiditis-causas-sintomas-tratamiento-prevencion\/","og_locale":"ca_ES","og_type":"article","og_title":"Parotiditis: causes, s\u00edmptomes, tractament i prevenci\u00f3","og_description":"La parotiditis \u00e9s una inflamaci\u00f3 de les gl\u00e0ndules par\u00f2tides, les m\u00e9s grans de les gl\u00e0ndules salivals, situades a banda i banda del rostre.","og_url":"https:\/\/www.belodonte.es\/parotiditis-causas-sintomas-tratamiento-prevencion\/","og_site_name":"Cl\u00ednica Belodonte","article_published_time":"2025-12-18T06:00:00+00:00","og_image":[{"width":1024,"height":576,"url":"https:\/\/www.belodonte.es\/wp-content\/uploads\/2025\/11\/parotiditis-1024x576.jpeg","type":"image\/jpeg"}],"author":"Cl\u00ednica Belodonte","twitter_card":"summary_large_image","twitter_misc":{"Written by":"Cl\u00ednica Belodonte","Est. reading time":"4 minutes"},"schema":{"@context":"https:\/\/schema.org","@graph":[{"@type":"Article","@id":"https:\/\/www.belodonte.es\/parotiditis-causas-sintomas-tratamiento-prevencion\/#article","isPartOf":{"@id":"https:\/\/www.belodonte.es\/parotiditis-causas-sintomas-tratamiento-prevencion\/"},"author":{"name":"Cl\u00ednica Belodonte","@id":"https:\/\/www.belodonte.es\/#\/schema\/person\/af746658db6c58f111ab4e18a476abcd"},"headline":"Parotiditis: causes, s\u00edmptomes, tractament i prevenci\u00f3","datePublished":"2025-12-18T06:00:00+00:00","mainEntityOfPage":{"@id":"https:\/\/www.belodonte.es\/parotiditis-causas-sintomas-tratamiento-prevencion\/"},"wordCount":785,"commentCount":0,"publisher":{"@id":"https:\/\/www.belodonte.es\/#organization"},"image":{"@id":"https:\/\/www.belodonte.es\/parotiditis-causas-sintomas-tratamiento-prevencion\/#primaryimage"},"thumbnailUrl":"https:\/\/www.belodonte.es\/wp-content\/uploads\/2025\/11\/parotiditis.jpeg","articleSection":["Cirugia Oral"],"inLanguage":"ca","potentialAction":[{"@type":"CommentAction","name":"Comment","target":["https:\/\/www.belodonte.es\/parotiditis-causas-sintomas-tratamiento-prevencion\/#respond"]}]},{"@type":"WebPage","@id":"https:\/\/www.belodonte.es\/parotiditis-causas-sintomas-tratamiento-prevencion\/","url":"https:\/\/www.belodonte.es\/parotiditis-causas-sintomas-tratamiento-prevencion\/","name":"Parotiditis: causes, s\u00edmptomes, tractament i prevenci\u00f3","isPartOf":{"@id":"https:\/\/www.belodonte.es\/#website"},"primaryImageOfPage":{"@id":"https:\/\/www.belodonte.es\/parotiditis-causas-sintomas-tratamiento-prevencion\/#primaryimage"},"image":{"@id":"https:\/\/www.belodonte.es\/parotiditis-causas-sintomas-tratamiento-prevencion\/#primaryimage"},"thumbnailUrl":"https:\/\/www.belodonte.es\/wp-content\/uploads\/2025\/11\/parotiditis.jpeg","datePublished":"2025-12-18T06:00:00+00:00","description":"La parotiditis \u00e9s una inflamaci\u00f3 de les gl\u00e0ndules par\u00f2tides, les m\u00e9s grans de les gl\u00e0ndules salivals, situades a banda i banda del rostre.","breadcrumb":{"@id":"https:\/\/www.belodonte.es\/parotiditis-causas-sintomas-tratamiento-prevencion\/#breadcrumb"},"inLanguage":"ca","potentialAction":[{"@type":"ReadAction","target":["https:\/\/www.belodonte.es\/parotiditis-causas-sintomas-tratamiento-prevencion\/"]}]},{"@type":"ImageObject","inLanguage":"ca","@id":"https:\/\/www.belodonte.es\/parotiditis-causas-sintomas-tratamiento-prevencion\/#primaryimage","url":"https:\/\/www.belodonte.es\/wp-content\/uploads\/2025\/11\/parotiditis.jpeg","contentUrl":"https:\/\/www.belodonte.es\/wp-content\/uploads\/2025\/11\/parotiditis.jpeg","width":5565,"height":3131,"caption":"parotiditis"},{"@type":"BreadcrumbList","@id":"https:\/\/www.belodonte.es\/parotiditis-causas-sintomas-tratamiento-prevencion\/#breadcrumb","itemListElement":[{"@type":"ListItem","position":1,"name":"Portada","item":"https:\/\/www.belodonte.es\/"},{"@type":"ListItem","position":2,"name":"Parotiditis: causes, s\u00edmptomes, tractament i prevenci\u00f3"}]},{"@type":"WebSite","@id":"https:\/\/www.belodonte.es\/#website","url":"https:\/\/www.belodonte.es\/","name":"Cl\u00ednica Belodonte","description":"Cl\u00ednica dental en Barcelona","publisher":{"@id":"https:\/\/www.belodonte.es\/#organization"},"potentialAction":[{"@type":"SearchAction","target":{"@type":"EntryPoint","urlTemplate":"https:\/\/www.belodonte.es\/?s={search_term_string}"},"query-input":{"@type":"PropertyValueSpecification","valueRequired":true,"valueName":"search_term_string"}}],"inLanguage":"ca"},{"@type":"Organization","@id":"https:\/\/www.belodonte.es\/#organization","name":"Cl\u00ednica Dental Belodonte","url":"https:\/\/www.belodonte.es\/","logo":{"@type":"ImageObject","inLanguage":"ca","@id":"https:\/\/www.belodonte.es\/#\/schema\/logo\/image\/","url":"https:\/\/www.belodonte.es\/wp-content\/uploads\/2021\/10\/favicon-clinica-belodonte.png","contentUrl":"https:\/\/www.belodonte.es\/wp-content\/uploads\/2021\/10\/favicon-clinica-belodonte.png","width":512,"height":512,"caption":"Cl\u00ednica Dental Belodonte"},"image":{"@id":"https:\/\/www.belodonte.es\/#\/schema\/logo\/image\/"}},{"@type":"Person","@id":"https:\/\/www.belodonte.es\/#\/schema\/person\/af746658db6c58f111ab4e18a476abcd","name":"Cl\u00ednica Belodonte","image":{"@type":"ImageObject","inLanguage":"ca","@id":"https:\/\/secure.gravatar.com\/avatar\/638e9d8d08bf2340d3d84b2996cdb448289ac0a26b32c99af87880a52287f8b8?s=96&d=mm&r=g","url":"https:\/\/secure.gravatar.com\/avatar\/638e9d8d08bf2340d3d84b2996cdb448289ac0a26b32c99af87880a52287f8b8?s=96&d=mm&r=g","contentUrl":"https:\/\/secure.gravatar.com\/avatar\/638e9d8d08bf2340d3d84b2996cdb448289ac0a26b32c99af87880a52287f8b8?s=96&d=mm&r=g","caption":"Cl\u00ednica Belodonte"},"url":"https:\/\/www.belodonte.es\/ca\/author\/wm_mgc\/"}]}},"_links":{"self":[{"href":"https:\/\/www.belodonte.es\/ca\/wp-json\/wp\/v2\/posts\/6778","targetHints":{"allow":["GET"]}}],"collection":[{"href":"https:\/\/www.belodonte.es\/ca\/wp-json\/wp\/v2\/posts"}],"about":[{"href":"https:\/\/www.belodonte.es\/ca\/wp-json\/wp\/v2\/types\/post"}],"author":[{"embeddable":true,"href":"https:\/\/www.belodonte.es\/ca\/wp-json\/wp\/v2\/users\/3"}],"replies":[{"embeddable":true,"href":"https:\/\/www.belodonte.es\/ca\/wp-json\/wp\/v2\/comments?post=6778"}],"version-history":[{"count":1,"href":"https:\/\/www.belodonte.es\/ca\/wp-json\/wp\/v2\/posts\/6778\/revisions"}],"predecessor-version":[{"id":6779,"href":"https:\/\/www.belodonte.es\/ca\/wp-json\/wp\/v2\/posts\/6778\/revisions\/6779"}],"wp:featuredmedia":[{"embeddable":true,"href":"https:\/\/www.belodonte.es\/ca\/wp-json\/wp\/v2\/media\/6777"}],"wp:attachment":[{"href":"https:\/\/www.belodonte.es\/ca\/wp-json\/wp\/v2\/media?parent=6778"}],"wp:term":[{"taxonomy":"category","embeddable":true,"href":"https:\/\/www.belodonte.es\/ca\/wp-json\/wp\/v2\/categories?post=6778"},{"taxonomy":"post_tag","embeddable":true,"href":"https:\/\/www.belodonte.es\/ca\/wp-json\/wp\/v2\/tags?post=6778"}],"curies":[{"name":"wp","href":"https:\/\/api.w.org\/{rel}","templated":true}]}}