{"id":6763,"date":"2025-12-04T06:00:00","date_gmt":"2025-12-04T06:00:00","guid":{"rendered":"https:\/\/www.belodonte.es\/?p=6763"},"modified":"2025-11-06T08:54:21","modified_gmt":"2025-11-06T08:54:21","slug":"agenesia-dental-causes-consequencies-tractament","status":"publish","type":"post","link":"https:\/\/www.belodonte.es\/ca\/agenesia-dental-causes-consequencies-tractament\/","title":{"rendered":"Ag\u00e8nesia dental: causes, conseq\u00fc\u00e8ncies i tractament"},"content":{"rendered":"\n<p>L&#8217;<strong>ag\u00e8nesia dental <\/strong>\u00e9s una alteraci\u00f3 bastant freq\u00fcent que es produeix quan una o diverses peces dentals no es desenvolupen de manera natural. Encara que en molts casos passa desapercebuda durant la inf\u00e0ncia, pot tenir implicacions tant funcionals com est\u00e8tiques si no es tracta adequadament. Detectar-la a temps i actuar amb un pla odontol\u00f2gic personalitzat \u00e9s clau per a mantenir un somriure sa i harm\u00f2nic.<\/p>\n\n\n\n<p>Des de <strong>Cl\u00ednica Belodonte, <a href=\"https:\/\/www.belodonte.es\/ca\/implants-dentals\/\" target=\"_blank\" rel=\"noreferrer noopener\">experts en implants dentals a Barcelona<\/a><\/strong>, t&#8217;expliquem qu\u00e8 \u00e9s l&#8217;ag\u00e8nesia dental, per qu\u00e8 ocorre, com afecta la teva salut bucodental i quins s\u00f3n els tractaments m\u00e9s efica\u00e7os per a corregir-la.<\/p>\n\n\n\n<h2 class=\"wp-block-heading\">Qu\u00e8 \u00e9s l&#8217;ag\u00e8nesia dental?<\/h2>\n\n\n\n<p>L&#8217;ag\u00e8nesia dental \u00e9s l&#8217;abs\u00e8ncia cong\u00e8nita d&#8217;un o diverses dents permanents. \u00c9s a dir, la pe\u00e7a mai arriba a formar-se en l&#8217;os maxil\u00b7lar o mandibular. Pot afectar una sola dent (ag\u00e8nesia parcial) o a diversos (hipod\u00f2ncia), i fins i tot a tota la dentici\u00f3 en casos excepcionals (anod\u00f2ncia total).<\/p>\n\n\n\n<p>Les dents m\u00e9s comunament absents s\u00f3n els tercers molars (queixals de l&#8217;enteniment), els segons premolars i els incisius laterals superiors. Aquesta condici\u00f3 no implica una p\u00e8rdua dental, sin\u00f3 una falta de desenvolupament des de l&#8217;origen.<\/p>\n\n\n\n<h2 class=\"wp-block-heading\">Causes i factors de risc<\/h2>\n\n\n\n<p>La causa principal de l&#8217;ag\u00e8nesia dental \u00e9s gen\u00e8tica. S&#8217;hereta amb freq\u00fc\u00e8ncia i pot presentar-se com a part de s\u00edndromes o alteracions del desenvolupament craniofacial. No obstant aix\u00f2, existeixen altres factors que poden influir:<\/p>\n\n\n\n<ul class=\"wp-block-list\">\n<li>Mutacions gen\u00e8tiques que afecten els gens implicats en la formaci\u00f3 dental (com MSX1 o PAX9).<\/li>\n\n\n\n<li>Alteracions en el desenvolupament embrionari, especialment durant la formaci\u00f3 del germen dental.<\/li>\n\n\n\n<li>Tractaments oncol\u00f2gics (radioter\u00e0pia o quimioter\u00e0pia en edat primerenca) que interfereixen en el creixement de les dents.<\/li>\n\n\n\n<li>Traumatismes o infeccions durant la inf\u00e0ncia que afecten el desenvolupament dels g\u00e8rmens dentals.<\/li>\n<\/ul>\n\n\n\n<p>A m\u00e9s, estudis recents suggereixen que l&#8217;ag\u00e8nesia pot relacionar-se amb l&#8217;evoluci\u00f3 de la grand\u00e0ria de les mand\u00edbules humanes, ja que l&#8217;espai per a unes certes dents, com els queixals de l&#8217;enteniment, s&#8217;ha redu\u00eft amb el temps.<\/p>\n\n\n\n<h2 class=\"wp-block-heading\">Conseq\u00fc\u00e8ncies en la salut i l&#8217;est\u00e8tica<\/h2>\n\n\n\n<p>Encara que en un principi pugui semblar nom\u00e9s un problema est\u00e8tic, l&#8217;ag\u00e8nesia dental t\u00e9 efectes directes sobre la funcionalitat i la salut bucodental.<\/p>\n\n\n\n<p>Entre les conseq\u00fc\u00e8ncies m\u00e9s habituals es troben:<\/p>\n\n\n\n<ul class=\"wp-block-list\">\n<li>Mala oclusi\u00f3 i alteracions en la mossegada.<\/li>\n\n\n\n<li>Despla\u00e7ament de les dents ve\u00efnes, que tendeixen a ocupar l&#8217;espai lliure.<\/li>\n\n\n\n<li>Problemes en la pronunciaci\u00f3 o masticaci\u00f3.<\/li>\n\n\n\n<li>P\u00e8rdua de suport ossi, ja que l&#8217;os es reabsorbeix on no hi ha arrel dental.<\/li>\n\n\n\n<li>Impacte en l&#8217;est\u00e8tica facial i autoestima, sobretot si l&#8217;abs\u00e8ncia afecta a dents visibles.<\/li>\n<\/ul>\n\n\n\n<p>En nens, pot generar problemes en l&#8217;erupci\u00f3 de les dents permanents, per la qual cosa el diagn\u00f2stic primerenc mitjan\u00e7ant radiografia panor\u00e0mica \u00e9s essencial.<\/p>\n\n\n\n<h2 class=\"wp-block-heading\">Tractament: implants dentals i pr\u00f2tesis<\/h2>\n\n\n\n<p>El tractament de l&#8217;ag\u00e8nesia dental ha de ser personalitzat segons l&#8217;edat del pacient, el nombre de dents absents i l&#8217;estat de l&#8217;os maxil\u00b7lar.<\/p>\n\n\n\n<p>En Cl\u00ednica Belodonte abordem aquests casos amb un enfocament integral:<\/p>\n\n\n\n<h3 class=\"wp-block-heading\">1. Implants dentals<\/h3>\n\n\n\n<p>Els implants dentals s\u00f3n l&#8217;opci\u00f3 m\u00e9s avan\u00e7ada i natural per a reempla\u00e7ar una dent absent. Actuen com una arrel artificial sobre la qual es col\u00b7loca una corona que imita la pe\u00e7a original. Permeten mantenir la funci\u00f3 masticat\u00f2ria, l&#8217;est\u00e8tica i la salut \u00f2ssia.<\/p>\n\n\n\n<h3 class=\"wp-block-heading\">2. Pr\u00f2tesis dentals<\/h3>\n\n\n\n<p>En casos on no \u00e9s possible col\u00b7locar un implant (per falta d&#8217;os o per edat), es pot optar per una pr\u00f2tesi fixa o amovible, que retorna la funcionalitat i l&#8217;harmonia est\u00e8tica.<\/p>\n\n\n\n<h3 class=\"wp-block-heading\">3. Ortod\u00f2ncia complement\u00e0ria<\/h3>\n\n\n\n<p>En alguns casos, es recomana un tractament d&#8217;ortod\u00f2ncia previ o posterior al reempla\u00e7ament dental per a alinear les dents i preparar l&#8217;espai adequat per a la pr\u00f2tesi o l&#8217;implant.<\/p>\n\n\n\n<h2 class=\"wp-block-heading\">Prevenci\u00f3 i diagn\u00f2stic preco\u00e7<\/h2>\n\n\n\n<p>Encara que l&#8217;ag\u00e8nesia t\u00e9 origen gen\u00e8tic i no pot prevenir-se directament, s\u00ed que \u00e9s possible detectar i controlar els seus efectes des d&#8217;edats primerenques.<\/p>\n\n\n\n<p>S&#8217;aconsella realitzar la primera revisi\u00f3 odontopedi\u00e0trica abans dels sis anys, per a valorar si totes les dents estan en desenvolupament i no es dona un cas d&#8217;ag\u00e8nesia des de la inf\u00e0ncia. Amb un diagn\u00f2stic preco\u00e7 es poden planificar tractaments interceptius que evitin problemes futurs d&#8217;alineaci\u00f3 o mossegada.<\/p>\n\n\n\n<p>Aix\u00ed mateix, mantenir h\u00e0bits saludables d&#8217;higiene bucodental, acudir a revisions peri\u00f2diques i seguir les recomanacions de l&#8217;odont\u00f2leg s\u00f3n claus per a conservar un somriure sa i funcional durant tota la vida.<\/p>\n\n\n\n<p>En resum, l&#8217;ag\u00e8nesia dental no sols afecta l&#8217;est\u00e8tica, sin\u00f3 tamb\u00e9 la salut oral i la qualitat de vida. Identificar-la i tractar-la a temps amb solucions com els implants dentals o les pr\u00f2tesis personalitzades permet recuperar un somriure complet, funcional i natural.<\/p>\n\n\n\n<p>En Cl\u00ednica Belodonte dissenyem cada tractament adaptat a les necessitats de cada pacient. Si dubtes que sofreixis aquesta condici\u00f3, <strong><a href=\"https:\/\/www.belodonte.es\/ca\/contacte\/\">no dubtis a contactar amb nosaltres, t&#8217;ajudarem.<\/a><\/strong><\/p>\n","protected":false},"excerpt":{"rendered":"<p>L&#8217;ag\u00e8nesia dental \u00e9s una alteraci\u00f3 bastant freq\u00fcent que es produeix quan una o diverses peces dentals no es desenvolupen de manera natural. Encara que en molts casos passa desapercebuda durant la inf\u00e0ncia, pot tenir implicacions tant funcionals com est\u00e8tiques si [&hellip;]<\/p>\n","protected":false},"author":3,"featured_media":6762,"comment_status":"open","ping_status":"open","sticky":false,"template":"","format":"standard","meta":{"site-sidebar-layout":"default","site-content-layout":"","ast-site-content-layout":"default","site-content-style":"default","site-sidebar-style":"default","ast-global-header-display":"","ast-banner-title-visibility":"","ast-main-header-display":"","ast-hfb-above-header-display":"","ast-hfb-below-header-display":"","ast-hfb-mobile-header-display":"","site-post-title":"","ast-breadcrumbs-content":"","ast-featured-img":"","footer-sml-layout":"","ast-disable-related-posts":"","theme-transparent-header-meta":"","adv-header-id-meta":"","stick-header-meta":"","header-above-stick-meta":"","header-main-stick-meta":"","header-below-stick-meta":"","astra-migrate-meta-layouts":"set","ast-page-background-enabled":"default","ast-page-background-meta":{"desktop":{"background-color":"","background-image":"","background-repeat":"repeat","background-position":"center center","background-size":"auto","background-attachment":"scroll","background-type":"","background-media":"","overlay-type":"","overlay-color":"","overlay-opacity":"","overlay-gradient":""},"tablet":{"background-color":"","background-image":"","background-repeat":"repeat","background-position":"center center","background-size":"auto","background-attachment":"scroll","background-type":"","background-media":"","overlay-type":"","overlay-color":"","overlay-opacity":"","overlay-gradient":""},"mobile":{"background-color":"","background-image":"","background-repeat":"repeat","background-position":"center center","background-size":"auto","background-attachment":"scroll","background-type":"","background-media":"","overlay-type":"","overlay-color":"","overlay-opacity":"","overlay-gradient":""}},"ast-content-background-meta":{"desktop":{"background-color":"var(--ast-global-color-5)","background-image":"","background-repeat":"repeat","background-position":"center center","background-size":"auto","background-attachment":"scroll","background-type":"","background-media":"","overlay-type":"","overlay-color":"","overlay-opacity":"","overlay-gradient":""},"tablet":{"background-color":"var(--ast-global-color-5)","background-image":"","background-repeat":"repeat","background-position":"center center","background-size":"auto","background-attachment":"scroll","background-type":"","background-media":"","overlay-type":"","overlay-color":"","overlay-opacity":"","overlay-gradient":""},"mobile":{"background-color":"var(--ast-global-color-5)","background-image":"","background-repeat":"repeat","background-position":"center center","background-size":"auto","background-attachment":"scroll","background-type":"","background-media":"","overlay-type":"","overlay-color":"","overlay-opacity":"","overlay-gradient":""}},"footnotes":""},"categories":[18],"tags":[],"class_list":["post-6763","post","type-post","status-publish","format-standard","has-post-thumbnail","hentry","category-implantologia-2"],"yoast_head":"<!-- This site is optimized with the Yoast SEO plugin v27.4 - https:\/\/yoast.com\/product\/yoast-seo-wordpress\/ -->\n<title>Ag\u00e8nesia dental: causes, conseq\u00fc\u00e8ncies i tractament<\/title>\n<meta name=\"description\" content=\"L&#039;ag\u00e8nesia dental \u00e9s una alteraci\u00f3 bastant freq\u00fcent que es produeix quan una o diverses peces dentals no es desenvolupen de manera natural.\" \/>\n<meta name=\"robots\" content=\"index, follow, max-snippet:-1, max-image-preview:large, max-video-preview:-1\" \/>\n<link rel=\"canonical\" href=\"https:\/\/www.belodonte.es\/agenesia-dental-causas-consecuencias-tratamiento\/\" \/>\n<meta property=\"og:locale\" content=\"ca_ES\" \/>\n<meta property=\"og:type\" content=\"article\" \/>\n<meta property=\"og:title\" content=\"Ag\u00e8nesia dental: causes, conseq\u00fc\u00e8ncies i tractament\" \/>\n<meta property=\"og:description\" content=\"L&#039;ag\u00e8nesia dental \u00e9s una alteraci\u00f3 bastant freq\u00fcent que es produeix quan una o diverses peces dentals no es desenvolupen de manera natural.\" \/>\n<meta property=\"og:url\" content=\"https:\/\/www.belodonte.es\/agenesia-dental-causas-consecuencias-tratamiento\/\" \/>\n<meta property=\"og:site_name\" content=\"Cl\u00ednica Belodonte\" \/>\n<meta property=\"article:published_time\" content=\"2025-12-04T06:00:00+00:00\" \/>\n<meta property=\"og:image\" content=\"https:\/\/www.belodonte.es\/wp-content\/uploads\/2025\/11\/agenesia-dental.jpeg\" \/>\n\t<meta property=\"og:image:width\" content=\"5500\" \/>\n\t<meta property=\"og:image:height\" content=\"3094\" \/>\n\t<meta property=\"og:image:type\" content=\"image\/jpeg\" \/>\n<meta name=\"author\" content=\"Cl\u00ednica Belodonte\" \/>\n<meta name=\"twitter:card\" content=\"summary_large_image\" \/>\n<meta name=\"twitter:label1\" content=\"Written by\" \/>\n\t<meta name=\"twitter:data1\" content=\"Cl\u00ednica Belodonte\" \/>\n\t<meta name=\"twitter:label2\" content=\"Est. reading time\" \/>\n\t<meta name=\"twitter:data2\" content=\"4 minutes\" \/>\n<script type=\"application\/ld+json\" class=\"yoast-schema-graph\">{\"@context\":\"https:\\\/\\\/schema.org\",\"@graph\":[{\"@type\":\"Article\",\"@id\":\"https:\\\/\\\/www.belodonte.es\\\/agenesia-dental-causas-consecuencias-tratamiento\\\/#article\",\"isPartOf\":{\"@id\":\"https:\\\/\\\/www.belodonte.es\\\/agenesia-dental-causas-consecuencias-tratamiento\\\/\"},\"author\":{\"name\":\"Cl\u00ednica Belodonte\",\"@id\":\"https:\\\/\\\/www.belodonte.es\\\/#\\\/schema\\\/person\\\/af746658db6c58f111ab4e18a476abcd\"},\"headline\":\"Ag\u00e8nesia dental: causes, conseq\u00fc\u00e8ncies i tractament\",\"datePublished\":\"2025-12-04T06:00:00+00:00\",\"mainEntityOfPage\":{\"@id\":\"https:\\\/\\\/www.belodonte.es\\\/agenesia-dental-causas-consecuencias-tratamiento\\\/\"},\"wordCount\":842,\"commentCount\":0,\"publisher\":{\"@id\":\"https:\\\/\\\/www.belodonte.es\\\/#organization\"},\"image\":{\"@id\":\"https:\\\/\\\/www.belodonte.es\\\/agenesia-dental-causas-consecuencias-tratamiento\\\/#primaryimage\"},\"thumbnailUrl\":\"https:\\\/\\\/www.belodonte.es\\\/wp-content\\\/uploads\\\/2025\\\/11\\\/agenesia-dental.jpeg\",\"articleSection\":[\"Implants dentals\"],\"inLanguage\":\"ca\",\"potentialAction\":[{\"@type\":\"CommentAction\",\"name\":\"Comment\",\"target\":[\"https:\\\/\\\/www.belodonte.es\\\/agenesia-dental-causas-consecuencias-tratamiento\\\/#respond\"]}]},{\"@type\":\"WebPage\",\"@id\":\"https:\\\/\\\/www.belodonte.es\\\/agenesia-dental-causas-consecuencias-tratamiento\\\/\",\"url\":\"https:\\\/\\\/www.belodonte.es\\\/agenesia-dental-causas-consecuencias-tratamiento\\\/\",\"name\":\"Ag\u00e8nesia dental: causes, conseq\u00fc\u00e8ncies i tractament\",\"isPartOf\":{\"@id\":\"https:\\\/\\\/www.belodonte.es\\\/#website\"},\"primaryImageOfPage\":{\"@id\":\"https:\\\/\\\/www.belodonte.es\\\/agenesia-dental-causas-consecuencias-tratamiento\\\/#primaryimage\"},\"image\":{\"@id\":\"https:\\\/\\\/www.belodonte.es\\\/agenesia-dental-causas-consecuencias-tratamiento\\\/#primaryimage\"},\"thumbnailUrl\":\"https:\\\/\\\/www.belodonte.es\\\/wp-content\\\/uploads\\\/2025\\\/11\\\/agenesia-dental.jpeg\",\"datePublished\":\"2025-12-04T06:00:00+00:00\",\"description\":\"L'ag\u00e8nesia dental \u00e9s una alteraci\u00f3 bastant freq\u00fcent que es produeix quan una o diverses peces dentals no es desenvolupen de manera natural.\",\"breadcrumb\":{\"@id\":\"https:\\\/\\\/www.belodonte.es\\\/agenesia-dental-causas-consecuencias-tratamiento\\\/#breadcrumb\"},\"inLanguage\":\"ca\",\"potentialAction\":[{\"@type\":\"ReadAction\",\"target\":[\"https:\\\/\\\/www.belodonte.es\\\/agenesia-dental-causas-consecuencias-tratamiento\\\/\"]}]},{\"@type\":\"ImageObject\",\"inLanguage\":\"ca\",\"@id\":\"https:\\\/\\\/www.belodonte.es\\\/agenesia-dental-causas-consecuencias-tratamiento\\\/#primaryimage\",\"url\":\"https:\\\/\\\/www.belodonte.es\\\/wp-content\\\/uploads\\\/2025\\\/11\\\/agenesia-dental.jpeg\",\"contentUrl\":\"https:\\\/\\\/www.belodonte.es\\\/wp-content\\\/uploads\\\/2025\\\/11\\\/agenesia-dental.jpeg\",\"width\":5500,\"height\":3094,\"caption\":\"agenesia dental\"},{\"@type\":\"BreadcrumbList\",\"@id\":\"https:\\\/\\\/www.belodonte.es\\\/agenesia-dental-causas-consecuencias-tratamiento\\\/#breadcrumb\",\"itemListElement\":[{\"@type\":\"ListItem\",\"position\":1,\"name\":\"Portada\",\"item\":\"https:\\\/\\\/www.belodonte.es\\\/\"},{\"@type\":\"ListItem\",\"position\":2,\"name\":\"Ag\u00e8nesia dental: causes, conseq\u00fc\u00e8ncies i tractament\"}]},{\"@type\":\"WebSite\",\"@id\":\"https:\\\/\\\/www.belodonte.es\\\/#website\",\"url\":\"https:\\\/\\\/www.belodonte.es\\\/\",\"name\":\"Cl\u00ednica Belodonte\",\"description\":\"Cl\u00ednica dental en Barcelona\",\"publisher\":{\"@id\":\"https:\\\/\\\/www.belodonte.es\\\/#organization\"},\"potentialAction\":[{\"@type\":\"SearchAction\",\"target\":{\"@type\":\"EntryPoint\",\"urlTemplate\":\"https:\\\/\\\/www.belodonte.es\\\/?s={search_term_string}\"},\"query-input\":{\"@type\":\"PropertyValueSpecification\",\"valueRequired\":true,\"valueName\":\"search_term_string\"}}],\"inLanguage\":\"ca\"},{\"@type\":\"Organization\",\"@id\":\"https:\\\/\\\/www.belodonte.es\\\/#organization\",\"name\":\"Cl\u00ednica Dental Belodonte\",\"url\":\"https:\\\/\\\/www.belodonte.es\\\/\",\"logo\":{\"@type\":\"ImageObject\",\"inLanguage\":\"ca\",\"@id\":\"https:\\\/\\\/www.belodonte.es\\\/#\\\/schema\\\/logo\\\/image\\\/\",\"url\":\"https:\\\/\\\/www.belodonte.es\\\/wp-content\\\/uploads\\\/2021\\\/10\\\/favicon-clinica-belodonte.png\",\"contentUrl\":\"https:\\\/\\\/www.belodonte.es\\\/wp-content\\\/uploads\\\/2021\\\/10\\\/favicon-clinica-belodonte.png\",\"width\":512,\"height\":512,\"caption\":\"Cl\u00ednica Dental Belodonte\"},\"image\":{\"@id\":\"https:\\\/\\\/www.belodonte.es\\\/#\\\/schema\\\/logo\\\/image\\\/\"}},{\"@type\":\"Person\",\"@id\":\"https:\\\/\\\/www.belodonte.es\\\/#\\\/schema\\\/person\\\/af746658db6c58f111ab4e18a476abcd\",\"name\":\"Cl\u00ednica Belodonte\",\"image\":{\"@type\":\"ImageObject\",\"inLanguage\":\"ca\",\"@id\":\"https:\\\/\\\/secure.gravatar.com\\\/avatar\\\/638e9d8d08bf2340d3d84b2996cdb448289ac0a26b32c99af87880a52287f8b8?s=96&d=mm&r=g\",\"url\":\"https:\\\/\\\/secure.gravatar.com\\\/avatar\\\/638e9d8d08bf2340d3d84b2996cdb448289ac0a26b32c99af87880a52287f8b8?s=96&d=mm&r=g\",\"contentUrl\":\"https:\\\/\\\/secure.gravatar.com\\\/avatar\\\/638e9d8d08bf2340d3d84b2996cdb448289ac0a26b32c99af87880a52287f8b8?s=96&d=mm&r=g\",\"caption\":\"Cl\u00ednica Belodonte\"},\"url\":\"https:\\\/\\\/www.belodonte.es\\\/ca\\\/author\\\/wm_mgc\\\/\"}]}<\/script>\n<!-- \/ Yoast SEO plugin. -->","yoast_head_json":{"title":"Ag\u00e8nesia dental: causes, conseq\u00fc\u00e8ncies i tractament","description":"L'ag\u00e8nesia dental \u00e9s una alteraci\u00f3 bastant freq\u00fcent que es produeix quan una o diverses peces dentals no es desenvolupen de manera natural.","robots":{"index":"index","follow":"follow","max-snippet":"max-snippet:-1","max-image-preview":"max-image-preview:large","max-video-preview":"max-video-preview:-1"},"canonical":"https:\/\/www.belodonte.es\/agenesia-dental-causas-consecuencias-tratamiento\/","og_locale":"ca_ES","og_type":"article","og_title":"Ag\u00e8nesia dental: causes, conseq\u00fc\u00e8ncies i tractament","og_description":"L'ag\u00e8nesia dental \u00e9s una alteraci\u00f3 bastant freq\u00fcent que es produeix quan una o diverses peces dentals no es desenvolupen de manera natural.","og_url":"https:\/\/www.belodonte.es\/agenesia-dental-causas-consecuencias-tratamiento\/","og_site_name":"Cl\u00ednica Belodonte","article_published_time":"2025-12-04T06:00:00+00:00","og_image":[{"width":5500,"height":3094,"url":"https:\/\/www.belodonte.es\/wp-content\/uploads\/2025\/11\/agenesia-dental.jpeg","type":"image\/jpeg"}],"author":"Cl\u00ednica Belodonte","twitter_card":"summary_large_image","twitter_misc":{"Written by":"Cl\u00ednica Belodonte","Est. reading time":"4 minutes"},"schema":{"@context":"https:\/\/schema.org","@graph":[{"@type":"Article","@id":"https:\/\/www.belodonte.es\/agenesia-dental-causas-consecuencias-tratamiento\/#article","isPartOf":{"@id":"https:\/\/www.belodonte.es\/agenesia-dental-causas-consecuencias-tratamiento\/"},"author":{"name":"Cl\u00ednica Belodonte","@id":"https:\/\/www.belodonte.es\/#\/schema\/person\/af746658db6c58f111ab4e18a476abcd"},"headline":"Ag\u00e8nesia dental: causes, conseq\u00fc\u00e8ncies i tractament","datePublished":"2025-12-04T06:00:00+00:00","mainEntityOfPage":{"@id":"https:\/\/www.belodonte.es\/agenesia-dental-causas-consecuencias-tratamiento\/"},"wordCount":842,"commentCount":0,"publisher":{"@id":"https:\/\/www.belodonte.es\/#organization"},"image":{"@id":"https:\/\/www.belodonte.es\/agenesia-dental-causas-consecuencias-tratamiento\/#primaryimage"},"thumbnailUrl":"https:\/\/www.belodonte.es\/wp-content\/uploads\/2025\/11\/agenesia-dental.jpeg","articleSection":["Implants dentals"],"inLanguage":"ca","potentialAction":[{"@type":"CommentAction","name":"Comment","target":["https:\/\/www.belodonte.es\/agenesia-dental-causas-consecuencias-tratamiento\/#respond"]}]},{"@type":"WebPage","@id":"https:\/\/www.belodonte.es\/agenesia-dental-causas-consecuencias-tratamiento\/","url":"https:\/\/www.belodonte.es\/agenesia-dental-causas-consecuencias-tratamiento\/","name":"Ag\u00e8nesia dental: causes, conseq\u00fc\u00e8ncies i tractament","isPartOf":{"@id":"https:\/\/www.belodonte.es\/#website"},"primaryImageOfPage":{"@id":"https:\/\/www.belodonte.es\/agenesia-dental-causas-consecuencias-tratamiento\/#primaryimage"},"image":{"@id":"https:\/\/www.belodonte.es\/agenesia-dental-causas-consecuencias-tratamiento\/#primaryimage"},"thumbnailUrl":"https:\/\/www.belodonte.es\/wp-content\/uploads\/2025\/11\/agenesia-dental.jpeg","datePublished":"2025-12-04T06:00:00+00:00","description":"L'ag\u00e8nesia dental \u00e9s una alteraci\u00f3 bastant freq\u00fcent que es produeix quan una o diverses peces dentals no es desenvolupen de manera natural.","breadcrumb":{"@id":"https:\/\/www.belodonte.es\/agenesia-dental-causas-consecuencias-tratamiento\/#breadcrumb"},"inLanguage":"ca","potentialAction":[{"@type":"ReadAction","target":["https:\/\/www.belodonte.es\/agenesia-dental-causas-consecuencias-tratamiento\/"]}]},{"@type":"ImageObject","inLanguage":"ca","@id":"https:\/\/www.belodonte.es\/agenesia-dental-causas-consecuencias-tratamiento\/#primaryimage","url":"https:\/\/www.belodonte.es\/wp-content\/uploads\/2025\/11\/agenesia-dental.jpeg","contentUrl":"https:\/\/www.belodonte.es\/wp-content\/uploads\/2025\/11\/agenesia-dental.jpeg","width":5500,"height":3094,"caption":"agenesia dental"},{"@type":"BreadcrumbList","@id":"https:\/\/www.belodonte.es\/agenesia-dental-causas-consecuencias-tratamiento\/#breadcrumb","itemListElement":[{"@type":"ListItem","position":1,"name":"Portada","item":"https:\/\/www.belodonte.es\/"},{"@type":"ListItem","position":2,"name":"Ag\u00e8nesia dental: causes, conseq\u00fc\u00e8ncies i tractament"}]},{"@type":"WebSite","@id":"https:\/\/www.belodonte.es\/#website","url":"https:\/\/www.belodonte.es\/","name":"Cl\u00ednica Belodonte","description":"Cl\u00ednica dental en Barcelona","publisher":{"@id":"https:\/\/www.belodonte.es\/#organization"},"potentialAction":[{"@type":"SearchAction","target":{"@type":"EntryPoint","urlTemplate":"https:\/\/www.belodonte.es\/?s={search_term_string}"},"query-input":{"@type":"PropertyValueSpecification","valueRequired":true,"valueName":"search_term_string"}}],"inLanguage":"ca"},{"@type":"Organization","@id":"https:\/\/www.belodonte.es\/#organization","name":"Cl\u00ednica Dental Belodonte","url":"https:\/\/www.belodonte.es\/","logo":{"@type":"ImageObject","inLanguage":"ca","@id":"https:\/\/www.belodonte.es\/#\/schema\/logo\/image\/","url":"https:\/\/www.belodonte.es\/wp-content\/uploads\/2021\/10\/favicon-clinica-belodonte.png","contentUrl":"https:\/\/www.belodonte.es\/wp-content\/uploads\/2021\/10\/favicon-clinica-belodonte.png","width":512,"height":512,"caption":"Cl\u00ednica Dental Belodonte"},"image":{"@id":"https:\/\/www.belodonte.es\/#\/schema\/logo\/image\/"}},{"@type":"Person","@id":"https:\/\/www.belodonte.es\/#\/schema\/person\/af746658db6c58f111ab4e18a476abcd","name":"Cl\u00ednica Belodonte","image":{"@type":"ImageObject","inLanguage":"ca","@id":"https:\/\/secure.gravatar.com\/avatar\/638e9d8d08bf2340d3d84b2996cdb448289ac0a26b32c99af87880a52287f8b8?s=96&d=mm&r=g","url":"https:\/\/secure.gravatar.com\/avatar\/638e9d8d08bf2340d3d84b2996cdb448289ac0a26b32c99af87880a52287f8b8?s=96&d=mm&r=g","contentUrl":"https:\/\/secure.gravatar.com\/avatar\/638e9d8d08bf2340d3d84b2996cdb448289ac0a26b32c99af87880a52287f8b8?s=96&d=mm&r=g","caption":"Cl\u00ednica Belodonte"},"url":"https:\/\/www.belodonte.es\/ca\/author\/wm_mgc\/"}]}},"_links":{"self":[{"href":"https:\/\/www.belodonte.es\/ca\/wp-json\/wp\/v2\/posts\/6763","targetHints":{"allow":["GET"]}}],"collection":[{"href":"https:\/\/www.belodonte.es\/ca\/wp-json\/wp\/v2\/posts"}],"about":[{"href":"https:\/\/www.belodonte.es\/ca\/wp-json\/wp\/v2\/types\/post"}],"author":[{"embeddable":true,"href":"https:\/\/www.belodonte.es\/ca\/wp-json\/wp\/v2\/users\/3"}],"replies":[{"embeddable":true,"href":"https:\/\/www.belodonte.es\/ca\/wp-json\/wp\/v2\/comments?post=6763"}],"version-history":[{"count":1,"href":"https:\/\/www.belodonte.es\/ca\/wp-json\/wp\/v2\/posts\/6763\/revisions"}],"predecessor-version":[{"id":6764,"href":"https:\/\/www.belodonte.es\/ca\/wp-json\/wp\/v2\/posts\/6763\/revisions\/6764"}],"wp:featuredmedia":[{"embeddable":true,"href":"https:\/\/www.belodonte.es\/ca\/wp-json\/wp\/v2\/media\/6762"}],"wp:attachment":[{"href":"https:\/\/www.belodonte.es\/ca\/wp-json\/wp\/v2\/media?parent=6763"}],"wp:term":[{"taxonomy":"category","embeddable":true,"href":"https:\/\/www.belodonte.es\/ca\/wp-json\/wp\/v2\/categories?post=6763"},{"taxonomy":"post_tag","embeddable":true,"href":"https:\/\/www.belodonte.es\/ca\/wp-json\/wp\/v2\/tags?post=6763"}],"curies":[{"name":"wp","href":"https:\/\/api.w.org\/{rel}","templated":true}]}}