{"id":6760,"date":"2025-12-02T06:00:00","date_gmt":"2025-12-02T06:00:00","guid":{"rendered":"https:\/\/www.belodonte.es\/?p=6760"},"modified":"2025-11-06T08:34:17","modified_gmt":"2025-11-06T08:34:17","slug":"quan-comencar-raspallar-dents-nado","status":"publish","type":"post","link":"https:\/\/www.belodonte.es\/ca\/quan-comencar-raspallar-dents-nado\/","title":{"rendered":"Quan comen\u00e7ar a raspallar les dents del nad\u00f3?"},"content":{"rendered":"\n<p>La higiene bucodental comen\u00e7a abans que aparegui la primera dent. Molts pares es pregunten <strong>quan comen\u00e7ar a raspallar les dents del nad\u00f3<\/strong> i com fer-lo correctament. La realitat \u00e9s que establir bons h\u00e0bits des del principi \u00e9s fonamental per a prevenir c\u00e0ries primerenques i garantir un somriure sa en el futur.<\/p>\n\n\n\n<p>Des de <strong>Cl\u00ednica Belodonte, <a href=\"https:\/\/www.belodonte.es\/ca\/odontopediatria\/\" target=\"_blank\" rel=\"noreferrer noopener\">experts en odontopediatria a Barcelona<\/a><\/strong>, t&#8217;expliquem el moment adequat per a iniciar la neteja dental del nad\u00f3, com fer-lo pas a pas i per qu\u00e8 \u00e9s essencial visitar a l&#8217;odontopediatra.<\/p>\n\n\n\n<h2 class=\"wp-block-heading\">Quan cal comen\u00e7ar a raspallar les dents del nad\u00f3?<\/h2>\n\n\n\n<p>El raspallat ha de comen\u00e7ar quan erupciona la primera dent, generalment al voltant dels 6 mesos d&#8217;edat. Encara que pugui semblar aviat, els bacteris que provoquen c\u00e0ries es desenvolupen des del primer moment en qu\u00e8 hi ha dents en la boca.<\/p>\n\n\n\n<p>Abans que apareguin, es recomana netejar les genives amb una gasa humitejada o un didal de silicona, especialment despr\u00e9s de les preses, per a eliminar restes de llet i acostumar al nad\u00f3 a la rutina d&#8217;higiene oral.<\/p>\n\n\n\n<p>Quan la primera dent apunta, cal usar un raspall infantil de truges suaus i cap petit, adaptat a la seva edat, i una petita quantitat de pasta fluorada (de la grand\u00e0ria d&#8217;un gra d&#8217;arr\u00f2s), sempre sota supervisi\u00f3 d&#8217;un adult.<\/p>\n\n\n\n<h2 class=\"wp-block-heading\">Per qu\u00e8 \u00e9s important comen\u00e7ar tan aviat?<\/h2>\n\n\n\n<p>Comen\u00e7ar el raspallat des de la primera dent ajuda a:<\/p>\n\n\n\n<ul class=\"wp-block-list\">\n<li>Prevenir la c\u00e0ries del biber\u00f3, una de les m\u00e9s comunes en nadons i nens petits.<\/li>\n\n\n\n<li>Crear rutines saludables: el nen s&#8217;acostuma al raspallat diari com a part natural de la seva cura.<\/li>\n\n\n\n<li>Evitar la por al dentista, ja que el contacte primerenc amb la higiene bucal i amb l&#8217;odontopediatra redueix l&#8217;ansietat en futures visites.<\/li>\n\n\n\n<li>Cuidar la salut general: una boca sana influeix en l&#8217;alimentaci\u00f3, la parla i el benestar general del nad\u00f3.<\/li>\n<\/ul>\n\n\n\n<p>Recorda que els bacteris bucals poden transmetre&#8217;s dels adults als nens a trav\u00e9s de gestos quotidians, com compartir coberts o netejar el xumet amb la boca, per la qual cosa la higiene de tota la fam\u00edlia \u00e9s tamb\u00e9 essencial.<\/p>\n\n\n\n<h2 class=\"wp-block-heading\">Consells per al raspallat dental infantil<\/h2>\n\n\n\n<p>Alguns s\u00f3n:<\/p>\n\n\n\n<ul class=\"wp-block-list\">\n<li>Usa un raspall adequat a la seva edat, amb m\u00e0nec ergon\u00f2mic i truges suaus.<\/li>\n\n\n\n<li>Utilitza pasta fluorada (1.000 ppm de fluor fins als 3 anys i 1.000-1.450 ppm a partir d&#8217;aquesta edat), en la quantitat recomanada per l&#8217;odontopediatra.<\/li>\n\n\n\n<li>Raspalla dues vegades al dia, especialment abans de dormir.<\/li>\n\n\n\n<li>Supervisa el raspallat fins que el nen tingui prou destresa (aproximadament fins als 7-8 anys).<\/li>\n\n\n\n<li>Evita els aliments ensucrats i no deixis al nad\u00f3 dormir amb el biber\u00f3.<\/li>\n<\/ul>\n\n\n\n<h2 class=\"wp-block-heading\">La import\u00e0ncia d&#8217;acudir a l&#8217;odontopediatra<\/h2>\n\n\n\n<p>El primer control dental es recomana abans del primer any de vida o en erupcionar la primera dent. Aquesta primera visita no sols permet revisar la correcta erupci\u00f3 dental i l&#8217;estat de les genives, sin\u00f3 tamb\u00e9 oferir als pares una guia de prevenci\u00f3 personalitzada.<\/p>\n\n\n\n<p>L&#8217;odontopediatra \u00e9s l&#8217;especialista en la cura bucodental infantil. En Cl\u00ednica Belodonte oferim una atenci\u00f3 adaptada a cada etapa del desenvolupament del nen, amb un enfocament preventiu i educatiu, perqu\u00e8 els m\u00e9s petits creixin amb un somriure sa i sense por al dentista.<\/p>\n\n\n\n<p>En conclusi\u00f3, comen\u00e7ar a raspallar les dents del nad\u00f3 des de la primera dent \u00e9s una inversi\u00f3 en salut i benestar. Amb h\u00e0bits adequats i visites regulars a l&#8217;odontopediatra, es poden prevenir problemes futurs i fomentar una actitud positiva cap a la higiene oral.<\/p>\n\n\n\n<p>Des de Cl\u00ednica Belodonte, recomanem als pares incorporar la higiene dental en la rutina di\u00e0ria del nad\u00f3 i acudir a revisions peri\u00f2diques per a assegurar un creixement sa i un somriure feli\u00e7 des del principi. Si desitges que valorem la salut bucodental dels petits de la casa, o m\u00e9s informaci\u00f3, <strong><a href=\"https:\/\/www.belodonte.es\/ca\/contacte\/\" target=\"_blank\" rel=\"noreferrer noopener\">no dubtis a posar-te en contacte amb nosaltres.<\/a><\/strong><\/p>\n","protected":false},"excerpt":{"rendered":"<p>La higiene bucodental comen\u00e7a abans que aparegui la primera dent. Molts pares es pregunten quan comen\u00e7ar a raspallar les dents del nad\u00f3 i com fer-lo correctament. La realitat \u00e9s que establir bons h\u00e0bits des del principi \u00e9s fonamental per a [&hellip;]<\/p>\n","protected":false},"author":3,"featured_media":6759,"comment_status":"open","ping_status":"open","sticky":false,"template":"","format":"standard","meta":{"site-sidebar-layout":"default","site-content-layout":"","ast-site-content-layout":"default","site-content-style":"default","site-sidebar-style":"default","ast-global-header-display":"","ast-banner-title-visibility":"","ast-main-header-display":"","ast-hfb-above-header-display":"","ast-hfb-below-header-display":"","ast-hfb-mobile-header-display":"","site-post-title":"","ast-breadcrumbs-content":"","ast-featured-img":"","footer-sml-layout":"","ast-disable-related-posts":"","theme-transparent-header-meta":"","adv-header-id-meta":"","stick-header-meta":"","header-above-stick-meta":"","header-main-stick-meta":"","header-below-stick-meta":"","astra-migrate-meta-layouts":"set","ast-page-background-enabled":"default","ast-page-background-meta":{"desktop":{"background-color":"","background-image":"","background-repeat":"repeat","background-position":"center center","background-size":"auto","background-attachment":"scroll","background-type":"","background-media":"","overlay-type":"","overlay-color":"","overlay-opacity":"","overlay-gradient":""},"tablet":{"background-color":"","background-image":"","background-repeat":"repeat","background-position":"center center","background-size":"auto","background-attachment":"scroll","background-type":"","background-media":"","overlay-type":"","overlay-color":"","overlay-opacity":"","overlay-gradient":""},"mobile":{"background-color":"","background-image":"","background-repeat":"repeat","background-position":"center center","background-size":"auto","background-attachment":"scroll","background-type":"","background-media":"","overlay-type":"","overlay-color":"","overlay-opacity":"","overlay-gradient":""}},"ast-content-background-meta":{"desktop":{"background-color":"var(--ast-global-color-5)","background-image":"","background-repeat":"repeat","background-position":"center center","background-size":"auto","background-attachment":"scroll","background-type":"","background-media":"","overlay-type":"","overlay-color":"","overlay-opacity":"","overlay-gradient":""},"tablet":{"background-color":"var(--ast-global-color-5)","background-image":"","background-repeat":"repeat","background-position":"center center","background-size":"auto","background-attachment":"scroll","background-type":"","background-media":"","overlay-type":"","overlay-color":"","overlay-opacity":"","overlay-gradient":""},"mobile":{"background-color":"var(--ast-global-color-5)","background-image":"","background-repeat":"repeat","background-position":"center center","background-size":"auto","background-attachment":"scroll","background-type":"","background-media":"","overlay-type":"","overlay-color":"","overlay-opacity":"","overlay-gradient":""}},"footnotes":""},"categories":[35],"tags":[],"class_list":["post-6760","post","type-post","status-publish","format-standard","has-post-thumbnail","hentry","category-odontopediatria-2"],"yoast_head":"<!-- This site is optimized with the Yoast SEO plugin v27.4 - https:\/\/yoast.com\/product\/yoast-seo-wordpress\/ -->\n<title>Quan comen\u00e7ar a raspallar les dents del nad\u00f3?<\/title>\n<meta name=\"description\" content=\"Molts pares es pregunten quan comen\u00e7ar a raspallar les dents del nad\u00f3 i com fer-lo correctament. Ho expliquem.\" \/>\n<meta name=\"robots\" content=\"index, follow, max-snippet:-1, max-image-preview:large, max-video-preview:-1\" \/>\n<link rel=\"canonical\" href=\"https:\/\/www.belodonte.es\/cuando-empezar-cepillar-dientes-bebe\/\" \/>\n<meta property=\"og:locale\" content=\"ca_ES\" \/>\n<meta property=\"og:type\" content=\"article\" \/>\n<meta property=\"og:title\" content=\"Quan comen\u00e7ar a raspallar les dents del nad\u00f3?\" \/>\n<meta property=\"og:description\" content=\"Molts pares es pregunten quan comen\u00e7ar a raspallar les dents del nad\u00f3 i com fer-lo correctament. Ho expliquem.\" \/>\n<meta property=\"og:url\" content=\"https:\/\/www.belodonte.es\/cuando-empezar-cepillar-dientes-bebe\/\" \/>\n<meta property=\"og:site_name\" content=\"Cl\u00ednica Belodonte\" \/>\n<meta property=\"article:published_time\" content=\"2025-12-02T06:00:00+00:00\" \/>\n<meta property=\"og:image\" content=\"https:\/\/www.belodonte.es\/wp-content\/uploads\/2025\/11\/Cuando-empezar-a-cepillar-los-dientes-del-bebe-1024x576.jpeg\" \/>\n\t<meta property=\"og:image:width\" content=\"1024\" \/>\n\t<meta property=\"og:image:height\" content=\"576\" \/>\n\t<meta property=\"og:image:type\" content=\"image\/jpeg\" \/>\n<meta name=\"author\" content=\"Cl\u00ednica Belodonte\" \/>\n<meta name=\"twitter:card\" content=\"summary_large_image\" \/>\n<meta name=\"twitter:label1\" content=\"Written by\" \/>\n\t<meta name=\"twitter:data1\" content=\"Cl\u00ednica Belodonte\" \/>\n\t<meta name=\"twitter:label2\" content=\"Est. reading time\" \/>\n\t<meta name=\"twitter:data2\" content=\"4 minutes\" \/>\n<script type=\"application\/ld+json\" class=\"yoast-schema-graph\">{\"@context\":\"https:\\\/\\\/schema.org\",\"@graph\":[{\"@type\":\"Article\",\"@id\":\"https:\\\/\\\/www.belodonte.es\\\/cuando-empezar-cepillar-dientes-bebe\\\/#article\",\"isPartOf\":{\"@id\":\"https:\\\/\\\/www.belodonte.es\\\/cuando-empezar-cepillar-dientes-bebe\\\/\"},\"author\":{\"name\":\"Cl\u00ednica Belodonte\",\"@id\":\"https:\\\/\\\/www.belodonte.es\\\/#\\\/schema\\\/person\\\/af746658db6c58f111ab4e18a476abcd\"},\"headline\":\"Quan comen\u00e7ar a raspallar les dents del nad\u00f3?\",\"datePublished\":\"2025-12-02T06:00:00+00:00\",\"mainEntityOfPage\":{\"@id\":\"https:\\\/\\\/www.belodonte.es\\\/cuando-empezar-cepillar-dientes-bebe\\\/\"},\"wordCount\":650,\"commentCount\":0,\"publisher\":{\"@id\":\"https:\\\/\\\/www.belodonte.es\\\/#organization\"},\"image\":{\"@id\":\"https:\\\/\\\/www.belodonte.es\\\/cuando-empezar-cepillar-dientes-bebe\\\/#primaryimage\"},\"thumbnailUrl\":\"https:\\\/\\\/www.belodonte.es\\\/wp-content\\\/uploads\\\/2025\\\/11\\\/Cuando-empezar-a-cepillar-los-dientes-del-bebe.jpeg\",\"articleSection\":[\"Odontopediatria\"],\"inLanguage\":\"ca\",\"potentialAction\":[{\"@type\":\"CommentAction\",\"name\":\"Comment\",\"target\":[\"https:\\\/\\\/www.belodonte.es\\\/cuando-empezar-cepillar-dientes-bebe\\\/#respond\"]}]},{\"@type\":\"WebPage\",\"@id\":\"https:\\\/\\\/www.belodonte.es\\\/cuando-empezar-cepillar-dientes-bebe\\\/\",\"url\":\"https:\\\/\\\/www.belodonte.es\\\/cuando-empezar-cepillar-dientes-bebe\\\/\",\"name\":\"Quan comen\u00e7ar a raspallar les dents del nad\u00f3?\",\"isPartOf\":{\"@id\":\"https:\\\/\\\/www.belodonte.es\\\/#website\"},\"primaryImageOfPage\":{\"@id\":\"https:\\\/\\\/www.belodonte.es\\\/cuando-empezar-cepillar-dientes-bebe\\\/#primaryimage\"},\"image\":{\"@id\":\"https:\\\/\\\/www.belodonte.es\\\/cuando-empezar-cepillar-dientes-bebe\\\/#primaryimage\"},\"thumbnailUrl\":\"https:\\\/\\\/www.belodonte.es\\\/wp-content\\\/uploads\\\/2025\\\/11\\\/Cuando-empezar-a-cepillar-los-dientes-del-bebe.jpeg\",\"datePublished\":\"2025-12-02T06:00:00+00:00\",\"description\":\"Molts pares es pregunten quan comen\u00e7ar a raspallar les dents del nad\u00f3 i com fer-lo correctament. Ho expliquem.\",\"breadcrumb\":{\"@id\":\"https:\\\/\\\/www.belodonte.es\\\/cuando-empezar-cepillar-dientes-bebe\\\/#breadcrumb\"},\"inLanguage\":\"ca\",\"potentialAction\":[{\"@type\":\"ReadAction\",\"target\":[\"https:\\\/\\\/www.belodonte.es\\\/cuando-empezar-cepillar-dientes-bebe\\\/\"]}]},{\"@type\":\"ImageObject\",\"inLanguage\":\"ca\",\"@id\":\"https:\\\/\\\/www.belodonte.es\\\/cuando-empezar-cepillar-dientes-bebe\\\/#primaryimage\",\"url\":\"https:\\\/\\\/www.belodonte.es\\\/wp-content\\\/uploads\\\/2025\\\/11\\\/Cuando-empezar-a-cepillar-los-dientes-del-bebe.jpeg\",\"contentUrl\":\"https:\\\/\\\/www.belodonte.es\\\/wp-content\\\/uploads\\\/2025\\\/11\\\/Cuando-empezar-a-cepillar-los-dientes-del-bebe.jpeg\",\"width\":2001,\"height\":1126,\"caption\":\"Cua\u0301ndo empezar a cepillar los dientes del bebe\u0301\"},{\"@type\":\"BreadcrumbList\",\"@id\":\"https:\\\/\\\/www.belodonte.es\\\/cuando-empezar-cepillar-dientes-bebe\\\/#breadcrumb\",\"itemListElement\":[{\"@type\":\"ListItem\",\"position\":1,\"name\":\"Portada\",\"item\":\"https:\\\/\\\/www.belodonte.es\\\/\"},{\"@type\":\"ListItem\",\"position\":2,\"name\":\"Quan comen\u00e7ar a raspallar les dents del nad\u00f3?\"}]},{\"@type\":\"WebSite\",\"@id\":\"https:\\\/\\\/www.belodonte.es\\\/#website\",\"url\":\"https:\\\/\\\/www.belodonte.es\\\/\",\"name\":\"Cl\u00ednica Belodonte\",\"description\":\"Cl\u00ednica dental en Barcelona\",\"publisher\":{\"@id\":\"https:\\\/\\\/www.belodonte.es\\\/#organization\"},\"potentialAction\":[{\"@type\":\"SearchAction\",\"target\":{\"@type\":\"EntryPoint\",\"urlTemplate\":\"https:\\\/\\\/www.belodonte.es\\\/?s={search_term_string}\"},\"query-input\":{\"@type\":\"PropertyValueSpecification\",\"valueRequired\":true,\"valueName\":\"search_term_string\"}}],\"inLanguage\":\"ca\"},{\"@type\":\"Organization\",\"@id\":\"https:\\\/\\\/www.belodonte.es\\\/#organization\",\"name\":\"Cl\u00ednica Dental Belodonte\",\"url\":\"https:\\\/\\\/www.belodonte.es\\\/\",\"logo\":{\"@type\":\"ImageObject\",\"inLanguage\":\"ca\",\"@id\":\"https:\\\/\\\/www.belodonte.es\\\/#\\\/schema\\\/logo\\\/image\\\/\",\"url\":\"https:\\\/\\\/www.belodonte.es\\\/wp-content\\\/uploads\\\/2021\\\/10\\\/favicon-clinica-belodonte.png\",\"contentUrl\":\"https:\\\/\\\/www.belodonte.es\\\/wp-content\\\/uploads\\\/2021\\\/10\\\/favicon-clinica-belodonte.png\",\"width\":512,\"height\":512,\"caption\":\"Cl\u00ednica Dental Belodonte\"},\"image\":{\"@id\":\"https:\\\/\\\/www.belodonte.es\\\/#\\\/schema\\\/logo\\\/image\\\/\"}},{\"@type\":\"Person\",\"@id\":\"https:\\\/\\\/www.belodonte.es\\\/#\\\/schema\\\/person\\\/af746658db6c58f111ab4e18a476abcd\",\"name\":\"Cl\u00ednica Belodonte\",\"image\":{\"@type\":\"ImageObject\",\"inLanguage\":\"ca\",\"@id\":\"https:\\\/\\\/secure.gravatar.com\\\/avatar\\\/638e9d8d08bf2340d3d84b2996cdb448289ac0a26b32c99af87880a52287f8b8?s=96&d=mm&r=g\",\"url\":\"https:\\\/\\\/secure.gravatar.com\\\/avatar\\\/638e9d8d08bf2340d3d84b2996cdb448289ac0a26b32c99af87880a52287f8b8?s=96&d=mm&r=g\",\"contentUrl\":\"https:\\\/\\\/secure.gravatar.com\\\/avatar\\\/638e9d8d08bf2340d3d84b2996cdb448289ac0a26b32c99af87880a52287f8b8?s=96&d=mm&r=g\",\"caption\":\"Cl\u00ednica Belodonte\"},\"url\":\"https:\\\/\\\/www.belodonte.es\\\/ca\\\/author\\\/wm_mgc\\\/\"}]}<\/script>\n<!-- \/ Yoast SEO plugin. -->","yoast_head_json":{"title":"Quan comen\u00e7ar a raspallar les dents del nad\u00f3?","description":"Molts pares es pregunten quan comen\u00e7ar a raspallar les dents del nad\u00f3 i com fer-lo correctament. Ho expliquem.","robots":{"index":"index","follow":"follow","max-snippet":"max-snippet:-1","max-image-preview":"max-image-preview:large","max-video-preview":"max-video-preview:-1"},"canonical":"https:\/\/www.belodonte.es\/cuando-empezar-cepillar-dientes-bebe\/","og_locale":"ca_ES","og_type":"article","og_title":"Quan comen\u00e7ar a raspallar les dents del nad\u00f3?","og_description":"Molts pares es pregunten quan comen\u00e7ar a raspallar les dents del nad\u00f3 i com fer-lo correctament. Ho expliquem.","og_url":"https:\/\/www.belodonte.es\/cuando-empezar-cepillar-dientes-bebe\/","og_site_name":"Cl\u00ednica Belodonte","article_published_time":"2025-12-02T06:00:00+00:00","og_image":[{"width":1024,"height":576,"url":"https:\/\/www.belodonte.es\/wp-content\/uploads\/2025\/11\/Cuando-empezar-a-cepillar-los-dientes-del-bebe-1024x576.jpeg","type":"image\/jpeg"}],"author":"Cl\u00ednica Belodonte","twitter_card":"summary_large_image","twitter_misc":{"Written by":"Cl\u00ednica Belodonte","Est. reading time":"4 minutes"},"schema":{"@context":"https:\/\/schema.org","@graph":[{"@type":"Article","@id":"https:\/\/www.belodonte.es\/cuando-empezar-cepillar-dientes-bebe\/#article","isPartOf":{"@id":"https:\/\/www.belodonte.es\/cuando-empezar-cepillar-dientes-bebe\/"},"author":{"name":"Cl\u00ednica Belodonte","@id":"https:\/\/www.belodonte.es\/#\/schema\/person\/af746658db6c58f111ab4e18a476abcd"},"headline":"Quan comen\u00e7ar a raspallar les dents del nad\u00f3?","datePublished":"2025-12-02T06:00:00+00:00","mainEntityOfPage":{"@id":"https:\/\/www.belodonte.es\/cuando-empezar-cepillar-dientes-bebe\/"},"wordCount":650,"commentCount":0,"publisher":{"@id":"https:\/\/www.belodonte.es\/#organization"},"image":{"@id":"https:\/\/www.belodonte.es\/cuando-empezar-cepillar-dientes-bebe\/#primaryimage"},"thumbnailUrl":"https:\/\/www.belodonte.es\/wp-content\/uploads\/2025\/11\/Cuando-empezar-a-cepillar-los-dientes-del-bebe.jpeg","articleSection":["Odontopediatria"],"inLanguage":"ca","potentialAction":[{"@type":"CommentAction","name":"Comment","target":["https:\/\/www.belodonte.es\/cuando-empezar-cepillar-dientes-bebe\/#respond"]}]},{"@type":"WebPage","@id":"https:\/\/www.belodonte.es\/cuando-empezar-cepillar-dientes-bebe\/","url":"https:\/\/www.belodonte.es\/cuando-empezar-cepillar-dientes-bebe\/","name":"Quan comen\u00e7ar a raspallar les dents del nad\u00f3?","isPartOf":{"@id":"https:\/\/www.belodonte.es\/#website"},"primaryImageOfPage":{"@id":"https:\/\/www.belodonte.es\/cuando-empezar-cepillar-dientes-bebe\/#primaryimage"},"image":{"@id":"https:\/\/www.belodonte.es\/cuando-empezar-cepillar-dientes-bebe\/#primaryimage"},"thumbnailUrl":"https:\/\/www.belodonte.es\/wp-content\/uploads\/2025\/11\/Cuando-empezar-a-cepillar-los-dientes-del-bebe.jpeg","datePublished":"2025-12-02T06:00:00+00:00","description":"Molts pares es pregunten quan comen\u00e7ar a raspallar les dents del nad\u00f3 i com fer-lo correctament. Ho expliquem.","breadcrumb":{"@id":"https:\/\/www.belodonte.es\/cuando-empezar-cepillar-dientes-bebe\/#breadcrumb"},"inLanguage":"ca","potentialAction":[{"@type":"ReadAction","target":["https:\/\/www.belodonte.es\/cuando-empezar-cepillar-dientes-bebe\/"]}]},{"@type":"ImageObject","inLanguage":"ca","@id":"https:\/\/www.belodonte.es\/cuando-empezar-cepillar-dientes-bebe\/#primaryimage","url":"https:\/\/www.belodonte.es\/wp-content\/uploads\/2025\/11\/Cuando-empezar-a-cepillar-los-dientes-del-bebe.jpeg","contentUrl":"https:\/\/www.belodonte.es\/wp-content\/uploads\/2025\/11\/Cuando-empezar-a-cepillar-los-dientes-del-bebe.jpeg","width":2001,"height":1126,"caption":"Cua\u0301ndo empezar a cepillar los dientes del bebe\u0301"},{"@type":"BreadcrumbList","@id":"https:\/\/www.belodonte.es\/cuando-empezar-cepillar-dientes-bebe\/#breadcrumb","itemListElement":[{"@type":"ListItem","position":1,"name":"Portada","item":"https:\/\/www.belodonte.es\/"},{"@type":"ListItem","position":2,"name":"Quan comen\u00e7ar a raspallar les dents del nad\u00f3?"}]},{"@type":"WebSite","@id":"https:\/\/www.belodonte.es\/#website","url":"https:\/\/www.belodonte.es\/","name":"Cl\u00ednica Belodonte","description":"Cl\u00ednica dental en Barcelona","publisher":{"@id":"https:\/\/www.belodonte.es\/#organization"},"potentialAction":[{"@type":"SearchAction","target":{"@type":"EntryPoint","urlTemplate":"https:\/\/www.belodonte.es\/?s={search_term_string}"},"query-input":{"@type":"PropertyValueSpecification","valueRequired":true,"valueName":"search_term_string"}}],"inLanguage":"ca"},{"@type":"Organization","@id":"https:\/\/www.belodonte.es\/#organization","name":"Cl\u00ednica Dental Belodonte","url":"https:\/\/www.belodonte.es\/","logo":{"@type":"ImageObject","inLanguage":"ca","@id":"https:\/\/www.belodonte.es\/#\/schema\/logo\/image\/","url":"https:\/\/www.belodonte.es\/wp-content\/uploads\/2021\/10\/favicon-clinica-belodonte.png","contentUrl":"https:\/\/www.belodonte.es\/wp-content\/uploads\/2021\/10\/favicon-clinica-belodonte.png","width":512,"height":512,"caption":"Cl\u00ednica Dental Belodonte"},"image":{"@id":"https:\/\/www.belodonte.es\/#\/schema\/logo\/image\/"}},{"@type":"Person","@id":"https:\/\/www.belodonte.es\/#\/schema\/person\/af746658db6c58f111ab4e18a476abcd","name":"Cl\u00ednica Belodonte","image":{"@type":"ImageObject","inLanguage":"ca","@id":"https:\/\/secure.gravatar.com\/avatar\/638e9d8d08bf2340d3d84b2996cdb448289ac0a26b32c99af87880a52287f8b8?s=96&d=mm&r=g","url":"https:\/\/secure.gravatar.com\/avatar\/638e9d8d08bf2340d3d84b2996cdb448289ac0a26b32c99af87880a52287f8b8?s=96&d=mm&r=g","contentUrl":"https:\/\/secure.gravatar.com\/avatar\/638e9d8d08bf2340d3d84b2996cdb448289ac0a26b32c99af87880a52287f8b8?s=96&d=mm&r=g","caption":"Cl\u00ednica Belodonte"},"url":"https:\/\/www.belodonte.es\/ca\/author\/wm_mgc\/"}]}},"_links":{"self":[{"href":"https:\/\/www.belodonte.es\/ca\/wp-json\/wp\/v2\/posts\/6760","targetHints":{"allow":["GET"]}}],"collection":[{"href":"https:\/\/www.belodonte.es\/ca\/wp-json\/wp\/v2\/posts"}],"about":[{"href":"https:\/\/www.belodonte.es\/ca\/wp-json\/wp\/v2\/types\/post"}],"author":[{"embeddable":true,"href":"https:\/\/www.belodonte.es\/ca\/wp-json\/wp\/v2\/users\/3"}],"replies":[{"embeddable":true,"href":"https:\/\/www.belodonte.es\/ca\/wp-json\/wp\/v2\/comments?post=6760"}],"version-history":[{"count":1,"href":"https:\/\/www.belodonte.es\/ca\/wp-json\/wp\/v2\/posts\/6760\/revisions"}],"predecessor-version":[{"id":6761,"href":"https:\/\/www.belodonte.es\/ca\/wp-json\/wp\/v2\/posts\/6760\/revisions\/6761"}],"wp:featuredmedia":[{"embeddable":true,"href":"https:\/\/www.belodonte.es\/ca\/wp-json\/wp\/v2\/media\/6759"}],"wp:attachment":[{"href":"https:\/\/www.belodonte.es\/ca\/wp-json\/wp\/v2\/media?parent=6760"}],"wp:term":[{"taxonomy":"category","embeddable":true,"href":"https:\/\/www.belodonte.es\/ca\/wp-json\/wp\/v2\/categories?post=6760"},{"taxonomy":"post_tag","embeddable":true,"href":"https:\/\/www.belodonte.es\/ca\/wp-json\/wp\/v2\/tags?post=6760"}],"curies":[{"name":"wp","href":"https:\/\/api.w.org\/{rel}","templated":true}]}}