{"id":6557,"date":"2025-10-09T06:00:00","date_gmt":"2025-10-09T06:00:00","guid":{"rendered":"https:\/\/www.belodonte.es\/?p=6557"},"modified":"2025-08-28T08:15:22","modified_gmt":"2025-08-28T08:15:22","slug":"dents-superiors-avancades-causes-efectes-solucions","status":"publish","type":"post","link":"https:\/\/www.belodonte.es\/ca\/dents-superiors-avancades-causes-efectes-solucions\/","title":{"rendered":"Dents superiors avan\u00e7ades: causes, efectes i solucions"},"content":{"rendered":"\n<p>Les <strong>dents superiors avan\u00e7ades<\/strong> s\u00f3n una condici\u00f3 dental freq\u00fcent que pot afectar tant l&#8217;est\u00e8tica com la funcionalitat de la boca. Des de <strong>Cl\u00ednica Belodonte, <a href=\"https:\/\/www.belodonte.es\/ca\/ortodoncia\/\" target=\"_blank\" rel=\"noreferrer noopener\">experts en ortod\u00f2ncia a Barcelona<\/a><\/strong>, T&#8217;expliquem les seves caracter\u00edstiques, causes i opcions de tractament \u00e9s clau per a prevenir complicacions i millorar la salut bucodental.<\/p>\n\n\n\n<h2 class=\"wp-block-heading\">Qu\u00e8 s\u00f3n les dents superiors avan\u00e7ades<\/h2>\n\n\n\n<p>Les dents superiors avan\u00e7ades, tamb\u00e9 coneguts com sobremossegada o overjet, es produeixen quan els incisius superiors sobresurten de manera significativa respecte als incisius inferiors. Aquesta condici\u00f3 pot variar des d&#8217;un lleu despla\u00e7ament fins a un cas sever que afecti la mossegada i l&#8217;est\u00e8tica facial.<\/p>\n\n\n\n<p>Entre les seves caracter\u00edstiques principals destaquen:<\/p>\n\n\n\n<ul class=\"wp-block-list\">\n<li>Incisius superiors visibles en parlar o somriure.<\/li>\n\n\n\n<li>Dificultat per a tancar correctament els llavis.<\/li>\n\n\n\n<li>Aparen\u00e7a de \u201cprojecci\u00f3\u201d de la part superior de la dentadura.<\/li>\n\n\n\n<li>Possible desgast irregular de les dents.<\/li>\n<\/ul>\n\n\n\n<h2 class=\"wp-block-heading\">Causes i factors de risc<\/h2>\n\n\n\n<p>Les dents superiors avan\u00e7ades poden originar-se per diversos motius, tant gen\u00e8tics com adquirits:<\/p>\n\n\n\n<ul class=\"wp-block-list\">\n<li><strong>Gen\u00e8tica i her\u00e8ncia familiar: <\/strong>La forma i la grand\u00e0ria de la mand\u00edbula i les dents solen transmetre&#8217;s, afavorint la sobremossegada.<\/li>\n\n\n\n<li><strong>H\u00e0bits en la inf\u00e0ncia: <\/strong>Xuclar-se el dit, usar xumet prolongadament o emp\u00e8nyer les dents amb la llengua pot influir en la posici\u00f3 dental.<\/li>\n\n\n\n<li><strong>Problemes de desenvolupament de la mand\u00edbula:<\/strong> Un desajustament entre la mand\u00edbula superior i la inferior pot provocar que els incisius sobresurtin.<\/li>\n\n\n\n<li><strong>P\u00e8rdua primerenca de dents de llet: <\/strong>L&#8217;abs\u00e8ncia de dents temporals sense substituci\u00f3 adequada pot causar despla\u00e7aments en la dentadura definitiva.<\/li>\n<\/ul>\n\n\n\n<p>Els factors de risc inclouen antecedents familiars, respiraci\u00f3 bucal cr\u00f2nica i h\u00e0bits de succi\u00f3 infantil prolongats.<\/p>\n\n\n\n<h2 class=\"wp-block-heading\">S\u00edmptomes i efectes<\/h2>\n\n\n\n<p>A m\u00e9s de l&#8217;impacte est\u00e8tic, les dents superiors avan\u00e7ades poden generar diversos s\u00edmptomes:<\/p>\n\n\n\n<ul class=\"wp-block-list\">\n<li>Dificultats per a mossegar i mastegar correctament.<\/li>\n\n\n\n<li>Problemes en la parla, com a dificultat per a pronunciar uns certs sons.<\/li>\n\n\n\n<li>Major risc de traumatismes en els incisius superiors.<\/li>\n\n\n\n<li>Dolor o tensi\u00f3 en la mand\u00edbula i desgast dental irregular.<\/li>\n<\/ul>\n\n\n\n<p>Si no es tracta, la sobremossegada severa pot afectar la salut periodontal, generar maloclusi\u00f3 i contribuir a problemes digestius per una masticaci\u00f3 inadequada.<\/p>\n\n\n\n<h2 class=\"wp-block-heading\">Tractaments mitjan\u00e7ant ortod\u00f2ncia<\/h2>\n\n\n\n<p>L&#8217;ortod\u00f2ncia \u00e9s el tractament m\u00e9s efica\u00e7 per a corregir les dents superiors avan\u00e7ades. Depenent de l&#8217;edat del pacient i la severitat del cas, les opcions inclouen:<\/p>\n\n\n\n<ul class=\"wp-block-list\">\n<li><strong>Brackets tradicionals:<\/strong> Corregeixen la posici\u00f3 de les dents mitjan\u00e7ant pressi\u00f3 controlada al llarg del temps.<\/li>\n\n\n\n<li><strong>Ortod\u00f2ncia invisible (alineadors transparents): <\/strong>Soluci\u00f3 est\u00e8tica i c\u00f2moda que reposiciona gradualment les dents.<\/li>\n\n\n\n<li><strong>Dispositius funcionals:<\/strong> Recomanats principalment en nens i adolescents per a guiar el creixement de la mand\u00edbula.<\/li>\n\n\n\n<li><strong>Ortod\u00f2ncia combinada amb cirurgia: <\/strong>En casos severs de desajustament mandibular, pot ser necess\u00e0ria la cirurgia ortogn\u00e0tica.<\/li>\n<\/ul>\n\n\n\n<p>El tractament ortod\u00f2ntic no sols millora l&#8217;est\u00e8tica, sin\u00f3 que tamb\u00e9 prev\u00e9 complicacions funcionals, com a desgast dental i problemes articulars en la mand\u00edbula.<\/p>\n\n\n\n<h2 class=\"wp-block-heading\">Prevenci\u00f3<\/h2>\n\n\n\n<p>La prevenci\u00f3 de les dents superiors avan\u00e7ades se centra en la detecci\u00f3 preco\u00e7 i la cura dels h\u00e0bits infantils:<\/p>\n\n\n\n<ul class=\"wp-block-list\">\n<li>Evitar xuclar-se el dit o l&#8217;\u00fas prolongat del xumet.<\/li>\n\n\n\n<li>Revisions dentals peri\u00f2diques des de la inf\u00e0ncia per a detectar maloclusions.<\/li>\n\n\n\n<li>Fomentar una respiraci\u00f3 nasal adequada i h\u00e0bits de masticaci\u00f3 correctes.<\/li>\n\n\n\n<li>Intervencions ortod\u00f2ntiques primerenques en cas de desajustament mandibular.<\/li>\n<\/ul>\n\n\n\n<p>A Cl\u00ednica Belodonte, experts en ortod\u00f2ncia a Barcelona, recomanem una avaluaci\u00f3 professional des d&#8217;edats primerenques per a garantir un desenvolupament dental i facial equilibrat, evitant complicacions a llarg termini.<\/p>\n\n\n\n<p>A la nostra cl\u00ednica oferim serveis d&#8217;ortod\u00f2ncia i cirurgia oral i maxil\u00b7lofacial per a ajudar-te en el teu cas, <strong><a href=\"https:\/\/www.belodonte.es\/ca\/contacte\/\" target=\"_blank\" rel=\"noreferrer noopener\">no dubtis a posar-te en contacte amb nosaltres.<\/a><\/strong><\/p>\n","protected":false},"excerpt":{"rendered":"<p>Les dents superiors avan\u00e7ades s\u00f3n una condici\u00f3 dental freq\u00fcent que pot afectar tant l&#8217;est\u00e8tica com la funcionalitat de la boca. Des de Cl\u00ednica Belodonte, experts en ortod\u00f2ncia a Barcelona, T&#8217;expliquem les seves caracter\u00edstiques, causes i opcions de tractament \u00e9s clau [&hellip;]<\/p>\n","protected":false},"author":3,"featured_media":6506,"comment_status":"open","ping_status":"open","sticky":false,"template":"","format":"standard","meta":{"site-sidebar-layout":"default","site-content-layout":"","ast-site-content-layout":"default","site-content-style":"default","site-sidebar-style":"default","ast-global-header-display":"","ast-banner-title-visibility":"","ast-main-header-display":"","ast-hfb-above-header-display":"","ast-hfb-below-header-display":"","ast-hfb-mobile-header-display":"","site-post-title":"","ast-breadcrumbs-content":"","ast-featured-img":"","footer-sml-layout":"","ast-disable-related-posts":"","theme-transparent-header-meta":"","adv-header-id-meta":"","stick-header-meta":"","header-above-stick-meta":"","header-main-stick-meta":"","header-below-stick-meta":"","astra-migrate-meta-layouts":"set","ast-page-background-enabled":"default","ast-page-background-meta":{"desktop":{"background-color":"","background-image":"","background-repeat":"repeat","background-position":"center center","background-size":"auto","background-attachment":"scroll","background-type":"","background-media":"","overlay-type":"","overlay-color":"","overlay-opacity":"","overlay-gradient":""},"tablet":{"background-color":"","background-image":"","background-repeat":"repeat","background-position":"center center","background-size":"auto","background-attachment":"scroll","background-type":"","background-media":"","overlay-type":"","overlay-color":"","overlay-opacity":"","overlay-gradient":""},"mobile":{"background-color":"","background-image":"","background-repeat":"repeat","background-position":"center center","background-size":"auto","background-attachment":"scroll","background-type":"","background-media":"","overlay-type":"","overlay-color":"","overlay-opacity":"","overlay-gradient":""}},"ast-content-background-meta":{"desktop":{"background-color":"var(--ast-global-color-5)","background-image":"","background-repeat":"repeat","background-position":"center center","background-size":"auto","background-attachment":"scroll","background-type":"","background-media":"","overlay-type":"","overlay-color":"","overlay-opacity":"","overlay-gradient":""},"tablet":{"background-color":"var(--ast-global-color-5)","background-image":"","background-repeat":"repeat","background-position":"center center","background-size":"auto","background-attachment":"scroll","background-type":"","background-media":"","overlay-type":"","overlay-color":"","overlay-opacity":"","overlay-gradient":""},"mobile":{"background-color":"var(--ast-global-color-5)","background-image":"","background-repeat":"repeat","background-position":"center center","background-size":"auto","background-attachment":"scroll","background-type":"","background-media":"","overlay-type":"","overlay-color":"","overlay-opacity":"","overlay-gradient":""}},"footnotes":""},"categories":[19],"tags":[],"class_list":["post-6557","post","type-post","status-publish","format-standard","has-post-thumbnail","hentry","category-ortodoncia-2"],"yoast_head":"<!-- This site is optimized with the Yoast SEO plugin v27.5 - https:\/\/yoast.com\/product\/yoast-seo-wordpress\/ -->\n<title>Dents superiors avan\u00e7ades: causes, efectes i solucions - Cl\u00ednica Belodonte<\/title>\n<meta name=\"robots\" content=\"index, follow, max-snippet:-1, max-image-preview:large, max-video-preview:-1\" \/>\n<link rel=\"canonical\" href=\"https:\/\/www.belodonte.es\/dientes-superiores-adelantados-causas-efectos-soluciones\/\" \/>\n<meta property=\"og:locale\" content=\"ca_ES\" \/>\n<meta property=\"og:type\" content=\"article\" \/>\n<meta property=\"og:title\" content=\"Dents superiors avan\u00e7ades: causes, efectes i solucions - Cl\u00ednica Belodonte\" \/>\n<meta property=\"og:description\" content=\"Les dents superiors avan\u00e7ades s\u00f3n una condici\u00f3 dental freq\u00fcent que pot afectar tant l&#8217;est\u00e8tica com la funcionalitat de la boca. Des de Cl\u00ednica Belodonte, experts en ortod\u00f2ncia a Barcelona, T&#8217;expliquem les seves caracter\u00edstiques, causes i opcions de tractament \u00e9s clau [&hellip;]\" \/>\n<meta property=\"og:url\" content=\"https:\/\/www.belodonte.es\/dientes-superiores-adelantados-causas-efectos-soluciones\/\" \/>\n<meta property=\"og:site_name\" content=\"Cl\u00ednica Belodonte\" \/>\n<meta property=\"article:published_time\" content=\"2025-10-09T06:00:00+00:00\" \/>\n<meta property=\"og:image\" content=\"https:\/\/www.belodonte.es\/wp-content\/uploads\/2025\/08\/dientes-superiores-adelantados.jpeg\" \/>\n\t<meta property=\"og:image:width\" content=\"4000\" \/>\n\t<meta property=\"og:image:height\" content=\"2250\" \/>\n\t<meta property=\"og:image:type\" content=\"image\/jpeg\" \/>\n<meta name=\"author\" content=\"Cl\u00ednica Belodonte\" \/>\n<meta name=\"twitter:card\" content=\"summary_large_image\" \/>\n<meta name=\"twitter:label1\" content=\"Written by\" \/>\n\t<meta name=\"twitter:data1\" content=\"Cl\u00ednica Belodonte\" \/>\n\t<meta name=\"twitter:label2\" content=\"Est. reading time\" \/>\n\t<meta name=\"twitter:data2\" content=\"3 minutes\" \/>\n<script type=\"application\/ld+json\" class=\"yoast-schema-graph\">{\"@context\":\"https:\\\/\\\/schema.org\",\"@graph\":[{\"@type\":\"Article\",\"@id\":\"https:\\\/\\\/www.belodonte.es\\\/dientes-superiores-adelantados-causas-efectos-soluciones\\\/#article\",\"isPartOf\":{\"@id\":\"https:\\\/\\\/www.belodonte.es\\\/dientes-superiores-adelantados-causas-efectos-soluciones\\\/\"},\"author\":{\"name\":\"Cl\u00ednica Belodonte\",\"@id\":\"https:\\\/\\\/www.belodonte.es\\\/#\\\/schema\\\/person\\\/af746658db6c58f111ab4e18a476abcd\"},\"headline\":\"Dents superiors avan\u00e7ades: causes, efectes i solucions\",\"datePublished\":\"2025-10-09T06:00:00+00:00\",\"mainEntityOfPage\":{\"@id\":\"https:\\\/\\\/www.belodonte.es\\\/dientes-superiores-adelantados-causas-efectos-soluciones\\\/\"},\"wordCount\":628,\"commentCount\":0,\"publisher\":{\"@id\":\"https:\\\/\\\/www.belodonte.es\\\/#organization\"},\"image\":{\"@id\":\"https:\\\/\\\/www.belodonte.es\\\/dientes-superiores-adelantados-causas-efectos-soluciones\\\/#primaryimage\"},\"thumbnailUrl\":\"https:\\\/\\\/www.belodonte.es\\\/wp-content\\\/uploads\\\/2025\\\/08\\\/dientes-superiores-adelantados.jpeg\",\"articleSection\":[\"Ortod\u00f2ncia\"],\"inLanguage\":\"ca\",\"potentialAction\":[{\"@type\":\"CommentAction\",\"name\":\"Comment\",\"target\":[\"https:\\\/\\\/www.belodonte.es\\\/dientes-superiores-adelantados-causas-efectos-soluciones\\\/#respond\"]}]},{\"@type\":\"WebPage\",\"@id\":\"https:\\\/\\\/www.belodonte.es\\\/dientes-superiores-adelantados-causas-efectos-soluciones\\\/\",\"url\":\"https:\\\/\\\/www.belodonte.es\\\/dientes-superiores-adelantados-causas-efectos-soluciones\\\/\",\"name\":\"Dents superiors avan\u00e7ades: causes, efectes i solucions - Cl\u00ednica Belodonte\",\"isPartOf\":{\"@id\":\"https:\\\/\\\/www.belodonte.es\\\/#website\"},\"primaryImageOfPage\":{\"@id\":\"https:\\\/\\\/www.belodonte.es\\\/dientes-superiores-adelantados-causas-efectos-soluciones\\\/#primaryimage\"},\"image\":{\"@id\":\"https:\\\/\\\/www.belodonte.es\\\/dientes-superiores-adelantados-causas-efectos-soluciones\\\/#primaryimage\"},\"thumbnailUrl\":\"https:\\\/\\\/www.belodonte.es\\\/wp-content\\\/uploads\\\/2025\\\/08\\\/dientes-superiores-adelantados.jpeg\",\"datePublished\":\"2025-10-09T06:00:00+00:00\",\"breadcrumb\":{\"@id\":\"https:\\\/\\\/www.belodonte.es\\\/dientes-superiores-adelantados-causas-efectos-soluciones\\\/#breadcrumb\"},\"inLanguage\":\"ca\",\"potentialAction\":[{\"@type\":\"ReadAction\",\"target\":[\"https:\\\/\\\/www.belodonte.es\\\/dientes-superiores-adelantados-causas-efectos-soluciones\\\/\"]}]},{\"@type\":\"ImageObject\",\"inLanguage\":\"ca\",\"@id\":\"https:\\\/\\\/www.belodonte.es\\\/dientes-superiores-adelantados-causas-efectos-soluciones\\\/#primaryimage\",\"url\":\"https:\\\/\\\/www.belodonte.es\\\/wp-content\\\/uploads\\\/2025\\\/08\\\/dientes-superiores-adelantados.jpeg\",\"contentUrl\":\"https:\\\/\\\/www.belodonte.es\\\/wp-content\\\/uploads\\\/2025\\\/08\\\/dientes-superiores-adelantados.jpeg\",\"width\":4000,\"height\":2250,\"caption\":\"dientes superiores adelantados\"},{\"@type\":\"BreadcrumbList\",\"@id\":\"https:\\\/\\\/www.belodonte.es\\\/dientes-superiores-adelantados-causas-efectos-soluciones\\\/#breadcrumb\",\"itemListElement\":[{\"@type\":\"ListItem\",\"position\":1,\"name\":\"Portada\",\"item\":\"https:\\\/\\\/www.belodonte.es\\\/\"},{\"@type\":\"ListItem\",\"position\":2,\"name\":\"Dents superiors avan\u00e7ades: causes, efectes i solucions\"}]},{\"@type\":\"WebSite\",\"@id\":\"https:\\\/\\\/www.belodonte.es\\\/#website\",\"url\":\"https:\\\/\\\/www.belodonte.es\\\/\",\"name\":\"Cl\u00ednica Belodonte\",\"description\":\"Cl\u00ednica dental en Barcelona\",\"publisher\":{\"@id\":\"https:\\\/\\\/www.belodonte.es\\\/#organization\"},\"potentialAction\":[{\"@type\":\"SearchAction\",\"target\":{\"@type\":\"EntryPoint\",\"urlTemplate\":\"https:\\\/\\\/www.belodonte.es\\\/?s={search_term_string}\"},\"query-input\":{\"@type\":\"PropertyValueSpecification\",\"valueRequired\":true,\"valueName\":\"search_term_string\"}}],\"inLanguage\":\"ca\"},{\"@type\":\"Organization\",\"@id\":\"https:\\\/\\\/www.belodonte.es\\\/#organization\",\"name\":\"Cl\u00ednica Dental Belodonte\",\"url\":\"https:\\\/\\\/www.belodonte.es\\\/\",\"logo\":{\"@type\":\"ImageObject\",\"inLanguage\":\"ca\",\"@id\":\"https:\\\/\\\/www.belodonte.es\\\/#\\\/schema\\\/logo\\\/image\\\/\",\"url\":\"https:\\\/\\\/www.belodonte.es\\\/wp-content\\\/uploads\\\/2021\\\/10\\\/favicon-clinica-belodonte.png\",\"contentUrl\":\"https:\\\/\\\/www.belodonte.es\\\/wp-content\\\/uploads\\\/2021\\\/10\\\/favicon-clinica-belodonte.png\",\"width\":512,\"height\":512,\"caption\":\"Cl\u00ednica Dental Belodonte\"},\"image\":{\"@id\":\"https:\\\/\\\/www.belodonte.es\\\/#\\\/schema\\\/logo\\\/image\\\/\"}},{\"@type\":\"Person\",\"@id\":\"https:\\\/\\\/www.belodonte.es\\\/#\\\/schema\\\/person\\\/af746658db6c58f111ab4e18a476abcd\",\"name\":\"Cl\u00ednica Belodonte\",\"image\":{\"@type\":\"ImageObject\",\"inLanguage\":\"ca\",\"@id\":\"https:\\\/\\\/secure.gravatar.com\\\/avatar\\\/638e9d8d08bf2340d3d84b2996cdb448289ac0a26b32c99af87880a52287f8b8?s=96&d=mm&r=g\",\"url\":\"https:\\\/\\\/secure.gravatar.com\\\/avatar\\\/638e9d8d08bf2340d3d84b2996cdb448289ac0a26b32c99af87880a52287f8b8?s=96&d=mm&r=g\",\"contentUrl\":\"https:\\\/\\\/secure.gravatar.com\\\/avatar\\\/638e9d8d08bf2340d3d84b2996cdb448289ac0a26b32c99af87880a52287f8b8?s=96&d=mm&r=g\",\"caption\":\"Cl\u00ednica Belodonte\"},\"url\":\"https:\\\/\\\/www.belodonte.es\\\/ca\\\/author\\\/wm_mgc\\\/\"}]}<\/script>\n<!-- \/ Yoast SEO plugin. -->","yoast_head_json":{"title":"Dents superiors avan\u00e7ades: causes, efectes i solucions - Cl\u00ednica Belodonte","robots":{"index":"index","follow":"follow","max-snippet":"max-snippet:-1","max-image-preview":"max-image-preview:large","max-video-preview":"max-video-preview:-1"},"canonical":"https:\/\/www.belodonte.es\/dientes-superiores-adelantados-causas-efectos-soluciones\/","og_locale":"ca_ES","og_type":"article","og_title":"Dents superiors avan\u00e7ades: causes, efectes i solucions - Cl\u00ednica Belodonte","og_description":"Les dents superiors avan\u00e7ades s\u00f3n una condici\u00f3 dental freq\u00fcent que pot afectar tant l&#8217;est\u00e8tica com la funcionalitat de la boca. Des de Cl\u00ednica Belodonte, experts en ortod\u00f2ncia a Barcelona, T&#8217;expliquem les seves caracter\u00edstiques, causes i opcions de tractament \u00e9s clau [&hellip;]","og_url":"https:\/\/www.belodonte.es\/dientes-superiores-adelantados-causas-efectos-soluciones\/","og_site_name":"Cl\u00ednica Belodonte","article_published_time":"2025-10-09T06:00:00+00:00","og_image":[{"width":4000,"height":2250,"url":"https:\/\/www.belodonte.es\/wp-content\/uploads\/2025\/08\/dientes-superiores-adelantados.jpeg","type":"image\/jpeg"}],"author":"Cl\u00ednica Belodonte","twitter_card":"summary_large_image","twitter_misc":{"Written by":"Cl\u00ednica Belodonte","Est. reading time":"3 minutes"},"schema":{"@context":"https:\/\/schema.org","@graph":[{"@type":"Article","@id":"https:\/\/www.belodonte.es\/dientes-superiores-adelantados-causas-efectos-soluciones\/#article","isPartOf":{"@id":"https:\/\/www.belodonte.es\/dientes-superiores-adelantados-causas-efectos-soluciones\/"},"author":{"name":"Cl\u00ednica Belodonte","@id":"https:\/\/www.belodonte.es\/#\/schema\/person\/af746658db6c58f111ab4e18a476abcd"},"headline":"Dents superiors avan\u00e7ades: causes, efectes i solucions","datePublished":"2025-10-09T06:00:00+00:00","mainEntityOfPage":{"@id":"https:\/\/www.belodonte.es\/dientes-superiores-adelantados-causas-efectos-soluciones\/"},"wordCount":628,"commentCount":0,"publisher":{"@id":"https:\/\/www.belodonte.es\/#organization"},"image":{"@id":"https:\/\/www.belodonte.es\/dientes-superiores-adelantados-causas-efectos-soluciones\/#primaryimage"},"thumbnailUrl":"https:\/\/www.belodonte.es\/wp-content\/uploads\/2025\/08\/dientes-superiores-adelantados.jpeg","articleSection":["Ortod\u00f2ncia"],"inLanguage":"ca","potentialAction":[{"@type":"CommentAction","name":"Comment","target":["https:\/\/www.belodonte.es\/dientes-superiores-adelantados-causas-efectos-soluciones\/#respond"]}]},{"@type":"WebPage","@id":"https:\/\/www.belodonte.es\/dientes-superiores-adelantados-causas-efectos-soluciones\/","url":"https:\/\/www.belodonte.es\/dientes-superiores-adelantados-causas-efectos-soluciones\/","name":"Dents superiors avan\u00e7ades: causes, efectes i solucions - Cl\u00ednica Belodonte","isPartOf":{"@id":"https:\/\/www.belodonte.es\/#website"},"primaryImageOfPage":{"@id":"https:\/\/www.belodonte.es\/dientes-superiores-adelantados-causas-efectos-soluciones\/#primaryimage"},"image":{"@id":"https:\/\/www.belodonte.es\/dientes-superiores-adelantados-causas-efectos-soluciones\/#primaryimage"},"thumbnailUrl":"https:\/\/www.belodonte.es\/wp-content\/uploads\/2025\/08\/dientes-superiores-adelantados.jpeg","datePublished":"2025-10-09T06:00:00+00:00","breadcrumb":{"@id":"https:\/\/www.belodonte.es\/dientes-superiores-adelantados-causas-efectos-soluciones\/#breadcrumb"},"inLanguage":"ca","potentialAction":[{"@type":"ReadAction","target":["https:\/\/www.belodonte.es\/dientes-superiores-adelantados-causas-efectos-soluciones\/"]}]},{"@type":"ImageObject","inLanguage":"ca","@id":"https:\/\/www.belodonte.es\/dientes-superiores-adelantados-causas-efectos-soluciones\/#primaryimage","url":"https:\/\/www.belodonte.es\/wp-content\/uploads\/2025\/08\/dientes-superiores-adelantados.jpeg","contentUrl":"https:\/\/www.belodonte.es\/wp-content\/uploads\/2025\/08\/dientes-superiores-adelantados.jpeg","width":4000,"height":2250,"caption":"dientes superiores adelantados"},{"@type":"BreadcrumbList","@id":"https:\/\/www.belodonte.es\/dientes-superiores-adelantados-causas-efectos-soluciones\/#breadcrumb","itemListElement":[{"@type":"ListItem","position":1,"name":"Portada","item":"https:\/\/www.belodonte.es\/"},{"@type":"ListItem","position":2,"name":"Dents superiors avan\u00e7ades: causes, efectes i solucions"}]},{"@type":"WebSite","@id":"https:\/\/www.belodonte.es\/#website","url":"https:\/\/www.belodonte.es\/","name":"Cl\u00ednica Belodonte","description":"Cl\u00ednica dental en Barcelona","publisher":{"@id":"https:\/\/www.belodonte.es\/#organization"},"potentialAction":[{"@type":"SearchAction","target":{"@type":"EntryPoint","urlTemplate":"https:\/\/www.belodonte.es\/?s={search_term_string}"},"query-input":{"@type":"PropertyValueSpecification","valueRequired":true,"valueName":"search_term_string"}}],"inLanguage":"ca"},{"@type":"Organization","@id":"https:\/\/www.belodonte.es\/#organization","name":"Cl\u00ednica Dental Belodonte","url":"https:\/\/www.belodonte.es\/","logo":{"@type":"ImageObject","inLanguage":"ca","@id":"https:\/\/www.belodonte.es\/#\/schema\/logo\/image\/","url":"https:\/\/www.belodonte.es\/wp-content\/uploads\/2021\/10\/favicon-clinica-belodonte.png","contentUrl":"https:\/\/www.belodonte.es\/wp-content\/uploads\/2021\/10\/favicon-clinica-belodonte.png","width":512,"height":512,"caption":"Cl\u00ednica Dental Belodonte"},"image":{"@id":"https:\/\/www.belodonte.es\/#\/schema\/logo\/image\/"}},{"@type":"Person","@id":"https:\/\/www.belodonte.es\/#\/schema\/person\/af746658db6c58f111ab4e18a476abcd","name":"Cl\u00ednica Belodonte","image":{"@type":"ImageObject","inLanguage":"ca","@id":"https:\/\/secure.gravatar.com\/avatar\/638e9d8d08bf2340d3d84b2996cdb448289ac0a26b32c99af87880a52287f8b8?s=96&d=mm&r=g","url":"https:\/\/secure.gravatar.com\/avatar\/638e9d8d08bf2340d3d84b2996cdb448289ac0a26b32c99af87880a52287f8b8?s=96&d=mm&r=g","contentUrl":"https:\/\/secure.gravatar.com\/avatar\/638e9d8d08bf2340d3d84b2996cdb448289ac0a26b32c99af87880a52287f8b8?s=96&d=mm&r=g","caption":"Cl\u00ednica Belodonte"},"url":"https:\/\/www.belodonte.es\/ca\/author\/wm_mgc\/"}]}},"_links":{"self":[{"href":"https:\/\/www.belodonte.es\/ca\/wp-json\/wp\/v2\/posts\/6557","targetHints":{"allow":["GET"]}}],"collection":[{"href":"https:\/\/www.belodonte.es\/ca\/wp-json\/wp\/v2\/posts"}],"about":[{"href":"https:\/\/www.belodonte.es\/ca\/wp-json\/wp\/v2\/types\/post"}],"author":[{"embeddable":true,"href":"https:\/\/www.belodonte.es\/ca\/wp-json\/wp\/v2\/users\/3"}],"replies":[{"embeddable":true,"href":"https:\/\/www.belodonte.es\/ca\/wp-json\/wp\/v2\/comments?post=6557"}],"version-history":[{"count":1,"href":"https:\/\/www.belodonte.es\/ca\/wp-json\/wp\/v2\/posts\/6557\/revisions"}],"predecessor-version":[{"id":6558,"href":"https:\/\/www.belodonte.es\/ca\/wp-json\/wp\/v2\/posts\/6557\/revisions\/6558"}],"wp:featuredmedia":[{"embeddable":true,"href":"https:\/\/www.belodonte.es\/ca\/wp-json\/wp\/v2\/media\/6506"}],"wp:attachment":[{"href":"https:\/\/www.belodonte.es\/ca\/wp-json\/wp\/v2\/media?parent=6557"}],"wp:term":[{"taxonomy":"category","embeddable":true,"href":"https:\/\/www.belodonte.es\/ca\/wp-json\/wp\/v2\/categories?post=6557"},{"taxonomy":"post_tag","embeddable":true,"href":"https:\/\/www.belodonte.es\/ca\/wp-json\/wp\/v2\/tags?post=6557"}],"curies":[{"name":"wp","href":"https:\/\/api.w.org\/{rel}","templated":true}]}}