{"id":6554,"date":"2025-10-07T06:00:00","date_gmt":"2025-10-07T06:00:00","guid":{"rendered":"https:\/\/www.belodonte.es\/?p=6554"},"modified":"2025-08-28T07:44:51","modified_gmt":"2025-08-28T07:44:51","slug":"mossegada-invertida-causes-simptomes-tractaments","status":"publish","type":"post","link":"https:\/\/www.belodonte.es\/ca\/mossegada-invertida-causes-simptomes-tractaments\/","title":{"rendered":"Mossegada invertida: causes, s\u00edmptomes i tractaments"},"content":{"rendered":"\n<p>La <strong>mossegada invertida<\/strong> \u00e9s un tipus de maloclusi\u00f3 que pot afectar tant l&#8217;est\u00e8tica com la funcionalitat de la mand\u00edbula i les dents. Des de <strong>Cl\u00ednica Belodonte, <a href=\"https:\/\/www.belodonte.es\/ca\/cirurgia-oral-i-maxilofacial\/\" target=\"_blank\" rel=\"noreferrer noopener\">experts en cirurgia oral i maxil\u00b7lofacial a Barcelona<\/a><\/strong>, t&#8217;ajudem a con\u00e8ixer les seves caracter\u00edstiques, causes, s\u00edmptomes i opcions de tractament \u00e9s clau per a prevenir complicacions a llarg termini.<\/p>\n\n\n\n<h2 class=\"wp-block-heading\">Qu\u00e8 \u00e9s la mossegada invertida i les seves caracter\u00edstiques<\/h2>\n\n\n\n<p>La mossegada invertida, tamb\u00e9 coneguda com mossegada croada anterior, ocorre quan les dents inferiors es col\u00b7loquen per davant de les dents superiors en tancar la boca. Aix\u00f2 genera un desequilibri en l&#8217;alineaci\u00f3 dental i la relaci\u00f3 entre maxil\u00b7lar i mand\u00edbula.<\/p>\n\n\n\n<p>Entre les seves principals caracter\u00edstiques destaquen:<\/p>\n\n\n\n<ul class=\"wp-block-list\">\n<li>Dificultat per a mossegar o mastegar correctament.<\/li>\n\n\n\n<li>Desalineaci\u00f3 visible de les dents en tancar la boca.<\/li>\n\n\n\n<li>Possible desgast irregular de les dents.<\/li>\n\n\n\n<li>Alteracions en l&#8217;est\u00e8tica facial, com una aparen\u00e7a m\u00e9s pronunciada de la mand\u00edbula inferior.<\/li>\n<\/ul>\n\n\n\n<h2 class=\"wp-block-heading\">Causes i factors de risc<\/h2>\n\n\n\n<p>La mossegada invertida pot sorgir per m\u00faltiples raons, que inclouen factors gen\u00e8tics i h\u00e0bits adquirits:<\/p>\n\n\n\n<ul class=\"wp-block-list\">\n<li><strong>Gen\u00e8tica i desenvolupament ossi: <\/strong>Alteracions en el creixement del maxil\u00b7lar o mand\u00edbula poden predisposar a aquesta maloclusi\u00f3.<\/li>\n\n\n\n<li><strong>H\u00e0bits infantils:<\/strong> Xuclar-se el dit, \u00fas prolongat del xumet o respiraci\u00f3 oral poden afectar la correcta posici\u00f3 de les dents.<\/li>\n\n\n\n<li><strong>P\u00e8rdua primerenca de dents de llet: <\/strong>Pot provocar despla\u00e7aments en la dentici\u00f3 permanent.<\/li>\n\n\n\n<li><strong>Traumatismes o fractures mandibulars<\/strong>: Lesions durant la inf\u00e0ncia o adolesc\u00e8ncia poden modificar l&#8217;alineaci\u00f3 dental.<\/li>\n<\/ul>\n\n\n\n<h2 class=\"wp-block-heading\">S\u00edmptomes i efectes de la mossegada invertida<\/h2>\n\n\n\n<p>Una mossegada invertida no sols afecta l&#8217;est\u00e8tica, sin\u00f3 que tamb\u00e9 pot generar problemes funcionals i de salut oral:<\/p>\n\n\n\n<ul class=\"wp-block-list\">\n<li>Dificultat per a mastegar o mossegar aliments.<\/li>\n\n\n\n<li>Desgast dental irregular, augmentant el risc de c\u00e0ries i fractures.<\/li>\n\n\n\n<li>Dolor mandibular o tensi\u00f3 en l&#8217;articulaci\u00f3 temporomandibular (ATM).<\/li>\n\n\n\n<li>Problemes de pronunciaci\u00f3, especialment amb uns certs sons.<\/li>\n\n\n\n<li>Alteracions facials si no es corregeix durant la inf\u00e0ncia o adolesc\u00e8ncia.<\/li>\n<\/ul>\n\n\n\n<h2 class=\"wp-block-heading\">Tractaments des de la cirurgia oral i altres opcions<\/h2>\n\n\n\n<p>L&#8217;enfocament terap\u00e8utic dep\u00e8n de l&#8217;edat del pacient, la severitat de la maloclusi\u00f3 i els factors individuals. Entre els tractaments m\u00e9s habituals es troben:<\/p>\n\n\n\n<ul class=\"wp-block-list\">\n<li><strong>Ortod\u00f2ncia: <\/strong>\u00c9s el tractament m\u00e9s com\u00fa en nens i adolescents. Pot incloure brackets o alineadors transparents per a corregir la posici\u00f3 de les dents.<\/li>\n\n\n\n<li><strong>Dispositius funcionals<\/strong>: Aparells amovibles que guien el creixement mandibular, especialment \u00fatils en edats primerenques.<\/li>\n\n\n\n<li><strong>Cirurgia ortogn\u00e0tica:<\/strong> Indicada en adults amb deformitats esquel\u00e8tiques importants. Permet recol\u00b7locar mand\u00edbula i maxil\u00b7lar per a aconseguir una mossegada funcional i est\u00e8tica.<\/li>\n\n\n\n<li><strong>Combinaci\u00f3 d&#8217;ortod\u00f2ncia i cirurgia: <\/strong>Freq\u00fcent en casos greus, on primer s&#8217;alineen les dents i despr\u00e9s es realitza la cirurgia per a corregir l&#8217;estructura \u00f2ssia.<\/li>\n<\/ul>\n\n\n\n<p>A Cl\u00ednica Belodonte, avaluem cada cas individualment i oferim solucions personalitzades per a garantir resultats funcionals i est\u00e8tics duradors.<\/p>\n\n\n\n<h2 class=\"wp-block-heading\">Prevenci\u00f3 de la mossegada invertida<\/h2>\n\n\n\n<p>Si b\u00e9 no sempre \u00e9s possible prevenir la mossegada invertida, algunes mesures poden reduir el risc:<\/p>\n\n\n\n<ul class=\"wp-block-list\">\n<li>Evitar h\u00e0bits prolongats com xuclar-se el dit o l&#8217;\u00fas del xumet.<\/li>\n\n\n\n<li>Acudir a revisions odontol\u00f2giques des d&#8217;edats primerenques per a detectar alteracions de creixement.<\/li>\n\n\n\n<li>Tractar preco\u00e7ment la p\u00e8rdua prematura de dents de llet.<\/li>\n\n\n\n<li>Realitzar seguiment ortod\u00f2ntic quan es detectin desalineacions dentals o esquel\u00e8tiques.<\/li>\n<\/ul>\n\n\n\n<p>La detecci\u00f3 preco\u00e7 \u00e9s clau per a minimitzar la necessitat de cirurgia i millorar els resultats est\u00e8tics i funcionals a llarg termini.<\/p>\n\n\n\n<p>En definitiva, la mossegada invertida \u00e9s una maloclusi\u00f3 que pot afectar la salut dental i l&#8217;est\u00e8tica facial. Amb un diagn\u00f2stic primerenc i un tractament adequat, que pot incloure ortod\u00f2ncia o cirurgia ortogn\u00e0tica, \u00e9s possible corregir-la efica\u00e7ment.<\/p>\n\n\n\n<p>A Cl\u00ednica Belodonte, experts en cirurgia oral i maxil\u00b7lofacial a Barcelona, oferim serveis de cirurgia oral i maxil\u00b7lofacial, aix\u00ed com d&#8217;ortod\u00f2ncia, perqu\u00e8 puguis valorar el teu cas de mossegada invertida. <strong><a href=\"https:\/\/www.belodonte.es\/ca\/contacte\/\" target=\"_blank\" rel=\"noreferrer noopener\">No dubtis a contactar-nos<\/a><\/strong>, t&#8217;ajudarem.<\/p>\n\n\n\n<p><\/p>\n","protected":false},"excerpt":{"rendered":"<p>La mossegada invertida \u00e9s un tipus de maloclusi\u00f3 que pot afectar tant l&#8217;est\u00e8tica com la funcionalitat de la mand\u00edbula i les dents. Des de Cl\u00ednica Belodonte, experts en cirurgia oral i maxil\u00b7lofacial a Barcelona, t&#8217;ajudem a con\u00e8ixer les seves caracter\u00edstiques, [&hellip;]<\/p>\n","protected":false},"author":3,"featured_media":6501,"comment_status":"open","ping_status":"open","sticky":false,"template":"","format":"standard","meta":{"site-sidebar-layout":"default","site-content-layout":"","ast-site-content-layout":"default","site-content-style":"default","site-sidebar-style":"default","ast-global-header-display":"","ast-banner-title-visibility":"","ast-main-header-display":"","ast-hfb-above-header-display":"","ast-hfb-below-header-display":"","ast-hfb-mobile-header-display":"","site-post-title":"","ast-breadcrumbs-content":"","ast-featured-img":"","footer-sml-layout":"","ast-disable-related-posts":"","theme-transparent-header-meta":"","adv-header-id-meta":"","stick-header-meta":"","header-above-stick-meta":"","header-main-stick-meta":"","header-below-stick-meta":"","astra-migrate-meta-layouts":"set","ast-page-background-enabled":"default","ast-page-background-meta":{"desktop":{"background-color":"","background-image":"","background-repeat":"repeat","background-position":"center center","background-size":"auto","background-attachment":"scroll","background-type":"","background-media":"","overlay-type":"","overlay-color":"","overlay-opacity":"","overlay-gradient":""},"tablet":{"background-color":"","background-image":"","background-repeat":"repeat","background-position":"center center","background-size":"auto","background-attachment":"scroll","background-type":"","background-media":"","overlay-type":"","overlay-color":"","overlay-opacity":"","overlay-gradient":""},"mobile":{"background-color":"","background-image":"","background-repeat":"repeat","background-position":"center center","background-size":"auto","background-attachment":"scroll","background-type":"","background-media":"","overlay-type":"","overlay-color":"","overlay-opacity":"","overlay-gradient":""}},"ast-content-background-meta":{"desktop":{"background-color":"var(--ast-global-color-5)","background-image":"","background-repeat":"repeat","background-position":"center center","background-size":"auto","background-attachment":"scroll","background-type":"","background-media":"","overlay-type":"","overlay-color":"","overlay-opacity":"","overlay-gradient":""},"tablet":{"background-color":"var(--ast-global-color-5)","background-image":"","background-repeat":"repeat","background-position":"center center","background-size":"auto","background-attachment":"scroll","background-type":"","background-media":"","overlay-type":"","overlay-color":"","overlay-opacity":"","overlay-gradient":""},"mobile":{"background-color":"var(--ast-global-color-5)","background-image":"","background-repeat":"repeat","background-position":"center center","background-size":"auto","background-attachment":"scroll","background-type":"","background-media":"","overlay-type":"","overlay-color":"","overlay-opacity":"","overlay-gradient":""}},"footnotes":""},"categories":[32],"tags":[],"class_list":["post-6554","post","type-post","status-publish","format-standard","has-post-thumbnail","hentry","category-cirugia-oral"],"yoast_head":"<!-- This site is optimized with the Yoast SEO plugin v27.5 - https:\/\/yoast.com\/product\/yoast-seo-wordpress\/ -->\n<title>Mossegada invertida: causes, s\u00edmptomes i tractaments<\/title>\n<meta name=\"description\" content=\"La mossegada invertida \u00e9s un tipus de maloclusi\u00f3 que pot afectar tant l&#039;est\u00e8tica com la funcionalitat de la mand\u00edbula i les dents.\" \/>\n<meta name=\"robots\" content=\"index, follow, max-snippet:-1, max-image-preview:large, max-video-preview:-1\" \/>\n<link rel=\"canonical\" href=\"https:\/\/www.belodonte.es\/mordida-invertida-causas-sintomas-tratamientos\/\" \/>\n<meta property=\"og:locale\" content=\"ca_ES\" \/>\n<meta property=\"og:type\" content=\"article\" \/>\n<meta property=\"og:title\" content=\"Mossegada invertida: causes, s\u00edmptomes i tractaments\" \/>\n<meta property=\"og:description\" content=\"La mossegada invertida \u00e9s un tipus de maloclusi\u00f3 que pot afectar tant l&#039;est\u00e8tica com la funcionalitat de la mand\u00edbula i les dents.\" \/>\n<meta property=\"og:url\" content=\"https:\/\/www.belodonte.es\/mordida-invertida-causas-sintomas-tratamientos\/\" \/>\n<meta property=\"og:site_name\" content=\"Cl\u00ednica Belodonte\" \/>\n<meta property=\"article:published_time\" content=\"2025-10-07T06:00:00+00:00\" \/>\n<meta property=\"og:image\" content=\"https:\/\/www.belodonte.es\/wp-content\/uploads\/2025\/08\/mordida-invertida.jpeg\" \/>\n\t<meta property=\"og:image:width\" content=\"5760\" \/>\n\t<meta property=\"og:image:height\" content=\"3240\" \/>\n\t<meta property=\"og:image:type\" content=\"image\/jpeg\" \/>\n<meta name=\"author\" content=\"Cl\u00ednica Belodonte\" \/>\n<meta name=\"twitter:card\" content=\"summary_large_image\" \/>\n<meta name=\"twitter:label1\" content=\"Written by\" \/>\n\t<meta name=\"twitter:data1\" content=\"Cl\u00ednica Belodonte\" \/>\n\t<meta name=\"twitter:label2\" content=\"Est. reading time\" \/>\n\t<meta name=\"twitter:data2\" content=\"3 minutes\" \/>\n<script type=\"application\/ld+json\" class=\"yoast-schema-graph\">{\"@context\":\"https:\\\/\\\/schema.org\",\"@graph\":[{\"@type\":\"Article\",\"@id\":\"https:\\\/\\\/www.belodonte.es\\\/mordida-invertida-causas-sintomas-tratamientos\\\/#article\",\"isPartOf\":{\"@id\":\"https:\\\/\\\/www.belodonte.es\\\/mordida-invertida-causas-sintomas-tratamientos\\\/\"},\"author\":{\"name\":\"Cl\u00ednica Belodonte\",\"@id\":\"https:\\\/\\\/www.belodonte.es\\\/#\\\/schema\\\/person\\\/af746658db6c58f111ab4e18a476abcd\"},\"headline\":\"Mossegada invertida: causes, s\u00edmptomes i tractaments\",\"datePublished\":\"2025-10-07T06:00:00+00:00\",\"mainEntityOfPage\":{\"@id\":\"https:\\\/\\\/www.belodonte.es\\\/mordida-invertida-causas-sintomas-tratamientos\\\/\"},\"wordCount\":662,\"commentCount\":0,\"publisher\":{\"@id\":\"https:\\\/\\\/www.belodonte.es\\\/#organization\"},\"image\":{\"@id\":\"https:\\\/\\\/www.belodonte.es\\\/mordida-invertida-causas-sintomas-tratamientos\\\/#primaryimage\"},\"thumbnailUrl\":\"https:\\\/\\\/www.belodonte.es\\\/wp-content\\\/uploads\\\/2025\\\/08\\\/mordida-invertida.jpeg\",\"articleSection\":[\"Cirugia Oral\"],\"inLanguage\":\"ca\",\"potentialAction\":[{\"@type\":\"CommentAction\",\"name\":\"Comment\",\"target\":[\"https:\\\/\\\/www.belodonte.es\\\/mordida-invertida-causas-sintomas-tratamientos\\\/#respond\"]}]},{\"@type\":\"WebPage\",\"@id\":\"https:\\\/\\\/www.belodonte.es\\\/mordida-invertida-causas-sintomas-tratamientos\\\/\",\"url\":\"https:\\\/\\\/www.belodonte.es\\\/mordida-invertida-causas-sintomas-tratamientos\\\/\",\"name\":\"Mossegada invertida: causes, s\u00edmptomes i tractaments\",\"isPartOf\":{\"@id\":\"https:\\\/\\\/www.belodonte.es\\\/#website\"},\"primaryImageOfPage\":{\"@id\":\"https:\\\/\\\/www.belodonte.es\\\/mordida-invertida-causas-sintomas-tratamientos\\\/#primaryimage\"},\"image\":{\"@id\":\"https:\\\/\\\/www.belodonte.es\\\/mordida-invertida-causas-sintomas-tratamientos\\\/#primaryimage\"},\"thumbnailUrl\":\"https:\\\/\\\/www.belodonte.es\\\/wp-content\\\/uploads\\\/2025\\\/08\\\/mordida-invertida.jpeg\",\"datePublished\":\"2025-10-07T06:00:00+00:00\",\"description\":\"La mossegada invertida \u00e9s un tipus de maloclusi\u00f3 que pot afectar tant l'est\u00e8tica com la funcionalitat de la mand\u00edbula i les dents.\",\"breadcrumb\":{\"@id\":\"https:\\\/\\\/www.belodonte.es\\\/mordida-invertida-causas-sintomas-tratamientos\\\/#breadcrumb\"},\"inLanguage\":\"ca\",\"potentialAction\":[{\"@type\":\"ReadAction\",\"target\":[\"https:\\\/\\\/www.belodonte.es\\\/mordida-invertida-causas-sintomas-tratamientos\\\/\"]}]},{\"@type\":\"ImageObject\",\"inLanguage\":\"ca\",\"@id\":\"https:\\\/\\\/www.belodonte.es\\\/mordida-invertida-causas-sintomas-tratamientos\\\/#primaryimage\",\"url\":\"https:\\\/\\\/www.belodonte.es\\\/wp-content\\\/uploads\\\/2025\\\/08\\\/mordida-invertida.jpeg\",\"contentUrl\":\"https:\\\/\\\/www.belodonte.es\\\/wp-content\\\/uploads\\\/2025\\\/08\\\/mordida-invertida.jpeg\",\"width\":5760,\"height\":3240,\"caption\":\"mordida invertida\"},{\"@type\":\"BreadcrumbList\",\"@id\":\"https:\\\/\\\/www.belodonte.es\\\/mordida-invertida-causas-sintomas-tratamientos\\\/#breadcrumb\",\"itemListElement\":[{\"@type\":\"ListItem\",\"position\":1,\"name\":\"Portada\",\"item\":\"https:\\\/\\\/www.belodonte.es\\\/\"},{\"@type\":\"ListItem\",\"position\":2,\"name\":\"Mossegada invertida: causes, s\u00edmptomes i tractaments\"}]},{\"@type\":\"WebSite\",\"@id\":\"https:\\\/\\\/www.belodonte.es\\\/#website\",\"url\":\"https:\\\/\\\/www.belodonte.es\\\/\",\"name\":\"Cl\u00ednica Belodonte\",\"description\":\"Cl\u00ednica dental en Barcelona\",\"publisher\":{\"@id\":\"https:\\\/\\\/www.belodonte.es\\\/#organization\"},\"potentialAction\":[{\"@type\":\"SearchAction\",\"target\":{\"@type\":\"EntryPoint\",\"urlTemplate\":\"https:\\\/\\\/www.belodonte.es\\\/?s={search_term_string}\"},\"query-input\":{\"@type\":\"PropertyValueSpecification\",\"valueRequired\":true,\"valueName\":\"search_term_string\"}}],\"inLanguage\":\"ca\"},{\"@type\":\"Organization\",\"@id\":\"https:\\\/\\\/www.belodonte.es\\\/#organization\",\"name\":\"Cl\u00ednica Dental Belodonte\",\"url\":\"https:\\\/\\\/www.belodonte.es\\\/\",\"logo\":{\"@type\":\"ImageObject\",\"inLanguage\":\"ca\",\"@id\":\"https:\\\/\\\/www.belodonte.es\\\/#\\\/schema\\\/logo\\\/image\\\/\",\"url\":\"https:\\\/\\\/www.belodonte.es\\\/wp-content\\\/uploads\\\/2021\\\/10\\\/favicon-clinica-belodonte.png\",\"contentUrl\":\"https:\\\/\\\/www.belodonte.es\\\/wp-content\\\/uploads\\\/2021\\\/10\\\/favicon-clinica-belodonte.png\",\"width\":512,\"height\":512,\"caption\":\"Cl\u00ednica Dental Belodonte\"},\"image\":{\"@id\":\"https:\\\/\\\/www.belodonte.es\\\/#\\\/schema\\\/logo\\\/image\\\/\"}},{\"@type\":\"Person\",\"@id\":\"https:\\\/\\\/www.belodonte.es\\\/#\\\/schema\\\/person\\\/af746658db6c58f111ab4e18a476abcd\",\"name\":\"Cl\u00ednica Belodonte\",\"image\":{\"@type\":\"ImageObject\",\"inLanguage\":\"ca\",\"@id\":\"https:\\\/\\\/secure.gravatar.com\\\/avatar\\\/638e9d8d08bf2340d3d84b2996cdb448289ac0a26b32c99af87880a52287f8b8?s=96&d=mm&r=g\",\"url\":\"https:\\\/\\\/secure.gravatar.com\\\/avatar\\\/638e9d8d08bf2340d3d84b2996cdb448289ac0a26b32c99af87880a52287f8b8?s=96&d=mm&r=g\",\"contentUrl\":\"https:\\\/\\\/secure.gravatar.com\\\/avatar\\\/638e9d8d08bf2340d3d84b2996cdb448289ac0a26b32c99af87880a52287f8b8?s=96&d=mm&r=g\",\"caption\":\"Cl\u00ednica Belodonte\"},\"url\":\"https:\\\/\\\/www.belodonte.es\\\/ca\\\/author\\\/wm_mgc\\\/\"}]}<\/script>\n<!-- \/ Yoast SEO plugin. -->","yoast_head_json":{"title":"Mossegada invertida: causes, s\u00edmptomes i tractaments","description":"La mossegada invertida \u00e9s un tipus de maloclusi\u00f3 que pot afectar tant l'est\u00e8tica com la funcionalitat de la mand\u00edbula i les dents.","robots":{"index":"index","follow":"follow","max-snippet":"max-snippet:-1","max-image-preview":"max-image-preview:large","max-video-preview":"max-video-preview:-1"},"canonical":"https:\/\/www.belodonte.es\/mordida-invertida-causas-sintomas-tratamientos\/","og_locale":"ca_ES","og_type":"article","og_title":"Mossegada invertida: causes, s\u00edmptomes i tractaments","og_description":"La mossegada invertida \u00e9s un tipus de maloclusi\u00f3 que pot afectar tant l'est\u00e8tica com la funcionalitat de la mand\u00edbula i les dents.","og_url":"https:\/\/www.belodonte.es\/mordida-invertida-causas-sintomas-tratamientos\/","og_site_name":"Cl\u00ednica Belodonte","article_published_time":"2025-10-07T06:00:00+00:00","og_image":[{"width":5760,"height":3240,"url":"https:\/\/www.belodonte.es\/wp-content\/uploads\/2025\/08\/mordida-invertida.jpeg","type":"image\/jpeg"}],"author":"Cl\u00ednica Belodonte","twitter_card":"summary_large_image","twitter_misc":{"Written by":"Cl\u00ednica Belodonte","Est. reading time":"3 minutes"},"schema":{"@context":"https:\/\/schema.org","@graph":[{"@type":"Article","@id":"https:\/\/www.belodonte.es\/mordida-invertida-causas-sintomas-tratamientos\/#article","isPartOf":{"@id":"https:\/\/www.belodonte.es\/mordida-invertida-causas-sintomas-tratamientos\/"},"author":{"name":"Cl\u00ednica Belodonte","@id":"https:\/\/www.belodonte.es\/#\/schema\/person\/af746658db6c58f111ab4e18a476abcd"},"headline":"Mossegada invertida: causes, s\u00edmptomes i tractaments","datePublished":"2025-10-07T06:00:00+00:00","mainEntityOfPage":{"@id":"https:\/\/www.belodonte.es\/mordida-invertida-causas-sintomas-tratamientos\/"},"wordCount":662,"commentCount":0,"publisher":{"@id":"https:\/\/www.belodonte.es\/#organization"},"image":{"@id":"https:\/\/www.belodonte.es\/mordida-invertida-causas-sintomas-tratamientos\/#primaryimage"},"thumbnailUrl":"https:\/\/www.belodonte.es\/wp-content\/uploads\/2025\/08\/mordida-invertida.jpeg","articleSection":["Cirugia Oral"],"inLanguage":"ca","potentialAction":[{"@type":"CommentAction","name":"Comment","target":["https:\/\/www.belodonte.es\/mordida-invertida-causas-sintomas-tratamientos\/#respond"]}]},{"@type":"WebPage","@id":"https:\/\/www.belodonte.es\/mordida-invertida-causas-sintomas-tratamientos\/","url":"https:\/\/www.belodonte.es\/mordida-invertida-causas-sintomas-tratamientos\/","name":"Mossegada invertida: causes, s\u00edmptomes i tractaments","isPartOf":{"@id":"https:\/\/www.belodonte.es\/#website"},"primaryImageOfPage":{"@id":"https:\/\/www.belodonte.es\/mordida-invertida-causas-sintomas-tratamientos\/#primaryimage"},"image":{"@id":"https:\/\/www.belodonte.es\/mordida-invertida-causas-sintomas-tratamientos\/#primaryimage"},"thumbnailUrl":"https:\/\/www.belodonte.es\/wp-content\/uploads\/2025\/08\/mordida-invertida.jpeg","datePublished":"2025-10-07T06:00:00+00:00","description":"La mossegada invertida \u00e9s un tipus de maloclusi\u00f3 que pot afectar tant l'est\u00e8tica com la funcionalitat de la mand\u00edbula i les dents.","breadcrumb":{"@id":"https:\/\/www.belodonte.es\/mordida-invertida-causas-sintomas-tratamientos\/#breadcrumb"},"inLanguage":"ca","potentialAction":[{"@type":"ReadAction","target":["https:\/\/www.belodonte.es\/mordida-invertida-causas-sintomas-tratamientos\/"]}]},{"@type":"ImageObject","inLanguage":"ca","@id":"https:\/\/www.belodonte.es\/mordida-invertida-causas-sintomas-tratamientos\/#primaryimage","url":"https:\/\/www.belodonte.es\/wp-content\/uploads\/2025\/08\/mordida-invertida.jpeg","contentUrl":"https:\/\/www.belodonte.es\/wp-content\/uploads\/2025\/08\/mordida-invertida.jpeg","width":5760,"height":3240,"caption":"mordida invertida"},{"@type":"BreadcrumbList","@id":"https:\/\/www.belodonte.es\/mordida-invertida-causas-sintomas-tratamientos\/#breadcrumb","itemListElement":[{"@type":"ListItem","position":1,"name":"Portada","item":"https:\/\/www.belodonte.es\/"},{"@type":"ListItem","position":2,"name":"Mossegada invertida: causes, s\u00edmptomes i tractaments"}]},{"@type":"WebSite","@id":"https:\/\/www.belodonte.es\/#website","url":"https:\/\/www.belodonte.es\/","name":"Cl\u00ednica Belodonte","description":"Cl\u00ednica dental en Barcelona","publisher":{"@id":"https:\/\/www.belodonte.es\/#organization"},"potentialAction":[{"@type":"SearchAction","target":{"@type":"EntryPoint","urlTemplate":"https:\/\/www.belodonte.es\/?s={search_term_string}"},"query-input":{"@type":"PropertyValueSpecification","valueRequired":true,"valueName":"search_term_string"}}],"inLanguage":"ca"},{"@type":"Organization","@id":"https:\/\/www.belodonte.es\/#organization","name":"Cl\u00ednica Dental Belodonte","url":"https:\/\/www.belodonte.es\/","logo":{"@type":"ImageObject","inLanguage":"ca","@id":"https:\/\/www.belodonte.es\/#\/schema\/logo\/image\/","url":"https:\/\/www.belodonte.es\/wp-content\/uploads\/2021\/10\/favicon-clinica-belodonte.png","contentUrl":"https:\/\/www.belodonte.es\/wp-content\/uploads\/2021\/10\/favicon-clinica-belodonte.png","width":512,"height":512,"caption":"Cl\u00ednica Dental Belodonte"},"image":{"@id":"https:\/\/www.belodonte.es\/#\/schema\/logo\/image\/"}},{"@type":"Person","@id":"https:\/\/www.belodonte.es\/#\/schema\/person\/af746658db6c58f111ab4e18a476abcd","name":"Cl\u00ednica Belodonte","image":{"@type":"ImageObject","inLanguage":"ca","@id":"https:\/\/secure.gravatar.com\/avatar\/638e9d8d08bf2340d3d84b2996cdb448289ac0a26b32c99af87880a52287f8b8?s=96&d=mm&r=g","url":"https:\/\/secure.gravatar.com\/avatar\/638e9d8d08bf2340d3d84b2996cdb448289ac0a26b32c99af87880a52287f8b8?s=96&d=mm&r=g","contentUrl":"https:\/\/secure.gravatar.com\/avatar\/638e9d8d08bf2340d3d84b2996cdb448289ac0a26b32c99af87880a52287f8b8?s=96&d=mm&r=g","caption":"Cl\u00ednica Belodonte"},"url":"https:\/\/www.belodonte.es\/ca\/author\/wm_mgc\/"}]}},"_links":{"self":[{"href":"https:\/\/www.belodonte.es\/ca\/wp-json\/wp\/v2\/posts\/6554","targetHints":{"allow":["GET"]}}],"collection":[{"href":"https:\/\/www.belodonte.es\/ca\/wp-json\/wp\/v2\/posts"}],"about":[{"href":"https:\/\/www.belodonte.es\/ca\/wp-json\/wp\/v2\/types\/post"}],"author":[{"embeddable":true,"href":"https:\/\/www.belodonte.es\/ca\/wp-json\/wp\/v2\/users\/3"}],"replies":[{"embeddable":true,"href":"https:\/\/www.belodonte.es\/ca\/wp-json\/wp\/v2\/comments?post=6554"}],"version-history":[{"count":1,"href":"https:\/\/www.belodonte.es\/ca\/wp-json\/wp\/v2\/posts\/6554\/revisions"}],"predecessor-version":[{"id":6555,"href":"https:\/\/www.belodonte.es\/ca\/wp-json\/wp\/v2\/posts\/6554\/revisions\/6555"}],"wp:featuredmedia":[{"embeddable":true,"href":"https:\/\/www.belodonte.es\/ca\/wp-json\/wp\/v2\/media\/6501"}],"wp:attachment":[{"href":"https:\/\/www.belodonte.es\/ca\/wp-json\/wp\/v2\/media?parent=6554"}],"wp:term":[{"taxonomy":"category","embeddable":true,"href":"https:\/\/www.belodonte.es\/ca\/wp-json\/wp\/v2\/categories?post=6554"},{"taxonomy":"post_tag","embeddable":true,"href":"https:\/\/www.belodonte.es\/ca\/wp-json\/wp\/v2\/tags?post=6554"}],"curies":[{"name":"wp","href":"https:\/\/api.w.org\/{rel}","templated":true}]}}