{"id":6451,"date":"2025-09-18T06:00:00","date_gmt":"2025-09-18T06:00:00","guid":{"rendered":"https:\/\/www.belodonte.es\/?p=6451"},"modified":"2025-07-23T08:28:34","modified_gmt":"2025-07-23T08:28:34","slug":"retroinclinacio-inicisius-dents-davanteres-cap-dins","status":"publish","type":"post","link":"https:\/\/www.belodonte.es\/ca\/retroinclinacio-inicisius-dents-davanteres-cap-dins\/","title":{"rendered":"Retroinclinaci\u00f3 d&#8217;incisius: dents davanteres cap a dins"},"content":{"rendered":"\n<p>Cada detall en la posici\u00f3 dental pot afectar tant l&#8217;est\u00e8tica com a la funcionalitat del somriure. Un dels problemes que sovint passa desapercebut, per\u00f2 que t\u00e9 importants conseq\u00fc\u00e8ncies \u00e9s la <strong>retroinclinaci\u00f3 d&#8217;incisius<\/strong>. Des de <strong>Cl\u00ednica Belodonte, <a href=\"https:\/\/www.belodonte.es\/ca\/ortodoncia\/\" target=\"_blank\" rel=\"noreferrer noopener\">experts en Ortod\u00f2ncia a Barcelona<\/a>, <\/strong>t&#8217;expliquem en qu\u00e8 consisteix aquesta alteraci\u00f3, quines s\u00f3n les seves causes, efectes i quines opcions de tractament ofereix l&#8217;ortod\u00f2ncia moderna.<\/p>\n\n\n\n<h2 class=\"wp-block-heading\">Qu\u00e8 \u00e9s la retroinclinaci\u00f3 d&#8217;incisius?<\/h2>\n\n\n\n<p>La retroinclinaci\u00f3 d&#8217;incisius \u00e9s una condici\u00f3 en la qual les dents incisives \u2014siguin superiors, inferiors o tots dos\u2014 s&#8217;inclinen cap a l&#8217;interior de la boca, en direcci\u00f3 a la llengua o al paladar, en lloc d&#8217;estar alineats de forma vertical o lleugerament cap endavant.<\/p>\n\n\n\n<p>Aquest tipus de malposici\u00f3 dental pot observar-se tant en nens com en adults i pot afectar l&#8217;est\u00e8tica del somriure, a la pronunciaci\u00f3 i a la mossegada, especialment si es combina amb altres alteracions dentals o esquel\u00e8tiques.<\/p>\n\n\n\n<h2 class=\"wp-block-heading\">Causes i factors de risc<\/h2>\n\n\n\n<p>Les causes de la retroinclinaci\u00f3 d&#8217;incisius poden ser variades. Entre les m\u00e9s comunes trobem:<\/p>\n\n\n\n<ul class=\"wp-block-list\">\n<li>Factors gen\u00e8tics o hereditaris, relacionats amb el desenvolupament ossi de la mand\u00edbula o el maxil\u00b7lar.<\/li>\n\n\n\n<li>Mals h\u00e0bits orals, com la succi\u00f3 digital (xuclar-se el dit) o emp\u00e8nyer les dents amb la llengua.<\/li>\n\n\n\n<li>P\u00e8rdua prematura de dents temporals, que altera l&#8217;espai necessari per al correcte desenvolupament de la dentici\u00f3 permanent.<\/li>\n\n\n\n<li>Traumatismes dentals, que poden modificar la posici\u00f3 dels incisius.<\/li>\n\n\n\n<li>Problemes esquel\u00e8tics, com una mand\u00edbula inferior retreta o un maxil\u00b7lar superior poc desenvolupat.<\/li>\n<\/ul>\n\n\n\n<p>A m\u00e9s, uns certs tractaments previs mal realitzats o l&#8217;abs\u00e8ncia de correcci\u00f3 en la inf\u00e0ncia poden augmentar el risc de sofrir retroinclinaci\u00f3 en l&#8217;edat adulta.<\/p>\n\n\n\n<h2 class=\"wp-block-heading\">S\u00edmptomes i efectes<\/h2>\n\n\n\n<p>La retroinclinaci\u00f3 d&#8217;incisius no sempre causa mol\u00e8sties evidents, per\u00f2 pot manifestar-se amb diferents signes i conseq\u00fc\u00e8ncies funcionals:<\/p>\n\n\n\n<ul class=\"wp-block-list\">\n<li>Est\u00e8tica facial alterada, amb un perfil m\u00e9s pla o enfonsat.<\/li>\n\n\n\n<li>Problemes de mossegada, especialment mossegada profunda o sobremossegada.<\/li>\n\n\n\n<li>Dificultats en la pronunciaci\u00f3 d&#8217;uns certs fonemes, com la \u201cs\u201d o la \u201ct\u201d.<\/li>\n\n\n\n<li>Desgast dental an\u00f2mal, per contactes incorrectes entre les dents.<\/li>\n\n\n\n<li>Dolors mandibulars o tensi\u00f3 muscular, en casos m\u00e9s avan\u00e7ats.<\/li>\n<\/ul>\n\n\n\n<p>Detectar a temps aquesta malposici\u00f3 \u00e9s clau per a evitar complicacions majors i tractaments m\u00e9s invasius en el futur.<\/p>\n\n\n\n<h2 class=\"wp-block-heading\">Tractaments des de l&#8217;ortod\u00f2ncia i altres especialitats<\/h2>\n\n\n\n<p>En Cl\u00ednica Belodonte, avaluem de forma personalitzada cada cas de retroinclinaci\u00f3 d&#8217;incisius per a determinar el tractament m\u00e9s adequat. Les opcions m\u00e9s comunes inclouen:<\/p>\n\n\n\n<ul class=\"wp-block-list\">\n<li>Brackets tradicionals o est\u00e8tics, que permeten corregir la inclinaci\u00f3 dental mitjan\u00e7ant un control prec\u00eds del moviment.<\/li>\n\n\n\n<li>Ortod\u00f2ncia invisible amb alineadors transparents, com Invisalign, ideal per a pacients adults que busquen una soluci\u00f3 discreta.<\/li>\n\n\n\n<li>Dispositius funcionals en edats primerenques, si la retroinclinaci\u00f3 es detecta en nens o adolescents.<\/li>\n\n\n\n<li>Ter\u00e0pia miofuncional, en col\u00b7laboraci\u00f3 amb logopedes, quan la retroinclinaci\u00f3 est\u00e0 relacionada amb disfuncions orals com la degluci\u00f3 at\u00edpica.<\/li>\n\n\n\n<li>Cirurgia ortogn\u00e0tica, en els casos m\u00e9s complexos amb causes esquel\u00e8tiques severes.<\/li>\n<\/ul>\n\n\n\n<p>Un diagn\u00f2stic prec\u00eds i un pla integral s\u00f3n fonamentals per a restaurar la correcta funci\u00f3 i est\u00e8tica dental.<\/p>\n\n\n\n<h2 class=\"wp-block-heading\">Prevenci\u00f3<\/h2>\n\n\n\n<p>Encara que no sempre es pot prevenir per complet, existeixen mesures que ajuden a reduir el risc de retroinclinaci\u00f3 d&#8217;incisius:<\/p>\n\n\n\n<ul class=\"wp-block-list\">\n<li>Revisions peri\u00f2diques des de la inf\u00e0ncia per a detectar i corregir preco\u00e7ment qualsevol alteraci\u00f3.<\/li>\n\n\n\n<li>Eliminaci\u00f3 d&#8217;h\u00e0bits nocius orals al m\u00e9s aviat possible.<\/li>\n\n\n\n<li>Seguiment del desenvolupament dental en nens amb antecedents familiars de maloclusions.<\/li>\n\n\n\n<li>Ortod\u00f2ncia interceptiva quan sigui necessari, en edats primerenques.<\/li>\n<\/ul>\n\n\n\n<p>En resum, la retroinclinaci\u00f3 d&#8217;incisius \u00e9s una alteraci\u00f3 freq\u00fcent que pot tenir implicacions funcionals i est\u00e8tiques importants. En Cl\u00ednica Belodonte, experts en Ortod\u00f2ncia a Barcelona, comptem amb l&#8217;experi\u00e8ncia i tecnologia necess\u00e0ria per a oferir solucions efectives i personalitzades.<br>Si notes que les teves dents estan inclinades cap a dins o tens dubtes sobre la teva mossegada, <strong><a href=\"https:\/\/www.belodonte.es\/ca\/contacte\/\" target=\"_blank\" rel=\"noreferrer noopener\">no dubtis a consultar-nos. <\/a><\/strong>Un somriure equilibrat \u00e9s sin\u00f2nim de salut i benestar.<\/p>\n\n\n\n<p><\/p>\n","protected":false},"excerpt":{"rendered":"<p>Cada detall en la posici\u00f3 dental pot afectar tant l&#8217;est\u00e8tica com a la funcionalitat del somriure. Un dels problemes que sovint passa desapercebut, per\u00f2 que t\u00e9 importants conseq\u00fc\u00e8ncies \u00e9s la retroinclinaci\u00f3 d&#8217;incisius. Des de Cl\u00ednica Belodonte, experts en Ortod\u00f2ncia a [&hellip;]<\/p>\n","protected":false},"author":3,"featured_media":6434,"comment_status":"open","ping_status":"open","sticky":false,"template":"","format":"standard","meta":{"site-sidebar-layout":"default","site-content-layout":"","ast-site-content-layout":"default","site-content-style":"default","site-sidebar-style":"default","ast-global-header-display":"","ast-banner-title-visibility":"","ast-main-header-display":"","ast-hfb-above-header-display":"","ast-hfb-below-header-display":"","ast-hfb-mobile-header-display":"","site-post-title":"","ast-breadcrumbs-content":"","ast-featured-img":"","footer-sml-layout":"","ast-disable-related-posts":"","theme-transparent-header-meta":"","adv-header-id-meta":"","stick-header-meta":"","header-above-stick-meta":"","header-main-stick-meta":"","header-below-stick-meta":"","astra-migrate-meta-layouts":"set","ast-page-background-enabled":"default","ast-page-background-meta":{"desktop":{"background-color":"","background-image":"","background-repeat":"repeat","background-position":"center center","background-size":"auto","background-attachment":"scroll","background-type":"","background-media":"","overlay-type":"","overlay-color":"","overlay-opacity":"","overlay-gradient":""},"tablet":{"background-color":"","background-image":"","background-repeat":"repeat","background-position":"center center","background-size":"auto","background-attachment":"scroll","background-type":"","background-media":"","overlay-type":"","overlay-color":"","overlay-opacity":"","overlay-gradient":""},"mobile":{"background-color":"","background-image":"","background-repeat":"repeat","background-position":"center center","background-size":"auto","background-attachment":"scroll","background-type":"","background-media":"","overlay-type":"","overlay-color":"","overlay-opacity":"","overlay-gradient":""}},"ast-content-background-meta":{"desktop":{"background-color":"var(--ast-global-color-5)","background-image":"","background-repeat":"repeat","background-position":"center center","background-size":"auto","background-attachment":"scroll","background-type":"","background-media":"","overlay-type":"","overlay-color":"","overlay-opacity":"","overlay-gradient":""},"tablet":{"background-color":"var(--ast-global-color-5)","background-image":"","background-repeat":"repeat","background-position":"center center","background-size":"auto","background-attachment":"scroll","background-type":"","background-media":"","overlay-type":"","overlay-color":"","overlay-opacity":"","overlay-gradient":""},"mobile":{"background-color":"var(--ast-global-color-5)","background-image":"","background-repeat":"repeat","background-position":"center center","background-size":"auto","background-attachment":"scroll","background-type":"","background-media":"","overlay-type":"","overlay-color":"","overlay-opacity":"","overlay-gradient":""}},"footnotes":""},"categories":[19],"tags":[],"class_list":["post-6451","post","type-post","status-publish","format-standard","has-post-thumbnail","hentry","category-ortodoncia-2"],"yoast_head":"<!-- This site is optimized with the Yoast SEO plugin v27.5 - https:\/\/yoast.com\/product\/yoast-seo-wordpress\/ -->\n<title>Retroinclinaci\u00f3 d&#039;incisius: dents davanteres cap a dins<\/title>\n<meta name=\"description\" content=\"Un dels problemes que sovint passa desapercebut, per\u00f2 que t\u00e9 importants conseq\u00fc\u00e8ncies \u00e9s la retroinclinaci\u00f3 d&#039;incisius.\" \/>\n<meta name=\"robots\" content=\"index, follow, max-snippet:-1, max-image-preview:large, max-video-preview:-1\" \/>\n<link rel=\"canonical\" href=\"https:\/\/www.belodonte.es\/retroinclinacion-incisivos-dientes-delanteros-hacia-dentro\/\" \/>\n<meta property=\"og:locale\" content=\"ca_ES\" \/>\n<meta property=\"og:type\" content=\"article\" \/>\n<meta property=\"og:title\" content=\"Retroinclinaci\u00f3 d&#039;incisius: dents davanteres cap a dins\" \/>\n<meta property=\"og:description\" content=\"Un dels problemes que sovint passa desapercebut, per\u00f2 que t\u00e9 importants conseq\u00fc\u00e8ncies \u00e9s la retroinclinaci\u00f3 d&#039;incisius.\" \/>\n<meta property=\"og:url\" content=\"https:\/\/www.belodonte.es\/retroinclinacion-incisivos-dientes-delanteros-hacia-dentro\/\" \/>\n<meta property=\"og:site_name\" content=\"Cl\u00ednica Belodonte\" \/>\n<meta property=\"article:published_time\" content=\"2025-09-18T06:00:00+00:00\" \/>\n<meta property=\"og:image\" content=\"https:\/\/www.belodonte.es\/wp-content\/uploads\/2025\/09\/retroinclinacion-de-incisivos.jpeg\" \/>\n\t<meta property=\"og:image:width\" content=\"5384\" \/>\n\t<meta property=\"og:image:height\" content=\"3029\" \/>\n\t<meta property=\"og:image:type\" content=\"image\/jpeg\" \/>\n<meta name=\"author\" content=\"Cl\u00ednica Belodonte\" \/>\n<meta name=\"twitter:card\" content=\"summary_large_image\" \/>\n<meta name=\"twitter:label1\" content=\"Written by\" \/>\n\t<meta name=\"twitter:data1\" content=\"Cl\u00ednica Belodonte\" \/>\n\t<meta name=\"twitter:label2\" content=\"Est. reading time\" \/>\n\t<meta name=\"twitter:data2\" content=\"3 minutes\" \/>\n<script type=\"application\/ld+json\" class=\"yoast-schema-graph\">{\"@context\":\"https:\\\/\\\/schema.org\",\"@graph\":[{\"@type\":\"Article\",\"@id\":\"https:\\\/\\\/www.belodonte.es\\\/retroinclinacion-incisivos-dientes-delanteros-hacia-dentro\\\/#article\",\"isPartOf\":{\"@id\":\"https:\\\/\\\/www.belodonte.es\\\/retroinclinacion-incisivos-dientes-delanteros-hacia-dentro\\\/\"},\"author\":{\"name\":\"Cl\u00ednica Belodonte\",\"@id\":\"https:\\\/\\\/www.belodonte.es\\\/#\\\/schema\\\/person\\\/af746658db6c58f111ab4e18a476abcd\"},\"headline\":\"Retroinclinaci\u00f3 d&#8217;incisius: dents davanteres cap a dins\",\"datePublished\":\"2025-09-18T06:00:00+00:00\",\"mainEntityOfPage\":{\"@id\":\"https:\\\/\\\/www.belodonte.es\\\/retroinclinacion-incisivos-dientes-delanteros-hacia-dentro\\\/\"},\"wordCount\":673,\"commentCount\":0,\"publisher\":{\"@id\":\"https:\\\/\\\/www.belodonte.es\\\/#organization\"},\"image\":{\"@id\":\"https:\\\/\\\/www.belodonte.es\\\/retroinclinacion-incisivos-dientes-delanteros-hacia-dentro\\\/#primaryimage\"},\"thumbnailUrl\":\"https:\\\/\\\/www.belodonte.es\\\/wp-content\\\/uploads\\\/2025\\\/09\\\/retroinclinacion-de-incisivos.jpeg\",\"articleSection\":[\"Ortod\u00f2ncia\"],\"inLanguage\":\"ca\",\"potentialAction\":[{\"@type\":\"CommentAction\",\"name\":\"Comment\",\"target\":[\"https:\\\/\\\/www.belodonte.es\\\/retroinclinacion-incisivos-dientes-delanteros-hacia-dentro\\\/#respond\"]}]},{\"@type\":\"WebPage\",\"@id\":\"https:\\\/\\\/www.belodonte.es\\\/retroinclinacion-incisivos-dientes-delanteros-hacia-dentro\\\/\",\"url\":\"https:\\\/\\\/www.belodonte.es\\\/retroinclinacion-incisivos-dientes-delanteros-hacia-dentro\\\/\",\"name\":\"Retroinclinaci\u00f3 d'incisius: dents davanteres cap a dins\",\"isPartOf\":{\"@id\":\"https:\\\/\\\/www.belodonte.es\\\/#website\"},\"primaryImageOfPage\":{\"@id\":\"https:\\\/\\\/www.belodonte.es\\\/retroinclinacion-incisivos-dientes-delanteros-hacia-dentro\\\/#primaryimage\"},\"image\":{\"@id\":\"https:\\\/\\\/www.belodonte.es\\\/retroinclinacion-incisivos-dientes-delanteros-hacia-dentro\\\/#primaryimage\"},\"thumbnailUrl\":\"https:\\\/\\\/www.belodonte.es\\\/wp-content\\\/uploads\\\/2025\\\/09\\\/retroinclinacion-de-incisivos.jpeg\",\"datePublished\":\"2025-09-18T06:00:00+00:00\",\"description\":\"Un dels problemes que sovint passa desapercebut, per\u00f2 que t\u00e9 importants conseq\u00fc\u00e8ncies \u00e9s la retroinclinaci\u00f3 d'incisius.\",\"breadcrumb\":{\"@id\":\"https:\\\/\\\/www.belodonte.es\\\/retroinclinacion-incisivos-dientes-delanteros-hacia-dentro\\\/#breadcrumb\"},\"inLanguage\":\"ca\",\"potentialAction\":[{\"@type\":\"ReadAction\",\"target\":[\"https:\\\/\\\/www.belodonte.es\\\/retroinclinacion-incisivos-dientes-delanteros-hacia-dentro\\\/\"]}]},{\"@type\":\"ImageObject\",\"inLanguage\":\"ca\",\"@id\":\"https:\\\/\\\/www.belodonte.es\\\/retroinclinacion-incisivos-dientes-delanteros-hacia-dentro\\\/#primaryimage\",\"url\":\"https:\\\/\\\/www.belodonte.es\\\/wp-content\\\/uploads\\\/2025\\\/09\\\/retroinclinacion-de-incisivos.jpeg\",\"contentUrl\":\"https:\\\/\\\/www.belodonte.es\\\/wp-content\\\/uploads\\\/2025\\\/09\\\/retroinclinacion-de-incisivos.jpeg\",\"width\":5384,\"height\":3029,\"caption\":\"retroinclinacio\u0301n de incisivos\"},{\"@type\":\"BreadcrumbList\",\"@id\":\"https:\\\/\\\/www.belodonte.es\\\/retroinclinacion-incisivos-dientes-delanteros-hacia-dentro\\\/#breadcrumb\",\"itemListElement\":[{\"@type\":\"ListItem\",\"position\":1,\"name\":\"Portada\",\"item\":\"https:\\\/\\\/www.belodonte.es\\\/\"},{\"@type\":\"ListItem\",\"position\":2,\"name\":\"Retroinclinaci\u00f3 d&#8217;incisius: dents davanteres cap a dins\"}]},{\"@type\":\"WebSite\",\"@id\":\"https:\\\/\\\/www.belodonte.es\\\/#website\",\"url\":\"https:\\\/\\\/www.belodonte.es\\\/\",\"name\":\"Cl\u00ednica Belodonte\",\"description\":\"Cl\u00ednica dental en Barcelona\",\"publisher\":{\"@id\":\"https:\\\/\\\/www.belodonte.es\\\/#organization\"},\"potentialAction\":[{\"@type\":\"SearchAction\",\"target\":{\"@type\":\"EntryPoint\",\"urlTemplate\":\"https:\\\/\\\/www.belodonte.es\\\/?s={search_term_string}\"},\"query-input\":{\"@type\":\"PropertyValueSpecification\",\"valueRequired\":true,\"valueName\":\"search_term_string\"}}],\"inLanguage\":\"ca\"},{\"@type\":\"Organization\",\"@id\":\"https:\\\/\\\/www.belodonte.es\\\/#organization\",\"name\":\"Cl\u00ednica Dental Belodonte\",\"url\":\"https:\\\/\\\/www.belodonte.es\\\/\",\"logo\":{\"@type\":\"ImageObject\",\"inLanguage\":\"ca\",\"@id\":\"https:\\\/\\\/www.belodonte.es\\\/#\\\/schema\\\/logo\\\/image\\\/\",\"url\":\"https:\\\/\\\/www.belodonte.es\\\/wp-content\\\/uploads\\\/2021\\\/10\\\/favicon-clinica-belodonte.png\",\"contentUrl\":\"https:\\\/\\\/www.belodonte.es\\\/wp-content\\\/uploads\\\/2021\\\/10\\\/favicon-clinica-belodonte.png\",\"width\":512,\"height\":512,\"caption\":\"Cl\u00ednica Dental Belodonte\"},\"image\":{\"@id\":\"https:\\\/\\\/www.belodonte.es\\\/#\\\/schema\\\/logo\\\/image\\\/\"}},{\"@type\":\"Person\",\"@id\":\"https:\\\/\\\/www.belodonte.es\\\/#\\\/schema\\\/person\\\/af746658db6c58f111ab4e18a476abcd\",\"name\":\"Cl\u00ednica Belodonte\",\"image\":{\"@type\":\"ImageObject\",\"inLanguage\":\"ca\",\"@id\":\"https:\\\/\\\/secure.gravatar.com\\\/avatar\\\/638e9d8d08bf2340d3d84b2996cdb448289ac0a26b32c99af87880a52287f8b8?s=96&d=mm&r=g\",\"url\":\"https:\\\/\\\/secure.gravatar.com\\\/avatar\\\/638e9d8d08bf2340d3d84b2996cdb448289ac0a26b32c99af87880a52287f8b8?s=96&d=mm&r=g\",\"contentUrl\":\"https:\\\/\\\/secure.gravatar.com\\\/avatar\\\/638e9d8d08bf2340d3d84b2996cdb448289ac0a26b32c99af87880a52287f8b8?s=96&d=mm&r=g\",\"caption\":\"Cl\u00ednica Belodonte\"},\"url\":\"https:\\\/\\\/www.belodonte.es\\\/ca\\\/author\\\/wm_mgc\\\/\"}]}<\/script>\n<!-- \/ Yoast SEO plugin. -->","yoast_head_json":{"title":"Retroinclinaci\u00f3 d'incisius: dents davanteres cap a dins","description":"Un dels problemes que sovint passa desapercebut, per\u00f2 que t\u00e9 importants conseq\u00fc\u00e8ncies \u00e9s la retroinclinaci\u00f3 d'incisius.","robots":{"index":"index","follow":"follow","max-snippet":"max-snippet:-1","max-image-preview":"max-image-preview:large","max-video-preview":"max-video-preview:-1"},"canonical":"https:\/\/www.belodonte.es\/retroinclinacion-incisivos-dientes-delanteros-hacia-dentro\/","og_locale":"ca_ES","og_type":"article","og_title":"Retroinclinaci\u00f3 d'incisius: dents davanteres cap a dins","og_description":"Un dels problemes que sovint passa desapercebut, per\u00f2 que t\u00e9 importants conseq\u00fc\u00e8ncies \u00e9s la retroinclinaci\u00f3 d'incisius.","og_url":"https:\/\/www.belodonte.es\/retroinclinacion-incisivos-dientes-delanteros-hacia-dentro\/","og_site_name":"Cl\u00ednica Belodonte","article_published_time":"2025-09-18T06:00:00+00:00","og_image":[{"width":5384,"height":3029,"url":"https:\/\/www.belodonte.es\/wp-content\/uploads\/2025\/09\/retroinclinacion-de-incisivos.jpeg","type":"image\/jpeg"}],"author":"Cl\u00ednica Belodonte","twitter_card":"summary_large_image","twitter_misc":{"Written by":"Cl\u00ednica Belodonte","Est. reading time":"3 minutes"},"schema":{"@context":"https:\/\/schema.org","@graph":[{"@type":"Article","@id":"https:\/\/www.belodonte.es\/retroinclinacion-incisivos-dientes-delanteros-hacia-dentro\/#article","isPartOf":{"@id":"https:\/\/www.belodonte.es\/retroinclinacion-incisivos-dientes-delanteros-hacia-dentro\/"},"author":{"name":"Cl\u00ednica Belodonte","@id":"https:\/\/www.belodonte.es\/#\/schema\/person\/af746658db6c58f111ab4e18a476abcd"},"headline":"Retroinclinaci\u00f3 d&#8217;incisius: dents davanteres cap a dins","datePublished":"2025-09-18T06:00:00+00:00","mainEntityOfPage":{"@id":"https:\/\/www.belodonte.es\/retroinclinacion-incisivos-dientes-delanteros-hacia-dentro\/"},"wordCount":673,"commentCount":0,"publisher":{"@id":"https:\/\/www.belodonte.es\/#organization"},"image":{"@id":"https:\/\/www.belodonte.es\/retroinclinacion-incisivos-dientes-delanteros-hacia-dentro\/#primaryimage"},"thumbnailUrl":"https:\/\/www.belodonte.es\/wp-content\/uploads\/2025\/09\/retroinclinacion-de-incisivos.jpeg","articleSection":["Ortod\u00f2ncia"],"inLanguage":"ca","potentialAction":[{"@type":"CommentAction","name":"Comment","target":["https:\/\/www.belodonte.es\/retroinclinacion-incisivos-dientes-delanteros-hacia-dentro\/#respond"]}]},{"@type":"WebPage","@id":"https:\/\/www.belodonte.es\/retroinclinacion-incisivos-dientes-delanteros-hacia-dentro\/","url":"https:\/\/www.belodonte.es\/retroinclinacion-incisivos-dientes-delanteros-hacia-dentro\/","name":"Retroinclinaci\u00f3 d'incisius: dents davanteres cap a dins","isPartOf":{"@id":"https:\/\/www.belodonte.es\/#website"},"primaryImageOfPage":{"@id":"https:\/\/www.belodonte.es\/retroinclinacion-incisivos-dientes-delanteros-hacia-dentro\/#primaryimage"},"image":{"@id":"https:\/\/www.belodonte.es\/retroinclinacion-incisivos-dientes-delanteros-hacia-dentro\/#primaryimage"},"thumbnailUrl":"https:\/\/www.belodonte.es\/wp-content\/uploads\/2025\/09\/retroinclinacion-de-incisivos.jpeg","datePublished":"2025-09-18T06:00:00+00:00","description":"Un dels problemes que sovint passa desapercebut, per\u00f2 que t\u00e9 importants conseq\u00fc\u00e8ncies \u00e9s la retroinclinaci\u00f3 d'incisius.","breadcrumb":{"@id":"https:\/\/www.belodonte.es\/retroinclinacion-incisivos-dientes-delanteros-hacia-dentro\/#breadcrumb"},"inLanguage":"ca","potentialAction":[{"@type":"ReadAction","target":["https:\/\/www.belodonte.es\/retroinclinacion-incisivos-dientes-delanteros-hacia-dentro\/"]}]},{"@type":"ImageObject","inLanguage":"ca","@id":"https:\/\/www.belodonte.es\/retroinclinacion-incisivos-dientes-delanteros-hacia-dentro\/#primaryimage","url":"https:\/\/www.belodonte.es\/wp-content\/uploads\/2025\/09\/retroinclinacion-de-incisivos.jpeg","contentUrl":"https:\/\/www.belodonte.es\/wp-content\/uploads\/2025\/09\/retroinclinacion-de-incisivos.jpeg","width":5384,"height":3029,"caption":"retroinclinacio\u0301n de incisivos"},{"@type":"BreadcrumbList","@id":"https:\/\/www.belodonte.es\/retroinclinacion-incisivos-dientes-delanteros-hacia-dentro\/#breadcrumb","itemListElement":[{"@type":"ListItem","position":1,"name":"Portada","item":"https:\/\/www.belodonte.es\/"},{"@type":"ListItem","position":2,"name":"Retroinclinaci\u00f3 d&#8217;incisius: dents davanteres cap a dins"}]},{"@type":"WebSite","@id":"https:\/\/www.belodonte.es\/#website","url":"https:\/\/www.belodonte.es\/","name":"Cl\u00ednica Belodonte","description":"Cl\u00ednica dental en Barcelona","publisher":{"@id":"https:\/\/www.belodonte.es\/#organization"},"potentialAction":[{"@type":"SearchAction","target":{"@type":"EntryPoint","urlTemplate":"https:\/\/www.belodonte.es\/?s={search_term_string}"},"query-input":{"@type":"PropertyValueSpecification","valueRequired":true,"valueName":"search_term_string"}}],"inLanguage":"ca"},{"@type":"Organization","@id":"https:\/\/www.belodonte.es\/#organization","name":"Cl\u00ednica Dental Belodonte","url":"https:\/\/www.belodonte.es\/","logo":{"@type":"ImageObject","inLanguage":"ca","@id":"https:\/\/www.belodonte.es\/#\/schema\/logo\/image\/","url":"https:\/\/www.belodonte.es\/wp-content\/uploads\/2021\/10\/favicon-clinica-belodonte.png","contentUrl":"https:\/\/www.belodonte.es\/wp-content\/uploads\/2021\/10\/favicon-clinica-belodonte.png","width":512,"height":512,"caption":"Cl\u00ednica Dental Belodonte"},"image":{"@id":"https:\/\/www.belodonte.es\/#\/schema\/logo\/image\/"}},{"@type":"Person","@id":"https:\/\/www.belodonte.es\/#\/schema\/person\/af746658db6c58f111ab4e18a476abcd","name":"Cl\u00ednica Belodonte","image":{"@type":"ImageObject","inLanguage":"ca","@id":"https:\/\/secure.gravatar.com\/avatar\/638e9d8d08bf2340d3d84b2996cdb448289ac0a26b32c99af87880a52287f8b8?s=96&d=mm&r=g","url":"https:\/\/secure.gravatar.com\/avatar\/638e9d8d08bf2340d3d84b2996cdb448289ac0a26b32c99af87880a52287f8b8?s=96&d=mm&r=g","contentUrl":"https:\/\/secure.gravatar.com\/avatar\/638e9d8d08bf2340d3d84b2996cdb448289ac0a26b32c99af87880a52287f8b8?s=96&d=mm&r=g","caption":"Cl\u00ednica Belodonte"},"url":"https:\/\/www.belodonte.es\/ca\/author\/wm_mgc\/"}]}},"_links":{"self":[{"href":"https:\/\/www.belodonte.es\/ca\/wp-json\/wp\/v2\/posts\/6451","targetHints":{"allow":["GET"]}}],"collection":[{"href":"https:\/\/www.belodonte.es\/ca\/wp-json\/wp\/v2\/posts"}],"about":[{"href":"https:\/\/www.belodonte.es\/ca\/wp-json\/wp\/v2\/types\/post"}],"author":[{"embeddable":true,"href":"https:\/\/www.belodonte.es\/ca\/wp-json\/wp\/v2\/users\/3"}],"replies":[{"embeddable":true,"href":"https:\/\/www.belodonte.es\/ca\/wp-json\/wp\/v2\/comments?post=6451"}],"version-history":[{"count":1,"href":"https:\/\/www.belodonte.es\/ca\/wp-json\/wp\/v2\/posts\/6451\/revisions"}],"predecessor-version":[{"id":6452,"href":"https:\/\/www.belodonte.es\/ca\/wp-json\/wp\/v2\/posts\/6451\/revisions\/6452"}],"wp:featuredmedia":[{"embeddable":true,"href":"https:\/\/www.belodonte.es\/ca\/wp-json\/wp\/v2\/media\/6434"}],"wp:attachment":[{"href":"https:\/\/www.belodonte.es\/ca\/wp-json\/wp\/v2\/media?parent=6451"}],"wp:term":[{"taxonomy":"category","embeddable":true,"href":"https:\/\/www.belodonte.es\/ca\/wp-json\/wp\/v2\/categories?post=6451"},{"taxonomy":"post_tag","embeddable":true,"href":"https:\/\/www.belodonte.es\/ca\/wp-json\/wp\/v2\/tags?post=6451"}],"curies":[{"name":"wp","href":"https:\/\/api.w.org\/{rel}","templated":true}]}}