{"id":6352,"date":"2025-08-14T06:00:00","date_gmt":"2025-08-14T06:00:00","guid":{"rendered":"https:\/\/www.belodonte.es\/?p=6352"},"modified":"2025-06-17T08:16:01","modified_gmt":"2025-06-17T08:16:01","slug":"dolor-orofacial-causes-efectes-tractament-prevencio","status":"publish","type":"post","link":"https:\/\/www.belodonte.es\/ca\/dolor-orofacial-causes-efectes-tractament-prevencio\/","title":{"rendered":"Dolor orofacial: causes, efectes, tractament i prevenci\u00f3"},"content":{"rendered":"\n<p>El <strong>dolor orofacial <\/strong>\u00e9s una condici\u00f3 comuna que afecta milions de persones a tot el m\u00f3n, causant mol\u00e8sties significatives i afectant la qualitat de vida. Entendre qu\u00e8 \u00e9s el dolor orofacial, les seves causes, s\u00edmptomes i com abordar-lo des de l&#8217;odontologia i la cirurgia oral i maxil\u00b7lofacial \u00e9s fonamental per a una correcta prevenci\u00f3 i tractament. Des de <strong>Cl\u00ednica Belodonte, <a href=\"https:\/\/www.belodonte.es\/ca\/cirurgia-oral-i-maxilofacial\/\" target=\"_blank\" rel=\"noreferrer noopener\">experts en Cirurgia Oral i Maxil\u00b7lofacial a Barcelona<\/a><\/strong>, expliquem tot el que has de saber sobre aquest tipus de dolor per a cuidar millor les teves articulacions i salut facial.<\/p>\n\n\n\n<h2 class=\"wp-block-heading\">Qu\u00e8 \u00e9s el dolor orofacial?<\/h2>\n\n\n\n<p>Es refereix al dolor localitzat a la regi\u00f3 de la cara i la boca, incloent-hi m\u00fasculs, articulacions temporomandibulars (ATM), dents, genives i nervis facials. \u00c9s un terme ampli que abasta diverses patologies que poden afectar la funcionalitat i el benestar dels qui el pateixen.<\/p>\n\n\n\n<p>Aquest dolor pot ser agut o cr\u00f2nic i sol interferir amb activitats quotidianes com parlar, mastegar o fins i tot dormir. La seva complexitat radica en la gran quantitat d&#8217;estructures anat\u00f2miques involucrades en aquesta zona.<\/p>\n\n\n\n<h2 class=\"wp-block-heading\">Causes del dolor orofacial<\/h2>\n\n\n\n<p>Les seves causes s\u00f3n variades i poden originar-se en diferents teixits i \u00f2rgans:<\/p>\n\n\n\n<ul class=\"wp-block-list\">\n<li><strong>Trastorns temporomandibulars (TTM):<\/strong> S\u00f3n una de les causes m\u00e9s comunes i inclouen problemes en l&#8217;articulaci\u00f3 temporomandibular, que connecta la mand\u00edbula amb el crani, i en els m\u00fasculs circumdants.<\/li>\n\n\n\n<li><strong>Problemes dentals:<\/strong> C\u00e0ries, abscessos, infeccions o extraccions dentals mal manejades poden generar dolor intens.<\/li>\n\n\n\n<li><strong>Neuropaties:<\/strong> Afeccions que afecten els nervis facials, com la neur\u00e0lgia del trigemin, provoquen dolor punxant i prolongat.<\/li>\n\n\n\n<li><strong>Traumatismes:<\/strong> Cops o lesions facials poden danyar ossos, m\u00fasculs o nervis.<\/li>\n\n\n\n<li><strong>Bruxisme:<\/strong> L&#8217;h\u00e0bit involuntari d&#8217;estr\u00e8nyer o grinyolar les dents pot causar tensi\u00f3 muscular i dolor en la mand\u00edbula.<\/li>\n\n\n\n<li><strong>Infeccions: <\/strong>Infeccions en les vies respirat\u00f2ries superiors o en la cavitat oral poden irradiar dolor cap a la cara.<\/li>\n<\/ul>\n\n\n\n<h2 class=\"wp-block-heading\">S\u00edmptomes i efectes del dolor orofacial<\/h2>\n\n\n\n<p>Els s\u00edmptomes associats varien segons el seu origen, per\u00f2 els m\u00e9s comuns inclouen:<\/p>\n\n\n\n<ul class=\"wp-block-list\">\n<li>Dolor constant o intermitent en la mand\u00edbula, galtes, dents o front.<\/li>\n\n\n\n<li>Dificultat per a obrir o tancar la boca.<\/li>\n\n\n\n<li>Sensaci\u00f3 de pressi\u00f3 o rigidesa en la cara.<\/li>\n\n\n\n<li>Dolor en mastegar, parlar o en moure la mand\u00edbula.<\/li>\n\n\n\n<li>Brunzits o sorolls en l&#8217;articulaci\u00f3 temporomandibular.<\/li>\n\n\n\n<li>Dolor irradiat cap al coll, espatlles o cap.<\/li>\n<\/ul>\n\n\n\n<p>Els efectes del dolor orofacial poden ser molt limitants, afectant l&#8217;alimentaci\u00f3, la comunicaci\u00f3 i el descans, a m\u00e9s de generar estr\u00e8s, ansietat i disminuci\u00f3 de la qualitat de vida.<\/p>\n\n\n\n<h2 class=\"wp-block-heading\">Com abordar el dolor orofacial des de la cirurgia oral i maxil\u00b7lofacial<\/h2>\n\n\n\n<p>L&#8217;abordatge ha de ser integral i personalitzat. En odontologia i cirurgia oral i maxil\u00b7lofacial, s&#8217;utilitzen diverses estrat\u00e8gies per al seu diagn\u00f2stic i tractament:<\/p>\n\n\n\n<ul class=\"wp-block-list\">\n<li><strong>Avaluaci\u00f3 cl\u00ednica detallada: <\/strong>Inclou anamnesi, examen f\u00edsic i estudis complementaris com a radiografies, tomografies o resson\u00e0ncies.<\/li>\n\n\n\n<li><strong>Tractament conservador:<\/strong> \u00das de f\u00e8rules oclusals per a corregir el bruxisme, fisioter\u00e0pia per a relaxar els m\u00fasculs facials, i medicaments per al control del dolor i la inflamaci\u00f3.<\/li>\n\n\n\n<li><strong>Intervencions quir\u00fargiques: <\/strong>En casos severs o quan existeix mal estructural en l&#8217;articulaci\u00f3 temporomandibular, pot ser necess\u00e0ria la cirurgia per a corregir deformitats, retirar teixits danyats o reparar fractures.<\/li>\n\n\n\n<li><strong>Ter\u00e0pies complement\u00e0ries:<\/strong> Psicoter\u00e0pia per a manejar l&#8217;estr\u00e8s associat i millorar la qualitat de vida.<\/li>\n\n\n\n<li><strong>Educaci\u00f3 i assessoria: <\/strong>Instruccions per a evitar h\u00e0bits nocius i adoptar postures correctes.<\/li>\n<\/ul>\n\n\n\n<h2 class=\"wp-block-heading\">Prevenci\u00f3 del dolor orofacial<\/h2>\n\n\n\n<p>La prevenci\u00f3 \u00e9s essencial per a evitar el desenvolupament o agreujament del dolor orofacial. Algunes recomanacions inclouen:<\/p>\n\n\n\n<ul class=\"wp-block-list\">\n<li>Mantenir una bona higiene bucal per a prevenir infeccions dentals.<\/li>\n\n\n\n<li>Evitar el bruxisme mitjan\u00e7ant t\u00e8cniques de relaxaci\u00f3, control de l&#8217;estr\u00e8s i \u00fas de f\u00e8rules nocturnes.<\/li>\n\n\n\n<li>Realitzar exercicis d&#8217;estirament i relaxaci\u00f3 per a la musculatura facial.<\/li>\n\n\n\n<li>Evitar traumatismes i protegir la cara en activitats de risc.<\/li>\n\n\n\n<li>Consultar regularment a l&#8217;odont\u00f2leg per a detecci\u00f3 preco\u00e7 de problemes articulars o dentals.<\/li>\n\n\n\n<li>Adoptar una alimentaci\u00f3 balancejada que no exigeixi un esfor\u00e7 excessiu a la mand\u00edbula.<\/li>\n<\/ul>\n\n\n\n<p>En definitiva, el dolor orofacial \u00e9s un problema complex, per\u00f2 amb un diagn\u00f2stic primerenc i un tractament adequat des de l&#8217;odontologia i cirurgia oral i maxil\u00b7lofacial, \u00e9s possible alleujar els seus s\u00edmptomes i millorar la qualitat de vida. Si experimentes mol\u00e8sties en la zona facial o mandibular, no dubtis a acudir a un especialista per a rebre l&#8217;atenci\u00f3 que necessites.<\/p>\n\n\n\n<p>En Cl\u00ednica Belodonte disposem de serveis de Cirurgia Oral i Maxil\u00b7lofacial. Per a m\u00e9s informaci\u00f3 o consultar-nos un cas, no dubteu a <strong><a href=\"https:\/\/www.belodonte.es\/ca\/contacte\/\" target=\"_blank\" rel=\"noreferrer noopener\">posar-vos en contacte amb nosaltres.<\/a><\/strong><\/p>\n","protected":false},"excerpt":{"rendered":"<p>El dolor orofacial \u00e9s una condici\u00f3 comuna que afecta milions de persones a tot el m\u00f3n, causant mol\u00e8sties significatives i afectant la qualitat de vida. Entendre qu\u00e8 \u00e9s el dolor orofacial, les seves causes, s\u00edmptomes i com abordar-lo des de [&hellip;]<\/p>\n","protected":false},"author":3,"featured_media":6320,"comment_status":"open","ping_status":"open","sticky":false,"template":"","format":"standard","meta":{"site-sidebar-layout":"default","site-content-layout":"","ast-site-content-layout":"default","site-content-style":"default","site-sidebar-style":"default","ast-global-header-display":"","ast-banner-title-visibility":"","ast-main-header-display":"","ast-hfb-above-header-display":"","ast-hfb-below-header-display":"","ast-hfb-mobile-header-display":"","site-post-title":"","ast-breadcrumbs-content":"","ast-featured-img":"","footer-sml-layout":"","ast-disable-related-posts":"","theme-transparent-header-meta":"","adv-header-id-meta":"","stick-header-meta":"","header-above-stick-meta":"","header-main-stick-meta":"","header-below-stick-meta":"","astra-migrate-meta-layouts":"set","ast-page-background-enabled":"default","ast-page-background-meta":{"desktop":{"background-color":"","background-image":"","background-repeat":"repeat","background-position":"center center","background-size":"auto","background-attachment":"scroll","background-type":"","background-media":"","overlay-type":"","overlay-color":"","overlay-opacity":"","overlay-gradient":""},"tablet":{"background-color":"","background-image":"","background-repeat":"repeat","background-position":"center center","background-size":"auto","background-attachment":"scroll","background-type":"","background-media":"","overlay-type":"","overlay-color":"","overlay-opacity":"","overlay-gradient":""},"mobile":{"background-color":"","background-image":"","background-repeat":"repeat","background-position":"center center","background-size":"auto","background-attachment":"scroll","background-type":"","background-media":"","overlay-type":"","overlay-color":"","overlay-opacity":"","overlay-gradient":""}},"ast-content-background-meta":{"desktop":{"background-color":"var(--ast-global-color-5)","background-image":"","background-repeat":"repeat","background-position":"center center","background-size":"auto","background-attachment":"scroll","background-type":"","background-media":"","overlay-type":"","overlay-color":"","overlay-opacity":"","overlay-gradient":""},"tablet":{"background-color":"var(--ast-global-color-5)","background-image":"","background-repeat":"repeat","background-position":"center center","background-size":"auto","background-attachment":"scroll","background-type":"","background-media":"","overlay-type":"","overlay-color":"","overlay-opacity":"","overlay-gradient":""},"mobile":{"background-color":"var(--ast-global-color-5)","background-image":"","background-repeat":"repeat","background-position":"center center","background-size":"auto","background-attachment":"scroll","background-type":"","background-media":"","overlay-type":"","overlay-color":"","overlay-opacity":"","overlay-gradient":""}},"footnotes":""},"categories":[32],"tags":[],"class_list":["post-6352","post","type-post","status-publish","format-standard","has-post-thumbnail","hentry","category-cirugia-oral"],"yoast_head":"<!-- This site is optimized with the Yoast SEO plugin v27.4 - https:\/\/yoast.com\/product\/yoast-seo-wordpress\/ -->\n<title>Dolor orofacial: causes, efectes, tractament i prevenci\u00f3<\/title>\n<meta name=\"description\" content=\"El dolor orofacial \u00e9s una condici\u00f3 comuna que afecta milions de persones a tot el m\u00f3n, causant mol\u00e8sties significatives.\" \/>\n<meta name=\"robots\" content=\"index, follow, max-snippet:-1, max-image-preview:large, max-video-preview:-1\" \/>\n<link rel=\"canonical\" href=\"https:\/\/www.belodonte.es\/dolor-orofacial-causas-efectos-tratamiento-prevencion\/\" \/>\n<meta property=\"og:locale\" content=\"ca_ES\" \/>\n<meta property=\"og:type\" content=\"article\" \/>\n<meta property=\"og:title\" content=\"Dolor orofacial: causes, efectes, tractament i prevenci\u00f3\" \/>\n<meta property=\"og:description\" content=\"El dolor orofacial \u00e9s una condici\u00f3 comuna que afecta milions de persones a tot el m\u00f3n, causant mol\u00e8sties significatives.\" \/>\n<meta property=\"og:url\" content=\"https:\/\/www.belodonte.es\/dolor-orofacial-causas-efectos-tratamiento-prevencion\/\" \/>\n<meta property=\"og:site_name\" content=\"Cl\u00ednica Belodonte\" \/>\n<meta property=\"article:published_time\" content=\"2025-08-14T06:00:00+00:00\" \/>\n<meta property=\"og:image\" content=\"https:\/\/www.belodonte.es\/wp-content\/uploads\/2025\/06\/dolor-orofacial.jpeg\" \/>\n\t<meta property=\"og:image:width\" content=\"5095\" \/>\n\t<meta property=\"og:image:height\" content=\"2866\" \/>\n\t<meta property=\"og:image:type\" content=\"image\/jpeg\" \/>\n<meta name=\"author\" content=\"Cl\u00ednica Belodonte\" \/>\n<meta name=\"twitter:card\" content=\"summary_large_image\" \/>\n<meta name=\"twitter:label1\" content=\"Written by\" \/>\n\t<meta name=\"twitter:data1\" content=\"Cl\u00ednica Belodonte\" \/>\n\t<meta name=\"twitter:label2\" content=\"Est. reading time\" \/>\n\t<meta name=\"twitter:data2\" content=\"4 minutes\" \/>\n<script type=\"application\/ld+json\" class=\"yoast-schema-graph\">{\"@context\":\"https:\\\/\\\/schema.org\",\"@graph\":[{\"@type\":\"Article\",\"@id\":\"https:\\\/\\\/www.belodonte.es\\\/dolor-orofacial-causas-efectos-tratamiento-prevencion\\\/#article\",\"isPartOf\":{\"@id\":\"https:\\\/\\\/www.belodonte.es\\\/dolor-orofacial-causas-efectos-tratamiento-prevencion\\\/\"},\"author\":{\"name\":\"Cl\u00ednica Belodonte\",\"@id\":\"https:\\\/\\\/www.belodonte.es\\\/#\\\/schema\\\/person\\\/af746658db6c58f111ab4e18a476abcd\"},\"headline\":\"Dolor orofacial: causes, efectes, tractament i prevenci\u00f3\",\"datePublished\":\"2025-08-14T06:00:00+00:00\",\"mainEntityOfPage\":{\"@id\":\"https:\\\/\\\/www.belodonte.es\\\/dolor-orofacial-causas-efectos-tratamiento-prevencion\\\/\"},\"wordCount\":773,\"commentCount\":0,\"publisher\":{\"@id\":\"https:\\\/\\\/www.belodonte.es\\\/#organization\"},\"image\":{\"@id\":\"https:\\\/\\\/www.belodonte.es\\\/dolor-orofacial-causas-efectos-tratamiento-prevencion\\\/#primaryimage\"},\"thumbnailUrl\":\"https:\\\/\\\/www.belodonte.es\\\/wp-content\\\/uploads\\\/2025\\\/06\\\/dolor-orofacial.jpeg\",\"articleSection\":[\"Cirugia Oral\"],\"inLanguage\":\"ca\",\"potentialAction\":[{\"@type\":\"CommentAction\",\"name\":\"Comment\",\"target\":[\"https:\\\/\\\/www.belodonte.es\\\/dolor-orofacial-causas-efectos-tratamiento-prevencion\\\/#respond\"]}]},{\"@type\":\"WebPage\",\"@id\":\"https:\\\/\\\/www.belodonte.es\\\/dolor-orofacial-causas-efectos-tratamiento-prevencion\\\/\",\"url\":\"https:\\\/\\\/www.belodonte.es\\\/dolor-orofacial-causas-efectos-tratamiento-prevencion\\\/\",\"name\":\"Dolor orofacial: causes, efectes, tractament i prevenci\u00f3\",\"isPartOf\":{\"@id\":\"https:\\\/\\\/www.belodonte.es\\\/#website\"},\"primaryImageOfPage\":{\"@id\":\"https:\\\/\\\/www.belodonte.es\\\/dolor-orofacial-causas-efectos-tratamiento-prevencion\\\/#primaryimage\"},\"image\":{\"@id\":\"https:\\\/\\\/www.belodonte.es\\\/dolor-orofacial-causas-efectos-tratamiento-prevencion\\\/#primaryimage\"},\"thumbnailUrl\":\"https:\\\/\\\/www.belodonte.es\\\/wp-content\\\/uploads\\\/2025\\\/06\\\/dolor-orofacial.jpeg\",\"datePublished\":\"2025-08-14T06:00:00+00:00\",\"description\":\"El dolor orofacial \u00e9s una condici\u00f3 comuna que afecta milions de persones a tot el m\u00f3n, causant mol\u00e8sties significatives.\",\"breadcrumb\":{\"@id\":\"https:\\\/\\\/www.belodonte.es\\\/dolor-orofacial-causas-efectos-tratamiento-prevencion\\\/#breadcrumb\"},\"inLanguage\":\"ca\",\"potentialAction\":[{\"@type\":\"ReadAction\",\"target\":[\"https:\\\/\\\/www.belodonte.es\\\/dolor-orofacial-causas-efectos-tratamiento-prevencion\\\/\"]}]},{\"@type\":\"ImageObject\",\"inLanguage\":\"ca\",\"@id\":\"https:\\\/\\\/www.belodonte.es\\\/dolor-orofacial-causas-efectos-tratamiento-prevencion\\\/#primaryimage\",\"url\":\"https:\\\/\\\/www.belodonte.es\\\/wp-content\\\/uploads\\\/2025\\\/06\\\/dolor-orofacial.jpeg\",\"contentUrl\":\"https:\\\/\\\/www.belodonte.es\\\/wp-content\\\/uploads\\\/2025\\\/06\\\/dolor-orofacial.jpeg\",\"width\":5095,\"height\":2866,\"caption\":\"dolor orofacial\"},{\"@type\":\"BreadcrumbList\",\"@id\":\"https:\\\/\\\/www.belodonte.es\\\/dolor-orofacial-causas-efectos-tratamiento-prevencion\\\/#breadcrumb\",\"itemListElement\":[{\"@type\":\"ListItem\",\"position\":1,\"name\":\"Portada\",\"item\":\"https:\\\/\\\/www.belodonte.es\\\/\"},{\"@type\":\"ListItem\",\"position\":2,\"name\":\"Dolor orofacial: causes, efectes, tractament i prevenci\u00f3\"}]},{\"@type\":\"WebSite\",\"@id\":\"https:\\\/\\\/www.belodonte.es\\\/#website\",\"url\":\"https:\\\/\\\/www.belodonte.es\\\/\",\"name\":\"Cl\u00ednica Belodonte\",\"description\":\"Cl\u00ednica dental en Barcelona\",\"publisher\":{\"@id\":\"https:\\\/\\\/www.belodonte.es\\\/#organization\"},\"potentialAction\":[{\"@type\":\"SearchAction\",\"target\":{\"@type\":\"EntryPoint\",\"urlTemplate\":\"https:\\\/\\\/www.belodonte.es\\\/?s={search_term_string}\"},\"query-input\":{\"@type\":\"PropertyValueSpecification\",\"valueRequired\":true,\"valueName\":\"search_term_string\"}}],\"inLanguage\":\"ca\"},{\"@type\":\"Organization\",\"@id\":\"https:\\\/\\\/www.belodonte.es\\\/#organization\",\"name\":\"Cl\u00ednica Dental Belodonte\",\"url\":\"https:\\\/\\\/www.belodonte.es\\\/\",\"logo\":{\"@type\":\"ImageObject\",\"inLanguage\":\"ca\",\"@id\":\"https:\\\/\\\/www.belodonte.es\\\/#\\\/schema\\\/logo\\\/image\\\/\",\"url\":\"https:\\\/\\\/www.belodonte.es\\\/wp-content\\\/uploads\\\/2021\\\/10\\\/favicon-clinica-belodonte.png\",\"contentUrl\":\"https:\\\/\\\/www.belodonte.es\\\/wp-content\\\/uploads\\\/2021\\\/10\\\/favicon-clinica-belodonte.png\",\"width\":512,\"height\":512,\"caption\":\"Cl\u00ednica Dental Belodonte\"},\"image\":{\"@id\":\"https:\\\/\\\/www.belodonte.es\\\/#\\\/schema\\\/logo\\\/image\\\/\"}},{\"@type\":\"Person\",\"@id\":\"https:\\\/\\\/www.belodonte.es\\\/#\\\/schema\\\/person\\\/af746658db6c58f111ab4e18a476abcd\",\"name\":\"Cl\u00ednica Belodonte\",\"image\":{\"@type\":\"ImageObject\",\"inLanguage\":\"ca\",\"@id\":\"https:\\\/\\\/secure.gravatar.com\\\/avatar\\\/638e9d8d08bf2340d3d84b2996cdb448289ac0a26b32c99af87880a52287f8b8?s=96&d=mm&r=g\",\"url\":\"https:\\\/\\\/secure.gravatar.com\\\/avatar\\\/638e9d8d08bf2340d3d84b2996cdb448289ac0a26b32c99af87880a52287f8b8?s=96&d=mm&r=g\",\"contentUrl\":\"https:\\\/\\\/secure.gravatar.com\\\/avatar\\\/638e9d8d08bf2340d3d84b2996cdb448289ac0a26b32c99af87880a52287f8b8?s=96&d=mm&r=g\",\"caption\":\"Cl\u00ednica Belodonte\"},\"url\":\"https:\\\/\\\/www.belodonte.es\\\/ca\\\/author\\\/wm_mgc\\\/\"}]}<\/script>\n<!-- \/ Yoast SEO plugin. -->","yoast_head_json":{"title":"Dolor orofacial: causes, efectes, tractament i prevenci\u00f3","description":"El dolor orofacial \u00e9s una condici\u00f3 comuna que afecta milions de persones a tot el m\u00f3n, causant mol\u00e8sties significatives.","robots":{"index":"index","follow":"follow","max-snippet":"max-snippet:-1","max-image-preview":"max-image-preview:large","max-video-preview":"max-video-preview:-1"},"canonical":"https:\/\/www.belodonte.es\/dolor-orofacial-causas-efectos-tratamiento-prevencion\/","og_locale":"ca_ES","og_type":"article","og_title":"Dolor orofacial: causes, efectes, tractament i prevenci\u00f3","og_description":"El dolor orofacial \u00e9s una condici\u00f3 comuna que afecta milions de persones a tot el m\u00f3n, causant mol\u00e8sties significatives.","og_url":"https:\/\/www.belodonte.es\/dolor-orofacial-causas-efectos-tratamiento-prevencion\/","og_site_name":"Cl\u00ednica Belodonte","article_published_time":"2025-08-14T06:00:00+00:00","og_image":[{"width":5095,"height":2866,"url":"https:\/\/www.belodonte.es\/wp-content\/uploads\/2025\/06\/dolor-orofacial.jpeg","type":"image\/jpeg"}],"author":"Cl\u00ednica Belodonte","twitter_card":"summary_large_image","twitter_misc":{"Written by":"Cl\u00ednica Belodonte","Est. reading time":"4 minutes"},"schema":{"@context":"https:\/\/schema.org","@graph":[{"@type":"Article","@id":"https:\/\/www.belodonte.es\/dolor-orofacial-causas-efectos-tratamiento-prevencion\/#article","isPartOf":{"@id":"https:\/\/www.belodonte.es\/dolor-orofacial-causas-efectos-tratamiento-prevencion\/"},"author":{"name":"Cl\u00ednica Belodonte","@id":"https:\/\/www.belodonte.es\/#\/schema\/person\/af746658db6c58f111ab4e18a476abcd"},"headline":"Dolor orofacial: causes, efectes, tractament i prevenci\u00f3","datePublished":"2025-08-14T06:00:00+00:00","mainEntityOfPage":{"@id":"https:\/\/www.belodonte.es\/dolor-orofacial-causas-efectos-tratamiento-prevencion\/"},"wordCount":773,"commentCount":0,"publisher":{"@id":"https:\/\/www.belodonte.es\/#organization"},"image":{"@id":"https:\/\/www.belodonte.es\/dolor-orofacial-causas-efectos-tratamiento-prevencion\/#primaryimage"},"thumbnailUrl":"https:\/\/www.belodonte.es\/wp-content\/uploads\/2025\/06\/dolor-orofacial.jpeg","articleSection":["Cirugia Oral"],"inLanguage":"ca","potentialAction":[{"@type":"CommentAction","name":"Comment","target":["https:\/\/www.belodonte.es\/dolor-orofacial-causas-efectos-tratamiento-prevencion\/#respond"]}]},{"@type":"WebPage","@id":"https:\/\/www.belodonte.es\/dolor-orofacial-causas-efectos-tratamiento-prevencion\/","url":"https:\/\/www.belodonte.es\/dolor-orofacial-causas-efectos-tratamiento-prevencion\/","name":"Dolor orofacial: causes, efectes, tractament i prevenci\u00f3","isPartOf":{"@id":"https:\/\/www.belodonte.es\/#website"},"primaryImageOfPage":{"@id":"https:\/\/www.belodonte.es\/dolor-orofacial-causas-efectos-tratamiento-prevencion\/#primaryimage"},"image":{"@id":"https:\/\/www.belodonte.es\/dolor-orofacial-causas-efectos-tratamiento-prevencion\/#primaryimage"},"thumbnailUrl":"https:\/\/www.belodonte.es\/wp-content\/uploads\/2025\/06\/dolor-orofacial.jpeg","datePublished":"2025-08-14T06:00:00+00:00","description":"El dolor orofacial \u00e9s una condici\u00f3 comuna que afecta milions de persones a tot el m\u00f3n, causant mol\u00e8sties significatives.","breadcrumb":{"@id":"https:\/\/www.belodonte.es\/dolor-orofacial-causas-efectos-tratamiento-prevencion\/#breadcrumb"},"inLanguage":"ca","potentialAction":[{"@type":"ReadAction","target":["https:\/\/www.belodonte.es\/dolor-orofacial-causas-efectos-tratamiento-prevencion\/"]}]},{"@type":"ImageObject","inLanguage":"ca","@id":"https:\/\/www.belodonte.es\/dolor-orofacial-causas-efectos-tratamiento-prevencion\/#primaryimage","url":"https:\/\/www.belodonte.es\/wp-content\/uploads\/2025\/06\/dolor-orofacial.jpeg","contentUrl":"https:\/\/www.belodonte.es\/wp-content\/uploads\/2025\/06\/dolor-orofacial.jpeg","width":5095,"height":2866,"caption":"dolor orofacial"},{"@type":"BreadcrumbList","@id":"https:\/\/www.belodonte.es\/dolor-orofacial-causas-efectos-tratamiento-prevencion\/#breadcrumb","itemListElement":[{"@type":"ListItem","position":1,"name":"Portada","item":"https:\/\/www.belodonte.es\/"},{"@type":"ListItem","position":2,"name":"Dolor orofacial: causes, efectes, tractament i prevenci\u00f3"}]},{"@type":"WebSite","@id":"https:\/\/www.belodonte.es\/#website","url":"https:\/\/www.belodonte.es\/","name":"Cl\u00ednica Belodonte","description":"Cl\u00ednica dental en Barcelona","publisher":{"@id":"https:\/\/www.belodonte.es\/#organization"},"potentialAction":[{"@type":"SearchAction","target":{"@type":"EntryPoint","urlTemplate":"https:\/\/www.belodonte.es\/?s={search_term_string}"},"query-input":{"@type":"PropertyValueSpecification","valueRequired":true,"valueName":"search_term_string"}}],"inLanguage":"ca"},{"@type":"Organization","@id":"https:\/\/www.belodonte.es\/#organization","name":"Cl\u00ednica Dental Belodonte","url":"https:\/\/www.belodonte.es\/","logo":{"@type":"ImageObject","inLanguage":"ca","@id":"https:\/\/www.belodonte.es\/#\/schema\/logo\/image\/","url":"https:\/\/www.belodonte.es\/wp-content\/uploads\/2021\/10\/favicon-clinica-belodonte.png","contentUrl":"https:\/\/www.belodonte.es\/wp-content\/uploads\/2021\/10\/favicon-clinica-belodonte.png","width":512,"height":512,"caption":"Cl\u00ednica Dental Belodonte"},"image":{"@id":"https:\/\/www.belodonte.es\/#\/schema\/logo\/image\/"}},{"@type":"Person","@id":"https:\/\/www.belodonte.es\/#\/schema\/person\/af746658db6c58f111ab4e18a476abcd","name":"Cl\u00ednica Belodonte","image":{"@type":"ImageObject","inLanguage":"ca","@id":"https:\/\/secure.gravatar.com\/avatar\/638e9d8d08bf2340d3d84b2996cdb448289ac0a26b32c99af87880a52287f8b8?s=96&d=mm&r=g","url":"https:\/\/secure.gravatar.com\/avatar\/638e9d8d08bf2340d3d84b2996cdb448289ac0a26b32c99af87880a52287f8b8?s=96&d=mm&r=g","contentUrl":"https:\/\/secure.gravatar.com\/avatar\/638e9d8d08bf2340d3d84b2996cdb448289ac0a26b32c99af87880a52287f8b8?s=96&d=mm&r=g","caption":"Cl\u00ednica Belodonte"},"url":"https:\/\/www.belodonte.es\/ca\/author\/wm_mgc\/"}]}},"_links":{"self":[{"href":"https:\/\/www.belodonte.es\/ca\/wp-json\/wp\/v2\/posts\/6352","targetHints":{"allow":["GET"]}}],"collection":[{"href":"https:\/\/www.belodonte.es\/ca\/wp-json\/wp\/v2\/posts"}],"about":[{"href":"https:\/\/www.belodonte.es\/ca\/wp-json\/wp\/v2\/types\/post"}],"author":[{"embeddable":true,"href":"https:\/\/www.belodonte.es\/ca\/wp-json\/wp\/v2\/users\/3"}],"replies":[{"embeddable":true,"href":"https:\/\/www.belodonte.es\/ca\/wp-json\/wp\/v2\/comments?post=6352"}],"version-history":[{"count":1,"href":"https:\/\/www.belodonte.es\/ca\/wp-json\/wp\/v2\/posts\/6352\/revisions"}],"predecessor-version":[{"id":6353,"href":"https:\/\/www.belodonte.es\/ca\/wp-json\/wp\/v2\/posts\/6352\/revisions\/6353"}],"wp:featuredmedia":[{"embeddable":true,"href":"https:\/\/www.belodonte.es\/ca\/wp-json\/wp\/v2\/media\/6320"}],"wp:attachment":[{"href":"https:\/\/www.belodonte.es\/ca\/wp-json\/wp\/v2\/media?parent=6352"}],"wp:term":[{"taxonomy":"category","embeddable":true,"href":"https:\/\/www.belodonte.es\/ca\/wp-json\/wp\/v2\/categories?post=6352"},{"taxonomy":"post_tag","embeddable":true,"href":"https:\/\/www.belodonte.es\/ca\/wp-json\/wp\/v2\/tags?post=6352"}],"curies":[{"name":"wp","href":"https:\/\/api.w.org\/{rel}","templated":true}]}}