{"id":6347,"date":"2025-08-07T06:00:00","date_gmt":"2025-08-07T06:00:00","guid":{"rendered":"https:\/\/www.belodonte.es\/?p=6347"},"modified":"2025-06-17T08:02:30","modified_gmt":"2025-06-17T08:02:30","slug":"ardor-bucal-que-es","status":"publish","type":"post","link":"https:\/\/www.belodonte.es\/ca\/ardor-bucal-que-es\/","title":{"rendered":"Ardor bucal: Qu\u00e8 \u00e9s?"},"content":{"rendered":"\n<p>L&#8217;<strong>ardor bucal<\/strong>, tamb\u00e9 conegut com a s\u00edndrome de boca ardent (SBA), \u00e9s una afecci\u00f3 complexa i sovint frustrant que afecta milers de persones, especialment dones majors de cinquanta anys. Encara que no est\u00e0 directament relacionat amb les articulacions, s\u00ed que forma part d&#8217;un enfocament integral de la salut que tamb\u00e9 inclou la cura oral i la suplementaci\u00f3 adequada. Des de <strong>Cl\u00ednica Belodonte, <a href=\"https:\/\/www.belodonte.es\/ca\/odontologia-conservadora\/\" target=\"_blank\" rel=\"noreferrer noopener\">experts en Odontologia Conservadora a Barcelona<\/a><\/strong>, t&#8217;expliquem qu\u00e8 \u00e9s, les seves causes, s\u00edmptomes i com prevenir-ho i tractar-ho des de l&#8217;odontologia conservadora.<\/p>\n\n\n\n<h2 class=\"wp-block-heading\">Qu\u00e8 \u00e9s l&#8217;ardor bucal?<\/h2>\n\n\n\n<p>\u00c9s una sensaci\u00f3 de co\u00efssor cr\u00f2nica en la boca que pot afectar la llengua, el paladar, les genives, l&#8217;interior de les galtes o tota la cavitat bucal. Sovint, es descriu com una sensaci\u00f3 similar a la d&#8217;haver pres una beguda molt calenta, fins i tot quan no hi ha cap desencadenant visible.<br>Es tracta d&#8217;un trastorn neurop\u00e0tic, \u00e9s a dir, que t\u00e9 el seu origen en un mal funcionament del sistema nervi\u00f3s perif\u00e8ric o oral. Pot presentar-se de manera prim\u00e0ria (sense causa aparent) o secund\u00e0ria (associat a altres condicions).<\/p>\n\n\n\n<h2 class=\"wp-block-heading\">Causes m\u00e9s comunes de l&#8217;ardor bucal<\/h2>\n\n\n\n<p>Identificar la seva causa \u00e9s clau per a tractar-lo de manera efectiva. Entre les m\u00e9s comunes trobem:<\/p>\n\n\n\n<ul class=\"wp-block-list\">\n<li><strong>Defici\u00e8ncies nutricionals: <\/strong>Especialment de vitamines del complex B (B1, B6, B12), zinc o ferro. Aquestes tamb\u00e9 poden afectar la salut articular.<\/li>\n\n\n\n<li><strong>Alteracions hormonals:<\/strong> Com\u00fa en dones en la menopausa, la qual cosa explica la seva alta prevalen\u00e7a en aquest grup.<\/li>\n\n\n\n<li><strong>S\u00edndrome de boca seca (xerostomia):<\/strong> Relacionat amb l&#8217;\u00fas d&#8217;uns certs medicaments o malalties autoimmunes.<\/li>\n\n\n\n<li><strong>Al\u00b7l\u00e8rgies o reaccions a materials dentals: <\/strong>Algunes resines o metalls poden generar irritaci\u00f3.<\/li>\n\n\n\n<li><strong>Infeccions f\u00fangiques o bacterianes:<\/strong> Com la candidiasi oral.<\/li>\n\n\n\n<li><strong>Bruxisme o tensi\u00f3 mandibular: <\/strong>Factors musculars que, igual que amb les articulacions, poden agreujar els s\u00edmptomes.<\/li>\n\n\n\n<li><strong>Trastorns psicol\u00f2gics: <\/strong>Ansietat, depressi\u00f3 o estr\u00e8s cr\u00f2nic.<\/li>\n<\/ul>\n\n\n\n<h2 class=\"wp-block-heading\">S\u00edmptomes i efectes de l&#8217;ardor bucal<\/h2>\n\n\n\n<p>Es manifesta amb s\u00edmptomes que poden fluctuar al llarg del dia i afectar significativament la qualitat de vida:<\/p>\n\n\n\n<ul class=\"wp-block-list\">\n<li>Sensaci\u00f3 de co\u00efssor o co\u00efssor persistent.<\/li>\n\n\n\n<li>Sabor met\u00e0l\u00b7lic o amarg.<\/li>\n\n\n\n<li>Alteraci\u00f3 del gust.<\/li>\n\n\n\n<li>Sensaci\u00f3 de sequedat, encara que la producci\u00f3 salival sigui normal.<\/li>\n\n\n\n<li>Dolor que empitjora en parlar o menjar.<\/li>\n<\/ul>\n\n\n\n<p>Amb el temps, pot provocar ansietat, insomni i p\u00e8rdua de l&#8217;apetit, la qual cosa incideix negativament en la salut general, incloses les articulacions, per falta de nutrients adequats.<\/p>\n\n\n\n<h2 class=\"wp-block-heading\">Abordatge des de l&#8217;odontologia conservadora<\/h2>\n\n\n\n<p>L&#8217;odontologia conservadora se centra a preservar l&#8217;estructura dental i funcionalitat de la boca amb el menor grau d&#8217;intervenci\u00f3 invasiva. En el cas de l&#8217;ardor bucal, aquest enfocament busca:<\/p>\n\n\n\n<ul class=\"wp-block-list\">\n<li><strong>Descartar causes locals: <\/strong>Com a c\u00e0ries, periodontitis o mal estat de pr\u00f2tesis dentals.<\/li>\n\n\n\n<li><strong>Avaluaci\u00f3 de materials dentals: <\/strong>Es poden substituir compostos irritants per opcions biocompatibles.<\/li>\n\n\n\n<li><strong>Tractament d&#8217;infeccions: <\/strong>Amb antif\u00fangics o antibacterians segons sigui necessari.<\/li>\n\n\n\n<li><strong>\u00das de col\u00b7lutoris especials: <\/strong>Amb propietats analg\u00e8siques o hidratants.<\/li>\n\n\n\n<li><strong>Educaci\u00f3 al pacient:<\/strong> En t\u00e8cniques d&#8217;higiene oral no agressives i detecci\u00f3 de factors desencadenants com a aliments molt \u00e0cids, picants o alcohol.<\/li>\n<\/ul>\n\n\n\n<p>A m\u00e9s, l&#8217;odont\u00f2leg pot col\u00b7laborar amb altres professionals de la salut per a dissenyar un pla multidisciplinari si l&#8217;ardor t\u00e9 origen sist\u00e8mic o emocional.<\/p>\n\n\n\n<h2 class=\"wp-block-heading\">Prevenci\u00f3 de l&#8217;ardor bucal<\/h2>\n\n\n\n<p>Encara que no sempre \u00e9s possible prevenir l&#8217;ardor bucal, hi ha mesures que poden reduir el risc o la intensitat dels s\u00edmptomes:<\/p>\n\n\n\n<ul class=\"wp-block-list\">\n<li>Mantenir una bona hidrataci\u00f3.<\/li>\n\n\n\n<li>Evitar el tabac, l&#8217;alcohol i productes irritants.<\/li>\n\n\n\n<li>Cuidar la higiene bucal sense productes abrasius.<\/li>\n\n\n\n<li>Incorporar en la dieta aliments rics en vitamines del complex B, magnesi i zinc.<\/li>\n\n\n\n<li>Usar suplements de qualitat si hi ha defici\u00e8ncies nutricionals, alguna cosa que tamb\u00e9 ajuda a cura de les articulacions.<\/li>\n\n\n\n<li>Controlar l&#8217;estr\u00e8s mitjan\u00e7ant t\u00e8cniques de relaxaci\u00f3, activitat f\u00edsica moderada o suport psicol\u00f2gic.<\/li>\n<\/ul>\n\n\n\n<p>En conclusi\u00f3, l&#8217;ardor bucal \u00e9s una condici\u00f3 que pot semblar menor, per\u00f2 afecta de manera important la salut i benestar diari. Des de l&#8217;odontologia conservadora es poden realitzar m\u00faltiples intervencions eficaces per a alleujar els s\u00edmptomes, sempre amb un enfocament integral que valori la nutrici\u00f3, l&#8217;estat emocional i la salut sist\u00e8mica del pacient. Si sents co\u00efssor constant en la boca, no ho ignoris: consultar amb el teu dentista de confian\u00e7a pot marcar la difer\u00e8ncia.<\/p>\n\n\n\n<p>En Cl\u00ednica Belodonte disposem de serveis d&#8217;Odontologia General i Conservadora. Per a m\u00e9s informaci\u00f3 o consultar-nos un cas, no dubteu a <strong><a href=\"https:\/\/www.belodonte.es\/ca\/contacte\/\" target=\"_blank\" rel=\"noreferrer noopener\">posar-vos en contacte amb nosaltres.<\/a><\/strong><\/p>\n","protected":false},"excerpt":{"rendered":"<p>L&#8217;ardor bucal, tamb\u00e9 conegut com a s\u00edndrome de boca ardent (SBA), \u00e9s una afecci\u00f3 complexa i sovint frustrant que afecta milers de persones, especialment dones majors de cinquanta anys. Encara que no est\u00e0 directament relacionat amb les articulacions, s\u00ed que [&hellip;]<\/p>\n","protected":false},"author":3,"featured_media":6310,"comment_status":"open","ping_status":"open","sticky":false,"template":"","format":"standard","meta":{"site-sidebar-layout":"default","site-content-layout":"","ast-site-content-layout":"default","site-content-style":"default","site-sidebar-style":"default","ast-global-header-display":"","ast-banner-title-visibility":"","ast-main-header-display":"","ast-hfb-above-header-display":"","ast-hfb-below-header-display":"","ast-hfb-mobile-header-display":"","site-post-title":"","ast-breadcrumbs-content":"","ast-featured-img":"","footer-sml-layout":"","ast-disable-related-posts":"","theme-transparent-header-meta":"","adv-header-id-meta":"","stick-header-meta":"","header-above-stick-meta":"","header-main-stick-meta":"","header-below-stick-meta":"","astra-migrate-meta-layouts":"set","ast-page-background-enabled":"default","ast-page-background-meta":{"desktop":{"background-color":"","background-image":"","background-repeat":"repeat","background-position":"center center","background-size":"auto","background-attachment":"scroll","background-type":"","background-media":"","overlay-type":"","overlay-color":"","overlay-opacity":"","overlay-gradient":""},"tablet":{"background-color":"","background-image":"","background-repeat":"repeat","background-position":"center center","background-size":"auto","background-attachment":"scroll","background-type":"","background-media":"","overlay-type":"","overlay-color":"","overlay-opacity":"","overlay-gradient":""},"mobile":{"background-color":"","background-image":"","background-repeat":"repeat","background-position":"center center","background-size":"auto","background-attachment":"scroll","background-type":"","background-media":"","overlay-type":"","overlay-color":"","overlay-opacity":"","overlay-gradient":""}},"ast-content-background-meta":{"desktop":{"background-color":"var(--ast-global-color-5)","background-image":"","background-repeat":"repeat","background-position":"center center","background-size":"auto","background-attachment":"scroll","background-type":"","background-media":"","overlay-type":"","overlay-color":"","overlay-opacity":"","overlay-gradient":""},"tablet":{"background-color":"var(--ast-global-color-5)","background-image":"","background-repeat":"repeat","background-position":"center center","background-size":"auto","background-attachment":"scroll","background-type":"","background-media":"","overlay-type":"","overlay-color":"","overlay-opacity":"","overlay-gradient":""},"mobile":{"background-color":"var(--ast-global-color-5)","background-image":"","background-repeat":"repeat","background-position":"center center","background-size":"auto","background-attachment":"scroll","background-type":"","background-media":"","overlay-type":"","overlay-color":"","overlay-opacity":"","overlay-gradient":""}},"footnotes":""},"categories":[36],"tags":[],"class_list":["post-6347","post","type-post","status-publish","format-standard","has-post-thumbnail","hentry","category-odontologia-conservadora-2"],"yoast_head":"<!-- This site is optimized with the Yoast SEO plugin v27.4 - https:\/\/yoast.com\/product\/yoast-seo-wordpress\/ -->\n<title>Ardor bucal: Qu\u00e8 \u00e9s? - Cl\u00ednica Belodonte<\/title>\n<meta name=\"robots\" content=\"index, follow, max-snippet:-1, max-image-preview:large, max-video-preview:-1\" \/>\n<link rel=\"canonical\" href=\"https:\/\/www.belodonte.es\/?p=6308\" \/>\n<meta property=\"og:locale\" content=\"ca_ES\" \/>\n<meta property=\"og:type\" content=\"article\" \/>\n<meta property=\"og:title\" content=\"Ardor bucal: Qu\u00e8 \u00e9s? - Cl\u00ednica Belodonte\" \/>\n<meta property=\"og:description\" content=\"L&#8217;ardor bucal, tamb\u00e9 conegut com a s\u00edndrome de boca ardent (SBA), \u00e9s una afecci\u00f3 complexa i sovint frustrant que afecta milers de persones, especialment dones majors de cinquanta anys. Encara que no est\u00e0 directament relacionat amb les articulacions, s\u00ed que [&hellip;]\" \/>\n<meta property=\"og:url\" content=\"https:\/\/www.belodonte.es\/?p=6308\" \/>\n<meta property=\"og:site_name\" content=\"Cl\u00ednica Belodonte\" \/>\n<meta property=\"article:published_time\" content=\"2025-08-07T06:00:00+00:00\" \/>\n<meta property=\"og:image\" content=\"https:\/\/www.belodonte.es\/wp-content\/uploads\/2025\/06\/ardor-bucal.jpeg\" \/>\n\t<meta property=\"og:image:width\" content=\"2558\" \/>\n\t<meta property=\"og:image:height\" content=\"1439\" \/>\n\t<meta property=\"og:image:type\" content=\"image\/jpeg\" \/>\n<meta name=\"author\" content=\"Cl\u00ednica Belodonte\" \/>\n<meta name=\"twitter:card\" content=\"summary_large_image\" \/>\n<meta name=\"twitter:label1\" content=\"Written by\" \/>\n\t<meta name=\"twitter:data1\" content=\"Cl\u00ednica Belodonte\" \/>\n\t<meta name=\"twitter:label2\" content=\"Est. reading time\" \/>\n\t<meta name=\"twitter:data2\" content=\"4 minutes\" \/>\n<script type=\"application\/ld+json\" class=\"yoast-schema-graph\">{\"@context\":\"https:\\\/\\\/schema.org\",\"@graph\":[{\"@type\":\"Article\",\"@id\":\"https:\\\/\\\/www.belodonte.es\\\/?p=6308#article\",\"isPartOf\":{\"@id\":\"https:\\\/\\\/www.belodonte.es\\\/?p=6308\"},\"author\":{\"name\":\"Cl\u00ednica Belodonte\",\"@id\":\"https:\\\/\\\/www.belodonte.es\\\/#\\\/schema\\\/person\\\/af746658db6c58f111ab4e18a476abcd\"},\"headline\":\"Ardor bucal: Qu\u00e8 \u00e9s?\",\"datePublished\":\"2025-08-07T06:00:00+00:00\",\"mainEntityOfPage\":{\"@id\":\"https:\\\/\\\/www.belodonte.es\\\/?p=6308\"},\"wordCount\":750,\"commentCount\":0,\"publisher\":{\"@id\":\"https:\\\/\\\/www.belodonte.es\\\/#organization\"},\"image\":{\"@id\":\"https:\\\/\\\/www.belodonte.es\\\/?p=6308#primaryimage\"},\"thumbnailUrl\":\"https:\\\/\\\/www.belodonte.es\\\/wp-content\\\/uploads\\\/2025\\\/06\\\/ardor-bucal.jpeg\",\"articleSection\":[\"Odontologia conservadora\"],\"inLanguage\":\"ca\",\"potentialAction\":[{\"@type\":\"CommentAction\",\"name\":\"Comment\",\"target\":[\"https:\\\/\\\/www.belodonte.es\\\/?p=6308#respond\"]}]},{\"@type\":\"WebPage\",\"@id\":\"https:\\\/\\\/www.belodonte.es\\\/?p=6308\",\"url\":\"https:\\\/\\\/www.belodonte.es\\\/?p=6308\",\"name\":\"Ardor bucal: Qu\u00e8 \u00e9s? - Cl\u00ednica Belodonte\",\"isPartOf\":{\"@id\":\"https:\\\/\\\/www.belodonte.es\\\/#website\"},\"primaryImageOfPage\":{\"@id\":\"https:\\\/\\\/www.belodonte.es\\\/?p=6308#primaryimage\"},\"image\":{\"@id\":\"https:\\\/\\\/www.belodonte.es\\\/?p=6308#primaryimage\"},\"thumbnailUrl\":\"https:\\\/\\\/www.belodonte.es\\\/wp-content\\\/uploads\\\/2025\\\/06\\\/ardor-bucal.jpeg\",\"datePublished\":\"2025-08-07T06:00:00+00:00\",\"breadcrumb\":{\"@id\":\"https:\\\/\\\/www.belodonte.es\\\/?p=6308#breadcrumb\"},\"inLanguage\":\"ca\",\"potentialAction\":[{\"@type\":\"ReadAction\",\"target\":[\"https:\\\/\\\/www.belodonte.es\\\/?p=6308\"]}]},{\"@type\":\"ImageObject\",\"inLanguage\":\"ca\",\"@id\":\"https:\\\/\\\/www.belodonte.es\\\/?p=6308#primaryimage\",\"url\":\"https:\\\/\\\/www.belodonte.es\\\/wp-content\\\/uploads\\\/2025\\\/06\\\/ardor-bucal.jpeg\",\"contentUrl\":\"https:\\\/\\\/www.belodonte.es\\\/wp-content\\\/uploads\\\/2025\\\/06\\\/ardor-bucal.jpeg\",\"width\":2558,\"height\":1439,\"caption\":\"ardor bucal\"},{\"@type\":\"BreadcrumbList\",\"@id\":\"https:\\\/\\\/www.belodonte.es\\\/?p=6308#breadcrumb\",\"itemListElement\":[{\"@type\":\"ListItem\",\"position\":1,\"name\":\"Portada\",\"item\":\"https:\\\/\\\/www.belodonte.es\\\/\"},{\"@type\":\"ListItem\",\"position\":2,\"name\":\"Ardor bucal: Qu\u00e8 \u00e9s?\"}]},{\"@type\":\"WebSite\",\"@id\":\"https:\\\/\\\/www.belodonte.es\\\/#website\",\"url\":\"https:\\\/\\\/www.belodonte.es\\\/\",\"name\":\"Cl\u00ednica Belodonte\",\"description\":\"Cl\u00ednica dental en Barcelona\",\"publisher\":{\"@id\":\"https:\\\/\\\/www.belodonte.es\\\/#organization\"},\"potentialAction\":[{\"@type\":\"SearchAction\",\"target\":{\"@type\":\"EntryPoint\",\"urlTemplate\":\"https:\\\/\\\/www.belodonte.es\\\/?s={search_term_string}\"},\"query-input\":{\"@type\":\"PropertyValueSpecification\",\"valueRequired\":true,\"valueName\":\"search_term_string\"}}],\"inLanguage\":\"ca\"},{\"@type\":\"Organization\",\"@id\":\"https:\\\/\\\/www.belodonte.es\\\/#organization\",\"name\":\"Cl\u00ednica Dental Belodonte\",\"url\":\"https:\\\/\\\/www.belodonte.es\\\/\",\"logo\":{\"@type\":\"ImageObject\",\"inLanguage\":\"ca\",\"@id\":\"https:\\\/\\\/www.belodonte.es\\\/#\\\/schema\\\/logo\\\/image\\\/\",\"url\":\"https:\\\/\\\/www.belodonte.es\\\/wp-content\\\/uploads\\\/2021\\\/10\\\/favicon-clinica-belodonte.png\",\"contentUrl\":\"https:\\\/\\\/www.belodonte.es\\\/wp-content\\\/uploads\\\/2021\\\/10\\\/favicon-clinica-belodonte.png\",\"width\":512,\"height\":512,\"caption\":\"Cl\u00ednica Dental Belodonte\"},\"image\":{\"@id\":\"https:\\\/\\\/www.belodonte.es\\\/#\\\/schema\\\/logo\\\/image\\\/\"}},{\"@type\":\"Person\",\"@id\":\"https:\\\/\\\/www.belodonte.es\\\/#\\\/schema\\\/person\\\/af746658db6c58f111ab4e18a476abcd\",\"name\":\"Cl\u00ednica Belodonte\",\"image\":{\"@type\":\"ImageObject\",\"inLanguage\":\"ca\",\"@id\":\"https:\\\/\\\/secure.gravatar.com\\\/avatar\\\/638e9d8d08bf2340d3d84b2996cdb448289ac0a26b32c99af87880a52287f8b8?s=96&d=mm&r=g\",\"url\":\"https:\\\/\\\/secure.gravatar.com\\\/avatar\\\/638e9d8d08bf2340d3d84b2996cdb448289ac0a26b32c99af87880a52287f8b8?s=96&d=mm&r=g\",\"contentUrl\":\"https:\\\/\\\/secure.gravatar.com\\\/avatar\\\/638e9d8d08bf2340d3d84b2996cdb448289ac0a26b32c99af87880a52287f8b8?s=96&d=mm&r=g\",\"caption\":\"Cl\u00ednica Belodonte\"},\"url\":\"https:\\\/\\\/www.belodonte.es\\\/ca\\\/author\\\/wm_mgc\\\/\"}]}<\/script>\n<!-- \/ Yoast SEO plugin. -->","yoast_head_json":{"title":"Ardor bucal: Qu\u00e8 \u00e9s? - Cl\u00ednica Belodonte","robots":{"index":"index","follow":"follow","max-snippet":"max-snippet:-1","max-image-preview":"max-image-preview:large","max-video-preview":"max-video-preview:-1"},"canonical":"https:\/\/www.belodonte.es\/?p=6308","og_locale":"ca_ES","og_type":"article","og_title":"Ardor bucal: Qu\u00e8 \u00e9s? - Cl\u00ednica Belodonte","og_description":"L&#8217;ardor bucal, tamb\u00e9 conegut com a s\u00edndrome de boca ardent (SBA), \u00e9s una afecci\u00f3 complexa i sovint frustrant que afecta milers de persones, especialment dones majors de cinquanta anys. Encara que no est\u00e0 directament relacionat amb les articulacions, s\u00ed que [&hellip;]","og_url":"https:\/\/www.belodonte.es\/?p=6308","og_site_name":"Cl\u00ednica Belodonte","article_published_time":"2025-08-07T06:00:00+00:00","og_image":[{"width":2558,"height":1439,"url":"https:\/\/www.belodonte.es\/wp-content\/uploads\/2025\/06\/ardor-bucal.jpeg","type":"image\/jpeg"}],"author":"Cl\u00ednica Belodonte","twitter_card":"summary_large_image","twitter_misc":{"Written by":"Cl\u00ednica Belodonte","Est. reading time":"4 minutes"},"schema":{"@context":"https:\/\/schema.org","@graph":[{"@type":"Article","@id":"https:\/\/www.belodonte.es\/?p=6308#article","isPartOf":{"@id":"https:\/\/www.belodonte.es\/?p=6308"},"author":{"name":"Cl\u00ednica Belodonte","@id":"https:\/\/www.belodonte.es\/#\/schema\/person\/af746658db6c58f111ab4e18a476abcd"},"headline":"Ardor bucal: Qu\u00e8 \u00e9s?","datePublished":"2025-08-07T06:00:00+00:00","mainEntityOfPage":{"@id":"https:\/\/www.belodonte.es\/?p=6308"},"wordCount":750,"commentCount":0,"publisher":{"@id":"https:\/\/www.belodonte.es\/#organization"},"image":{"@id":"https:\/\/www.belodonte.es\/?p=6308#primaryimage"},"thumbnailUrl":"https:\/\/www.belodonte.es\/wp-content\/uploads\/2025\/06\/ardor-bucal.jpeg","articleSection":["Odontologia conservadora"],"inLanguage":"ca","potentialAction":[{"@type":"CommentAction","name":"Comment","target":["https:\/\/www.belodonte.es\/?p=6308#respond"]}]},{"@type":"WebPage","@id":"https:\/\/www.belodonte.es\/?p=6308","url":"https:\/\/www.belodonte.es\/?p=6308","name":"Ardor bucal: Qu\u00e8 \u00e9s? - Cl\u00ednica Belodonte","isPartOf":{"@id":"https:\/\/www.belodonte.es\/#website"},"primaryImageOfPage":{"@id":"https:\/\/www.belodonte.es\/?p=6308#primaryimage"},"image":{"@id":"https:\/\/www.belodonte.es\/?p=6308#primaryimage"},"thumbnailUrl":"https:\/\/www.belodonte.es\/wp-content\/uploads\/2025\/06\/ardor-bucal.jpeg","datePublished":"2025-08-07T06:00:00+00:00","breadcrumb":{"@id":"https:\/\/www.belodonte.es\/?p=6308#breadcrumb"},"inLanguage":"ca","potentialAction":[{"@type":"ReadAction","target":["https:\/\/www.belodonte.es\/?p=6308"]}]},{"@type":"ImageObject","inLanguage":"ca","@id":"https:\/\/www.belodonte.es\/?p=6308#primaryimage","url":"https:\/\/www.belodonte.es\/wp-content\/uploads\/2025\/06\/ardor-bucal.jpeg","contentUrl":"https:\/\/www.belodonte.es\/wp-content\/uploads\/2025\/06\/ardor-bucal.jpeg","width":2558,"height":1439,"caption":"ardor bucal"},{"@type":"BreadcrumbList","@id":"https:\/\/www.belodonte.es\/?p=6308#breadcrumb","itemListElement":[{"@type":"ListItem","position":1,"name":"Portada","item":"https:\/\/www.belodonte.es\/"},{"@type":"ListItem","position":2,"name":"Ardor bucal: Qu\u00e8 \u00e9s?"}]},{"@type":"WebSite","@id":"https:\/\/www.belodonte.es\/#website","url":"https:\/\/www.belodonte.es\/","name":"Cl\u00ednica Belodonte","description":"Cl\u00ednica dental en Barcelona","publisher":{"@id":"https:\/\/www.belodonte.es\/#organization"},"potentialAction":[{"@type":"SearchAction","target":{"@type":"EntryPoint","urlTemplate":"https:\/\/www.belodonte.es\/?s={search_term_string}"},"query-input":{"@type":"PropertyValueSpecification","valueRequired":true,"valueName":"search_term_string"}}],"inLanguage":"ca"},{"@type":"Organization","@id":"https:\/\/www.belodonte.es\/#organization","name":"Cl\u00ednica Dental Belodonte","url":"https:\/\/www.belodonte.es\/","logo":{"@type":"ImageObject","inLanguage":"ca","@id":"https:\/\/www.belodonte.es\/#\/schema\/logo\/image\/","url":"https:\/\/www.belodonte.es\/wp-content\/uploads\/2021\/10\/favicon-clinica-belodonte.png","contentUrl":"https:\/\/www.belodonte.es\/wp-content\/uploads\/2021\/10\/favicon-clinica-belodonte.png","width":512,"height":512,"caption":"Cl\u00ednica Dental Belodonte"},"image":{"@id":"https:\/\/www.belodonte.es\/#\/schema\/logo\/image\/"}},{"@type":"Person","@id":"https:\/\/www.belodonte.es\/#\/schema\/person\/af746658db6c58f111ab4e18a476abcd","name":"Cl\u00ednica Belodonte","image":{"@type":"ImageObject","inLanguage":"ca","@id":"https:\/\/secure.gravatar.com\/avatar\/638e9d8d08bf2340d3d84b2996cdb448289ac0a26b32c99af87880a52287f8b8?s=96&d=mm&r=g","url":"https:\/\/secure.gravatar.com\/avatar\/638e9d8d08bf2340d3d84b2996cdb448289ac0a26b32c99af87880a52287f8b8?s=96&d=mm&r=g","contentUrl":"https:\/\/secure.gravatar.com\/avatar\/638e9d8d08bf2340d3d84b2996cdb448289ac0a26b32c99af87880a52287f8b8?s=96&d=mm&r=g","caption":"Cl\u00ednica Belodonte"},"url":"https:\/\/www.belodonte.es\/ca\/author\/wm_mgc\/"}]}},"_links":{"self":[{"href":"https:\/\/www.belodonte.es\/ca\/wp-json\/wp\/v2\/posts\/6347","targetHints":{"allow":["GET"]}}],"collection":[{"href":"https:\/\/www.belodonte.es\/ca\/wp-json\/wp\/v2\/posts"}],"about":[{"href":"https:\/\/www.belodonte.es\/ca\/wp-json\/wp\/v2\/types\/post"}],"author":[{"embeddable":true,"href":"https:\/\/www.belodonte.es\/ca\/wp-json\/wp\/v2\/users\/3"}],"replies":[{"embeddable":true,"href":"https:\/\/www.belodonte.es\/ca\/wp-json\/wp\/v2\/comments?post=6347"}],"version-history":[{"count":1,"href":"https:\/\/www.belodonte.es\/ca\/wp-json\/wp\/v2\/posts\/6347\/revisions"}],"predecessor-version":[{"id":6349,"href":"https:\/\/www.belodonte.es\/ca\/wp-json\/wp\/v2\/posts\/6347\/revisions\/6349"}],"wp:featuredmedia":[{"embeddable":true,"href":"https:\/\/www.belodonte.es\/ca\/wp-json\/wp\/v2\/media\/6310"}],"wp:attachment":[{"href":"https:\/\/www.belodonte.es\/ca\/wp-json\/wp\/v2\/media?parent=6347"}],"wp:term":[{"taxonomy":"category","embeddable":true,"href":"https:\/\/www.belodonte.es\/ca\/wp-json\/wp\/v2\/categories?post=6347"},{"taxonomy":"post_tag","embeddable":true,"href":"https:\/\/www.belodonte.es\/ca\/wp-json\/wp\/v2\/tags?post=6347"}],"curies":[{"name":"wp","href":"https:\/\/api.w.org\/{rel}","templated":true}]}}