{"id":6074,"date":"2025-04-10T06:00:00","date_gmt":"2025-04-10T06:00:00","guid":{"rendered":"https:\/\/www.belodonte.es\/?p=6074"},"modified":"2025-03-13T10:27:01","modified_gmt":"2025-03-13T10:27:01","slug":"profilaxi-dental-tracta","status":"publish","type":"post","link":"https:\/\/www.belodonte.es\/ca\/profilaxi-dental-tracta\/","title":{"rendered":"Profilaxi dental: De qu\u00e8 es tracta?"},"content":{"rendered":"\n<p>La<strong> profilaxi dental <\/strong>\u00e9s un procediment odontol\u00f2gic preventiu l&#8217;objectiu principal del qual \u00e9s eliminar la placa bacteriana, el carrall i les taques superficials de les dents. Tamb\u00e9 es coneix com a neteja dental professional i \u00e9s realitzada per un dentista o un higienista dental. A difer\u00e8ncia del raspallat diari i l&#8217;\u00fas del fil dental, aquesta arriba a les zones m\u00e9s dif\u00edcils d&#8217;accedir, proporcionant una neteja profunda i exhaustiva.<\/p>\n\n\n\n<p>Des de <strong>Cl\u00ednica Belodonte, <a href=\"https:\/\/www.belodonte.es\/ca\/odontologia-conservadora\/\" target=\"_blank\" rel=\"noreferrer noopener\">experts en Odontologia Conservadora i General a Barcelona<\/a><\/strong>, avui parlem sobre ella i la seva import\u00e0ncia.<\/p>\n\n\n\n<h2 class=\"wp-block-heading\">En qu\u00e8 consisteix la profilaxi dental?<\/h2>\n\n\n\n<p>Implica una s\u00e8rie de passos espec\u00edfics que garanteixen una higiene oral completa:<\/p>\n\n\n\n<ul class=\"wp-block-list\">\n<li><strong>Examen bucal inicial:<\/strong> El professional revisa l&#8217;estat general de la boca, identificant possibles problemes com a c\u00e0ries, inflamaci\u00f3 de genives o acumulaci\u00f3 excessiva de carrall.<\/li>\n\n\n\n<li><strong>Eliminaci\u00f3 de placa i carrall:<\/strong> S&#8217;utilitzen eines especialitzades, com a ultrasons o curetes, per a eliminar les acumulacions de placa i carrall, especialment en les zones interdentals i sota la l\u00ednia de les genives.<\/li>\n\n\n\n<li><strong>Poliment dental:<\/strong> Amb una pasta especial, es realitza un poliment que elimina taques superficials i suavitza les superf\u00edcies dentals, dificultant l&#8217;adher\u00e8ncia de nous bacteris.<\/li>\n\n\n\n<li><strong>Aplicaci\u00f3 de fluor (opcional): <\/strong>En alguns casos, s&#8217;aplica fluor per a enfortir l&#8217;esmalt i prevenir futures c\u00e0ries.<\/li>\n\n\n\n<li><strong>Consells personalitzats:<\/strong> Finalment, l&#8217;odont\u00f2leg o higienista ofereix pautes d&#8217;higiene oral adaptades a les necessitats espec\u00edfiques del pacient.<\/li>\n<\/ul>\n\n\n\n<h2 class=\"wp-block-heading\">Import\u00e0ncia de la profilaxi dental<\/h2>\n\n\n\n<p>No sols s&#8217;enfoca en l&#8217;<a href=\"https:\/\/www.belodonte.es\/ca\/estetica-dental\/\">est\u00e8tica dental<\/a>, sin\u00f3 que juga un paper crucial en la prevenci\u00f3 de malalties orals. L&#8217;acumulaci\u00f3 de placa bacteriana i carrall pot derivar en problemes greus com la gingivitis, la periodontitis i fins i tot la p\u00e8rdua de dents si no es tracta a temps.<\/p>\n\n\n\n<p>A m\u00e9s, la salut bucal est\u00e0 estretament relacionada amb la salut general. Existeixen estudis que demostren una connexi\u00f3 entre les malalties periodontals i afeccions sist\u00e8miques com la diabetis o les malalties cardiovasculars. Per aix\u00f2, mantenir una boca sana \u00e9s fonamental per al benestar integral.<\/p>\n\n\n\n<h2 class=\"wp-block-heading\">Com es duu a terme?<\/h2>\n\n\n\n<p>El proc\u00e9s sol durar entre 30 minuts i una hora, depenent de l&#8217;estat de salut oral del pacient. No \u00e9s un tractament dolor\u00f3s, encara que algunes persones poden experimentar una lleu sensibilitat, especialment si existeix inflamaci\u00f3 gingival.<\/p>\n\n\n\n<p>El professional empra instruments manuals i ultras\u00f2nics per a desfer-se de les acumulacions de carrall. Despr\u00e9s d&#8217;aix\u00f2, es procedeix al poliment de les dents amb una pasta granulosa i, si \u00e9s necessari, s&#8217;aplica fluor o un tractament dessensibilitzant.<\/p>\n\n\n\n<p>\u00c9s recomanable realitzar una almenys una vegada cada sis mesos, encara que la freq\u00fc\u00e8ncia exacta pot variar segons les necessitats individuals de cada pacient.<\/p>\n\n\n\n<h2 class=\"wp-block-heading\">Beneficis de la profilaxi dental<\/h2>\n\n\n\n<p>Els beneficis de sotmetre&#8217;s a una profilaxi dental regular s\u00f3n nombrosos i van m\u00e9s enll\u00e0 d&#8217;un somriure m\u00e9s blanc. Alguns d&#8217;ells s\u00f3n:<\/p>\n\n\n\n<ul class=\"wp-block-list\">\n<li><strong>Prevenci\u00f3 de c\u00e0ries i malalties periodontals: <\/strong>L&#8217;eliminaci\u00f3 de bacteris i carrall ajuda a evitar la formaci\u00f3 de c\u00e0ries i la inflamaci\u00f3 de les genives.<\/li>\n\n\n\n<li><strong>Millora de l&#8217;est\u00e8tica dental: <\/strong>En eliminar taques superficials, les dents llueixen m\u00e9s brillants i saludables.<\/li>\n\n\n\n<li><strong>Al\u00e8 fresc<\/strong>: La neteja profunda redueix el mal al\u00e8 causat per bacteris i restes d&#8217;aliments.<\/li>\n\n\n\n<li><strong>Detecci\u00f3 preco\u00e7 de problemes orals:<\/strong> Les revisions peri\u00f2diques permeten identificar a temps c\u00e0ries, infeccions o signes de c\u00e0ncer oral.<\/li>\n\n\n\n<li><strong>Salut general millorada: <\/strong>Una boca sana contribueix a la prevenci\u00f3 de malalties sist\u00e8miques.<\/li>\n<\/ul>\n\n\n\n<p>En resum, la profilaxi dental \u00e9s una pr\u00e0ctica essencial per a mantenir una \u00f2ptima salut bucodental i prevenir complicacions a llarg termini. No sols millora l&#8217;aparen\u00e7a de les dents, sin\u00f3 que tamb\u00e9 protegeix el benestar general de l&#8217;organisme. Programar cites regulars amb el dentista \u00e9s una inversi\u00f3 en salut que tots haur\u00edem de prioritzar.<\/p>\n\n\n\n<p>En Cl\u00ednica Belodonte disposem de serveis d&#8217;Odontologia Conservadora i General. Per a m\u00e9s informaci\u00f3 o consultar-nos un cas, no dubteu a <strong><a href=\"https:\/\/www.belodonte.es\/ca\/contacte\/\" target=\"_blank\" rel=\"noreferrer noopener nofollow\">posar-vos en contacte amb nosaltres.<\/a><\/strong><\/p>\n","protected":false},"excerpt":{"rendered":"<p>La profilaxi dental \u00e9s un procediment odontol\u00f2gic preventiu l&#8217;objectiu principal del qual \u00e9s eliminar la placa bacteriana, el carrall i les taques superficials de les dents. Tamb\u00e9 es coneix com a neteja dental professional i \u00e9s realitzada per un dentista [&hellip;]<\/p>\n","protected":false},"author":3,"featured_media":6049,"comment_status":"open","ping_status":"open","sticky":false,"template":"","format":"standard","meta":{"site-sidebar-layout":"default","site-content-layout":"","ast-site-content-layout":"default","site-content-style":"default","site-sidebar-style":"default","ast-global-header-display":"","ast-banner-title-visibility":"","ast-main-header-display":"","ast-hfb-above-header-display":"","ast-hfb-below-header-display":"","ast-hfb-mobile-header-display":"","site-post-title":"","ast-breadcrumbs-content":"","ast-featured-img":"","footer-sml-layout":"","ast-disable-related-posts":"","theme-transparent-header-meta":"","adv-header-id-meta":"","stick-header-meta":"","header-above-stick-meta":"","header-main-stick-meta":"","header-below-stick-meta":"","astra-migrate-meta-layouts":"set","ast-page-background-enabled":"default","ast-page-background-meta":{"desktop":{"background-color":"","background-image":"","background-repeat":"repeat","background-position":"center center","background-size":"auto","background-attachment":"scroll","background-type":"","background-media":"","overlay-type":"","overlay-color":"","overlay-opacity":"","overlay-gradient":""},"tablet":{"background-color":"","background-image":"","background-repeat":"repeat","background-position":"center center","background-size":"auto","background-attachment":"scroll","background-type":"","background-media":"","overlay-type":"","overlay-color":"","overlay-opacity":"","overlay-gradient":""},"mobile":{"background-color":"","background-image":"","background-repeat":"repeat","background-position":"center center","background-size":"auto","background-attachment":"scroll","background-type":"","background-media":"","overlay-type":"","overlay-color":"","overlay-opacity":"","overlay-gradient":""}},"ast-content-background-meta":{"desktop":{"background-color":"var(--ast-global-color-5)","background-image":"","background-repeat":"repeat","background-position":"center center","background-size":"auto","background-attachment":"scroll","background-type":"","background-media":"","overlay-type":"","overlay-color":"","overlay-opacity":"","overlay-gradient":""},"tablet":{"background-color":"var(--ast-global-color-5)","background-image":"","background-repeat":"repeat","background-position":"center center","background-size":"auto","background-attachment":"scroll","background-type":"","background-media":"","overlay-type":"","overlay-color":"","overlay-opacity":"","overlay-gradient":""},"mobile":{"background-color":"var(--ast-global-color-5)","background-image":"","background-repeat":"repeat","background-position":"center center","background-size":"auto","background-attachment":"scroll","background-type":"","background-media":"","overlay-type":"","overlay-color":"","overlay-opacity":"","overlay-gradient":""}},"footnotes":""},"categories":[36],"tags":[],"class_list":["post-6074","post","type-post","status-publish","format-standard","has-post-thumbnail","hentry","category-odontologia-conservadora-2"],"yoast_head":"<!-- This site is optimized with the Yoast SEO plugin v27.4 - https:\/\/yoast.com\/product\/yoast-seo-wordpress\/ -->\n<title>Profilaxi dental: De qu\u00e8 es tracta?<\/title>\n<meta name=\"description\" content=\"La profilaxi dental \u00e9s un procediment odontol\u00f2gic preventiu l&#039;objectiu principal del qual \u00e9s eliminar la placa bacteriana.\" \/>\n<meta name=\"robots\" content=\"index, follow, max-snippet:-1, max-image-preview:large, max-video-preview:-1\" \/>\n<link rel=\"canonical\" href=\"https:\/\/www.belodonte.es\/profilaxis-dental-trata\/\" \/>\n<meta property=\"og:locale\" content=\"ca_ES\" \/>\n<meta property=\"og:type\" content=\"article\" \/>\n<meta property=\"og:title\" content=\"Profilaxi dental: De qu\u00e8 es tracta?\" \/>\n<meta property=\"og:description\" content=\"La profilaxi dental \u00e9s un procediment odontol\u00f2gic preventiu l&#039;objectiu principal del qual \u00e9s eliminar la placa bacteriana.\" \/>\n<meta property=\"og:url\" content=\"https:\/\/www.belodonte.es\/profilaxis-dental-trata\/\" \/>\n<meta property=\"og:site_name\" content=\"Cl\u00ednica Belodonte\" \/>\n<meta property=\"article:published_time\" content=\"2025-04-10T06:00:00+00:00\" \/>\n<meta property=\"og:image\" content=\"https:\/\/www.belodonte.es\/wp-content\/uploads\/2025\/03\/profilaxis-dental.jpg\" \/>\n\t<meta property=\"og:image:width\" content=\"1200\" \/>\n\t<meta property=\"og:image:height\" content=\"600\" \/>\n\t<meta property=\"og:image:type\" content=\"image\/jpeg\" \/>\n<meta name=\"author\" content=\"Cl\u00ednica Belodonte\" \/>\n<meta name=\"twitter:card\" content=\"summary_large_image\" \/>\n<meta name=\"twitter:label1\" content=\"Written by\" \/>\n\t<meta name=\"twitter:data1\" content=\"Cl\u00ednica Belodonte\" \/>\n\t<meta name=\"twitter:label2\" content=\"Est. reading time\" \/>\n\t<meta name=\"twitter:data2\" content=\"4 minutes\" \/>\n<script type=\"application\/ld+json\" class=\"yoast-schema-graph\">{\"@context\":\"https:\\\/\\\/schema.org\",\"@graph\":[{\"@type\":\"Article\",\"@id\":\"https:\\\/\\\/www.belodonte.es\\\/profilaxis-dental-trata\\\/#article\",\"isPartOf\":{\"@id\":\"https:\\\/\\\/www.belodonte.es\\\/profilaxis-dental-trata\\\/\"},\"author\":{\"name\":\"Cl\u00ednica Belodonte\",\"@id\":\"https:\\\/\\\/www.belodonte.es\\\/#\\\/schema\\\/person\\\/af746658db6c58f111ab4e18a476abcd\"},\"headline\":\"Profilaxi dental: De qu\u00e8 es tracta?\",\"datePublished\":\"2025-04-10T06:00:00+00:00\",\"mainEntityOfPage\":{\"@id\":\"https:\\\/\\\/www.belodonte.es\\\/profilaxis-dental-trata\\\/\"},\"wordCount\":665,\"commentCount\":0,\"publisher\":{\"@id\":\"https:\\\/\\\/www.belodonte.es\\\/#organization\"},\"image\":{\"@id\":\"https:\\\/\\\/www.belodonte.es\\\/profilaxis-dental-trata\\\/#primaryimage\"},\"thumbnailUrl\":\"https:\\\/\\\/www.belodonte.es\\\/wp-content\\\/uploads\\\/2025\\\/03\\\/profilaxis-dental.jpg\",\"articleSection\":[\"Odontologia conservadora\"],\"inLanguage\":\"ca\",\"potentialAction\":[{\"@type\":\"CommentAction\",\"name\":\"Comment\",\"target\":[\"https:\\\/\\\/www.belodonte.es\\\/profilaxis-dental-trata\\\/#respond\"]}]},{\"@type\":\"WebPage\",\"@id\":\"https:\\\/\\\/www.belodonte.es\\\/profilaxis-dental-trata\\\/\",\"url\":\"https:\\\/\\\/www.belodonte.es\\\/profilaxis-dental-trata\\\/\",\"name\":\"Profilaxi dental: De qu\u00e8 es tracta?\",\"isPartOf\":{\"@id\":\"https:\\\/\\\/www.belodonte.es\\\/#website\"},\"primaryImageOfPage\":{\"@id\":\"https:\\\/\\\/www.belodonte.es\\\/profilaxis-dental-trata\\\/#primaryimage\"},\"image\":{\"@id\":\"https:\\\/\\\/www.belodonte.es\\\/profilaxis-dental-trata\\\/#primaryimage\"},\"thumbnailUrl\":\"https:\\\/\\\/www.belodonte.es\\\/wp-content\\\/uploads\\\/2025\\\/03\\\/profilaxis-dental.jpg\",\"datePublished\":\"2025-04-10T06:00:00+00:00\",\"description\":\"La profilaxi dental \u00e9s un procediment odontol\u00f2gic preventiu l'objectiu principal del qual \u00e9s eliminar la placa bacteriana.\",\"breadcrumb\":{\"@id\":\"https:\\\/\\\/www.belodonte.es\\\/profilaxis-dental-trata\\\/#breadcrumb\"},\"inLanguage\":\"ca\",\"potentialAction\":[{\"@type\":\"ReadAction\",\"target\":[\"https:\\\/\\\/www.belodonte.es\\\/profilaxis-dental-trata\\\/\"]}]},{\"@type\":\"ImageObject\",\"inLanguage\":\"ca\",\"@id\":\"https:\\\/\\\/www.belodonte.es\\\/profilaxis-dental-trata\\\/#primaryimage\",\"url\":\"https:\\\/\\\/www.belodonte.es\\\/wp-content\\\/uploads\\\/2025\\\/03\\\/profilaxis-dental.jpg\",\"contentUrl\":\"https:\\\/\\\/www.belodonte.es\\\/wp-content\\\/uploads\\\/2025\\\/03\\\/profilaxis-dental.jpg\",\"width\":1200,\"height\":600,\"caption\":\"profilaxis dental\"},{\"@type\":\"BreadcrumbList\",\"@id\":\"https:\\\/\\\/www.belodonte.es\\\/profilaxis-dental-trata\\\/#breadcrumb\",\"itemListElement\":[{\"@type\":\"ListItem\",\"position\":1,\"name\":\"Portada\",\"item\":\"https:\\\/\\\/www.belodonte.es\\\/\"},{\"@type\":\"ListItem\",\"position\":2,\"name\":\"Profilaxi dental: De qu\u00e8 es tracta?\"}]},{\"@type\":\"WebSite\",\"@id\":\"https:\\\/\\\/www.belodonte.es\\\/#website\",\"url\":\"https:\\\/\\\/www.belodonte.es\\\/\",\"name\":\"Cl\u00ednica Belodonte\",\"description\":\"Cl\u00ednica dental en Barcelona\",\"publisher\":{\"@id\":\"https:\\\/\\\/www.belodonte.es\\\/#organization\"},\"potentialAction\":[{\"@type\":\"SearchAction\",\"target\":{\"@type\":\"EntryPoint\",\"urlTemplate\":\"https:\\\/\\\/www.belodonte.es\\\/?s={search_term_string}\"},\"query-input\":{\"@type\":\"PropertyValueSpecification\",\"valueRequired\":true,\"valueName\":\"search_term_string\"}}],\"inLanguage\":\"ca\"},{\"@type\":\"Organization\",\"@id\":\"https:\\\/\\\/www.belodonte.es\\\/#organization\",\"name\":\"Cl\u00ednica Dental Belodonte\",\"url\":\"https:\\\/\\\/www.belodonte.es\\\/\",\"logo\":{\"@type\":\"ImageObject\",\"inLanguage\":\"ca\",\"@id\":\"https:\\\/\\\/www.belodonte.es\\\/#\\\/schema\\\/logo\\\/image\\\/\",\"url\":\"https:\\\/\\\/www.belodonte.es\\\/wp-content\\\/uploads\\\/2021\\\/10\\\/favicon-clinica-belodonte.png\",\"contentUrl\":\"https:\\\/\\\/www.belodonte.es\\\/wp-content\\\/uploads\\\/2021\\\/10\\\/favicon-clinica-belodonte.png\",\"width\":512,\"height\":512,\"caption\":\"Cl\u00ednica Dental Belodonte\"},\"image\":{\"@id\":\"https:\\\/\\\/www.belodonte.es\\\/#\\\/schema\\\/logo\\\/image\\\/\"}},{\"@type\":\"Person\",\"@id\":\"https:\\\/\\\/www.belodonte.es\\\/#\\\/schema\\\/person\\\/af746658db6c58f111ab4e18a476abcd\",\"name\":\"Cl\u00ednica Belodonte\",\"image\":{\"@type\":\"ImageObject\",\"inLanguage\":\"ca\",\"@id\":\"https:\\\/\\\/secure.gravatar.com\\\/avatar\\\/638e9d8d08bf2340d3d84b2996cdb448289ac0a26b32c99af87880a52287f8b8?s=96&d=mm&r=g\",\"url\":\"https:\\\/\\\/secure.gravatar.com\\\/avatar\\\/638e9d8d08bf2340d3d84b2996cdb448289ac0a26b32c99af87880a52287f8b8?s=96&d=mm&r=g\",\"contentUrl\":\"https:\\\/\\\/secure.gravatar.com\\\/avatar\\\/638e9d8d08bf2340d3d84b2996cdb448289ac0a26b32c99af87880a52287f8b8?s=96&d=mm&r=g\",\"caption\":\"Cl\u00ednica Belodonte\"},\"url\":\"https:\\\/\\\/www.belodonte.es\\\/ca\\\/author\\\/wm_mgc\\\/\"}]}<\/script>\n<!-- \/ Yoast SEO plugin. -->","yoast_head_json":{"title":"Profilaxi dental: De qu\u00e8 es tracta?","description":"La profilaxi dental \u00e9s un procediment odontol\u00f2gic preventiu l'objectiu principal del qual \u00e9s eliminar la placa bacteriana.","robots":{"index":"index","follow":"follow","max-snippet":"max-snippet:-1","max-image-preview":"max-image-preview:large","max-video-preview":"max-video-preview:-1"},"canonical":"https:\/\/www.belodonte.es\/profilaxis-dental-trata\/","og_locale":"ca_ES","og_type":"article","og_title":"Profilaxi dental: De qu\u00e8 es tracta?","og_description":"La profilaxi dental \u00e9s un procediment odontol\u00f2gic preventiu l'objectiu principal del qual \u00e9s eliminar la placa bacteriana.","og_url":"https:\/\/www.belodonte.es\/profilaxis-dental-trata\/","og_site_name":"Cl\u00ednica Belodonte","article_published_time":"2025-04-10T06:00:00+00:00","og_image":[{"width":1200,"height":600,"url":"https:\/\/www.belodonte.es\/wp-content\/uploads\/2025\/03\/profilaxis-dental.jpg","type":"image\/jpeg"}],"author":"Cl\u00ednica Belodonte","twitter_card":"summary_large_image","twitter_misc":{"Written by":"Cl\u00ednica Belodonte","Est. reading time":"4 minutes"},"schema":{"@context":"https:\/\/schema.org","@graph":[{"@type":"Article","@id":"https:\/\/www.belodonte.es\/profilaxis-dental-trata\/#article","isPartOf":{"@id":"https:\/\/www.belodonte.es\/profilaxis-dental-trata\/"},"author":{"name":"Cl\u00ednica Belodonte","@id":"https:\/\/www.belodonte.es\/#\/schema\/person\/af746658db6c58f111ab4e18a476abcd"},"headline":"Profilaxi dental: De qu\u00e8 es tracta?","datePublished":"2025-04-10T06:00:00+00:00","mainEntityOfPage":{"@id":"https:\/\/www.belodonte.es\/profilaxis-dental-trata\/"},"wordCount":665,"commentCount":0,"publisher":{"@id":"https:\/\/www.belodonte.es\/#organization"},"image":{"@id":"https:\/\/www.belodonte.es\/profilaxis-dental-trata\/#primaryimage"},"thumbnailUrl":"https:\/\/www.belodonte.es\/wp-content\/uploads\/2025\/03\/profilaxis-dental.jpg","articleSection":["Odontologia conservadora"],"inLanguage":"ca","potentialAction":[{"@type":"CommentAction","name":"Comment","target":["https:\/\/www.belodonte.es\/profilaxis-dental-trata\/#respond"]}]},{"@type":"WebPage","@id":"https:\/\/www.belodonte.es\/profilaxis-dental-trata\/","url":"https:\/\/www.belodonte.es\/profilaxis-dental-trata\/","name":"Profilaxi dental: De qu\u00e8 es tracta?","isPartOf":{"@id":"https:\/\/www.belodonte.es\/#website"},"primaryImageOfPage":{"@id":"https:\/\/www.belodonte.es\/profilaxis-dental-trata\/#primaryimage"},"image":{"@id":"https:\/\/www.belodonte.es\/profilaxis-dental-trata\/#primaryimage"},"thumbnailUrl":"https:\/\/www.belodonte.es\/wp-content\/uploads\/2025\/03\/profilaxis-dental.jpg","datePublished":"2025-04-10T06:00:00+00:00","description":"La profilaxi dental \u00e9s un procediment odontol\u00f2gic preventiu l'objectiu principal del qual \u00e9s eliminar la placa bacteriana.","breadcrumb":{"@id":"https:\/\/www.belodonte.es\/profilaxis-dental-trata\/#breadcrumb"},"inLanguage":"ca","potentialAction":[{"@type":"ReadAction","target":["https:\/\/www.belodonte.es\/profilaxis-dental-trata\/"]}]},{"@type":"ImageObject","inLanguage":"ca","@id":"https:\/\/www.belodonte.es\/profilaxis-dental-trata\/#primaryimage","url":"https:\/\/www.belodonte.es\/wp-content\/uploads\/2025\/03\/profilaxis-dental.jpg","contentUrl":"https:\/\/www.belodonte.es\/wp-content\/uploads\/2025\/03\/profilaxis-dental.jpg","width":1200,"height":600,"caption":"profilaxis dental"},{"@type":"BreadcrumbList","@id":"https:\/\/www.belodonte.es\/profilaxis-dental-trata\/#breadcrumb","itemListElement":[{"@type":"ListItem","position":1,"name":"Portada","item":"https:\/\/www.belodonte.es\/"},{"@type":"ListItem","position":2,"name":"Profilaxi dental: De qu\u00e8 es tracta?"}]},{"@type":"WebSite","@id":"https:\/\/www.belodonte.es\/#website","url":"https:\/\/www.belodonte.es\/","name":"Cl\u00ednica Belodonte","description":"Cl\u00ednica dental en Barcelona","publisher":{"@id":"https:\/\/www.belodonte.es\/#organization"},"potentialAction":[{"@type":"SearchAction","target":{"@type":"EntryPoint","urlTemplate":"https:\/\/www.belodonte.es\/?s={search_term_string}"},"query-input":{"@type":"PropertyValueSpecification","valueRequired":true,"valueName":"search_term_string"}}],"inLanguage":"ca"},{"@type":"Organization","@id":"https:\/\/www.belodonte.es\/#organization","name":"Cl\u00ednica Dental Belodonte","url":"https:\/\/www.belodonte.es\/","logo":{"@type":"ImageObject","inLanguage":"ca","@id":"https:\/\/www.belodonte.es\/#\/schema\/logo\/image\/","url":"https:\/\/www.belodonte.es\/wp-content\/uploads\/2021\/10\/favicon-clinica-belodonte.png","contentUrl":"https:\/\/www.belodonte.es\/wp-content\/uploads\/2021\/10\/favicon-clinica-belodonte.png","width":512,"height":512,"caption":"Cl\u00ednica Dental Belodonte"},"image":{"@id":"https:\/\/www.belodonte.es\/#\/schema\/logo\/image\/"}},{"@type":"Person","@id":"https:\/\/www.belodonte.es\/#\/schema\/person\/af746658db6c58f111ab4e18a476abcd","name":"Cl\u00ednica Belodonte","image":{"@type":"ImageObject","inLanguage":"ca","@id":"https:\/\/secure.gravatar.com\/avatar\/638e9d8d08bf2340d3d84b2996cdb448289ac0a26b32c99af87880a52287f8b8?s=96&d=mm&r=g","url":"https:\/\/secure.gravatar.com\/avatar\/638e9d8d08bf2340d3d84b2996cdb448289ac0a26b32c99af87880a52287f8b8?s=96&d=mm&r=g","contentUrl":"https:\/\/secure.gravatar.com\/avatar\/638e9d8d08bf2340d3d84b2996cdb448289ac0a26b32c99af87880a52287f8b8?s=96&d=mm&r=g","caption":"Cl\u00ednica Belodonte"},"url":"https:\/\/www.belodonte.es\/ca\/author\/wm_mgc\/"}]}},"_links":{"self":[{"href":"https:\/\/www.belodonte.es\/ca\/wp-json\/wp\/v2\/posts\/6074","targetHints":{"allow":["GET"]}}],"collection":[{"href":"https:\/\/www.belodonte.es\/ca\/wp-json\/wp\/v2\/posts"}],"about":[{"href":"https:\/\/www.belodonte.es\/ca\/wp-json\/wp\/v2\/types\/post"}],"author":[{"embeddable":true,"href":"https:\/\/www.belodonte.es\/ca\/wp-json\/wp\/v2\/users\/3"}],"replies":[{"embeddable":true,"href":"https:\/\/www.belodonte.es\/ca\/wp-json\/wp\/v2\/comments?post=6074"}],"version-history":[{"count":1,"href":"https:\/\/www.belodonte.es\/ca\/wp-json\/wp\/v2\/posts\/6074\/revisions"}],"predecessor-version":[{"id":6075,"href":"https:\/\/www.belodonte.es\/ca\/wp-json\/wp\/v2\/posts\/6074\/revisions\/6075"}],"wp:featuredmedia":[{"embeddable":true,"href":"https:\/\/www.belodonte.es\/ca\/wp-json\/wp\/v2\/media\/6049"}],"wp:attachment":[{"href":"https:\/\/www.belodonte.es\/ca\/wp-json\/wp\/v2\/media?parent=6074"}],"wp:term":[{"taxonomy":"category","embeddable":true,"href":"https:\/\/www.belodonte.es\/ca\/wp-json\/wp\/v2\/categories?post=6074"},{"taxonomy":"post_tag","embeddable":true,"href":"https:\/\/www.belodonte.es\/ca\/wp-json\/wp\/v2\/tags?post=6074"}],"curies":[{"name":"wp","href":"https:\/\/api.w.org\/{rel}","templated":true}]}}