{"id":6072,"date":"2025-04-08T06:00:00","date_gmt":"2025-04-08T06:00:00","guid":{"rendered":"https:\/\/www.belodonte.es\/?p=6072"},"modified":"2025-03-13T10:22:30","modified_gmt":"2025-03-13T10:22:30","slug":"nafres-llengua-per-que-apareixen","status":"publish","type":"post","link":"https:\/\/www.belodonte.es\/ca\/nafres-llengua-per-que-apareixen\/","title":{"rendered":"Nafres en la llengua: Per qu\u00e8 apareixen?"},"content":{"rendered":"\n<p>Les <strong>nafres en la llengua<\/strong> s\u00f3n un problema com\u00fa que afecta persones de totes les edats. Encara que no solen ser greus, poden resultar molt molestes i interferir en activitats di\u00e0ries com menjar, parlar o fins i tot empassar.<\/p>\n\n\n\n<p>Des de <strong>Cl\u00ednica Belodonte, <a href=\"https:\/\/www.belodonte.es\/ca\/odontologia-conservadora\/\" target=\"_blank\" rel=\"noreferrer noopener\">experts en Odontologia Conservadora i General a Barcelona<\/a><\/strong>, explicarem les seves principals causes, els seus efectes, les opcions de tractament des de la perspectiva odontol\u00f2gica i les millors estrat\u00e8gies per a prevenir-les.<\/p>\n\n\n\n<h2 class=\"wp-block-heading\">Per qu\u00e8 surten les nafres en la llengua?<\/h2>\n\n\n\n<p>Poden apar\u00e8ixer per diverses raons. Les m\u00e9s comunes inclouen:<\/p>\n\n\n\n<ul class=\"wp-block-list\">\n<li><strong>Traumatismes: <\/strong>Mossegades accidentals, \u00fas d&#8217;aparells dentals o pr\u00f2tesis mal ajustades poden causar petites ferides que es converteixen en nafres.<\/li>\n\n\n\n<li><strong>Estr\u00e8s i ansietat: <\/strong>L&#8217;estr\u00e8s prolongat pot afeblir el sistema immunitari, fent que les nafres siguin m\u00e9s propenses a apar\u00e8ixer.<\/li>\n\n\n\n<li><strong>D\u00e8ficit nutricional:<\/strong> La falta de vitamines, com la B12, el ferro o l&#8217;\u00e0cid f\u00f2lic, pot afavorir l&#8217;aparici\u00f3 d&#8217;\u00falceres bucals.<\/li>\n\n\n\n<li><strong>Reaccions al\u00b7l\u00e8rgiques:<\/strong> Alguns aliments o productes dentals poden provocar reaccions que irriten la llengua.<\/li>\n\n\n\n<li><strong>Malalties sist\u00e8miques:<\/strong> Afeccions com la malaltia de Crohn, el lupus o fins i tot infeccions virals (com l&#8217;herpes simple) tamb\u00e9 poden manifestar-se amb nafres en la boca.<\/li>\n\n\n\n<li><strong>Consum d&#8217;aliments irritants: <\/strong>Menjars molt \u00e0cids, picants o calents poden desencadenar o empitjorar les nafres.<\/li>\n<\/ul>\n\n\n\n<h2 class=\"wp-block-heading\">Efectes de les nafres en la llengua<\/h2>\n\n\n\n<p>Encara que solen ser benignes i desapareixen per si soles en uns dies, poden tenir efectes molestos, com:<\/p>\n\n\n\n<ul class=\"wp-block-list\">\n<li>Dolor en parlar o mastegar.<\/li>\n\n\n\n<li>Sensibilitat a la calor, al fred o a uns certs aliments.<\/li>\n\n\n\n<li>Inflamaci\u00f3 localitzada.<\/li>\n\n\n\n<li>Dificultat per a empassar.<\/li>\n\n\n\n<li>Mal al\u00e8 (halitosis), si hi ha infecci\u00f3 secund\u00e0ria.<\/li>\n<\/ul>\n\n\n\n<p>Si les nafres persisteixen m\u00e9s de dues setmanes o van acompanyades de febre, ganglis inflamats o p\u00e8rdua de pes inexplicable, \u00e9s fonamental acudir al dentista o al metge.<\/p>\n\n\n\n<h2 class=\"wp-block-heading\">Tractament odontol\u00f2gic per a aquestes lesions<\/h2>\n\n\n\n<p>El tractament dep\u00e8n de la seva causa. Des de l&#8217;odontologia, les solucions m\u00e9s habituals s\u00f3n:<\/p>\n\n\n\n<ul class=\"wp-block-list\">\n<li><strong>Col\u00b7lutoris: <\/strong>Els col\u00b7lutoris amb clorhexidina ajuden a desinfectar la zona i accelerar la cicatritzaci\u00f3.<\/li>\n\n\n\n<li><strong>Gel o pomades t\u00f2piques: <\/strong>Els productes amb \u00e0cid hialur\u00f2nic, lidoca\u00efna o corticoesteroides alleugen el dolor i redueixen la inflamaci\u00f3.<\/li>\n\n\n\n<li><strong>L\u00e0ser dental: <\/strong>En casos persistents, alguns dentistes utilitzen ter\u00e0pia l\u00e0ser per a accelerar la curaci\u00f3.<\/li>\n\n\n\n<li><strong>Ajust de pr\u00f2tesi o brackets: <\/strong>Si les nafres s\u00f3n causades per aparells dentals, l&#8217;especialista ajustar\u00e0 o canviar\u00e0 les peces.<\/li>\n\n\n\n<li><strong>Recomanaci\u00f3 de suplements: <\/strong>Si es detecten mancances vitam\u00edniques, es pautaran suplements espec\u00edfics.<\/li>\n<\/ul>\n\n\n\n<h2 class=\"wp-block-heading\">Prevenci\u00f3 de les nafres en la llengua<\/h2>\n\n\n\n<p>Evitar-les \u00e9s possible seguint aquests consells:<\/p>\n\n\n\n<ul class=\"wp-block-list\">\n<li><strong>Mantenir una bona higiene bucal: <\/strong>Raspallar-se les dents despr\u00e9s de cada menjar i usar fil dental per a evitar infeccions \u00e9s fonamental.<\/li>\n\n\n\n<li><strong>Evitar aliments irritants:<\/strong> Reduir el consum de menjars \u00e0cids, picants o molt calents.<\/li>\n\n\n\n<li><strong>Controlar l&#8217;estr\u00e8s:<\/strong> La meditaci\u00f3, l&#8217;esport o l&#8217;oci poden ajudar a reduir l&#8217;ansietat.<\/li>\n\n\n\n<li><strong>Refor\u00e7 de la dieta:<\/strong> Assegurar-se de consumir suficient ferro, vitamina B12 i \u00e0cid f\u00f2lic.<\/li>\n\n\n\n<li><strong>Visita al dentista regularment: <\/strong>Les revisions peri\u00f2diques permeten detectar problemes abans que causin danys.<\/li>\n\n\n\n<li><strong>Usar protector bucal: <\/strong>Si es practiquen esports de contacte, s&#8217;ha de protegir la boca per a evitar lesions.<\/li>\n<\/ul>\n\n\n\n<p>En conclusi\u00f3, les nafres en la llengua s\u00f3n un trastorn habitual, per\u00f2 amb les mesures adequades, es poden tractar i prevenir efica\u00e7ment. Davant qualsevol dubte o si les lesions no milloren, el m\u00e9s recomanable \u00e9s consultar al teu dentista per a un diagn\u00f2stic prec\u00eds i un tractament adequat. La clau est\u00e0 a combinar una bona higiene bucodental, una dieta equilibrada i el control de l&#8217;estr\u00e8s.<\/p>\n\n\n\n<p>En Cl\u00ednica Belodonte disposem de serveis d&#8217;Odontologia Conservadora i General. Per a m\u00e9s informaci\u00f3 o consultar-nos un cas, no dubteu a<strong><a href=\"https:\/\/www.belodonte.es\/ca\/contacte\/\" target=\"_blank\" rel=\"noreferrer noopener nofollow\"> posar-vos en contacte amb nosaltres.<\/a><\/strong><\/p>\n","protected":false},"excerpt":{"rendered":"<p>Les nafres en la llengua s\u00f3n un problema com\u00fa que afecta persones de totes les edats. Encara que no solen ser greus, poden resultar molt molestes i interferir en activitats di\u00e0ries com menjar, parlar o fins i tot empassar. Des [&hellip;]<\/p>\n","protected":false},"author":3,"featured_media":6044,"comment_status":"open","ping_status":"open","sticky":false,"template":"","format":"standard","meta":{"site-sidebar-layout":"default","site-content-layout":"","ast-site-content-layout":"default","site-content-style":"default","site-sidebar-style":"default","ast-global-header-display":"","ast-banner-title-visibility":"","ast-main-header-display":"","ast-hfb-above-header-display":"","ast-hfb-below-header-display":"","ast-hfb-mobile-header-display":"","site-post-title":"","ast-breadcrumbs-content":"","ast-featured-img":"","footer-sml-layout":"","ast-disable-related-posts":"","theme-transparent-header-meta":"","adv-header-id-meta":"","stick-header-meta":"","header-above-stick-meta":"","header-main-stick-meta":"","header-below-stick-meta":"","astra-migrate-meta-layouts":"set","ast-page-background-enabled":"default","ast-page-background-meta":{"desktop":{"background-color":"","background-image":"","background-repeat":"repeat","background-position":"center center","background-size":"auto","background-attachment":"scroll","background-type":"","background-media":"","overlay-type":"","overlay-color":"","overlay-opacity":"","overlay-gradient":""},"tablet":{"background-color":"","background-image":"","background-repeat":"repeat","background-position":"center center","background-size":"auto","background-attachment":"scroll","background-type":"","background-media":"","overlay-type":"","overlay-color":"","overlay-opacity":"","overlay-gradient":""},"mobile":{"background-color":"","background-image":"","background-repeat":"repeat","background-position":"center center","background-size":"auto","background-attachment":"scroll","background-type":"","background-media":"","overlay-type":"","overlay-color":"","overlay-opacity":"","overlay-gradient":""}},"ast-content-background-meta":{"desktop":{"background-color":"var(--ast-global-color-5)","background-image":"","background-repeat":"repeat","background-position":"center center","background-size":"auto","background-attachment":"scroll","background-type":"","background-media":"","overlay-type":"","overlay-color":"","overlay-opacity":"","overlay-gradient":""},"tablet":{"background-color":"var(--ast-global-color-5)","background-image":"","background-repeat":"repeat","background-position":"center center","background-size":"auto","background-attachment":"scroll","background-type":"","background-media":"","overlay-type":"","overlay-color":"","overlay-opacity":"","overlay-gradient":""},"mobile":{"background-color":"var(--ast-global-color-5)","background-image":"","background-repeat":"repeat","background-position":"center center","background-size":"auto","background-attachment":"scroll","background-type":"","background-media":"","overlay-type":"","overlay-color":"","overlay-opacity":"","overlay-gradient":""}},"footnotes":""},"categories":[4],"tags":[],"class_list":["post-6072","post","type-post","status-publish","format-standard","has-post-thumbnail","hentry","category-uncategorized-ca"],"yoast_head":"<!-- This site is optimized with the Yoast SEO plugin v27.4 - https:\/\/yoast.com\/product\/yoast-seo-wordpress\/ -->\n<title>Nafres en la llengua: Per qu\u00e8 apareixen?<\/title>\n<meta name=\"description\" content=\"Les nafres en la llengua s\u00f3n un problema com\u00fa que afecta persones de totes les edats. No solen ser greus, per\u00f2 resultar molt molestes.\" \/>\n<meta name=\"robots\" content=\"index, follow, max-snippet:-1, max-image-preview:large, max-video-preview:-1\" \/>\n<link rel=\"canonical\" href=\"https:\/\/www.belodonte.es\/llagas-lengua-por-que-aparecen\/\" \/>\n<meta property=\"og:locale\" content=\"ca_ES\" \/>\n<meta property=\"og:type\" content=\"article\" \/>\n<meta property=\"og:title\" content=\"Nafres en la llengua: Per qu\u00e8 apareixen?\" \/>\n<meta property=\"og:description\" content=\"Les nafres en la llengua s\u00f3n un problema com\u00fa que afecta persones de totes les edats. No solen ser greus, per\u00f2 resultar molt molestes.\" \/>\n<meta property=\"og:url\" content=\"https:\/\/www.belodonte.es\/llagas-lengua-por-que-aparecen\/\" \/>\n<meta property=\"og:site_name\" content=\"Cl\u00ednica Belodonte\" \/>\n<meta property=\"article:published_time\" content=\"2025-04-08T06:00:00+00:00\" \/>\n<meta property=\"og:image\" content=\"https:\/\/www.belodonte.es\/wp-content\/uploads\/2025\/04\/llagas-en-la-lengua-1.jpg\" \/>\n\t<meta property=\"og:image:width\" content=\"1200\" \/>\n\t<meta property=\"og:image:height\" content=\"600\" \/>\n\t<meta property=\"og:image:type\" content=\"image\/jpeg\" \/>\n<meta name=\"author\" content=\"Cl\u00ednica Belodonte\" \/>\n<meta name=\"twitter:card\" content=\"summary_large_image\" \/>\n<meta name=\"twitter:label1\" content=\"Written by\" \/>\n\t<meta name=\"twitter:data1\" content=\"Cl\u00ednica Belodonte\" \/>\n\t<meta name=\"twitter:label2\" content=\"Est. reading time\" \/>\n\t<meta name=\"twitter:data2\" content=\"3 minutes\" \/>\n<script type=\"application\/ld+json\" class=\"yoast-schema-graph\">{\"@context\":\"https:\\\/\\\/schema.org\",\"@graph\":[{\"@type\":\"Article\",\"@id\":\"https:\\\/\\\/www.belodonte.es\\\/llagas-lengua-por-que-aparecen\\\/#article\",\"isPartOf\":{\"@id\":\"https:\\\/\\\/www.belodonte.es\\\/llagas-lengua-por-que-aparecen\\\/\"},\"author\":{\"name\":\"Cl\u00ednica Belodonte\",\"@id\":\"https:\\\/\\\/www.belodonte.es\\\/#\\\/schema\\\/person\\\/af746658db6c58f111ab4e18a476abcd\"},\"headline\":\"Nafres en la llengua: Per qu\u00e8 apareixen?\",\"datePublished\":\"2025-04-08T06:00:00+00:00\",\"mainEntityOfPage\":{\"@id\":\"https:\\\/\\\/www.belodonte.es\\\/llagas-lengua-por-que-aparecen\\\/\"},\"wordCount\":642,\"commentCount\":0,\"publisher\":{\"@id\":\"https:\\\/\\\/www.belodonte.es\\\/#organization\"},\"image\":{\"@id\":\"https:\\\/\\\/www.belodonte.es\\\/llagas-lengua-por-que-aparecen\\\/#primaryimage\"},\"thumbnailUrl\":\"https:\\\/\\\/www.belodonte.es\\\/wp-content\\\/uploads\\\/2025\\\/04\\\/llagas-en-la-lengua-1.jpg\",\"articleSection\":[\"Uncategorized @ca\"],\"inLanguage\":\"ca\",\"potentialAction\":[{\"@type\":\"CommentAction\",\"name\":\"Comment\",\"target\":[\"https:\\\/\\\/www.belodonte.es\\\/llagas-lengua-por-que-aparecen\\\/#respond\"]}]},{\"@type\":\"WebPage\",\"@id\":\"https:\\\/\\\/www.belodonte.es\\\/llagas-lengua-por-que-aparecen\\\/\",\"url\":\"https:\\\/\\\/www.belodonte.es\\\/llagas-lengua-por-que-aparecen\\\/\",\"name\":\"Nafres en la llengua: Per qu\u00e8 apareixen?\",\"isPartOf\":{\"@id\":\"https:\\\/\\\/www.belodonte.es\\\/#website\"},\"primaryImageOfPage\":{\"@id\":\"https:\\\/\\\/www.belodonte.es\\\/llagas-lengua-por-que-aparecen\\\/#primaryimage\"},\"image\":{\"@id\":\"https:\\\/\\\/www.belodonte.es\\\/llagas-lengua-por-que-aparecen\\\/#primaryimage\"},\"thumbnailUrl\":\"https:\\\/\\\/www.belodonte.es\\\/wp-content\\\/uploads\\\/2025\\\/04\\\/llagas-en-la-lengua-1.jpg\",\"datePublished\":\"2025-04-08T06:00:00+00:00\",\"description\":\"Les nafres en la llengua s\u00f3n un problema com\u00fa que afecta persones de totes les edats. No solen ser greus, per\u00f2 resultar molt molestes.\",\"breadcrumb\":{\"@id\":\"https:\\\/\\\/www.belodonte.es\\\/llagas-lengua-por-que-aparecen\\\/#breadcrumb\"},\"inLanguage\":\"ca\",\"potentialAction\":[{\"@type\":\"ReadAction\",\"target\":[\"https:\\\/\\\/www.belodonte.es\\\/llagas-lengua-por-que-aparecen\\\/\"]}]},{\"@type\":\"ImageObject\",\"inLanguage\":\"ca\",\"@id\":\"https:\\\/\\\/www.belodonte.es\\\/llagas-lengua-por-que-aparecen\\\/#primaryimage\",\"url\":\"https:\\\/\\\/www.belodonte.es\\\/wp-content\\\/uploads\\\/2025\\\/04\\\/llagas-en-la-lengua-1.jpg\",\"contentUrl\":\"https:\\\/\\\/www.belodonte.es\\\/wp-content\\\/uploads\\\/2025\\\/04\\\/llagas-en-la-lengua-1.jpg\",\"width\":1200,\"height\":600,\"caption\":\"llagas en la lengua\"},{\"@type\":\"BreadcrumbList\",\"@id\":\"https:\\\/\\\/www.belodonte.es\\\/llagas-lengua-por-que-aparecen\\\/#breadcrumb\",\"itemListElement\":[{\"@type\":\"ListItem\",\"position\":1,\"name\":\"Portada\",\"item\":\"https:\\\/\\\/www.belodonte.es\\\/\"},{\"@type\":\"ListItem\",\"position\":2,\"name\":\"Nafres en la llengua: Per qu\u00e8 apareixen?\"}]},{\"@type\":\"WebSite\",\"@id\":\"https:\\\/\\\/www.belodonte.es\\\/#website\",\"url\":\"https:\\\/\\\/www.belodonte.es\\\/\",\"name\":\"Cl\u00ednica Belodonte\",\"description\":\"Cl\u00ednica dental en Barcelona\",\"publisher\":{\"@id\":\"https:\\\/\\\/www.belodonte.es\\\/#organization\"},\"potentialAction\":[{\"@type\":\"SearchAction\",\"target\":{\"@type\":\"EntryPoint\",\"urlTemplate\":\"https:\\\/\\\/www.belodonte.es\\\/?s={search_term_string}\"},\"query-input\":{\"@type\":\"PropertyValueSpecification\",\"valueRequired\":true,\"valueName\":\"search_term_string\"}}],\"inLanguage\":\"ca\"},{\"@type\":\"Organization\",\"@id\":\"https:\\\/\\\/www.belodonte.es\\\/#organization\",\"name\":\"Cl\u00ednica Dental Belodonte\",\"url\":\"https:\\\/\\\/www.belodonte.es\\\/\",\"logo\":{\"@type\":\"ImageObject\",\"inLanguage\":\"ca\",\"@id\":\"https:\\\/\\\/www.belodonte.es\\\/#\\\/schema\\\/logo\\\/image\\\/\",\"url\":\"https:\\\/\\\/www.belodonte.es\\\/wp-content\\\/uploads\\\/2021\\\/10\\\/favicon-clinica-belodonte.png\",\"contentUrl\":\"https:\\\/\\\/www.belodonte.es\\\/wp-content\\\/uploads\\\/2021\\\/10\\\/favicon-clinica-belodonte.png\",\"width\":512,\"height\":512,\"caption\":\"Cl\u00ednica Dental Belodonte\"},\"image\":{\"@id\":\"https:\\\/\\\/www.belodonte.es\\\/#\\\/schema\\\/logo\\\/image\\\/\"}},{\"@type\":\"Person\",\"@id\":\"https:\\\/\\\/www.belodonte.es\\\/#\\\/schema\\\/person\\\/af746658db6c58f111ab4e18a476abcd\",\"name\":\"Cl\u00ednica Belodonte\",\"image\":{\"@type\":\"ImageObject\",\"inLanguage\":\"ca\",\"@id\":\"https:\\\/\\\/secure.gravatar.com\\\/avatar\\\/638e9d8d08bf2340d3d84b2996cdb448289ac0a26b32c99af87880a52287f8b8?s=96&d=mm&r=g\",\"url\":\"https:\\\/\\\/secure.gravatar.com\\\/avatar\\\/638e9d8d08bf2340d3d84b2996cdb448289ac0a26b32c99af87880a52287f8b8?s=96&d=mm&r=g\",\"contentUrl\":\"https:\\\/\\\/secure.gravatar.com\\\/avatar\\\/638e9d8d08bf2340d3d84b2996cdb448289ac0a26b32c99af87880a52287f8b8?s=96&d=mm&r=g\",\"caption\":\"Cl\u00ednica Belodonte\"},\"url\":\"https:\\\/\\\/www.belodonte.es\\\/ca\\\/author\\\/wm_mgc\\\/\"}]}<\/script>\n<!-- \/ Yoast SEO plugin. -->","yoast_head_json":{"title":"Nafres en la llengua: Per qu\u00e8 apareixen?","description":"Les nafres en la llengua s\u00f3n un problema com\u00fa que afecta persones de totes les edats. No solen ser greus, per\u00f2 resultar molt molestes.","robots":{"index":"index","follow":"follow","max-snippet":"max-snippet:-1","max-image-preview":"max-image-preview:large","max-video-preview":"max-video-preview:-1"},"canonical":"https:\/\/www.belodonte.es\/llagas-lengua-por-que-aparecen\/","og_locale":"ca_ES","og_type":"article","og_title":"Nafres en la llengua: Per qu\u00e8 apareixen?","og_description":"Les nafres en la llengua s\u00f3n un problema com\u00fa que afecta persones de totes les edats. No solen ser greus, per\u00f2 resultar molt molestes.","og_url":"https:\/\/www.belodonte.es\/llagas-lengua-por-que-aparecen\/","og_site_name":"Cl\u00ednica Belodonte","article_published_time":"2025-04-08T06:00:00+00:00","og_image":[{"width":1200,"height":600,"url":"https:\/\/www.belodonte.es\/wp-content\/uploads\/2025\/04\/llagas-en-la-lengua-1.jpg","type":"image\/jpeg"}],"author":"Cl\u00ednica Belodonte","twitter_card":"summary_large_image","twitter_misc":{"Written by":"Cl\u00ednica Belodonte","Est. reading time":"3 minutes"},"schema":{"@context":"https:\/\/schema.org","@graph":[{"@type":"Article","@id":"https:\/\/www.belodonte.es\/llagas-lengua-por-que-aparecen\/#article","isPartOf":{"@id":"https:\/\/www.belodonte.es\/llagas-lengua-por-que-aparecen\/"},"author":{"name":"Cl\u00ednica Belodonte","@id":"https:\/\/www.belodonte.es\/#\/schema\/person\/af746658db6c58f111ab4e18a476abcd"},"headline":"Nafres en la llengua: Per qu\u00e8 apareixen?","datePublished":"2025-04-08T06:00:00+00:00","mainEntityOfPage":{"@id":"https:\/\/www.belodonte.es\/llagas-lengua-por-que-aparecen\/"},"wordCount":642,"commentCount":0,"publisher":{"@id":"https:\/\/www.belodonte.es\/#organization"},"image":{"@id":"https:\/\/www.belodonte.es\/llagas-lengua-por-que-aparecen\/#primaryimage"},"thumbnailUrl":"https:\/\/www.belodonte.es\/wp-content\/uploads\/2025\/04\/llagas-en-la-lengua-1.jpg","articleSection":["Uncategorized @ca"],"inLanguage":"ca","potentialAction":[{"@type":"CommentAction","name":"Comment","target":["https:\/\/www.belodonte.es\/llagas-lengua-por-que-aparecen\/#respond"]}]},{"@type":"WebPage","@id":"https:\/\/www.belodonte.es\/llagas-lengua-por-que-aparecen\/","url":"https:\/\/www.belodonte.es\/llagas-lengua-por-que-aparecen\/","name":"Nafres en la llengua: Per qu\u00e8 apareixen?","isPartOf":{"@id":"https:\/\/www.belodonte.es\/#website"},"primaryImageOfPage":{"@id":"https:\/\/www.belodonte.es\/llagas-lengua-por-que-aparecen\/#primaryimage"},"image":{"@id":"https:\/\/www.belodonte.es\/llagas-lengua-por-que-aparecen\/#primaryimage"},"thumbnailUrl":"https:\/\/www.belodonte.es\/wp-content\/uploads\/2025\/04\/llagas-en-la-lengua-1.jpg","datePublished":"2025-04-08T06:00:00+00:00","description":"Les nafres en la llengua s\u00f3n un problema com\u00fa que afecta persones de totes les edats. No solen ser greus, per\u00f2 resultar molt molestes.","breadcrumb":{"@id":"https:\/\/www.belodonte.es\/llagas-lengua-por-que-aparecen\/#breadcrumb"},"inLanguage":"ca","potentialAction":[{"@type":"ReadAction","target":["https:\/\/www.belodonte.es\/llagas-lengua-por-que-aparecen\/"]}]},{"@type":"ImageObject","inLanguage":"ca","@id":"https:\/\/www.belodonte.es\/llagas-lengua-por-que-aparecen\/#primaryimage","url":"https:\/\/www.belodonte.es\/wp-content\/uploads\/2025\/04\/llagas-en-la-lengua-1.jpg","contentUrl":"https:\/\/www.belodonte.es\/wp-content\/uploads\/2025\/04\/llagas-en-la-lengua-1.jpg","width":1200,"height":600,"caption":"llagas en la lengua"},{"@type":"BreadcrumbList","@id":"https:\/\/www.belodonte.es\/llagas-lengua-por-que-aparecen\/#breadcrumb","itemListElement":[{"@type":"ListItem","position":1,"name":"Portada","item":"https:\/\/www.belodonte.es\/"},{"@type":"ListItem","position":2,"name":"Nafres en la llengua: Per qu\u00e8 apareixen?"}]},{"@type":"WebSite","@id":"https:\/\/www.belodonte.es\/#website","url":"https:\/\/www.belodonte.es\/","name":"Cl\u00ednica Belodonte","description":"Cl\u00ednica dental en Barcelona","publisher":{"@id":"https:\/\/www.belodonte.es\/#organization"},"potentialAction":[{"@type":"SearchAction","target":{"@type":"EntryPoint","urlTemplate":"https:\/\/www.belodonte.es\/?s={search_term_string}"},"query-input":{"@type":"PropertyValueSpecification","valueRequired":true,"valueName":"search_term_string"}}],"inLanguage":"ca"},{"@type":"Organization","@id":"https:\/\/www.belodonte.es\/#organization","name":"Cl\u00ednica Dental Belodonte","url":"https:\/\/www.belodonte.es\/","logo":{"@type":"ImageObject","inLanguage":"ca","@id":"https:\/\/www.belodonte.es\/#\/schema\/logo\/image\/","url":"https:\/\/www.belodonte.es\/wp-content\/uploads\/2021\/10\/favicon-clinica-belodonte.png","contentUrl":"https:\/\/www.belodonte.es\/wp-content\/uploads\/2021\/10\/favicon-clinica-belodonte.png","width":512,"height":512,"caption":"Cl\u00ednica Dental Belodonte"},"image":{"@id":"https:\/\/www.belodonte.es\/#\/schema\/logo\/image\/"}},{"@type":"Person","@id":"https:\/\/www.belodonte.es\/#\/schema\/person\/af746658db6c58f111ab4e18a476abcd","name":"Cl\u00ednica Belodonte","image":{"@type":"ImageObject","inLanguage":"ca","@id":"https:\/\/secure.gravatar.com\/avatar\/638e9d8d08bf2340d3d84b2996cdb448289ac0a26b32c99af87880a52287f8b8?s=96&d=mm&r=g","url":"https:\/\/secure.gravatar.com\/avatar\/638e9d8d08bf2340d3d84b2996cdb448289ac0a26b32c99af87880a52287f8b8?s=96&d=mm&r=g","contentUrl":"https:\/\/secure.gravatar.com\/avatar\/638e9d8d08bf2340d3d84b2996cdb448289ac0a26b32c99af87880a52287f8b8?s=96&d=mm&r=g","caption":"Cl\u00ednica Belodonte"},"url":"https:\/\/www.belodonte.es\/ca\/author\/wm_mgc\/"}]}},"_links":{"self":[{"href":"https:\/\/www.belodonte.es\/ca\/wp-json\/wp\/v2\/posts\/6072","targetHints":{"allow":["GET"]}}],"collection":[{"href":"https:\/\/www.belodonte.es\/ca\/wp-json\/wp\/v2\/posts"}],"about":[{"href":"https:\/\/www.belodonte.es\/ca\/wp-json\/wp\/v2\/types\/post"}],"author":[{"embeddable":true,"href":"https:\/\/www.belodonte.es\/ca\/wp-json\/wp\/v2\/users\/3"}],"replies":[{"embeddable":true,"href":"https:\/\/www.belodonte.es\/ca\/wp-json\/wp\/v2\/comments?post=6072"}],"version-history":[{"count":1,"href":"https:\/\/www.belodonte.es\/ca\/wp-json\/wp\/v2\/posts\/6072\/revisions"}],"predecessor-version":[{"id":6073,"href":"https:\/\/www.belodonte.es\/ca\/wp-json\/wp\/v2\/posts\/6072\/revisions\/6073"}],"wp:featuredmedia":[{"embeddable":true,"href":"https:\/\/www.belodonte.es\/ca\/wp-json\/wp\/v2\/media\/6044"}],"wp:attachment":[{"href":"https:\/\/www.belodonte.es\/ca\/wp-json\/wp\/v2\/media?parent=6072"}],"wp:term":[{"taxonomy":"category","embeddable":true,"href":"https:\/\/www.belodonte.es\/ca\/wp-json\/wp\/v2\/categories?post=6072"},{"taxonomy":"post_tag","embeddable":true,"href":"https:\/\/www.belodonte.es\/ca\/wp-json\/wp\/v2\/tags?post=6072"}],"curies":[{"name":"wp","href":"https:\/\/api.w.org\/{rel}","templated":true}]}}