{"id":6067,"date":"2025-04-01T06:00:00","date_gmt":"2025-04-01T06:00:00","guid":{"rendered":"https:\/\/www.belodonte.es\/?p=6067"},"modified":"2025-03-13T10:14:29","modified_gmt":"2025-03-13T10:14:29","slug":"aftes-bucals-tot-sobre-elles","status":"publish","type":"post","link":"https:\/\/www.belodonte.es\/ca\/aftes-bucals-tot-sobre-elles\/","title":{"rendered":"Aftes bucals: tot sobre elles"},"content":{"rendered":"\n<p>Les <strong>aftes bucals<\/strong> s\u00f3n una afecci\u00f3 comuna que afecta un gran nombre de persones en algun moment de les seves vides. Encara que generalment no representen un problema de salut greu, les mol\u00e8sties que ocasionen poden interferir en activitats quotidianes com parlar, menjar o beure.<\/p>\n\n\n\n<p>Des de <strong>Cl\u00ednica Belodonte, <a href=\"https:\/\/www.belodonte.es\/ca\/odontologia-conservadora\/\" target=\"_blank\" rel=\"noreferrer noopener\">experts en Odontologia Conservadora a Barcelona<\/a><\/strong>, explicarem qu\u00e8 s\u00f3n, les seves causes principals, els seus efectes, les opcions de tractament des de l&#8217;odontologia i les millors estrat\u00e8gies de prevenci\u00f3.<\/p>\n\n\n\n<h2 class=\"wp-block-heading\">Qu\u00e8 s\u00f3n les aftes bucals?<\/h2>\n\n\n\n<p>Tamb\u00e9 conegudes com a \u00falceres aftoses, s\u00f3n petites lesions o nafres obertes que apareixen en el teixit tou de la boca, com les genives, l&#8217;interior de les galtes, la llengua o el paladar tou. Solen tenir un color blanc o groguenc amb una vora vermellosa inflamada i, encara que no s\u00f3n contagioses, poden ser molt doloroses.<\/p>\n\n\n\n<p>Existeixen tres tipus principals:<\/p>\n\n\n\n<ul class=\"wp-block-list\">\n<li><strong>Aftes menors:<\/strong> les m\u00e9s comunes, petites i que sanen en una o dues setmanes.<\/li>\n\n\n\n<li><strong>Aftes majors<\/strong>: m\u00e9s grans i profundes, triguen m\u00e9s a curar-se i poden deixar cicatrius.<\/li>\n\n\n\n<li><strong>Aftes herpetiformes<\/strong>: m\u00faltiples nafres de la grand\u00e0ria d&#8217;un cap d&#8217;agulla que poden fusionar-se.<\/li>\n<\/ul>\n\n\n\n<h2 class=\"wp-block-heading\">Causes de les aftes bucals<\/h2>\n\n\n\n<p>Les aftes poden sorgir per m\u00faltiples causes, encara que sovint \u00e9s dif\u00edcil identificar un desencadenant espec\u00edfic. Entre les causes m\u00e9s comunes es troben:<\/p>\n\n\n\n<ul class=\"wp-block-list\">\n<li><strong>Estr\u00e8s i ansietat:<\/strong> els episodis d&#8217;estr\u00e8s prolongat poden afeblir el sistema immunitari i afavorir la seva aparici\u00f3.<\/li>\n\n\n\n<li><strong>Defici\u00e8ncies nutricionals:<\/strong> la falta de ferro, vitamina B12, \u00e0cid f\u00f2lic o zinc pot contribuir al seu desenvolupament.<\/li>\n\n\n\n<li><strong>Lesions bucals:<\/strong> mossegar-se accidentalment la galta, un raspallat dental agressiu o l&#8217;\u00fas de pr\u00f2tesis dentals mal ajustades poden provocar aftes.<\/li>\n\n\n\n<li><strong>Canvis hormonals:<\/strong> algunes dones experimenten aftes durant la menstruaci\u00f3.<\/li>\n\n\n\n<li><strong>Malalties autoimmunes:<\/strong> condicions com la malaltia de Behcet o el lupus poden incloure aftes recurrents com a s\u00edmptoma.<\/li>\n<\/ul>\n\n\n\n<h2 class=\"wp-block-heading\">Efectes d&#8217;aquestes lesions<\/h2>\n\n\n\n<p>Encara que generalment no provoquen complicacions greus, els seus efectes poden ser molt molestos. Els principals s\u00edmptomes inclouen:<\/p>\n\n\n\n<ul class=\"wp-block-list\">\n<li>Dolor o ardor en la zona afectada.<\/li>\n\n\n\n<li>Dificultat per a mastegar, parlar o empassar.<\/li>\n\n\n\n<li>Inflamaci\u00f3 en els teixits circumdants.<\/li>\n<\/ul>\n\n\n\n<p>En casos greus, febre o malestar general si les \u00falceres s\u00f3n extenses.<\/p>\n\n\n\n<h2 class=\"wp-block-heading\">Tractament odontol\u00f2gic per a les aftes<\/h2>\n\n\n\n<p>Des del punt de vista odontol\u00f2gic, el tractament se centra a alleujar el dolor i accelerar la curaci\u00f3. Algunes opcions inclouen:<\/p>\n\n\n\n<ul class=\"wp-block-list\">\n<li><strong>Col\u00b7lutoris:<\/strong> solucions amb clorhexidina o corticoesteroides per a reduir la inflamaci\u00f3 i prevenir infeccions.<\/li>\n\n\n\n<li><strong>Gels t\u00f2pics: <\/strong>productes a base d&#8217;\u00e0cid hialur\u00f2nic o anest\u00e8sics locals per a disminuir el dolor.<\/li>\n\n\n\n<li><strong>L\u00e0ser de baixa intensitat:<\/strong> una t\u00e8cnica innovadora que accelera la cicatritzaci\u00f3 i alleuja les mol\u00e8sties.<\/li>\n\n\n\n<li><strong>Suplements nutricionals:<\/strong> en cas de defici\u00e8ncies, un odont\u00f2leg pot recomanar vitamines i minerals espec\u00edfics.<\/li>\n<\/ul>\n\n\n\n<h2 class=\"wp-block-heading\">Prevenci\u00f3 de les aftes bucals<\/h2>\n\n\n\n<p>Prevenir la seva aparici\u00f3 no sempre \u00e9s possible, per\u00f2 adoptar unes certes mesures pot reduir la seva freq\u00fc\u00e8ncia i severitat:<\/p>\n\n\n\n<ul class=\"wp-block-list\">\n<li>Mantenir una higiene bucal adequada amb un raspallat suau i l&#8217;\u00fas de fil dental.<\/li>\n\n\n\n<li>Evitar aliments irritants com a menjars molt picants, \u00e0cides o salades.<\/li>\n\n\n\n<li>Reduir l&#8217;estr\u00e8s mitjan\u00e7ant t\u00e8cniques de relaxaci\u00f3 com la meditaci\u00f3 o el ioga.<\/li>\n\n\n\n<li>Seguir una dieta equilibrada rica en fruites, verdures i aliments rics en ferro i vitamines.<\/li>\n\n\n\n<li>Consultar a l&#8217;odont\u00f2leg regularment per a detectar possibles factors desencadenants com a aparells dentals mal ajustats.<\/li>\n<\/ul>\n\n\n\n<p>En definitiva, les aftes bucals s\u00f3n una condici\u00f3 molesta, per\u00f2 manejable si es coneixen les seves causes i les estrat\u00e8gies per a tractar-les i prevenir-les. La consulta amb un odont\u00f2leg \u00e9s clau per a rebre un diagn\u00f2stic adequat i un tractament personalitzat. Cuidar la salut bucal i adoptar h\u00e0bits saludables no sols reduir\u00e0 les aftes recurrents, sin\u00f3 que tamb\u00e9 contribuir\u00e0 a una boca sana i lliure de mol\u00e8sties.<\/p>\n\n\n\n<p>En Cl\u00ednica Belodonte disposem de serveis d&#8217;Odontologia General i Conservadora. Per a m\u00e9s informaci\u00f3 o consultar-nos un cas, no dubteu a <strong><a href=\"https:\/\/www.belodonte.es\/ca\/contacte\/\" target=\"_blank\" rel=\"noreferrer noopener\">posar-vos en contacte amb nosaltres.<\/a><\/strong><\/p>\n","protected":false},"excerpt":{"rendered":"<p>Les aftes bucals s\u00f3n una afecci\u00f3 comuna que afecta un gran nombre de persones en algun moment de les seves vides. Encara que generalment no representen un problema de salut greu, les mol\u00e8sties que ocasionen poden interferir en activitats quotidianes [&hellip;]<\/p>\n","protected":false},"author":3,"featured_media":6032,"comment_status":"open","ping_status":"open","sticky":false,"template":"","format":"standard","meta":{"site-sidebar-layout":"default","site-content-layout":"","ast-site-content-layout":"default","site-content-style":"default","site-sidebar-style":"default","ast-global-header-display":"","ast-banner-title-visibility":"","ast-main-header-display":"","ast-hfb-above-header-display":"","ast-hfb-below-header-display":"","ast-hfb-mobile-header-display":"","site-post-title":"","ast-breadcrumbs-content":"","ast-featured-img":"","footer-sml-layout":"","ast-disable-related-posts":"","theme-transparent-header-meta":"","adv-header-id-meta":"","stick-header-meta":"","header-above-stick-meta":"","header-main-stick-meta":"","header-below-stick-meta":"","astra-migrate-meta-layouts":"set","ast-page-background-enabled":"default","ast-page-background-meta":{"desktop":{"background-color":"","background-image":"","background-repeat":"repeat","background-position":"center center","background-size":"auto","background-attachment":"scroll","background-type":"","background-media":"","overlay-type":"","overlay-color":"","overlay-opacity":"","overlay-gradient":""},"tablet":{"background-color":"","background-image":"","background-repeat":"repeat","background-position":"center center","background-size":"auto","background-attachment":"scroll","background-type":"","background-media":"","overlay-type":"","overlay-color":"","overlay-opacity":"","overlay-gradient":""},"mobile":{"background-color":"","background-image":"","background-repeat":"repeat","background-position":"center center","background-size":"auto","background-attachment":"scroll","background-type":"","background-media":"","overlay-type":"","overlay-color":"","overlay-opacity":"","overlay-gradient":""}},"ast-content-background-meta":{"desktop":{"background-color":"var(--ast-global-color-5)","background-image":"","background-repeat":"repeat","background-position":"center center","background-size":"auto","background-attachment":"scroll","background-type":"","background-media":"","overlay-type":"","overlay-color":"","overlay-opacity":"","overlay-gradient":""},"tablet":{"background-color":"var(--ast-global-color-5)","background-image":"","background-repeat":"repeat","background-position":"center center","background-size":"auto","background-attachment":"scroll","background-type":"","background-media":"","overlay-type":"","overlay-color":"","overlay-opacity":"","overlay-gradient":""},"mobile":{"background-color":"var(--ast-global-color-5)","background-image":"","background-repeat":"repeat","background-position":"center center","background-size":"auto","background-attachment":"scroll","background-type":"","background-media":"","overlay-type":"","overlay-color":"","overlay-opacity":"","overlay-gradient":""}},"footnotes":""},"categories":[36],"tags":[],"class_list":["post-6067","post","type-post","status-publish","format-standard","has-post-thumbnail","hentry","category-odontologia-conservadora-2"],"yoast_head":"<!-- This site is optimized with the Yoast SEO plugin v27.4 - https:\/\/yoast.com\/product\/yoast-seo-wordpress\/ -->\n<title>Aftes bucals: tot sobre elles<\/title>\n<meta name=\"description\" content=\"Les aftes bucals s\u00f3n una afecci\u00f3 comuna que afecta un gran nombre de persones en algun moment de les seves vides. Avui parlem del tema.\" \/>\n<meta name=\"robots\" content=\"index, follow, max-snippet:-1, max-image-preview:large, max-video-preview:-1\" \/>\n<link rel=\"canonical\" href=\"https:\/\/www.belodonte.es\/aftas-bucales-todo-sobre-ellas\/\" \/>\n<meta property=\"og:locale\" content=\"ca_ES\" \/>\n<meta property=\"og:type\" content=\"article\" \/>\n<meta property=\"og:title\" content=\"Aftes bucals: tot sobre elles\" \/>\n<meta property=\"og:description\" content=\"Les aftes bucals s\u00f3n una afecci\u00f3 comuna que afecta un gran nombre de persones en algun moment de les seves vides. Avui parlem del tema.\" \/>\n<meta property=\"og:url\" content=\"https:\/\/www.belodonte.es\/aftas-bucales-todo-sobre-ellas\/\" \/>\n<meta property=\"og:site_name\" content=\"Cl\u00ednica Belodonte\" \/>\n<meta property=\"article:published_time\" content=\"2025-04-01T06:00:00+00:00\" \/>\n<meta property=\"og:image\" content=\"https:\/\/www.belodonte.es\/wp-content\/uploads\/2025\/03\/aftas-bucales.jpg\" \/>\n\t<meta property=\"og:image:width\" content=\"1200\" \/>\n\t<meta property=\"og:image:height\" content=\"600\" \/>\n\t<meta property=\"og:image:type\" content=\"image\/jpeg\" \/>\n<meta name=\"author\" content=\"Cl\u00ednica Belodonte\" \/>\n<meta name=\"twitter:card\" content=\"summary_large_image\" \/>\n<meta name=\"twitter:label1\" content=\"Written by\" \/>\n\t<meta name=\"twitter:data1\" content=\"Cl\u00ednica Belodonte\" \/>\n\t<meta name=\"twitter:label2\" content=\"Est. reading time\" \/>\n\t<meta name=\"twitter:data2\" content=\"4 minutes\" \/>\n<script type=\"application\/ld+json\" class=\"yoast-schema-graph\">{\"@context\":\"https:\\\/\\\/schema.org\",\"@graph\":[{\"@type\":\"Article\",\"@id\":\"https:\\\/\\\/www.belodonte.es\\\/aftas-bucales-todo-sobre-ellas\\\/#article\",\"isPartOf\":{\"@id\":\"https:\\\/\\\/www.belodonte.es\\\/aftas-bucales-todo-sobre-ellas\\\/\"},\"author\":{\"name\":\"Cl\u00ednica Belodonte\",\"@id\":\"https:\\\/\\\/www.belodonte.es\\\/#\\\/schema\\\/person\\\/af746658db6c58f111ab4e18a476abcd\"},\"headline\":\"Aftes bucals: tot sobre elles\",\"datePublished\":\"2025-04-01T06:00:00+00:00\",\"mainEntityOfPage\":{\"@id\":\"https:\\\/\\\/www.belodonte.es\\\/aftas-bucales-todo-sobre-ellas\\\/\"},\"wordCount\":675,\"commentCount\":0,\"publisher\":{\"@id\":\"https:\\\/\\\/www.belodonte.es\\\/#organization\"},\"image\":{\"@id\":\"https:\\\/\\\/www.belodonte.es\\\/aftas-bucales-todo-sobre-ellas\\\/#primaryimage\"},\"thumbnailUrl\":\"https:\\\/\\\/www.belodonte.es\\\/wp-content\\\/uploads\\\/2025\\\/03\\\/aftas-bucales.jpg\",\"articleSection\":[\"Odontologia conservadora\"],\"inLanguage\":\"ca\",\"potentialAction\":[{\"@type\":\"CommentAction\",\"name\":\"Comment\",\"target\":[\"https:\\\/\\\/www.belodonte.es\\\/aftas-bucales-todo-sobre-ellas\\\/#respond\"]}]},{\"@type\":\"WebPage\",\"@id\":\"https:\\\/\\\/www.belodonte.es\\\/aftas-bucales-todo-sobre-ellas\\\/\",\"url\":\"https:\\\/\\\/www.belodonte.es\\\/aftas-bucales-todo-sobre-ellas\\\/\",\"name\":\"Aftes bucals: tot sobre elles\",\"isPartOf\":{\"@id\":\"https:\\\/\\\/www.belodonte.es\\\/#website\"},\"primaryImageOfPage\":{\"@id\":\"https:\\\/\\\/www.belodonte.es\\\/aftas-bucales-todo-sobre-ellas\\\/#primaryimage\"},\"image\":{\"@id\":\"https:\\\/\\\/www.belodonte.es\\\/aftas-bucales-todo-sobre-ellas\\\/#primaryimage\"},\"thumbnailUrl\":\"https:\\\/\\\/www.belodonte.es\\\/wp-content\\\/uploads\\\/2025\\\/03\\\/aftas-bucales.jpg\",\"datePublished\":\"2025-04-01T06:00:00+00:00\",\"description\":\"Les aftes bucals s\u00f3n una afecci\u00f3 comuna que afecta un gran nombre de persones en algun moment de les seves vides. Avui parlem del tema.\",\"breadcrumb\":{\"@id\":\"https:\\\/\\\/www.belodonte.es\\\/aftas-bucales-todo-sobre-ellas\\\/#breadcrumb\"},\"inLanguage\":\"ca\",\"potentialAction\":[{\"@type\":\"ReadAction\",\"target\":[\"https:\\\/\\\/www.belodonte.es\\\/aftas-bucales-todo-sobre-ellas\\\/\"]}]},{\"@type\":\"ImageObject\",\"inLanguage\":\"ca\",\"@id\":\"https:\\\/\\\/www.belodonte.es\\\/aftas-bucales-todo-sobre-ellas\\\/#primaryimage\",\"url\":\"https:\\\/\\\/www.belodonte.es\\\/wp-content\\\/uploads\\\/2025\\\/03\\\/aftas-bucales.jpg\",\"contentUrl\":\"https:\\\/\\\/www.belodonte.es\\\/wp-content\\\/uploads\\\/2025\\\/03\\\/aftas-bucales.jpg\",\"width\":1200,\"height\":600,\"caption\":\"aftas bucales\"},{\"@type\":\"BreadcrumbList\",\"@id\":\"https:\\\/\\\/www.belodonte.es\\\/aftas-bucales-todo-sobre-ellas\\\/#breadcrumb\",\"itemListElement\":[{\"@type\":\"ListItem\",\"position\":1,\"name\":\"Portada\",\"item\":\"https:\\\/\\\/www.belodonte.es\\\/\"},{\"@type\":\"ListItem\",\"position\":2,\"name\":\"Aftes bucals: tot sobre elles\"}]},{\"@type\":\"WebSite\",\"@id\":\"https:\\\/\\\/www.belodonte.es\\\/#website\",\"url\":\"https:\\\/\\\/www.belodonte.es\\\/\",\"name\":\"Cl\u00ednica Belodonte\",\"description\":\"Cl\u00ednica dental en Barcelona\",\"publisher\":{\"@id\":\"https:\\\/\\\/www.belodonte.es\\\/#organization\"},\"potentialAction\":[{\"@type\":\"SearchAction\",\"target\":{\"@type\":\"EntryPoint\",\"urlTemplate\":\"https:\\\/\\\/www.belodonte.es\\\/?s={search_term_string}\"},\"query-input\":{\"@type\":\"PropertyValueSpecification\",\"valueRequired\":true,\"valueName\":\"search_term_string\"}}],\"inLanguage\":\"ca\"},{\"@type\":\"Organization\",\"@id\":\"https:\\\/\\\/www.belodonte.es\\\/#organization\",\"name\":\"Cl\u00ednica Dental Belodonte\",\"url\":\"https:\\\/\\\/www.belodonte.es\\\/\",\"logo\":{\"@type\":\"ImageObject\",\"inLanguage\":\"ca\",\"@id\":\"https:\\\/\\\/www.belodonte.es\\\/#\\\/schema\\\/logo\\\/image\\\/\",\"url\":\"https:\\\/\\\/www.belodonte.es\\\/wp-content\\\/uploads\\\/2021\\\/10\\\/favicon-clinica-belodonte.png\",\"contentUrl\":\"https:\\\/\\\/www.belodonte.es\\\/wp-content\\\/uploads\\\/2021\\\/10\\\/favicon-clinica-belodonte.png\",\"width\":512,\"height\":512,\"caption\":\"Cl\u00ednica Dental Belodonte\"},\"image\":{\"@id\":\"https:\\\/\\\/www.belodonte.es\\\/#\\\/schema\\\/logo\\\/image\\\/\"}},{\"@type\":\"Person\",\"@id\":\"https:\\\/\\\/www.belodonte.es\\\/#\\\/schema\\\/person\\\/af746658db6c58f111ab4e18a476abcd\",\"name\":\"Cl\u00ednica Belodonte\",\"image\":{\"@type\":\"ImageObject\",\"inLanguage\":\"ca\",\"@id\":\"https:\\\/\\\/secure.gravatar.com\\\/avatar\\\/638e9d8d08bf2340d3d84b2996cdb448289ac0a26b32c99af87880a52287f8b8?s=96&d=mm&r=g\",\"url\":\"https:\\\/\\\/secure.gravatar.com\\\/avatar\\\/638e9d8d08bf2340d3d84b2996cdb448289ac0a26b32c99af87880a52287f8b8?s=96&d=mm&r=g\",\"contentUrl\":\"https:\\\/\\\/secure.gravatar.com\\\/avatar\\\/638e9d8d08bf2340d3d84b2996cdb448289ac0a26b32c99af87880a52287f8b8?s=96&d=mm&r=g\",\"caption\":\"Cl\u00ednica Belodonte\"},\"url\":\"https:\\\/\\\/www.belodonte.es\\\/ca\\\/author\\\/wm_mgc\\\/\"}]}<\/script>\n<!-- \/ Yoast SEO plugin. -->","yoast_head_json":{"title":"Aftes bucals: tot sobre elles","description":"Les aftes bucals s\u00f3n una afecci\u00f3 comuna que afecta un gran nombre de persones en algun moment de les seves vides. Avui parlem del tema.","robots":{"index":"index","follow":"follow","max-snippet":"max-snippet:-1","max-image-preview":"max-image-preview:large","max-video-preview":"max-video-preview:-1"},"canonical":"https:\/\/www.belodonte.es\/aftas-bucales-todo-sobre-ellas\/","og_locale":"ca_ES","og_type":"article","og_title":"Aftes bucals: tot sobre elles","og_description":"Les aftes bucals s\u00f3n una afecci\u00f3 comuna que afecta un gran nombre de persones en algun moment de les seves vides. Avui parlem del tema.","og_url":"https:\/\/www.belodonte.es\/aftas-bucales-todo-sobre-ellas\/","og_site_name":"Cl\u00ednica Belodonte","article_published_time":"2025-04-01T06:00:00+00:00","og_image":[{"width":1200,"height":600,"url":"https:\/\/www.belodonte.es\/wp-content\/uploads\/2025\/03\/aftas-bucales.jpg","type":"image\/jpeg"}],"author":"Cl\u00ednica Belodonte","twitter_card":"summary_large_image","twitter_misc":{"Written by":"Cl\u00ednica Belodonte","Est. reading time":"4 minutes"},"schema":{"@context":"https:\/\/schema.org","@graph":[{"@type":"Article","@id":"https:\/\/www.belodonte.es\/aftas-bucales-todo-sobre-ellas\/#article","isPartOf":{"@id":"https:\/\/www.belodonte.es\/aftas-bucales-todo-sobre-ellas\/"},"author":{"name":"Cl\u00ednica Belodonte","@id":"https:\/\/www.belodonte.es\/#\/schema\/person\/af746658db6c58f111ab4e18a476abcd"},"headline":"Aftes bucals: tot sobre elles","datePublished":"2025-04-01T06:00:00+00:00","mainEntityOfPage":{"@id":"https:\/\/www.belodonte.es\/aftas-bucales-todo-sobre-ellas\/"},"wordCount":675,"commentCount":0,"publisher":{"@id":"https:\/\/www.belodonte.es\/#organization"},"image":{"@id":"https:\/\/www.belodonte.es\/aftas-bucales-todo-sobre-ellas\/#primaryimage"},"thumbnailUrl":"https:\/\/www.belodonte.es\/wp-content\/uploads\/2025\/03\/aftas-bucales.jpg","articleSection":["Odontologia conservadora"],"inLanguage":"ca","potentialAction":[{"@type":"CommentAction","name":"Comment","target":["https:\/\/www.belodonte.es\/aftas-bucales-todo-sobre-ellas\/#respond"]}]},{"@type":"WebPage","@id":"https:\/\/www.belodonte.es\/aftas-bucales-todo-sobre-ellas\/","url":"https:\/\/www.belodonte.es\/aftas-bucales-todo-sobre-ellas\/","name":"Aftes bucals: tot sobre elles","isPartOf":{"@id":"https:\/\/www.belodonte.es\/#website"},"primaryImageOfPage":{"@id":"https:\/\/www.belodonte.es\/aftas-bucales-todo-sobre-ellas\/#primaryimage"},"image":{"@id":"https:\/\/www.belodonte.es\/aftas-bucales-todo-sobre-ellas\/#primaryimage"},"thumbnailUrl":"https:\/\/www.belodonte.es\/wp-content\/uploads\/2025\/03\/aftas-bucales.jpg","datePublished":"2025-04-01T06:00:00+00:00","description":"Les aftes bucals s\u00f3n una afecci\u00f3 comuna que afecta un gran nombre de persones en algun moment de les seves vides. Avui parlem del tema.","breadcrumb":{"@id":"https:\/\/www.belodonte.es\/aftas-bucales-todo-sobre-ellas\/#breadcrumb"},"inLanguage":"ca","potentialAction":[{"@type":"ReadAction","target":["https:\/\/www.belodonte.es\/aftas-bucales-todo-sobre-ellas\/"]}]},{"@type":"ImageObject","inLanguage":"ca","@id":"https:\/\/www.belodonte.es\/aftas-bucales-todo-sobre-ellas\/#primaryimage","url":"https:\/\/www.belodonte.es\/wp-content\/uploads\/2025\/03\/aftas-bucales.jpg","contentUrl":"https:\/\/www.belodonte.es\/wp-content\/uploads\/2025\/03\/aftas-bucales.jpg","width":1200,"height":600,"caption":"aftas bucales"},{"@type":"BreadcrumbList","@id":"https:\/\/www.belodonte.es\/aftas-bucales-todo-sobre-ellas\/#breadcrumb","itemListElement":[{"@type":"ListItem","position":1,"name":"Portada","item":"https:\/\/www.belodonte.es\/"},{"@type":"ListItem","position":2,"name":"Aftes bucals: tot sobre elles"}]},{"@type":"WebSite","@id":"https:\/\/www.belodonte.es\/#website","url":"https:\/\/www.belodonte.es\/","name":"Cl\u00ednica Belodonte","description":"Cl\u00ednica dental en Barcelona","publisher":{"@id":"https:\/\/www.belodonte.es\/#organization"},"potentialAction":[{"@type":"SearchAction","target":{"@type":"EntryPoint","urlTemplate":"https:\/\/www.belodonte.es\/?s={search_term_string}"},"query-input":{"@type":"PropertyValueSpecification","valueRequired":true,"valueName":"search_term_string"}}],"inLanguage":"ca"},{"@type":"Organization","@id":"https:\/\/www.belodonte.es\/#organization","name":"Cl\u00ednica Dental Belodonte","url":"https:\/\/www.belodonte.es\/","logo":{"@type":"ImageObject","inLanguage":"ca","@id":"https:\/\/www.belodonte.es\/#\/schema\/logo\/image\/","url":"https:\/\/www.belodonte.es\/wp-content\/uploads\/2021\/10\/favicon-clinica-belodonte.png","contentUrl":"https:\/\/www.belodonte.es\/wp-content\/uploads\/2021\/10\/favicon-clinica-belodonte.png","width":512,"height":512,"caption":"Cl\u00ednica Dental Belodonte"},"image":{"@id":"https:\/\/www.belodonte.es\/#\/schema\/logo\/image\/"}},{"@type":"Person","@id":"https:\/\/www.belodonte.es\/#\/schema\/person\/af746658db6c58f111ab4e18a476abcd","name":"Cl\u00ednica Belodonte","image":{"@type":"ImageObject","inLanguage":"ca","@id":"https:\/\/secure.gravatar.com\/avatar\/638e9d8d08bf2340d3d84b2996cdb448289ac0a26b32c99af87880a52287f8b8?s=96&d=mm&r=g","url":"https:\/\/secure.gravatar.com\/avatar\/638e9d8d08bf2340d3d84b2996cdb448289ac0a26b32c99af87880a52287f8b8?s=96&d=mm&r=g","contentUrl":"https:\/\/secure.gravatar.com\/avatar\/638e9d8d08bf2340d3d84b2996cdb448289ac0a26b32c99af87880a52287f8b8?s=96&d=mm&r=g","caption":"Cl\u00ednica Belodonte"},"url":"https:\/\/www.belodonte.es\/ca\/author\/wm_mgc\/"}]}},"_links":{"self":[{"href":"https:\/\/www.belodonte.es\/ca\/wp-json\/wp\/v2\/posts\/6067","targetHints":{"allow":["GET"]}}],"collection":[{"href":"https:\/\/www.belodonte.es\/ca\/wp-json\/wp\/v2\/posts"}],"about":[{"href":"https:\/\/www.belodonte.es\/ca\/wp-json\/wp\/v2\/types\/post"}],"author":[{"embeddable":true,"href":"https:\/\/www.belodonte.es\/ca\/wp-json\/wp\/v2\/users\/3"}],"replies":[{"embeddable":true,"href":"https:\/\/www.belodonte.es\/ca\/wp-json\/wp\/v2\/comments?post=6067"}],"version-history":[{"count":1,"href":"https:\/\/www.belodonte.es\/ca\/wp-json\/wp\/v2\/posts\/6067\/revisions"}],"predecessor-version":[{"id":6068,"href":"https:\/\/www.belodonte.es\/ca\/wp-json\/wp\/v2\/posts\/6067\/revisions\/6068"}],"wp:featuredmedia":[{"embeddable":true,"href":"https:\/\/www.belodonte.es\/ca\/wp-json\/wp\/v2\/media\/6032"}],"wp:attachment":[{"href":"https:\/\/www.belodonte.es\/ca\/wp-json\/wp\/v2\/media?parent=6067"}],"wp:term":[{"taxonomy":"category","embeddable":true,"href":"https:\/\/www.belodonte.es\/ca\/wp-json\/wp\/v2\/categories?post=6067"},{"taxonomy":"post_tag","embeddable":true,"href":"https:\/\/www.belodonte.es\/ca\/wp-json\/wp\/v2\/tags?post=6067"}],"curies":[{"name":"wp","href":"https:\/\/api.w.org\/{rel}","templated":true}]}}