{"id":5997,"date":"2025-03-27T06:00:00","date_gmt":"2025-03-27T06:00:00","guid":{"rendered":"https:\/\/www.belodonte.es\/?p=5997"},"modified":"2025-01-28T12:39:23","modified_gmt":"2025-01-28T12:39:23","slug":"genives-fosques-causes-solucions","status":"publish","type":"post","link":"https:\/\/www.belodonte.es\/ca\/genives-fosques-causes-solucions\/","title":{"rendered":"Genives fosques: causes i solucions"},"content":{"rendered":"\n<p>Les<strong> genives fosques<\/strong> s\u00f3n un problema est\u00e8tic i de salut bucal que afecta moltes persones, encara que sol ser m\u00e9s comuna en unes certes \u00e8tnies. A pesar que tenir genives d&#8217;un to m\u00e9s fosc no sempre indica un problema greu, \u00e9s important entendre les causes subjacents, els efectes en la salut bucal i els tractaments disponibles, aix\u00ed com les mesures preventives que poden prendre&#8217;s.<\/p>\n\n\n\n<p>Des de<strong><a href=\"https:\/\/www.belodonte.es\/ca\/periodoncia\/\" target=\"_blank\" rel=\"noreferrer noopener\"> Cl\u00ednica Belodonte, experts en Period\u00f2ncia a Barcelona<\/a><\/strong>, abordarem tot el relacionat amb elles, des de les seves causes fins a com es poden tractar i prevenir.<\/p>\n\n\n\n<h2 class=\"wp-block-heading\">Causes de les genives fosques<\/h2>\n\n\n\n<p>Poden tenir diverses causes, algunes de les quals s\u00f3n naturals, mentre que unes altres estan relacionades amb problemes de salut bucal. A continuaci\u00f3, s&#8217;esmenten les principals raons per les quals les genives poden enfosquir-se:<\/p>\n\n\n\n<h3 class=\"wp-block-heading\">Gen\u00e8tica<\/h3>\n\n\n\n<p>El color natural de les genives d&#8217;una persona est\u00e0 en gran part determinat per la gen\u00e8tica. En algunes persones, les genives poden ser naturalment m\u00e9s fosques a causa de la quantitat de melanina (el pigment responsable del color de la pell) que produeixen. Les persones amb pell fosca o d&#8217;\u00e8tnia africana, asi\u00e0tica o llatina solen tenir genives m\u00e9s fosques.<\/p>\n\n\n\n<h3 class=\"wp-block-heading\">Tabaquisme<\/h3>\n\n\n\n<p>El consum de tabac \u00e9s una de les seves principals causes. Fumar o mastegar tabac pot provocar l&#8217;acumulaci\u00f3 de subst\u00e0ncies qu\u00edmiques en les genives, la qual cosa porta a una hiperpigmentaci\u00f3. A m\u00e9s, el tabac redueix el flux sanguini en les genives, la qual cosa pot contribuir a la formaci\u00f3 de taques.<\/p>\n\n\n\n<h3 class=\"wp-block-heading\">\u00das d&#8217;uns certs medicaments<\/h3>\n\n\n\n<p>Alguns medicaments, com els anticonceptius orals o els medicaments per a la quimioter\u00e0pia, poden causar canvis en la pigmentaci\u00f3 de les genives. Aquests efectes secundaris s\u00f3n temporals i desapareixen quan se susp\u00e8n el tractament.<\/p>\n\n\n\n<h3 class=\"wp-block-heading\">Malalties periodontals<\/h3>\n\n\n\n<p>Tamb\u00e9 poden ser un signe de problemes periodontals, com la gingivitis o la periodontitis. En aquests casos, la pigmentaci\u00f3 fosca sol estar acompanyada d&#8217;inflamaci\u00f3, sagnat i mal al\u00e8.<\/p>\n\n\n\n<h3 class=\"wp-block-heading\">Acumulaci\u00f3 de placa bacteriana<\/h3>\n\n\n\n<p>La placa bacteriana \u00e9s una de les principals causes de les malalties de les genives, que poden portar a l&#8217;aparici\u00f3 de taques fosques. L&#8217;acumulaci\u00f3 de placa pot provocar inflamaci\u00f3 i canvis en el color de les genives, especialment si no es tracten adequadament.<\/p>\n\n\n\n<h2 class=\"wp-block-heading\">Efectes de les genives fosques en la salut bucal<\/h2>\n\n\n\n<p>Encara que no sempre indiquen una afecci\u00f3 greu, poden estar relacionades amb diversos problemes de salut bucal que, si no s&#8217;aborden, poden empitjorar amb el temps. Entre els seus efectes, destaquen els seg\u00fcents:<\/p>\n\n\n\n<ul class=\"wp-block-list\">\n<li><strong>Inflamaci\u00f3 i dolor:<\/strong> Poden estar acompanyades d&#8217;inflamaci\u00f3, dolor i sensibilitat. Aquests s\u00edmptomes s\u00f3n comuns quan les genives estan infectades a causa de malalties periodontals.<\/li>\n\n\n\n<li><strong>Mal al\u00e8: <\/strong>Tamb\u00e9 poden estar associades amb un mal al\u00e8 persistent. Aix\u00f2 pot ser un signe que hi ha una infecci\u00f3 bacteriana en les genives, que necessita ser tractada per un professional.<\/li>\n\n\n\n<li><strong>P\u00e8rdua de dents:<\/strong> Si s\u00f3n el resultat d&#8217;una malaltia periodontal no tractada, pot haver-hi p\u00e8rdua d&#8217;os i geniva, la qual cosa augmenta el risc de p\u00e8rdua de dents. El tractament primerenc \u00e9s fonamental per a prevenir aquest efecte.<\/li>\n<\/ul>\n\n\n\n<h2 class=\"wp-block-heading\">Tractament des de la period\u00f2ncia<\/h2>\n\n\n\n<p>El tractament per a les genives fosques dep\u00e8n de la causa subjacent. En la majoria dels casos, l&#8217;odont\u00f2leg o periodontista avaluar\u00e0 la salut general de les genives i determinar\u00e0 el tractament m\u00e9s adequat.<\/p>\n\n\n\n<h3 class=\"wp-block-heading\">Neteja profunda (cura periodontal)<\/h3>\n\n\n\n<p>Si la causa \u00e9s l&#8217;acumulaci\u00f3 de placa bacteriana o la malaltia periodontal, es pot realitzar una neteja profunda, tamb\u00e9 coneguda com a curetatge. Aquest procediment ajuda a eliminar la placa i el carrall, reduint la inflamaci\u00f3 i millorant la salut de les genives.<\/p>\n\n\n\n<h3 class=\"wp-block-heading\">Emblanquiment de genives<\/h3>\n\n\n\n<p>L&#8217;emblanquiment de genives \u00e9s un tractament est\u00e8tic que es realitza per a aclarir-les. S&#8217;utilitza una combinaci\u00f3 de t\u00e8cniques i productes especials per a millorar l&#8217;aspecte de les genives, proporcionant un resultat m\u00e9s uniforme i est\u00e8ticament agradable.<\/p>\n\n\n\n<h3 class=\"wp-block-heading\">Cirurgia periodontal<\/h3>\n\n\n\n<p>En casos m\u00e9s greus, quan s\u00f3n el resultat d&#8217;una malaltia periodontal avan\u00e7ada, pot ser necess\u00e0ria una cirurgia per a eliminar els teixits danyats i restaurar la salut de les genives.<\/p>\n\n\n\n<h2 class=\"wp-block-heading\">Prevenci\u00f3 de les genives fosques<\/h2>\n\n\n\n<p>La prevenci\u00f3 es basa en el manteniment d&#8217;una bona higiene bucal i l&#8217;evitaci\u00f3 de factors de risc. Aqu\u00ed alguns consells pr\u00e0ctics:<\/p>\n\n\n\n<ul class=\"wp-block-list\">\n<li><strong>Raspallat adequat: <\/strong>Raspallar-se les dents almenys dues vegades al dia i utilitzar fil dental regularment ajuda a eliminar la placa i prevenir malalties periodontals.<\/li>\n\n\n\n<li><strong>Evitar el tabac: <\/strong>Deixar de fumar o evitar el consum de tabac \u00e9s una de les millors maneres de prevenir la pigmentaci\u00f3 fosca en les genives.<\/li>\n\n\n\n<li><strong>Visites regulars al dentista:<\/strong> Realitzar revisions peri\u00f2diques amb el dentista i realitzar neteges dentals professionals pot prevenir l&#8217;acumulaci\u00f3 de placa i l&#8217;aparici\u00f3 de malalties periodontals.<\/li>\n\n\n\n<li><strong>Mantenir una dieta saludable: <\/strong>Una dieta equilibrada, rica en fruites i verdures, ajuda a mantenir les genives saludables i a prevenir la inflamaci\u00f3 i altres afeccions.<\/li>\n<\/ul>\n\n\n\n<p>En resum, les genives fosques poden ser el resultat de diversos factors, des de la gen\u00e8tica fins a malalties periodontals. Si b\u00e9 en molts casos no representen un perill greu, \u00e9s important tractar-les de manera adequada per a evitar complicacions a llarg termini. Amb l&#8217;ajuda de tractaments com la neteja profunda i l&#8217;emblanquiment, i amb una prevenci\u00f3 adequada, \u00e9s possible mantenir unes genives saludables i millorar l&#8217;est\u00e8tica bucal.<\/p>\n\n\n\n<p>En Cl\u00ednica Belodonte disposem de serveis de <a href=\"https:\/\/www.belodonte.es\/ca\/periodoncia\/\">Period\u00f2ncia<\/a>. Per a m\u00e9s informaci\u00f3 o consultar un cas, no dubteu a <strong><a href=\"https:\/\/www.belodonte.es\/ca\/contacte\/\" target=\"_blank\" rel=\"noreferrer noopener nofollow\">posar-vos en contacte.<\/a><\/strong><\/p>\n","protected":false},"excerpt":{"rendered":"<p>Les genives fosques s\u00f3n un problema est\u00e8tic i de salut bucal que afecta moltes persones, encara que sol ser m\u00e9s comuna en unes certes \u00e8tnies. A pesar que tenir genives d&#8217;un to m\u00e9s fosc no sempre indica un problema greu, [&hellip;]<\/p>\n","protected":false},"author":3,"featured_media":5978,"comment_status":"open","ping_status":"open","sticky":false,"template":"","format":"standard","meta":{"site-sidebar-layout":"default","site-content-layout":"","ast-site-content-layout":"default","site-content-style":"default","site-sidebar-style":"default","ast-global-header-display":"","ast-banner-title-visibility":"","ast-main-header-display":"","ast-hfb-above-header-display":"","ast-hfb-below-header-display":"","ast-hfb-mobile-header-display":"","site-post-title":"","ast-breadcrumbs-content":"","ast-featured-img":"","footer-sml-layout":"","ast-disable-related-posts":"","theme-transparent-header-meta":"","adv-header-id-meta":"","stick-header-meta":"","header-above-stick-meta":"","header-main-stick-meta":"","header-below-stick-meta":"","astra-migrate-meta-layouts":"set","ast-page-background-enabled":"default","ast-page-background-meta":{"desktop":{"background-color":"","background-image":"","background-repeat":"repeat","background-position":"center center","background-size":"auto","background-attachment":"scroll","background-type":"","background-media":"","overlay-type":"","overlay-color":"","overlay-opacity":"","overlay-gradient":""},"tablet":{"background-color":"","background-image":"","background-repeat":"repeat","background-position":"center center","background-size":"auto","background-attachment":"scroll","background-type":"","background-media":"","overlay-type":"","overlay-color":"","overlay-opacity":"","overlay-gradient":""},"mobile":{"background-color":"","background-image":"","background-repeat":"repeat","background-position":"center center","background-size":"auto","background-attachment":"scroll","background-type":"","background-media":"","overlay-type":"","overlay-color":"","overlay-opacity":"","overlay-gradient":""}},"ast-content-background-meta":{"desktop":{"background-color":"var(--ast-global-color-5)","background-image":"","background-repeat":"repeat","background-position":"center center","background-size":"auto","background-attachment":"scroll","background-type":"","background-media":"","overlay-type":"","overlay-color":"","overlay-opacity":"","overlay-gradient":""},"tablet":{"background-color":"var(--ast-global-color-5)","background-image":"","background-repeat":"repeat","background-position":"center center","background-size":"auto","background-attachment":"scroll","background-type":"","background-media":"","overlay-type":"","overlay-color":"","overlay-opacity":"","overlay-gradient":""},"mobile":{"background-color":"var(--ast-global-color-5)","background-image":"","background-repeat":"repeat","background-position":"center center","background-size":"auto","background-attachment":"scroll","background-type":"","background-media":"","overlay-type":"","overlay-color":"","overlay-opacity":"","overlay-gradient":""}},"footnotes":""},"categories":[34],"tags":[],"class_list":["post-5997","post","type-post","status-publish","format-standard","has-post-thumbnail","hentry","category-periodoncia-2"],"yoast_head":"<!-- This site is optimized with the Yoast SEO plugin v27.4 - https:\/\/yoast.com\/product\/yoast-seo-wordpress\/ -->\n<title>Genives fosques: causes i solucions<\/title>\n<meta name=\"description\" content=\"Les genives fosques s\u00f3n un problema est\u00e8tic i de salut bucal que afecta moltes persones, encara que sol ser m\u00e9s comuna en unes certes \u00e8tnies.\" \/>\n<meta name=\"robots\" content=\"index, follow, max-snippet:-1, max-image-preview:large, max-video-preview:-1\" \/>\n<link rel=\"canonical\" href=\"https:\/\/www.belodonte.es\/encias-oscuras-causas-soluciones\/\" \/>\n<meta property=\"og:locale\" content=\"ca_ES\" \/>\n<meta property=\"og:type\" content=\"article\" \/>\n<meta property=\"og:title\" content=\"Genives fosques: causes i solucions\" \/>\n<meta property=\"og:description\" content=\"Les genives fosques s\u00f3n un problema est\u00e8tic i de salut bucal que afecta moltes persones, encara que sol ser m\u00e9s comuna en unes certes \u00e8tnies.\" \/>\n<meta property=\"og:url\" content=\"https:\/\/www.belodonte.es\/encias-oscuras-causas-soluciones\/\" \/>\n<meta property=\"og:site_name\" content=\"Cl\u00ednica Belodonte\" \/>\n<meta property=\"article:published_time\" content=\"2025-03-27T06:00:00+00:00\" \/>\n<meta property=\"og:image\" content=\"https:\/\/www.belodonte.es\/wp-content\/uploads\/2025\/01\/encias-oscuras.png\" \/>\n\t<meta property=\"og:image:width\" content=\"1200\" \/>\n\t<meta property=\"og:image:height\" content=\"600\" \/>\n\t<meta property=\"og:image:type\" content=\"image\/png\" \/>\n<meta name=\"author\" content=\"Cl\u00ednica Belodonte\" \/>\n<meta name=\"twitter:card\" content=\"summary_large_image\" \/>\n<meta name=\"twitter:label1\" content=\"Written by\" \/>\n\t<meta name=\"twitter:data1\" content=\"Cl\u00ednica Belodonte\" \/>\n\t<meta name=\"twitter:label2\" content=\"Est. reading time\" \/>\n\t<meta name=\"twitter:data2\" content=\"5 minutes\" \/>\n<script type=\"application\/ld+json\" class=\"yoast-schema-graph\">{\"@context\":\"https:\\\/\\\/schema.org\",\"@graph\":[{\"@type\":\"Article\",\"@id\":\"https:\\\/\\\/www.belodonte.es\\\/encias-oscuras-causas-soluciones\\\/#article\",\"isPartOf\":{\"@id\":\"https:\\\/\\\/www.belodonte.es\\\/encias-oscuras-causas-soluciones\\\/\"},\"author\":{\"name\":\"Cl\u00ednica Belodonte\",\"@id\":\"https:\\\/\\\/www.belodonte.es\\\/#\\\/schema\\\/person\\\/af746658db6c58f111ab4e18a476abcd\"},\"headline\":\"Genives fosques: causes i solucions\",\"datePublished\":\"2025-03-27T06:00:00+00:00\",\"mainEntityOfPage\":{\"@id\":\"https:\\\/\\\/www.belodonte.es\\\/encias-oscuras-causas-soluciones\\\/\"},\"wordCount\":918,\"commentCount\":0,\"publisher\":{\"@id\":\"https:\\\/\\\/www.belodonte.es\\\/#organization\"},\"image\":{\"@id\":\"https:\\\/\\\/www.belodonte.es\\\/encias-oscuras-causas-soluciones\\\/#primaryimage\"},\"thumbnailUrl\":\"https:\\\/\\\/www.belodonte.es\\\/wp-content\\\/uploads\\\/2025\\\/01\\\/encias-oscuras.png\",\"articleSection\":[\"Period\u00f2ncia\"],\"inLanguage\":\"ca\",\"potentialAction\":[{\"@type\":\"CommentAction\",\"name\":\"Comment\",\"target\":[\"https:\\\/\\\/www.belodonte.es\\\/encias-oscuras-causas-soluciones\\\/#respond\"]}]},{\"@type\":\"WebPage\",\"@id\":\"https:\\\/\\\/www.belodonte.es\\\/encias-oscuras-causas-soluciones\\\/\",\"url\":\"https:\\\/\\\/www.belodonte.es\\\/encias-oscuras-causas-soluciones\\\/\",\"name\":\"Genives fosques: causes i solucions\",\"isPartOf\":{\"@id\":\"https:\\\/\\\/www.belodonte.es\\\/#website\"},\"primaryImageOfPage\":{\"@id\":\"https:\\\/\\\/www.belodonte.es\\\/encias-oscuras-causas-soluciones\\\/#primaryimage\"},\"image\":{\"@id\":\"https:\\\/\\\/www.belodonte.es\\\/encias-oscuras-causas-soluciones\\\/#primaryimage\"},\"thumbnailUrl\":\"https:\\\/\\\/www.belodonte.es\\\/wp-content\\\/uploads\\\/2025\\\/01\\\/encias-oscuras.png\",\"datePublished\":\"2025-03-27T06:00:00+00:00\",\"description\":\"Les genives fosques s\u00f3n un problema est\u00e8tic i de salut bucal que afecta moltes persones, encara que sol ser m\u00e9s comuna en unes certes \u00e8tnies.\",\"breadcrumb\":{\"@id\":\"https:\\\/\\\/www.belodonte.es\\\/encias-oscuras-causas-soluciones\\\/#breadcrumb\"},\"inLanguage\":\"ca\",\"potentialAction\":[{\"@type\":\"ReadAction\",\"target\":[\"https:\\\/\\\/www.belodonte.es\\\/encias-oscuras-causas-soluciones\\\/\"]}]},{\"@type\":\"ImageObject\",\"inLanguage\":\"ca\",\"@id\":\"https:\\\/\\\/www.belodonte.es\\\/encias-oscuras-causas-soluciones\\\/#primaryimage\",\"url\":\"https:\\\/\\\/www.belodonte.es\\\/wp-content\\\/uploads\\\/2025\\\/01\\\/encias-oscuras.png\",\"contentUrl\":\"https:\\\/\\\/www.belodonte.es\\\/wp-content\\\/uploads\\\/2025\\\/01\\\/encias-oscuras.png\",\"width\":1200,\"height\":600,\"caption\":\"enci\u0301as oscuras\"},{\"@type\":\"BreadcrumbList\",\"@id\":\"https:\\\/\\\/www.belodonte.es\\\/encias-oscuras-causas-soluciones\\\/#breadcrumb\",\"itemListElement\":[{\"@type\":\"ListItem\",\"position\":1,\"name\":\"Portada\",\"item\":\"https:\\\/\\\/www.belodonte.es\\\/\"},{\"@type\":\"ListItem\",\"position\":2,\"name\":\"Genives fosques: causes i solucions\"}]},{\"@type\":\"WebSite\",\"@id\":\"https:\\\/\\\/www.belodonte.es\\\/#website\",\"url\":\"https:\\\/\\\/www.belodonte.es\\\/\",\"name\":\"Cl\u00ednica Belodonte\",\"description\":\"Cl\u00ednica dental en Barcelona\",\"publisher\":{\"@id\":\"https:\\\/\\\/www.belodonte.es\\\/#organization\"},\"potentialAction\":[{\"@type\":\"SearchAction\",\"target\":{\"@type\":\"EntryPoint\",\"urlTemplate\":\"https:\\\/\\\/www.belodonte.es\\\/?s={search_term_string}\"},\"query-input\":{\"@type\":\"PropertyValueSpecification\",\"valueRequired\":true,\"valueName\":\"search_term_string\"}}],\"inLanguage\":\"ca\"},{\"@type\":\"Organization\",\"@id\":\"https:\\\/\\\/www.belodonte.es\\\/#organization\",\"name\":\"Cl\u00ednica Dental Belodonte\",\"url\":\"https:\\\/\\\/www.belodonte.es\\\/\",\"logo\":{\"@type\":\"ImageObject\",\"inLanguage\":\"ca\",\"@id\":\"https:\\\/\\\/www.belodonte.es\\\/#\\\/schema\\\/logo\\\/image\\\/\",\"url\":\"https:\\\/\\\/www.belodonte.es\\\/wp-content\\\/uploads\\\/2021\\\/10\\\/favicon-clinica-belodonte.png\",\"contentUrl\":\"https:\\\/\\\/www.belodonte.es\\\/wp-content\\\/uploads\\\/2021\\\/10\\\/favicon-clinica-belodonte.png\",\"width\":512,\"height\":512,\"caption\":\"Cl\u00ednica Dental Belodonte\"},\"image\":{\"@id\":\"https:\\\/\\\/www.belodonte.es\\\/#\\\/schema\\\/logo\\\/image\\\/\"}},{\"@type\":\"Person\",\"@id\":\"https:\\\/\\\/www.belodonte.es\\\/#\\\/schema\\\/person\\\/af746658db6c58f111ab4e18a476abcd\",\"name\":\"Cl\u00ednica Belodonte\",\"image\":{\"@type\":\"ImageObject\",\"inLanguage\":\"ca\",\"@id\":\"https:\\\/\\\/secure.gravatar.com\\\/avatar\\\/638e9d8d08bf2340d3d84b2996cdb448289ac0a26b32c99af87880a52287f8b8?s=96&d=mm&r=g\",\"url\":\"https:\\\/\\\/secure.gravatar.com\\\/avatar\\\/638e9d8d08bf2340d3d84b2996cdb448289ac0a26b32c99af87880a52287f8b8?s=96&d=mm&r=g\",\"contentUrl\":\"https:\\\/\\\/secure.gravatar.com\\\/avatar\\\/638e9d8d08bf2340d3d84b2996cdb448289ac0a26b32c99af87880a52287f8b8?s=96&d=mm&r=g\",\"caption\":\"Cl\u00ednica Belodonte\"},\"url\":\"https:\\\/\\\/www.belodonte.es\\\/ca\\\/author\\\/wm_mgc\\\/\"}]}<\/script>\n<!-- \/ Yoast SEO plugin. -->","yoast_head_json":{"title":"Genives fosques: causes i solucions","description":"Les genives fosques s\u00f3n un problema est\u00e8tic i de salut bucal que afecta moltes persones, encara que sol ser m\u00e9s comuna en unes certes \u00e8tnies.","robots":{"index":"index","follow":"follow","max-snippet":"max-snippet:-1","max-image-preview":"max-image-preview:large","max-video-preview":"max-video-preview:-1"},"canonical":"https:\/\/www.belodonte.es\/encias-oscuras-causas-soluciones\/","og_locale":"ca_ES","og_type":"article","og_title":"Genives fosques: causes i solucions","og_description":"Les genives fosques s\u00f3n un problema est\u00e8tic i de salut bucal que afecta moltes persones, encara que sol ser m\u00e9s comuna en unes certes \u00e8tnies.","og_url":"https:\/\/www.belodonte.es\/encias-oscuras-causas-soluciones\/","og_site_name":"Cl\u00ednica Belodonte","article_published_time":"2025-03-27T06:00:00+00:00","og_image":[{"width":1200,"height":600,"url":"https:\/\/www.belodonte.es\/wp-content\/uploads\/2025\/01\/encias-oscuras.png","type":"image\/png"}],"author":"Cl\u00ednica Belodonte","twitter_card":"summary_large_image","twitter_misc":{"Written by":"Cl\u00ednica Belodonte","Est. reading time":"5 minutes"},"schema":{"@context":"https:\/\/schema.org","@graph":[{"@type":"Article","@id":"https:\/\/www.belodonte.es\/encias-oscuras-causas-soluciones\/#article","isPartOf":{"@id":"https:\/\/www.belodonte.es\/encias-oscuras-causas-soluciones\/"},"author":{"name":"Cl\u00ednica Belodonte","@id":"https:\/\/www.belodonte.es\/#\/schema\/person\/af746658db6c58f111ab4e18a476abcd"},"headline":"Genives fosques: causes i solucions","datePublished":"2025-03-27T06:00:00+00:00","mainEntityOfPage":{"@id":"https:\/\/www.belodonte.es\/encias-oscuras-causas-soluciones\/"},"wordCount":918,"commentCount":0,"publisher":{"@id":"https:\/\/www.belodonte.es\/#organization"},"image":{"@id":"https:\/\/www.belodonte.es\/encias-oscuras-causas-soluciones\/#primaryimage"},"thumbnailUrl":"https:\/\/www.belodonte.es\/wp-content\/uploads\/2025\/01\/encias-oscuras.png","articleSection":["Period\u00f2ncia"],"inLanguage":"ca","potentialAction":[{"@type":"CommentAction","name":"Comment","target":["https:\/\/www.belodonte.es\/encias-oscuras-causas-soluciones\/#respond"]}]},{"@type":"WebPage","@id":"https:\/\/www.belodonte.es\/encias-oscuras-causas-soluciones\/","url":"https:\/\/www.belodonte.es\/encias-oscuras-causas-soluciones\/","name":"Genives fosques: causes i solucions","isPartOf":{"@id":"https:\/\/www.belodonte.es\/#website"},"primaryImageOfPage":{"@id":"https:\/\/www.belodonte.es\/encias-oscuras-causas-soluciones\/#primaryimage"},"image":{"@id":"https:\/\/www.belodonte.es\/encias-oscuras-causas-soluciones\/#primaryimage"},"thumbnailUrl":"https:\/\/www.belodonte.es\/wp-content\/uploads\/2025\/01\/encias-oscuras.png","datePublished":"2025-03-27T06:00:00+00:00","description":"Les genives fosques s\u00f3n un problema est\u00e8tic i de salut bucal que afecta moltes persones, encara que sol ser m\u00e9s comuna en unes certes \u00e8tnies.","breadcrumb":{"@id":"https:\/\/www.belodonte.es\/encias-oscuras-causas-soluciones\/#breadcrumb"},"inLanguage":"ca","potentialAction":[{"@type":"ReadAction","target":["https:\/\/www.belodonte.es\/encias-oscuras-causas-soluciones\/"]}]},{"@type":"ImageObject","inLanguage":"ca","@id":"https:\/\/www.belodonte.es\/encias-oscuras-causas-soluciones\/#primaryimage","url":"https:\/\/www.belodonte.es\/wp-content\/uploads\/2025\/01\/encias-oscuras.png","contentUrl":"https:\/\/www.belodonte.es\/wp-content\/uploads\/2025\/01\/encias-oscuras.png","width":1200,"height":600,"caption":"enci\u0301as oscuras"},{"@type":"BreadcrumbList","@id":"https:\/\/www.belodonte.es\/encias-oscuras-causas-soluciones\/#breadcrumb","itemListElement":[{"@type":"ListItem","position":1,"name":"Portada","item":"https:\/\/www.belodonte.es\/"},{"@type":"ListItem","position":2,"name":"Genives fosques: causes i solucions"}]},{"@type":"WebSite","@id":"https:\/\/www.belodonte.es\/#website","url":"https:\/\/www.belodonte.es\/","name":"Cl\u00ednica Belodonte","description":"Cl\u00ednica dental en Barcelona","publisher":{"@id":"https:\/\/www.belodonte.es\/#organization"},"potentialAction":[{"@type":"SearchAction","target":{"@type":"EntryPoint","urlTemplate":"https:\/\/www.belodonte.es\/?s={search_term_string}"},"query-input":{"@type":"PropertyValueSpecification","valueRequired":true,"valueName":"search_term_string"}}],"inLanguage":"ca"},{"@type":"Organization","@id":"https:\/\/www.belodonte.es\/#organization","name":"Cl\u00ednica Dental Belodonte","url":"https:\/\/www.belodonte.es\/","logo":{"@type":"ImageObject","inLanguage":"ca","@id":"https:\/\/www.belodonte.es\/#\/schema\/logo\/image\/","url":"https:\/\/www.belodonte.es\/wp-content\/uploads\/2021\/10\/favicon-clinica-belodonte.png","contentUrl":"https:\/\/www.belodonte.es\/wp-content\/uploads\/2021\/10\/favicon-clinica-belodonte.png","width":512,"height":512,"caption":"Cl\u00ednica Dental Belodonte"},"image":{"@id":"https:\/\/www.belodonte.es\/#\/schema\/logo\/image\/"}},{"@type":"Person","@id":"https:\/\/www.belodonte.es\/#\/schema\/person\/af746658db6c58f111ab4e18a476abcd","name":"Cl\u00ednica Belodonte","image":{"@type":"ImageObject","inLanguage":"ca","@id":"https:\/\/secure.gravatar.com\/avatar\/638e9d8d08bf2340d3d84b2996cdb448289ac0a26b32c99af87880a52287f8b8?s=96&d=mm&r=g","url":"https:\/\/secure.gravatar.com\/avatar\/638e9d8d08bf2340d3d84b2996cdb448289ac0a26b32c99af87880a52287f8b8?s=96&d=mm&r=g","contentUrl":"https:\/\/secure.gravatar.com\/avatar\/638e9d8d08bf2340d3d84b2996cdb448289ac0a26b32c99af87880a52287f8b8?s=96&d=mm&r=g","caption":"Cl\u00ednica Belodonte"},"url":"https:\/\/www.belodonte.es\/ca\/author\/wm_mgc\/"}]}},"_links":{"self":[{"href":"https:\/\/www.belodonte.es\/ca\/wp-json\/wp\/v2\/posts\/5997","targetHints":{"allow":["GET"]}}],"collection":[{"href":"https:\/\/www.belodonte.es\/ca\/wp-json\/wp\/v2\/posts"}],"about":[{"href":"https:\/\/www.belodonte.es\/ca\/wp-json\/wp\/v2\/types\/post"}],"author":[{"embeddable":true,"href":"https:\/\/www.belodonte.es\/ca\/wp-json\/wp\/v2\/users\/3"}],"replies":[{"embeddable":true,"href":"https:\/\/www.belodonte.es\/ca\/wp-json\/wp\/v2\/comments?post=5997"}],"version-history":[{"count":2,"href":"https:\/\/www.belodonte.es\/ca\/wp-json\/wp\/v2\/posts\/5997\/revisions"}],"predecessor-version":[{"id":5999,"href":"https:\/\/www.belodonte.es\/ca\/wp-json\/wp\/v2\/posts\/5997\/revisions\/5999"}],"wp:featuredmedia":[{"embeddable":true,"href":"https:\/\/www.belodonte.es\/ca\/wp-json\/wp\/v2\/media\/5978"}],"wp:attachment":[{"href":"https:\/\/www.belodonte.es\/ca\/wp-json\/wp\/v2\/media?parent=5997"}],"wp:term":[{"taxonomy":"category","embeddable":true,"href":"https:\/\/www.belodonte.es\/ca\/wp-json\/wp\/v2\/categories?post=5997"},{"taxonomy":"post_tag","embeddable":true,"href":"https:\/\/www.belodonte.es\/ca\/wp-json\/wp\/v2\/tags?post=5997"}],"curies":[{"name":"wp","href":"https:\/\/api.w.org\/{rel}","templated":true}]}}