{"id":5884,"date":"2025-01-16T06:00:00","date_gmt":"2025-01-16T06:00:00","guid":{"rendered":"https:\/\/www.belodonte.es\/?p=5884"},"modified":"2024-12-05T10:43:11","modified_gmt":"2024-12-05T10:43:11","slug":"denticio-mixta-sobre-ella","status":"publish","type":"post","link":"https:\/\/www.belodonte.es\/ca\/denticio-mixta-sobre-ella\/","title":{"rendered":"Dentici\u00f3 mixta: sobre ella"},"content":{"rendered":"\n<p>La <strong>dentici\u00f3 mixta<\/strong> \u00e9s una fase crucial en el desenvolupament dental dels nens. Durant aquesta etapa, els petits experimenten la transici\u00f3 de les dents de llet a les dents permanents. \u00c9s un proc\u00e9s natural, per\u00f2 que pot generar inquietuds entre els pares si no es compr\u00e8n b\u00e9.<\/p>\n\n\n\n<p>Des de <strong>Cl\u00ednica Belodonte, <a href=\"https:\/\/www.belodonte.es\/ca\/odontopediatria\/\" target=\"_blank\" rel=\"noreferrer noopener\">experts en Odontopediatria a Barcelona<\/a><\/strong>, qu\u00e8 \u00e9s, els problemes m\u00e9s comuns que poden sorgir, aix\u00ed com els tractaments i cures necess\u00e0ries per a assegurar que el proc\u00e9s es dugui a terme sense contratemps.<\/p>\n\n\n\n<h2 class=\"wp-block-heading\">Qu\u00e8 \u00e9s la dentici\u00f3 mixta?<\/h2>\n\n\n\n<p>Com el seu nom indica, \u00e9s l&#8217;etapa en la qual un nen t\u00e9 tant dents de llet (temporals) com a dents permanents. Aquest per\u00edode generalment comen\u00e7a al voltant dels sis anys, quan les primeres dents permanents comencen a erupcionar, i sol durar fins als dotze anys, quan la majoria de les dents de llet han caigut. Durant aquest temps, els nens presenten una mescla de tots dos tipus de dents en la seva boca, la qual cosa pot donar lloc a uns certs desafiaments en termes de cures i salut bucal.<\/p>\n\n\n\n<h2 class=\"wp-block-heading\">Etapes de la dentici\u00f3 mixta<\/h2>\n\n\n\n<p>Es divideix en dues fases principals:<\/p>\n\n\n\n<p><strong>\u2022 Fase inicial (al voltant dels sis anys):<\/strong> El proc\u00e9s comen\u00e7a quan les dents de llet comencen a caure i s\u00f3n reempla\u00e7ats per les dents permanents. \u00c9s freq\u00fcent que la primera dent permanent que erupciona sigui el primer molar inferior, seguit pels incisius.<\/p>\n\n\n\n<p><strong>\u2022 Fase avan\u00e7ada (entre els nou i dotze anys): <\/strong>Durant aquesta fase, les dents de llet restants continuen caient i s\u00f3n reempla\u00e7ats per dents permanents. Les \u00faltimes dents que es perden solen ser els canins i els molars.<\/p>\n\n\n\n<h2 class=\"wp-block-heading\">Possibles problemes durant la dentici\u00f3 mixta<\/h2>\n\n\n\n<p>Encara que \u00e9s un proc\u00e9s natural, poden sorgir diversos problemes que afectin la salut bucal del nen. Alguns dels problemes m\u00e9s comuns inclouen:<\/p>\n\n\n\n<p><strong>\u2022 Desalineaci\u00f3 de les dents:<\/strong> Durant la transici\u00f3 entre les dents de llet i les dents permanents, les dents permanents poden erupcionar de manera desorganitzada, causant apinyament o mossegada croada. Aix\u00f2 pot generar dificultats per a mastegar i problemes est\u00e8tics.<\/p>\n\n\n\n<p>\u2022 <strong>Espais entre les dents<\/strong>: A mesura que les dents permanents comencen a sortir, \u00e9s possible que es generi espai entre ells. Encara que aix\u00f2 pot semblar preocupant, \u00e9s una fase normal, ja que les dents permanents s\u00f3n m\u00e9s grans i poden necessitar m\u00e9s espai en la boca.<\/p>\n\n\n\n<p><strong>\u2022 Dificultats per a mastegar: <\/strong>Els nens que tenen una mescla de dents de llet i dents permanents poden experimentar incomoditat en mastegar, que les dents de llet no estan alineats amb els permanents. Aix\u00f2 pot afectar la capacitat de mastegar adequadament els aliments.<\/p>\n\n\n\n<p><strong>\u2022 C\u00e0ries dental:<\/strong> Les dents de llet poden ser m\u00e9s propensos a les c\u00e0ries a causa de la falta de contacte adequat entre les dents permanents i els de llet. L&#8217;acumulaci\u00f3 de placa bacteriana en aquesta etapa pot augmentar el risc de c\u00e0ries si no es mantenen bons h\u00e0bits d&#8217;higiene dental.<\/p>\n\n\n\n<h2 class=\"wp-block-heading\">Abordatge de la dentici\u00f3 mixta<\/h2>\n\n\n\n<p>Per a garantir que es desenvolupi de manera saludable, els pares han d&#8217;estar atents a possibles problemes i seguir algunes recomanacions de tractament:<\/p>\n\n\n\n<p><strong>\u2022 Visites regulars al dentista:<\/strong> \u00c9s fonamental que els nens visitin al dentista a partir dels sis anys, quan comen\u00e7a aquesta etapa. El dentista pot detectar problemes primerencs i oferir tractaments com a <a href=\"https:\/\/www.belodonte.es\/ca\/ortodoncia\/\">ortod\u00f2ncia<\/a> si \u00e9s necessari.<\/p>\n\n\n\n<p><strong>\u2022 Ortod\u00f2ncia<\/strong>: Si es detecta un problema d&#8217;alineaci\u00f3 dental, com el apinyament, el ortodontista pot recomanar l&#8217;\u00fas de brackets o altres dispositius ortod\u00f2ntics per a corregir la posici\u00f3 de les dents permanents.<\/p>\n\n\n\n<p>\u2022<strong> Control de la higiene bucal<\/strong>: \u00c9s vital que els nens mantinguin una rutina adequada de raspallat dental, utilitzant pasta de dents amb fluor i un raspall adequat per a la seva edat. L&#8217;\u00fas del fil dental tamb\u00e9 pot ser \u00fatil per a evitar l&#8217;acumulaci\u00f3 de placa entre les dents.<\/p>\n\n\n\n<p><strong>\u2022 Nutrici\u00f3 adequada:<\/strong> Una dieta equilibrada rica en calci i vitamina D \u00e9s crucial per al desenvolupament saludable de les dents permanents. Els aliments rics en sucre han de consumir-se amb moderaci\u00f3 per a prevenir l&#8217;aparici\u00f3 de c\u00e0ries.<\/p>\n\n\n\n<h2 class=\"wp-block-heading\">Cures per a una dentici\u00f3 saludable<\/h2>\n\n\n\n<p>Durant la dentici\u00f3 mixta, els pares han de prestar especial atenci\u00f3 a la salut bucal dels nens. Algunes cures importants inclouen:<\/p>\n\n\n\n<p>\u2022 Raspallat despr\u00e9s de cada menjar: Ensenyar als nens a raspallar-se les dents almenys dues vegades al dia \u00e9s clau per a evitar c\u00e0ries i problemes dentals. \u00c9s fonamental usar un raspall de dents suau i pasta amb fluor.<\/p>\n\n\n\n<p>\u2022 Evitar l&#8217;\u00fas excessiu de xumets: Si el nen utilitza xumets, \u00e9s recomanable limitar el seu \u00fas durant aquesta etapa per a evitar problemes d&#8217;alineaci\u00f3 dental.<\/p>\n\n\n\n<p>\u2022 Fomentar la visita regular al dentista: A partir dels sis anys, el nen ha d&#8217;acudir al dentista almenys una vegada a l&#8217;any per a revisar el progr\u00e9s de la dentici\u00f3 i detectar possibles problemes de manera primerenca.<\/p>\n\n\n\n<p>En definitiva, la dentici\u00f3 mixta \u00e9s una etapa clau en el desenvolupament dental dels nens. Encara que pot ser un per\u00edode de transici\u00f3 amb alguns desafiaments, els pares poden assegurar-se que el proc\u00e9s sigui el m\u00e9s saludable possible mitjan\u00e7ant una adequada higiene dental, visites regulars al dentista i una dieta equilibrada. Amb les cures adequades, els nens podran gaudir d&#8217;un somriure sa i bell durant el seu creixement.<\/p>\n\n\n\n<p>En Cl\u00ednica Belodonte disposem de serveis d&#8217;Odontopediatria. Per a m\u00e9s informaci\u00f3 o consultar-nos un cas, no dubteu a <strong><a href=\"https:\/\/www.belodonte.es\/ca\/contacte\/\" target=\"_blank\" rel=\"noreferrer noopener nofollow\">posar-vos en contacte amb nosaltres.<\/a><\/strong><\/p>\n","protected":false},"excerpt":{"rendered":"<p>La dentici\u00f3 mixta \u00e9s una fase crucial en el desenvolupament dental dels nens. Durant aquesta etapa, els petits experimenten la transici\u00f3 de les dents de llet a les dents permanents. \u00c9s un proc\u00e9s natural, per\u00f2 que pot generar inquietuds entre [&hellip;]<\/p>\n","protected":false},"author":3,"featured_media":5885,"comment_status":"open","ping_status":"open","sticky":false,"template":"","format":"standard","meta":{"site-sidebar-layout":"default","site-content-layout":"","ast-site-content-layout":"default","site-content-style":"default","site-sidebar-style":"default","ast-global-header-display":"","ast-banner-title-visibility":"","ast-main-header-display":"","ast-hfb-above-header-display":"","ast-hfb-below-header-display":"","ast-hfb-mobile-header-display":"","site-post-title":"","ast-breadcrumbs-content":"","ast-featured-img":"","footer-sml-layout":"","ast-disable-related-posts":"","theme-transparent-header-meta":"","adv-header-id-meta":"","stick-header-meta":"","header-above-stick-meta":"","header-main-stick-meta":"","header-below-stick-meta":"","astra-migrate-meta-layouts":"set","ast-page-background-enabled":"default","ast-page-background-meta":{"desktop":{"background-color":"","background-image":"","background-repeat":"repeat","background-position":"center center","background-size":"auto","background-attachment":"scroll","background-type":"","background-media":"","overlay-type":"","overlay-color":"","overlay-opacity":"","overlay-gradient":""},"tablet":{"background-color":"","background-image":"","background-repeat":"repeat","background-position":"center center","background-size":"auto","background-attachment":"scroll","background-type":"","background-media":"","overlay-type":"","overlay-color":"","overlay-opacity":"","overlay-gradient":""},"mobile":{"background-color":"","background-image":"","background-repeat":"repeat","background-position":"center center","background-size":"auto","background-attachment":"scroll","background-type":"","background-media":"","overlay-type":"","overlay-color":"","overlay-opacity":"","overlay-gradient":""}},"ast-content-background-meta":{"desktop":{"background-color":"var(--ast-global-color-5)","background-image":"","background-repeat":"repeat","background-position":"center center","background-size":"auto","background-attachment":"scroll","background-type":"","background-media":"","overlay-type":"","overlay-color":"","overlay-opacity":"","overlay-gradient":""},"tablet":{"background-color":"var(--ast-global-color-5)","background-image":"","background-repeat":"repeat","background-position":"center center","background-size":"auto","background-attachment":"scroll","background-type":"","background-media":"","overlay-type":"","overlay-color":"","overlay-opacity":"","overlay-gradient":""},"mobile":{"background-color":"var(--ast-global-color-5)","background-image":"","background-repeat":"repeat","background-position":"center center","background-size":"auto","background-attachment":"scroll","background-type":"","background-media":"","overlay-type":"","overlay-color":"","overlay-opacity":"","overlay-gradient":""}},"footnotes":""},"categories":[35],"tags":[],"class_list":["post-5884","post","type-post","status-publish","format-standard","has-post-thumbnail","hentry","category-odontopediatria-2"],"yoast_head":"<!-- This site is optimized with the Yoast SEO plugin v27.4 - https:\/\/yoast.com\/product\/yoast-seo-wordpress\/ -->\n<title>Dentici\u00f3 mixta: sobre ella<\/title>\n<meta name=\"description\" content=\"La dentici\u00f3 mixta \u00e9s una fase del desenvolupament dental. Durant aquesta etapa, es fa la transici\u00f3 de les dents de llet a les permanents.\" \/>\n<meta name=\"robots\" content=\"index, follow, max-snippet:-1, max-image-preview:large, max-video-preview:-1\" \/>\n<link rel=\"canonical\" href=\"https:\/\/www.belodonte.es\/denticion-mixta-sobre-ella\/\" \/>\n<meta property=\"og:locale\" content=\"ca_ES\" \/>\n<meta property=\"og:type\" content=\"article\" \/>\n<meta property=\"og:title\" content=\"Dentici\u00f3 mixta: sobre ella\" \/>\n<meta property=\"og:description\" content=\"La dentici\u00f3 mixta \u00e9s una fase del desenvolupament dental. Durant aquesta etapa, es fa la transici\u00f3 de les dents de llet a les permanents.\" \/>\n<meta property=\"og:url\" content=\"https:\/\/www.belodonte.es\/denticion-mixta-sobre-ella\/\" \/>\n<meta property=\"og:site_name\" content=\"Cl\u00ednica Belodonte\" \/>\n<meta property=\"article:published_time\" content=\"2025-01-16T06:00:00+00:00\" \/>\n<meta property=\"og:image\" content=\"https:\/\/www.belodonte.es\/wp-content\/uploads\/2024\/12\/denticio-mixta.png\" \/>\n\t<meta property=\"og:image:width\" content=\"1200\" \/>\n\t<meta property=\"og:image:height\" content=\"600\" \/>\n\t<meta property=\"og:image:type\" content=\"image\/png\" \/>\n<meta name=\"author\" content=\"Cl\u00ednica Belodonte\" \/>\n<meta name=\"twitter:card\" content=\"summary_large_image\" \/>\n<meta name=\"twitter:label1\" content=\"Written by\" \/>\n\t<meta name=\"twitter:data1\" content=\"Cl\u00ednica Belodonte\" \/>\n\t<meta name=\"twitter:label2\" content=\"Est. reading time\" \/>\n\t<meta name=\"twitter:data2\" content=\"5 minutes\" \/>\n<script type=\"application\/ld+json\" class=\"yoast-schema-graph\">{\"@context\":\"https:\\\/\\\/schema.org\",\"@graph\":[{\"@type\":\"Article\",\"@id\":\"https:\\\/\\\/www.belodonte.es\\\/denticion-mixta-sobre-ella\\\/#article\",\"isPartOf\":{\"@id\":\"https:\\\/\\\/www.belodonte.es\\\/denticion-mixta-sobre-ella\\\/\"},\"author\":{\"name\":\"Cl\u00ednica Belodonte\",\"@id\":\"https:\\\/\\\/www.belodonte.es\\\/#\\\/schema\\\/person\\\/af746658db6c58f111ab4e18a476abcd\"},\"headline\":\"Dentici\u00f3 mixta: sobre ella\",\"datePublished\":\"2025-01-16T06:00:00+00:00\",\"mainEntityOfPage\":{\"@id\":\"https:\\\/\\\/www.belodonte.es\\\/denticion-mixta-sobre-ella\\\/\"},\"wordCount\":925,\"commentCount\":0,\"publisher\":{\"@id\":\"https:\\\/\\\/www.belodonte.es\\\/#organization\"},\"image\":{\"@id\":\"https:\\\/\\\/www.belodonte.es\\\/denticion-mixta-sobre-ella\\\/#primaryimage\"},\"thumbnailUrl\":\"https:\\\/\\\/www.belodonte.es\\\/wp-content\\\/uploads\\\/2024\\\/12\\\/denticio-mixta.png\",\"articleSection\":[\"Odontopediatria\"],\"inLanguage\":\"ca\",\"potentialAction\":[{\"@type\":\"CommentAction\",\"name\":\"Comment\",\"target\":[\"https:\\\/\\\/www.belodonte.es\\\/denticion-mixta-sobre-ella\\\/#respond\"]}]},{\"@type\":\"WebPage\",\"@id\":\"https:\\\/\\\/www.belodonte.es\\\/denticion-mixta-sobre-ella\\\/\",\"url\":\"https:\\\/\\\/www.belodonte.es\\\/denticion-mixta-sobre-ella\\\/\",\"name\":\"Dentici\u00f3 mixta: sobre ella\",\"isPartOf\":{\"@id\":\"https:\\\/\\\/www.belodonte.es\\\/#website\"},\"primaryImageOfPage\":{\"@id\":\"https:\\\/\\\/www.belodonte.es\\\/denticion-mixta-sobre-ella\\\/#primaryimage\"},\"image\":{\"@id\":\"https:\\\/\\\/www.belodonte.es\\\/denticion-mixta-sobre-ella\\\/#primaryimage\"},\"thumbnailUrl\":\"https:\\\/\\\/www.belodonte.es\\\/wp-content\\\/uploads\\\/2024\\\/12\\\/denticio-mixta.png\",\"datePublished\":\"2025-01-16T06:00:00+00:00\",\"description\":\"La dentici\u00f3 mixta \u00e9s una fase del desenvolupament dental. Durant aquesta etapa, es fa la transici\u00f3 de les dents de llet a les permanents.\",\"breadcrumb\":{\"@id\":\"https:\\\/\\\/www.belodonte.es\\\/denticion-mixta-sobre-ella\\\/#breadcrumb\"},\"inLanguage\":\"ca\",\"potentialAction\":[{\"@type\":\"ReadAction\",\"target\":[\"https:\\\/\\\/www.belodonte.es\\\/denticion-mixta-sobre-ella\\\/\"]}]},{\"@type\":\"ImageObject\",\"inLanguage\":\"ca\",\"@id\":\"https:\\\/\\\/www.belodonte.es\\\/denticion-mixta-sobre-ella\\\/#primaryimage\",\"url\":\"https:\\\/\\\/www.belodonte.es\\\/wp-content\\\/uploads\\\/2024\\\/12\\\/denticio-mixta.png\",\"contentUrl\":\"https:\\\/\\\/www.belodonte.es\\\/wp-content\\\/uploads\\\/2024\\\/12\\\/denticio-mixta.png\",\"width\":1200,\"height\":600,\"caption\":\"denticio\u0301 mixta\"},{\"@type\":\"BreadcrumbList\",\"@id\":\"https:\\\/\\\/www.belodonte.es\\\/denticion-mixta-sobre-ella\\\/#breadcrumb\",\"itemListElement\":[{\"@type\":\"ListItem\",\"position\":1,\"name\":\"Portada\",\"item\":\"https:\\\/\\\/www.belodonte.es\\\/\"},{\"@type\":\"ListItem\",\"position\":2,\"name\":\"Dentici\u00f3 mixta: sobre ella\"}]},{\"@type\":\"WebSite\",\"@id\":\"https:\\\/\\\/www.belodonte.es\\\/#website\",\"url\":\"https:\\\/\\\/www.belodonte.es\\\/\",\"name\":\"Cl\u00ednica Belodonte\",\"description\":\"Cl\u00ednica dental en Barcelona\",\"publisher\":{\"@id\":\"https:\\\/\\\/www.belodonte.es\\\/#organization\"},\"potentialAction\":[{\"@type\":\"SearchAction\",\"target\":{\"@type\":\"EntryPoint\",\"urlTemplate\":\"https:\\\/\\\/www.belodonte.es\\\/?s={search_term_string}\"},\"query-input\":{\"@type\":\"PropertyValueSpecification\",\"valueRequired\":true,\"valueName\":\"search_term_string\"}}],\"inLanguage\":\"ca\"},{\"@type\":\"Organization\",\"@id\":\"https:\\\/\\\/www.belodonte.es\\\/#organization\",\"name\":\"Cl\u00ednica Dental Belodonte\",\"url\":\"https:\\\/\\\/www.belodonte.es\\\/\",\"logo\":{\"@type\":\"ImageObject\",\"inLanguage\":\"ca\",\"@id\":\"https:\\\/\\\/www.belodonte.es\\\/#\\\/schema\\\/logo\\\/image\\\/\",\"url\":\"https:\\\/\\\/www.belodonte.es\\\/wp-content\\\/uploads\\\/2021\\\/10\\\/favicon-clinica-belodonte.png\",\"contentUrl\":\"https:\\\/\\\/www.belodonte.es\\\/wp-content\\\/uploads\\\/2021\\\/10\\\/favicon-clinica-belodonte.png\",\"width\":512,\"height\":512,\"caption\":\"Cl\u00ednica Dental Belodonte\"},\"image\":{\"@id\":\"https:\\\/\\\/www.belodonte.es\\\/#\\\/schema\\\/logo\\\/image\\\/\"}},{\"@type\":\"Person\",\"@id\":\"https:\\\/\\\/www.belodonte.es\\\/#\\\/schema\\\/person\\\/af746658db6c58f111ab4e18a476abcd\",\"name\":\"Cl\u00ednica Belodonte\",\"image\":{\"@type\":\"ImageObject\",\"inLanguage\":\"ca\",\"@id\":\"https:\\\/\\\/secure.gravatar.com\\\/avatar\\\/638e9d8d08bf2340d3d84b2996cdb448289ac0a26b32c99af87880a52287f8b8?s=96&d=mm&r=g\",\"url\":\"https:\\\/\\\/secure.gravatar.com\\\/avatar\\\/638e9d8d08bf2340d3d84b2996cdb448289ac0a26b32c99af87880a52287f8b8?s=96&d=mm&r=g\",\"contentUrl\":\"https:\\\/\\\/secure.gravatar.com\\\/avatar\\\/638e9d8d08bf2340d3d84b2996cdb448289ac0a26b32c99af87880a52287f8b8?s=96&d=mm&r=g\",\"caption\":\"Cl\u00ednica Belodonte\"},\"url\":\"https:\\\/\\\/www.belodonte.es\\\/ca\\\/author\\\/wm_mgc\\\/\"}]}<\/script>\n<!-- \/ Yoast SEO plugin. -->","yoast_head_json":{"title":"Dentici\u00f3 mixta: sobre ella","description":"La dentici\u00f3 mixta \u00e9s una fase del desenvolupament dental. Durant aquesta etapa, es fa la transici\u00f3 de les dents de llet a les permanents.","robots":{"index":"index","follow":"follow","max-snippet":"max-snippet:-1","max-image-preview":"max-image-preview:large","max-video-preview":"max-video-preview:-1"},"canonical":"https:\/\/www.belodonte.es\/denticion-mixta-sobre-ella\/","og_locale":"ca_ES","og_type":"article","og_title":"Dentici\u00f3 mixta: sobre ella","og_description":"La dentici\u00f3 mixta \u00e9s una fase del desenvolupament dental. Durant aquesta etapa, es fa la transici\u00f3 de les dents de llet a les permanents.","og_url":"https:\/\/www.belodonte.es\/denticion-mixta-sobre-ella\/","og_site_name":"Cl\u00ednica Belodonte","article_published_time":"2025-01-16T06:00:00+00:00","og_image":[{"width":1200,"height":600,"url":"https:\/\/www.belodonte.es\/wp-content\/uploads\/2024\/12\/denticio-mixta.png","type":"image\/png"}],"author":"Cl\u00ednica Belodonte","twitter_card":"summary_large_image","twitter_misc":{"Written by":"Cl\u00ednica Belodonte","Est. reading time":"5 minutes"},"schema":{"@context":"https:\/\/schema.org","@graph":[{"@type":"Article","@id":"https:\/\/www.belodonte.es\/denticion-mixta-sobre-ella\/#article","isPartOf":{"@id":"https:\/\/www.belodonte.es\/denticion-mixta-sobre-ella\/"},"author":{"name":"Cl\u00ednica Belodonte","@id":"https:\/\/www.belodonte.es\/#\/schema\/person\/af746658db6c58f111ab4e18a476abcd"},"headline":"Dentici\u00f3 mixta: sobre ella","datePublished":"2025-01-16T06:00:00+00:00","mainEntityOfPage":{"@id":"https:\/\/www.belodonte.es\/denticion-mixta-sobre-ella\/"},"wordCount":925,"commentCount":0,"publisher":{"@id":"https:\/\/www.belodonte.es\/#organization"},"image":{"@id":"https:\/\/www.belodonte.es\/denticion-mixta-sobre-ella\/#primaryimage"},"thumbnailUrl":"https:\/\/www.belodonte.es\/wp-content\/uploads\/2024\/12\/denticio-mixta.png","articleSection":["Odontopediatria"],"inLanguage":"ca","potentialAction":[{"@type":"CommentAction","name":"Comment","target":["https:\/\/www.belodonte.es\/denticion-mixta-sobre-ella\/#respond"]}]},{"@type":"WebPage","@id":"https:\/\/www.belodonte.es\/denticion-mixta-sobre-ella\/","url":"https:\/\/www.belodonte.es\/denticion-mixta-sobre-ella\/","name":"Dentici\u00f3 mixta: sobre ella","isPartOf":{"@id":"https:\/\/www.belodonte.es\/#website"},"primaryImageOfPage":{"@id":"https:\/\/www.belodonte.es\/denticion-mixta-sobre-ella\/#primaryimage"},"image":{"@id":"https:\/\/www.belodonte.es\/denticion-mixta-sobre-ella\/#primaryimage"},"thumbnailUrl":"https:\/\/www.belodonte.es\/wp-content\/uploads\/2024\/12\/denticio-mixta.png","datePublished":"2025-01-16T06:00:00+00:00","description":"La dentici\u00f3 mixta \u00e9s una fase del desenvolupament dental. Durant aquesta etapa, es fa la transici\u00f3 de les dents de llet a les permanents.","breadcrumb":{"@id":"https:\/\/www.belodonte.es\/denticion-mixta-sobre-ella\/#breadcrumb"},"inLanguage":"ca","potentialAction":[{"@type":"ReadAction","target":["https:\/\/www.belodonte.es\/denticion-mixta-sobre-ella\/"]}]},{"@type":"ImageObject","inLanguage":"ca","@id":"https:\/\/www.belodonte.es\/denticion-mixta-sobre-ella\/#primaryimage","url":"https:\/\/www.belodonte.es\/wp-content\/uploads\/2024\/12\/denticio-mixta.png","contentUrl":"https:\/\/www.belodonte.es\/wp-content\/uploads\/2024\/12\/denticio-mixta.png","width":1200,"height":600,"caption":"denticio\u0301 mixta"},{"@type":"BreadcrumbList","@id":"https:\/\/www.belodonte.es\/denticion-mixta-sobre-ella\/#breadcrumb","itemListElement":[{"@type":"ListItem","position":1,"name":"Portada","item":"https:\/\/www.belodonte.es\/"},{"@type":"ListItem","position":2,"name":"Dentici\u00f3 mixta: sobre ella"}]},{"@type":"WebSite","@id":"https:\/\/www.belodonte.es\/#website","url":"https:\/\/www.belodonte.es\/","name":"Cl\u00ednica Belodonte","description":"Cl\u00ednica dental en Barcelona","publisher":{"@id":"https:\/\/www.belodonte.es\/#organization"},"potentialAction":[{"@type":"SearchAction","target":{"@type":"EntryPoint","urlTemplate":"https:\/\/www.belodonte.es\/?s={search_term_string}"},"query-input":{"@type":"PropertyValueSpecification","valueRequired":true,"valueName":"search_term_string"}}],"inLanguage":"ca"},{"@type":"Organization","@id":"https:\/\/www.belodonte.es\/#organization","name":"Cl\u00ednica Dental Belodonte","url":"https:\/\/www.belodonte.es\/","logo":{"@type":"ImageObject","inLanguage":"ca","@id":"https:\/\/www.belodonte.es\/#\/schema\/logo\/image\/","url":"https:\/\/www.belodonte.es\/wp-content\/uploads\/2021\/10\/favicon-clinica-belodonte.png","contentUrl":"https:\/\/www.belodonte.es\/wp-content\/uploads\/2021\/10\/favicon-clinica-belodonte.png","width":512,"height":512,"caption":"Cl\u00ednica Dental Belodonte"},"image":{"@id":"https:\/\/www.belodonte.es\/#\/schema\/logo\/image\/"}},{"@type":"Person","@id":"https:\/\/www.belodonte.es\/#\/schema\/person\/af746658db6c58f111ab4e18a476abcd","name":"Cl\u00ednica Belodonte","image":{"@type":"ImageObject","inLanguage":"ca","@id":"https:\/\/secure.gravatar.com\/avatar\/638e9d8d08bf2340d3d84b2996cdb448289ac0a26b32c99af87880a52287f8b8?s=96&d=mm&r=g","url":"https:\/\/secure.gravatar.com\/avatar\/638e9d8d08bf2340d3d84b2996cdb448289ac0a26b32c99af87880a52287f8b8?s=96&d=mm&r=g","contentUrl":"https:\/\/secure.gravatar.com\/avatar\/638e9d8d08bf2340d3d84b2996cdb448289ac0a26b32c99af87880a52287f8b8?s=96&d=mm&r=g","caption":"Cl\u00ednica Belodonte"},"url":"https:\/\/www.belodonte.es\/ca\/author\/wm_mgc\/"}]}},"_links":{"self":[{"href":"https:\/\/www.belodonte.es\/ca\/wp-json\/wp\/v2\/posts\/5884","targetHints":{"allow":["GET"]}}],"collection":[{"href":"https:\/\/www.belodonte.es\/ca\/wp-json\/wp\/v2\/posts"}],"about":[{"href":"https:\/\/www.belodonte.es\/ca\/wp-json\/wp\/v2\/types\/post"}],"author":[{"embeddable":true,"href":"https:\/\/www.belodonte.es\/ca\/wp-json\/wp\/v2\/users\/3"}],"replies":[{"embeddable":true,"href":"https:\/\/www.belodonte.es\/ca\/wp-json\/wp\/v2\/comments?post=5884"}],"version-history":[{"count":1,"href":"https:\/\/www.belodonte.es\/ca\/wp-json\/wp\/v2\/posts\/5884\/revisions"}],"predecessor-version":[{"id":5887,"href":"https:\/\/www.belodonte.es\/ca\/wp-json\/wp\/v2\/posts\/5884\/revisions\/5887"}],"wp:featuredmedia":[{"embeddable":true,"href":"https:\/\/www.belodonte.es\/ca\/wp-json\/wp\/v2\/media\/5885"}],"wp:attachment":[{"href":"https:\/\/www.belodonte.es\/ca\/wp-json\/wp\/v2\/media?parent=5884"}],"wp:term":[{"taxonomy":"category","embeddable":true,"href":"https:\/\/www.belodonte.es\/ca\/wp-json\/wp\/v2\/categories?post=5884"},{"taxonomy":"post_tag","embeddable":true,"href":"https:\/\/www.belodonte.es\/ca\/wp-json\/wp\/v2\/tags?post=5884"}],"curies":[{"name":"wp","href":"https:\/\/api.w.org\/{rel}","templated":true}]}}