{"id":5690,"date":"2024-11-05T06:00:00","date_gmt":"2024-11-05T06:00:00","guid":{"rendered":"https:\/\/www.belodonte.es\/?p=5690"},"modified":"2024-10-17T07:57:24","modified_gmt":"2024-10-17T07:57:24","slug":"caries-interproximals-problema-comu","status":"publish","type":"post","link":"https:\/\/www.belodonte.es\/ca\/caries-interproximals-problema-comu\/","title":{"rendered":"C\u00e0ries interproximals: un problema com\u00fa"},"content":{"rendered":"\n<p>Les<strong> c\u00e0ries interproximals <\/strong>s\u00f3n un problema dental que afecta moltes persones, sovint sense que aquestes se n&#8217;adonin. Aquestes c\u00e0ries es desenvolupen en les \u00e0rees entre les dents, on la neteja \u00e9s m\u00e9s dif\u00edcil i, per tant, s\u00f3n propenses a acumular placa i bacteris.<\/p>\n\n\n\n<p>Des de <strong>Cl\u00ednica Belodonte, experts en <a href=\"https:\/\/www.belodonte.es\/ca\/odontologia-conservadora\/\" target=\"_blank\" rel=\"noreferrer noopener\">Odontologia conservadora a Barcelona<\/a><\/strong>, explicarem detalladament qu\u00e8 s\u00f3n, les seves caracter\u00edstiques, causes, factors de risc, s\u00edmptomes, efectes, tractaments i mesures de prevenci\u00f3.<\/p>\n\n\n\n<h2 class=\"wp-block-heading\">Qu\u00e8 s\u00f3n les c\u00e0ries interproximals?<\/h2>\n\n\n\n<p>S\u00f3n cavitats que es formen en les superf\u00edcies de contacte entre dues dents adjacents. Aquestes c\u00e0ries poden ser dif\u00edcils de detectar a simple vista, ja que solen desenvolupar-se en \u00e0rees que no s\u00f3n f\u00e0cilment accessibles durant la higiene dental di\u00e0ria. Sovint, es detecten durant un examen dental rutinari mitjan\u00e7ant radiografies.<\/p>\n\n\n\n<h2 class=\"wp-block-heading\">Caracter\u00edstiques de les c\u00e0ries interproximals<\/h2>\n\n\n\n<p>Presenten algunes caracter\u00edstiques espec\u00edfiques:<\/p>\n\n\n\n<ul class=\"wp-block-list\">\n<li><strong>Ubicaci\u00f3: <\/strong>Es localitzen en les zones entre les dents, on les superf\u00edcies de contacte s\u00f3n m\u00e9s estretes.<\/li>\n\n\n\n<li><strong>Dificultat de detecci\u00f3: <\/strong>Sovint s\u00f3n asimptom\u00e0tiques en les seves etapes inicials, la qual cosa dificulta la seva detecci\u00f3 per part del pacient.<\/li>\n\n\n\n<li><strong>Progressi\u00f3 r\u00e0pida: <\/strong>Poden avan\u00e7ar r\u00e0pidament si no es tracten, a causa de l&#8217;acumulaci\u00f3 de placa i bacteris.<\/li>\n<\/ul>\n\n\n\n<h2 class=\"wp-block-heading\">Causes i factors de risc de les c\u00e0ries interproximals<\/h2>\n\n\n\n<p>S\u00f3n el resultat de diversos factors, entre els quals s&#8217;inclouen:<\/p>\n\n\n\n<ul class=\"wp-block-list\">\n<li><strong>Higiene dental deficient: <\/strong>No raspallar-se les dents adequadament i no usar fil dental pot contribuir a l&#8217;acumulaci\u00f3 de placa en les \u00e0rees interproximals.<\/li>\n\n\n\n<li><strong>Dieta rica en sucres:<\/strong> Consumir aliments i begudes ensucrades augmenta el risc de c\u00e0ries, ja que els bacteris en la boca utilitzen aquests sucres per a produir \u00e0cids que ataquen l&#8217;esmalt dental.<\/li>\n\n\n\n<li><strong>Falta de fluor: <\/strong>El fluor ajuda a enfortir l&#8217;esmalt dental. La falta d&#8217;aquest mineral pot fer que les dents siguin m\u00e9s susceptibles a les c\u00e0ries.<\/li>\n\n\n\n<li><strong>Factors gen\u00e8tics: <\/strong>Algunes persones poden ser m\u00e9s propenses a desenvolupar c\u00e0ries a causa de factors hereditaris.<\/li>\n<\/ul>\n\n\n\n<h2 class=\"wp-block-heading\">S\u00edmptomes i efectes de les c\u00e0ries interproximals<\/h2>\n\n\n\n<p>En les seves primeres etapes, solen ser asimptom\u00e0tiques. No obstant aix\u00f2, a mesura que progressen, poden apar\u00e8ixer diversos s\u00edmptomes, que inclouen:<\/p>\n\n\n\n<ul class=\"wp-block-list\">\n<li><strong>Dolor: <\/strong>Pot apar\u00e8ixer dolor en mastegar o en consumir aliments freds o calents.<\/li>\n\n\n\n<li><strong>Sensibilitat dental: <\/strong>Una major sensibilitat al fred o a la calor pot ser un indicatiu que hi ha c\u00e0ries en desenvolupament.<\/li>\n\n\n\n<li>A<strong>parici\u00f3 de taques:<\/strong> Taques fosques o descoloracions en la superf\u00edcie de la dent poden ser signes de c\u00e0ries.<\/li>\n<\/ul>\n\n\n\n<p>Si no es tracten, poden portar a efectes m\u00e9s greus, com a infeccions, abscessos dentals i p\u00e8rdua de la dent afectada.<\/p>\n\n\n\n<h2 class=\"wp-block-heading\">Tractaments contra les c\u00e0ries interproximals<\/h2>\n\n\n\n<p>El tractament dep\u00e8n de la seva gravetat:<\/p>\n\n\n\n<ul class=\"wp-block-list\">\n<li><strong>Segelladors dentals: <\/strong>En etapes inicials, els dentistes poden aplicar segelladors en les \u00e0rees afectades per a prevenir l&#8217;avan\u00e7 de la c\u00e0ries.<\/li>\n\n\n\n<li><strong>Empastaments:<\/strong> Si la c\u00e0ries ja ha causat mal en l&#8217;esmalt, es requerir\u00e0 un empastament. El dentista eliminar\u00e0 la part danyada de la dent i l&#8217;emplenar\u00e0 amb material adequat.<\/li>\n\n\n\n<li><strong>Tractaments de conducte:<\/strong> En casos avan\u00e7ats on la polpa de la dent est\u00e0 afectada, pot ser necessari realitzar un tractament de conducte.<\/li>\n<\/ul>\n\n\n\n<h2 class=\"wp-block-heading\">Prevenci\u00f3 de les c\u00e0ries interproximals<\/h2>\n\n\n\n<p>La seva prevenci\u00f3 \u00e9s fonamental i pot aconseguir-se mitjan\u00e7ant:<\/p>\n\n\n\n<ul class=\"wp-block-list\">\n<li><strong>Higiene oral adequada: <\/strong>Raspallar-se les dents almenys dues vegades al dia i usar fil dental di\u00e0riament \u00e9s essencial per a eliminar la placa de les \u00e0rees interproximals.<\/li>\n\n\n\n<li><strong>Dieta equilibrada: <\/strong>Limitar el consum de sucres i carbohidrats refinats pot ajudar a reduir el risc de c\u00e0ries.<\/li>\n\n\n\n<li><strong>Visites regulars al dentista:<\/strong> Realitzar revisions m\u00e8diques dentals regulars permet detectar problemes en etapes primerenques i rebre tractament oport\u00fa.<\/li>\n<\/ul>\n\n\n\n<p>En resum, les c\u00e0ries interproximals s\u00f3n una afecci\u00f3 dental comuna que pot tenir un impacte significatiu en la salut bucal si no s&#8217;aborden adequadament. Amb un enfocament preventiu i una atenci\u00f3 dental regular, \u00e9s possible reduir el risc de desenvolupar c\u00e0ries i mantenir una bona salut dental al llarg de la vida.<\/p>\n\n\n\n<p>En Cl\u00ednica Belodonte disposem de serveis d&#8217;Odontologia conservadora. Per a m\u00e9s informaci\u00f3 o consultar-nos un cas, no dubteu a <strong><a href=\"https:\/\/www.belodonte.es\/ca\/contacte\/\" target=\"_blank\" rel=\"noreferrer noopener nofollow\">posar-vos en contacte amb nosaltres.<\/a><\/strong><\/p>\n","protected":false},"excerpt":{"rendered":"<p>Les c\u00e0ries interproximals s\u00f3n un problema dental que afecta moltes persones, sovint sense que aquestes se n&#8217;adonin. Aquestes c\u00e0ries es desenvolupen en les \u00e0rees entre les dents, on la neteja \u00e9s m\u00e9s dif\u00edcil i, per tant, s\u00f3n propenses a acumular [&hellip;]<\/p>\n","protected":false},"author":3,"featured_media":5691,"comment_status":"open","ping_status":"open","sticky":false,"template":"","format":"standard","meta":{"site-sidebar-layout":"default","site-content-layout":"","ast-site-content-layout":"default","site-content-style":"default","site-sidebar-style":"default","ast-global-header-display":"","ast-banner-title-visibility":"","ast-main-header-display":"","ast-hfb-above-header-display":"","ast-hfb-below-header-display":"","ast-hfb-mobile-header-display":"","site-post-title":"","ast-breadcrumbs-content":"","ast-featured-img":"","footer-sml-layout":"","ast-disable-related-posts":"","theme-transparent-header-meta":"","adv-header-id-meta":"","stick-header-meta":"","header-above-stick-meta":"","header-main-stick-meta":"","header-below-stick-meta":"","astra-migrate-meta-layouts":"set","ast-page-background-enabled":"default","ast-page-background-meta":{"desktop":{"background-color":"","background-image":"","background-repeat":"repeat","background-position":"center center","background-size":"auto","background-attachment":"scroll","background-type":"","background-media":"","overlay-type":"","overlay-color":"","overlay-opacity":"","overlay-gradient":""},"tablet":{"background-color":"","background-image":"","background-repeat":"repeat","background-position":"center center","background-size":"auto","background-attachment":"scroll","background-type":"","background-media":"","overlay-type":"","overlay-color":"","overlay-opacity":"","overlay-gradient":""},"mobile":{"background-color":"","background-image":"","background-repeat":"repeat","background-position":"center center","background-size":"auto","background-attachment":"scroll","background-type":"","background-media":"","overlay-type":"","overlay-color":"","overlay-opacity":"","overlay-gradient":""}},"ast-content-background-meta":{"desktop":{"background-color":"var(--ast-global-color-5)","background-image":"","background-repeat":"repeat","background-position":"center center","background-size":"auto","background-attachment":"scroll","background-type":"","background-media":"","overlay-type":"","overlay-color":"","overlay-opacity":"","overlay-gradient":""},"tablet":{"background-color":"var(--ast-global-color-5)","background-image":"","background-repeat":"repeat","background-position":"center center","background-size":"auto","background-attachment":"scroll","background-type":"","background-media":"","overlay-type":"","overlay-color":"","overlay-opacity":"","overlay-gradient":""},"mobile":{"background-color":"var(--ast-global-color-5)","background-image":"","background-repeat":"repeat","background-position":"center center","background-size":"auto","background-attachment":"scroll","background-type":"","background-media":"","overlay-type":"","overlay-color":"","overlay-opacity":"","overlay-gradient":""}},"footnotes":""},"categories":[36],"tags":[],"class_list":["post-5690","post","type-post","status-publish","format-standard","has-post-thumbnail","hentry","category-odontologia-conservadora-2"],"yoast_head":"<!-- This site is optimized with the Yoast SEO plugin v27.4 - https:\/\/yoast.com\/product\/yoast-seo-wordpress\/ -->\n<title>C\u00e0ries interproximals: un problema com\u00fa<\/title>\n<meta name=\"description\" content=\"Les c\u00e0ries interproximals s\u00f3n un problema dental que afecta moltes persones, sovint sense que aquestes se n&#039;adonin.\" \/>\n<meta name=\"robots\" content=\"index, follow, max-snippet:-1, max-image-preview:large, max-video-preview:-1\" \/>\n<link rel=\"canonical\" href=\"https:\/\/www.belodonte.es\/caries-interproximales-problema-comun\/\" \/>\n<meta property=\"og:locale\" content=\"ca_ES\" \/>\n<meta property=\"og:type\" content=\"article\" \/>\n<meta property=\"og:title\" content=\"C\u00e0ries interproximals: un problema com\u00fa\" \/>\n<meta property=\"og:description\" content=\"Les c\u00e0ries interproximals s\u00f3n un problema dental que afecta moltes persones, sovint sense que aquestes se n&#039;adonin.\" \/>\n<meta property=\"og:url\" content=\"https:\/\/www.belodonte.es\/caries-interproximales-problema-comun\/\" \/>\n<meta property=\"og:site_name\" content=\"Cl\u00ednica Belodonte\" \/>\n<meta property=\"article:published_time\" content=\"2024-11-05T06:00:00+00:00\" \/>\n<meta property=\"og:image\" content=\"https:\/\/www.belodonte.es\/wp-content\/uploads\/2024\/10\/caries-interproximals.png\" \/>\n\t<meta property=\"og:image:width\" content=\"1200\" \/>\n\t<meta property=\"og:image:height\" content=\"600\" \/>\n\t<meta property=\"og:image:type\" content=\"image\/png\" \/>\n<meta name=\"author\" content=\"Cl\u00ednica Belodonte\" \/>\n<meta name=\"twitter:card\" content=\"summary_large_image\" \/>\n<meta name=\"twitter:label1\" content=\"Written by\" \/>\n\t<meta name=\"twitter:data1\" content=\"Cl\u00ednica Belodonte\" \/>\n\t<meta name=\"twitter:label2\" content=\"Est. reading time\" \/>\n\t<meta name=\"twitter:data2\" content=\"4 minutes\" \/>\n<script type=\"application\/ld+json\" class=\"yoast-schema-graph\">{\"@context\":\"https:\\\/\\\/schema.org\",\"@graph\":[{\"@type\":\"Article\",\"@id\":\"https:\\\/\\\/www.belodonte.es\\\/caries-interproximales-problema-comun\\\/#article\",\"isPartOf\":{\"@id\":\"https:\\\/\\\/www.belodonte.es\\\/caries-interproximales-problema-comun\\\/\"},\"author\":{\"name\":\"Cl\u00ednica Belodonte\",\"@id\":\"https:\\\/\\\/www.belodonte.es\\\/#\\\/schema\\\/person\\\/af746658db6c58f111ab4e18a476abcd\"},\"headline\":\"C\u00e0ries interproximals: un problema com\u00fa\",\"datePublished\":\"2024-11-05T06:00:00+00:00\",\"mainEntityOfPage\":{\"@id\":\"https:\\\/\\\/www.belodonte.es\\\/caries-interproximales-problema-comun\\\/\"},\"wordCount\":716,\"commentCount\":0,\"publisher\":{\"@id\":\"https:\\\/\\\/www.belodonte.es\\\/#organization\"},\"image\":{\"@id\":\"https:\\\/\\\/www.belodonte.es\\\/caries-interproximales-problema-comun\\\/#primaryimage\"},\"thumbnailUrl\":\"https:\\\/\\\/www.belodonte.es\\\/wp-content\\\/uploads\\\/2024\\\/10\\\/caries-interproximals.png\",\"articleSection\":[\"Odontologia conservadora\"],\"inLanguage\":\"ca\",\"potentialAction\":[{\"@type\":\"CommentAction\",\"name\":\"Comment\",\"target\":[\"https:\\\/\\\/www.belodonte.es\\\/caries-interproximales-problema-comun\\\/#respond\"]}]},{\"@type\":\"WebPage\",\"@id\":\"https:\\\/\\\/www.belodonte.es\\\/caries-interproximales-problema-comun\\\/\",\"url\":\"https:\\\/\\\/www.belodonte.es\\\/caries-interproximales-problema-comun\\\/\",\"name\":\"C\u00e0ries interproximals: un problema com\u00fa\",\"isPartOf\":{\"@id\":\"https:\\\/\\\/www.belodonte.es\\\/#website\"},\"primaryImageOfPage\":{\"@id\":\"https:\\\/\\\/www.belodonte.es\\\/caries-interproximales-problema-comun\\\/#primaryimage\"},\"image\":{\"@id\":\"https:\\\/\\\/www.belodonte.es\\\/caries-interproximales-problema-comun\\\/#primaryimage\"},\"thumbnailUrl\":\"https:\\\/\\\/www.belodonte.es\\\/wp-content\\\/uploads\\\/2024\\\/10\\\/caries-interproximals.png\",\"datePublished\":\"2024-11-05T06:00:00+00:00\",\"description\":\"Les c\u00e0ries interproximals s\u00f3n un problema dental que afecta moltes persones, sovint sense que aquestes se n'adonin.\",\"breadcrumb\":{\"@id\":\"https:\\\/\\\/www.belodonte.es\\\/caries-interproximales-problema-comun\\\/#breadcrumb\"},\"inLanguage\":\"ca\",\"potentialAction\":[{\"@type\":\"ReadAction\",\"target\":[\"https:\\\/\\\/www.belodonte.es\\\/caries-interproximales-problema-comun\\\/\"]}]},{\"@type\":\"ImageObject\",\"inLanguage\":\"ca\",\"@id\":\"https:\\\/\\\/www.belodonte.es\\\/caries-interproximales-problema-comun\\\/#primaryimage\",\"url\":\"https:\\\/\\\/www.belodonte.es\\\/wp-content\\\/uploads\\\/2024\\\/10\\\/caries-interproximals.png\",\"contentUrl\":\"https:\\\/\\\/www.belodonte.es\\\/wp-content\\\/uploads\\\/2024\\\/10\\\/caries-interproximals.png\",\"width\":1200,\"height\":600,\"caption\":\"ca\u0300ries interproximals\"},{\"@type\":\"BreadcrumbList\",\"@id\":\"https:\\\/\\\/www.belodonte.es\\\/caries-interproximales-problema-comun\\\/#breadcrumb\",\"itemListElement\":[{\"@type\":\"ListItem\",\"position\":1,\"name\":\"Portada\",\"item\":\"https:\\\/\\\/www.belodonte.es\\\/\"},{\"@type\":\"ListItem\",\"position\":2,\"name\":\"C\u00e0ries interproximals: un problema com\u00fa\"}]},{\"@type\":\"WebSite\",\"@id\":\"https:\\\/\\\/www.belodonte.es\\\/#website\",\"url\":\"https:\\\/\\\/www.belodonte.es\\\/\",\"name\":\"Cl\u00ednica Belodonte\",\"description\":\"Cl\u00ednica dental en Barcelona\",\"publisher\":{\"@id\":\"https:\\\/\\\/www.belodonte.es\\\/#organization\"},\"potentialAction\":[{\"@type\":\"SearchAction\",\"target\":{\"@type\":\"EntryPoint\",\"urlTemplate\":\"https:\\\/\\\/www.belodonte.es\\\/?s={search_term_string}\"},\"query-input\":{\"@type\":\"PropertyValueSpecification\",\"valueRequired\":true,\"valueName\":\"search_term_string\"}}],\"inLanguage\":\"ca\"},{\"@type\":\"Organization\",\"@id\":\"https:\\\/\\\/www.belodonte.es\\\/#organization\",\"name\":\"Cl\u00ednica Dental Belodonte\",\"url\":\"https:\\\/\\\/www.belodonte.es\\\/\",\"logo\":{\"@type\":\"ImageObject\",\"inLanguage\":\"ca\",\"@id\":\"https:\\\/\\\/www.belodonte.es\\\/#\\\/schema\\\/logo\\\/image\\\/\",\"url\":\"https:\\\/\\\/www.belodonte.es\\\/wp-content\\\/uploads\\\/2021\\\/10\\\/favicon-clinica-belodonte.png\",\"contentUrl\":\"https:\\\/\\\/www.belodonte.es\\\/wp-content\\\/uploads\\\/2021\\\/10\\\/favicon-clinica-belodonte.png\",\"width\":512,\"height\":512,\"caption\":\"Cl\u00ednica Dental Belodonte\"},\"image\":{\"@id\":\"https:\\\/\\\/www.belodonte.es\\\/#\\\/schema\\\/logo\\\/image\\\/\"}},{\"@type\":\"Person\",\"@id\":\"https:\\\/\\\/www.belodonte.es\\\/#\\\/schema\\\/person\\\/af746658db6c58f111ab4e18a476abcd\",\"name\":\"Cl\u00ednica Belodonte\",\"image\":{\"@type\":\"ImageObject\",\"inLanguage\":\"ca\",\"@id\":\"https:\\\/\\\/secure.gravatar.com\\\/avatar\\\/638e9d8d08bf2340d3d84b2996cdb448289ac0a26b32c99af87880a52287f8b8?s=96&d=mm&r=g\",\"url\":\"https:\\\/\\\/secure.gravatar.com\\\/avatar\\\/638e9d8d08bf2340d3d84b2996cdb448289ac0a26b32c99af87880a52287f8b8?s=96&d=mm&r=g\",\"contentUrl\":\"https:\\\/\\\/secure.gravatar.com\\\/avatar\\\/638e9d8d08bf2340d3d84b2996cdb448289ac0a26b32c99af87880a52287f8b8?s=96&d=mm&r=g\",\"caption\":\"Cl\u00ednica Belodonte\"},\"url\":\"https:\\\/\\\/www.belodonte.es\\\/ca\\\/author\\\/wm_mgc\\\/\"}]}<\/script>\n<!-- \/ Yoast SEO plugin. -->","yoast_head_json":{"title":"C\u00e0ries interproximals: un problema com\u00fa","description":"Les c\u00e0ries interproximals s\u00f3n un problema dental que afecta moltes persones, sovint sense que aquestes se n'adonin.","robots":{"index":"index","follow":"follow","max-snippet":"max-snippet:-1","max-image-preview":"max-image-preview:large","max-video-preview":"max-video-preview:-1"},"canonical":"https:\/\/www.belodonte.es\/caries-interproximales-problema-comun\/","og_locale":"ca_ES","og_type":"article","og_title":"C\u00e0ries interproximals: un problema com\u00fa","og_description":"Les c\u00e0ries interproximals s\u00f3n un problema dental que afecta moltes persones, sovint sense que aquestes se n'adonin.","og_url":"https:\/\/www.belodonte.es\/caries-interproximales-problema-comun\/","og_site_name":"Cl\u00ednica Belodonte","article_published_time":"2024-11-05T06:00:00+00:00","og_image":[{"width":1200,"height":600,"url":"https:\/\/www.belodonte.es\/wp-content\/uploads\/2024\/10\/caries-interproximals.png","type":"image\/png"}],"author":"Cl\u00ednica Belodonte","twitter_card":"summary_large_image","twitter_misc":{"Written by":"Cl\u00ednica Belodonte","Est. reading time":"4 minutes"},"schema":{"@context":"https:\/\/schema.org","@graph":[{"@type":"Article","@id":"https:\/\/www.belodonte.es\/caries-interproximales-problema-comun\/#article","isPartOf":{"@id":"https:\/\/www.belodonte.es\/caries-interproximales-problema-comun\/"},"author":{"name":"Cl\u00ednica Belodonte","@id":"https:\/\/www.belodonte.es\/#\/schema\/person\/af746658db6c58f111ab4e18a476abcd"},"headline":"C\u00e0ries interproximals: un problema com\u00fa","datePublished":"2024-11-05T06:00:00+00:00","mainEntityOfPage":{"@id":"https:\/\/www.belodonte.es\/caries-interproximales-problema-comun\/"},"wordCount":716,"commentCount":0,"publisher":{"@id":"https:\/\/www.belodonte.es\/#organization"},"image":{"@id":"https:\/\/www.belodonte.es\/caries-interproximales-problema-comun\/#primaryimage"},"thumbnailUrl":"https:\/\/www.belodonte.es\/wp-content\/uploads\/2024\/10\/caries-interproximals.png","articleSection":["Odontologia conservadora"],"inLanguage":"ca","potentialAction":[{"@type":"CommentAction","name":"Comment","target":["https:\/\/www.belodonte.es\/caries-interproximales-problema-comun\/#respond"]}]},{"@type":"WebPage","@id":"https:\/\/www.belodonte.es\/caries-interproximales-problema-comun\/","url":"https:\/\/www.belodonte.es\/caries-interproximales-problema-comun\/","name":"C\u00e0ries interproximals: un problema com\u00fa","isPartOf":{"@id":"https:\/\/www.belodonte.es\/#website"},"primaryImageOfPage":{"@id":"https:\/\/www.belodonte.es\/caries-interproximales-problema-comun\/#primaryimage"},"image":{"@id":"https:\/\/www.belodonte.es\/caries-interproximales-problema-comun\/#primaryimage"},"thumbnailUrl":"https:\/\/www.belodonte.es\/wp-content\/uploads\/2024\/10\/caries-interproximals.png","datePublished":"2024-11-05T06:00:00+00:00","description":"Les c\u00e0ries interproximals s\u00f3n un problema dental que afecta moltes persones, sovint sense que aquestes se n'adonin.","breadcrumb":{"@id":"https:\/\/www.belodonte.es\/caries-interproximales-problema-comun\/#breadcrumb"},"inLanguage":"ca","potentialAction":[{"@type":"ReadAction","target":["https:\/\/www.belodonte.es\/caries-interproximales-problema-comun\/"]}]},{"@type":"ImageObject","inLanguage":"ca","@id":"https:\/\/www.belodonte.es\/caries-interproximales-problema-comun\/#primaryimage","url":"https:\/\/www.belodonte.es\/wp-content\/uploads\/2024\/10\/caries-interproximals.png","contentUrl":"https:\/\/www.belodonte.es\/wp-content\/uploads\/2024\/10\/caries-interproximals.png","width":1200,"height":600,"caption":"ca\u0300ries interproximals"},{"@type":"BreadcrumbList","@id":"https:\/\/www.belodonte.es\/caries-interproximales-problema-comun\/#breadcrumb","itemListElement":[{"@type":"ListItem","position":1,"name":"Portada","item":"https:\/\/www.belodonte.es\/"},{"@type":"ListItem","position":2,"name":"C\u00e0ries interproximals: un problema com\u00fa"}]},{"@type":"WebSite","@id":"https:\/\/www.belodonte.es\/#website","url":"https:\/\/www.belodonte.es\/","name":"Cl\u00ednica Belodonte","description":"Cl\u00ednica dental en Barcelona","publisher":{"@id":"https:\/\/www.belodonte.es\/#organization"},"potentialAction":[{"@type":"SearchAction","target":{"@type":"EntryPoint","urlTemplate":"https:\/\/www.belodonte.es\/?s={search_term_string}"},"query-input":{"@type":"PropertyValueSpecification","valueRequired":true,"valueName":"search_term_string"}}],"inLanguage":"ca"},{"@type":"Organization","@id":"https:\/\/www.belodonte.es\/#organization","name":"Cl\u00ednica Dental Belodonte","url":"https:\/\/www.belodonte.es\/","logo":{"@type":"ImageObject","inLanguage":"ca","@id":"https:\/\/www.belodonte.es\/#\/schema\/logo\/image\/","url":"https:\/\/www.belodonte.es\/wp-content\/uploads\/2021\/10\/favicon-clinica-belodonte.png","contentUrl":"https:\/\/www.belodonte.es\/wp-content\/uploads\/2021\/10\/favicon-clinica-belodonte.png","width":512,"height":512,"caption":"Cl\u00ednica Dental Belodonte"},"image":{"@id":"https:\/\/www.belodonte.es\/#\/schema\/logo\/image\/"}},{"@type":"Person","@id":"https:\/\/www.belodonte.es\/#\/schema\/person\/af746658db6c58f111ab4e18a476abcd","name":"Cl\u00ednica Belodonte","image":{"@type":"ImageObject","inLanguage":"ca","@id":"https:\/\/secure.gravatar.com\/avatar\/638e9d8d08bf2340d3d84b2996cdb448289ac0a26b32c99af87880a52287f8b8?s=96&d=mm&r=g","url":"https:\/\/secure.gravatar.com\/avatar\/638e9d8d08bf2340d3d84b2996cdb448289ac0a26b32c99af87880a52287f8b8?s=96&d=mm&r=g","contentUrl":"https:\/\/secure.gravatar.com\/avatar\/638e9d8d08bf2340d3d84b2996cdb448289ac0a26b32c99af87880a52287f8b8?s=96&d=mm&r=g","caption":"Cl\u00ednica Belodonte"},"url":"https:\/\/www.belodonte.es\/ca\/author\/wm_mgc\/"}]}},"_links":{"self":[{"href":"https:\/\/www.belodonte.es\/ca\/wp-json\/wp\/v2\/posts\/5690","targetHints":{"allow":["GET"]}}],"collection":[{"href":"https:\/\/www.belodonte.es\/ca\/wp-json\/wp\/v2\/posts"}],"about":[{"href":"https:\/\/www.belodonte.es\/ca\/wp-json\/wp\/v2\/types\/post"}],"author":[{"embeddable":true,"href":"https:\/\/www.belodonte.es\/ca\/wp-json\/wp\/v2\/users\/3"}],"replies":[{"embeddable":true,"href":"https:\/\/www.belodonte.es\/ca\/wp-json\/wp\/v2\/comments?post=5690"}],"version-history":[{"count":1,"href":"https:\/\/www.belodonte.es\/ca\/wp-json\/wp\/v2\/posts\/5690\/revisions"}],"predecessor-version":[{"id":5693,"href":"https:\/\/www.belodonte.es\/ca\/wp-json\/wp\/v2\/posts\/5690\/revisions\/5693"}],"wp:featuredmedia":[{"embeddable":true,"href":"https:\/\/www.belodonte.es\/ca\/wp-json\/wp\/v2\/media\/5691"}],"wp:attachment":[{"href":"https:\/\/www.belodonte.es\/ca\/wp-json\/wp\/v2\/media?parent=5690"}],"wp:term":[{"taxonomy":"category","embeddable":true,"href":"https:\/\/www.belodonte.es\/ca\/wp-json\/wp\/v2\/categories?post=5690"},{"taxonomy":"post_tag","embeddable":true,"href":"https:\/\/www.belodonte.es\/ca\/wp-json\/wp\/v2\/tags?post=5690"}],"curies":[{"name":"wp","href":"https:\/\/api.w.org\/{rel}","templated":true}]}}