{"id":5645,"date":"2024-10-31T06:00:00","date_gmt":"2024-10-31T06:00:00","guid":{"rendered":"https:\/\/www.belodonte.es\/?p=5645"},"modified":"2024-09-18T11:47:37","modified_gmt":"2024-09-18T11:47:37","slug":"primeres-cures-dentals-en-nens-quan","status":"publish","type":"post","link":"https:\/\/www.belodonte.es\/ca\/primeres-cures-dentals-en-nens-quan\/","title":{"rendered":"Primeres cures dentals en nens: quan?"},"content":{"rendered":"\n<p>La salut dental dels nens \u00e9s crucial per al seu benestar general i el seu desenvolupament. Des del moment en qu\u00e8 apareixen les primeres dents, \u00e9s essencial establir una rutina de cures dentals que previngui problemes futurs. Des de<strong> Cl\u00ednica Belodonte, <a href=\"https:\/\/www.belodonte.es\/ca\/odontopediatria\/\" target=\"_blank\" rel=\"noreferrer noopener\">experts en Odontopediatria a Barcelona<\/a><\/strong>, explicarem quan han d&#8217;iniciar-se les<strong> primeres cures dentals en nens<\/strong>, qu\u00e8 inclou aquesta rutina, i la import\u00e0ncia de visitar a l&#8217;odontopediatra.<\/p>\n\n\n\n<h2 class=\"wp-block-heading\">Quan han de comen\u00e7ar les primeres cures dentals en nens?<\/h2>\n\n\n\n<p>La cura dental ha de comen\u00e7ar abans que apareguin les dents de llet. La primera etapa de cures comen\u00e7a en el moment del naixement, quan els pares han de netejar les genives del beb\u00e8 amb un drap suau i humit despr\u00e9s de cada presa. Aquesta pr\u00e0ctica ajuda a eliminar restes de llet i bacteris, preparant l&#8217;entorn bucal per a l&#8217;erupci\u00f3 de les primeres dents.<\/p>\n\n\n\n<h2 class=\"wp-block-heading\">Primeres dents: cures a partir del sis\u00e8 mes<\/h2>\n\n\n\n<p>Les primeres dents, coneguts com a dents de llet o dentici\u00f3 prim\u00e0ria, comencen a emergir al voltant del sis\u00e8 mes de vida. \u00c9s en aquest moment quan les cures dentals es tornen m\u00e9s espec\u00edfics. Els pares han d&#8217;usar un raspall de dents infantil amb truges suaus i una petita quantitat de pasta dental amb fluor (per a nens majors de dos anys) per a netejar les dents del beb\u00e8 dues vegades al dia. Aquesta rutina ajuda a prevenir la formaci\u00f3 de placa i c\u00e0ries des d&#8217;una edat primerenca.<\/p>\n\n\n\n<h2 class=\"wp-block-heading\">La primera revisi\u00f3 dental: Quan i per qu\u00e8 \u00e9s necess\u00e0ria?<\/h2>\n\n\n\n<p>La primera revisi\u00f3 dental ha de realitzar-se quan el nen compleixi el seu primer any de vida o sis mesos despr\u00e9s de l&#8217;aparici\u00f3 de la primera dent, la qual cosa ocorri primer. Aquesta visita primerenca a l&#8217;odontopediatra \u00e9s fonamental per a:<\/p>\n\n\n\n<ul class=\"wp-block-list\">\n<li><strong>Avaluar el desenvolupament dental:<\/strong> El dentista pot verificar si les dents estan sortint correctament i si hi ha signes de problemes en el desenvolupament.<\/li>\n\n\n\n<li><strong>Educar als pares<\/strong>: L&#8217;odontopediatra proporcionar\u00e0 consells sobre higiene bucal, dieta i t\u00e8cniques de raspallat adequades.<\/li>\n\n\n\n<li><strong>Prevenir problemes: <\/strong>Una revisi\u00f3 primerenca pot identificar i tractar problemes potencials abans que es converteixin en problemes greus.<\/li>\n<\/ul>\n\n\n\n<h2 class=\"wp-block-heading\">Com ha de ser la higiene bucal dels nens<\/h2>\n\n\n\n<p>La higiene bucal ha d&#8217;adaptar-se al desenvolupament del nen:<\/p>\n\n\n\n<h3 class=\"wp-block-heading\">En beb\u00e8s<\/h3>\n\n\n\n<p>Abans de l&#8217;erupci\u00f3 de les dents, els pares han de netejar les genives del beb\u00e8 amb un drap suau despr\u00e9s de cada presa. A mesura que les dents comencen a apar\u00e8ixer, s&#8217;ha d&#8217;usar un raspall de dents infantil amb truges suaus i una petita quantitat de pasta dental adequada per a la seva edat.<\/p>\n\n\n\n<h3 class=\"wp-block-heading\">A partir del primer any<\/h3>\n\n\n\n<p>Una vegada que el nen t\u00e9 diverses dents, \u00e9s important raspallar-los dues vegades al dia amb una pasta dental amb fluor i un raspall de dents adequat per a la seva edat. A m\u00e9s, es recomana que els pares supervisin el raspallat fins que el nen tingui l&#8217;habilitat de fer-lo correctament per si mateix, generalment fins als set anys.<\/p>\n\n\n\n<h3 class=\"wp-block-heading\">Introducci\u00f3 del fil dental<\/h3>\n\n\n\n<p>Quan el nen tingui dues dents que es toquin, es pot comen\u00e7ar a usar fil dental per a netejar entre ells. Aquesta pr\u00e0ctica ajuda a prevenir l&#8217;acumulaci\u00f3 de placa en \u00e0rees de dif\u00edcil acc\u00e9s.<\/p>\n\n\n\n<h2 class=\"wp-block-heading\">La import\u00e0ncia d&#8217;acudir a un odontopediatra<\/h2>\n\n\n\n<p>l&#8217;odontopediatra \u00e9s un especialista en la cura dental infantil i ofereix diversos avantatges importants:<\/p>\n\n\n\n<ul class=\"wp-block-list\">\n<li><strong>Experi\u00e8ncia especialitzada: <\/strong>T\u00e9 formaci\u00f3 espec\u00edfica en el tractament de nens i compr\u00e8n les necessitats \u00faniques de la seva salut bucal.<\/li>\n\n\n\n<li><strong>Tractament preventiu:<\/strong> L&#8217;odontopediatra pot identificar i tractar problemes de manera primerenca, abans que es converteixin en problemes greus.<\/li>\n\n\n\n<li><strong>Ambient amigable: <\/strong>Est\u00e0 capacitat per a crear un entorn c\u00f2mode i menys intimidant per als nens, la qual cosa ajuda al fet que desenvolupin una actitud positiva cap a la cura dental.<\/li>\n<\/ul>\n\n\n\n<p>En resum, les primeres cures dentals en nens s\u00f3n essencials per a establir una base s\u00f2lida per a la seva salut bucal futura. Comen\u00e7ar la higiene dental des d&#8217;una edat primerenca, realitzar revisions peri\u00f2diques i consultar a un odontopediatra s\u00f3n passos clau per a assegurar que les dents i genives del seu fill es mantinguin saludables i forts. Amb l&#8217;enfocament adequat, pot ajudar el seu fill a gaudir d&#8217;un somriure saludable durant tota la seva vida.<\/p>\n\n\n\n<p>En Cl\u00ednica Belodonte disposem de serveis d&#8217;Odontopediatria. Per a m\u00e9s informaci\u00f3 o consultar-nos un cas, no dubteu a <strong><a href=\"https:\/\/www.belodonte.es\/ca\/contacte\/\" target=\"_blank\" rel=\"noreferrer noopener nofollow\">posar-vos en contacte amb nosaltres.<\/a><\/strong><\/p>\n","protected":false},"excerpt":{"rendered":"<p>La salut dental dels nens \u00e9s crucial per al seu benestar general i el seu desenvolupament. Des del moment en qu\u00e8 apareixen les primeres dents, \u00e9s essencial establir una rutina de cures dentals que previngui problemes futurs. Des de Cl\u00ednica [&hellip;]<\/p>\n","protected":false},"author":3,"featured_media":5646,"comment_status":"open","ping_status":"open","sticky":false,"template":"","format":"standard","meta":{"site-sidebar-layout":"default","site-content-layout":"","ast-site-content-layout":"default","site-content-style":"default","site-sidebar-style":"default","ast-global-header-display":"","ast-banner-title-visibility":"","ast-main-header-display":"","ast-hfb-above-header-display":"","ast-hfb-below-header-display":"","ast-hfb-mobile-header-display":"","site-post-title":"","ast-breadcrumbs-content":"","ast-featured-img":"","footer-sml-layout":"","ast-disable-related-posts":"","theme-transparent-header-meta":"","adv-header-id-meta":"","stick-header-meta":"","header-above-stick-meta":"","header-main-stick-meta":"","header-below-stick-meta":"","astra-migrate-meta-layouts":"set","ast-page-background-enabled":"default","ast-page-background-meta":{"desktop":{"background-color":"","background-image":"","background-repeat":"repeat","background-position":"center center","background-size":"auto","background-attachment":"scroll","background-type":"","background-media":"","overlay-type":"","overlay-color":"","overlay-opacity":"","overlay-gradient":""},"tablet":{"background-color":"","background-image":"","background-repeat":"repeat","background-position":"center center","background-size":"auto","background-attachment":"scroll","background-type":"","background-media":"","overlay-type":"","overlay-color":"","overlay-opacity":"","overlay-gradient":""},"mobile":{"background-color":"","background-image":"","background-repeat":"repeat","background-position":"center center","background-size":"auto","background-attachment":"scroll","background-type":"","background-media":"","overlay-type":"","overlay-color":"","overlay-opacity":"","overlay-gradient":""}},"ast-content-background-meta":{"desktop":{"background-color":"var(--ast-global-color-5)","background-image":"","background-repeat":"repeat","background-position":"center center","background-size":"auto","background-attachment":"scroll","background-type":"","background-media":"","overlay-type":"","overlay-color":"","overlay-opacity":"","overlay-gradient":""},"tablet":{"background-color":"var(--ast-global-color-5)","background-image":"","background-repeat":"repeat","background-position":"center center","background-size":"auto","background-attachment":"scroll","background-type":"","background-media":"","overlay-type":"","overlay-color":"","overlay-opacity":"","overlay-gradient":""},"mobile":{"background-color":"var(--ast-global-color-5)","background-image":"","background-repeat":"repeat","background-position":"center center","background-size":"auto","background-attachment":"scroll","background-type":"","background-media":"","overlay-type":"","overlay-color":"","overlay-opacity":"","overlay-gradient":""}},"footnotes":""},"categories":[35],"tags":[],"class_list":["post-5645","post","type-post","status-publish","format-standard","has-post-thumbnail","hentry","category-odontopediatria-2"],"yoast_head":"<!-- This site is optimized with the Yoast SEO plugin v27.4 - https:\/\/yoast.com\/product\/yoast-seo-wordpress\/ -->\n<title>Primeres cures dentals en nens: quan?<\/title>\n<meta name=\"description\" content=\"Explicarem quan han d&#039;iniciar-se les primeres cures dentals en nens, aquesta rutina, i la import\u00e0ncia de visitar a l&#039;odontopediatra.\" \/>\n<meta name=\"robots\" content=\"index, follow, max-snippet:-1, max-image-preview:large, max-video-preview:-1\" \/>\n<link rel=\"canonical\" href=\"https:\/\/www.belodonte.es\/primeros-cuidados-dentales-ninos-cuando\/\" \/>\n<meta property=\"og:locale\" content=\"ca_ES\" \/>\n<meta property=\"og:type\" content=\"article\" \/>\n<meta property=\"og:title\" content=\"Primeres cures dentals en nens: quan?\" \/>\n<meta property=\"og:description\" content=\"Explicarem quan han d&#039;iniciar-se les primeres cures dentals en nens, aquesta rutina, i la import\u00e0ncia de visitar a l&#039;odontopediatra.\" \/>\n<meta property=\"og:url\" content=\"https:\/\/www.belodonte.es\/primeros-cuidados-dentales-ninos-cuando\/\" \/>\n<meta property=\"og:site_name\" content=\"Cl\u00ednica Belodonte\" \/>\n<meta property=\"article:published_time\" content=\"2024-10-31T06:00:00+00:00\" \/>\n<meta property=\"og:image\" content=\"https:\/\/www.belodonte.es\/wp-content\/uploads\/2024\/09\/primeres-cures-dentals-en-nens.png\" \/>\n\t<meta property=\"og:image:width\" content=\"1200\" \/>\n\t<meta property=\"og:image:height\" content=\"600\" \/>\n\t<meta property=\"og:image:type\" content=\"image\/png\" \/>\n<meta name=\"author\" content=\"Cl\u00ednica Belodonte\" \/>\n<meta name=\"twitter:card\" content=\"summary_large_image\" \/>\n<meta name=\"twitter:label1\" content=\"Written by\" \/>\n\t<meta name=\"twitter:data1\" content=\"Cl\u00ednica Belodonte\" \/>\n\t<meta name=\"twitter:label2\" content=\"Est. reading time\" \/>\n\t<meta name=\"twitter:data2\" content=\"4 minutes\" \/>\n<script type=\"application\/ld+json\" class=\"yoast-schema-graph\">{\"@context\":\"https:\\\/\\\/schema.org\",\"@graph\":[{\"@type\":\"Article\",\"@id\":\"https:\\\/\\\/www.belodonte.es\\\/primeros-cuidados-dentales-ninos-cuando\\\/#article\",\"isPartOf\":{\"@id\":\"https:\\\/\\\/www.belodonte.es\\\/primeros-cuidados-dentales-ninos-cuando\\\/\"},\"author\":{\"name\":\"Cl\u00ednica Belodonte\",\"@id\":\"https:\\\/\\\/www.belodonte.es\\\/#\\\/schema\\\/person\\\/af746658db6c58f111ab4e18a476abcd\"},\"headline\":\"Primeres cures dentals en nens: quan?\",\"datePublished\":\"2024-10-31T06:00:00+00:00\",\"mainEntityOfPage\":{\"@id\":\"https:\\\/\\\/www.belodonte.es\\\/primeros-cuidados-dentales-ninos-cuando\\\/\"},\"wordCount\":750,\"commentCount\":0,\"publisher\":{\"@id\":\"https:\\\/\\\/www.belodonte.es\\\/#organization\"},\"image\":{\"@id\":\"https:\\\/\\\/www.belodonte.es\\\/primeros-cuidados-dentales-ninos-cuando\\\/#primaryimage\"},\"thumbnailUrl\":\"https:\\\/\\\/www.belodonte.es\\\/wp-content\\\/uploads\\\/2024\\\/09\\\/primeres-cures-dentals-en-nens.png\",\"articleSection\":[\"Odontopediatria\"],\"inLanguage\":\"ca\",\"potentialAction\":[{\"@type\":\"CommentAction\",\"name\":\"Comment\",\"target\":[\"https:\\\/\\\/www.belodonte.es\\\/primeros-cuidados-dentales-ninos-cuando\\\/#respond\"]}]},{\"@type\":\"WebPage\",\"@id\":\"https:\\\/\\\/www.belodonte.es\\\/primeros-cuidados-dentales-ninos-cuando\\\/\",\"url\":\"https:\\\/\\\/www.belodonte.es\\\/primeros-cuidados-dentales-ninos-cuando\\\/\",\"name\":\"Primeres cures dentals en nens: quan?\",\"isPartOf\":{\"@id\":\"https:\\\/\\\/www.belodonte.es\\\/#website\"},\"primaryImageOfPage\":{\"@id\":\"https:\\\/\\\/www.belodonte.es\\\/primeros-cuidados-dentales-ninos-cuando\\\/#primaryimage\"},\"image\":{\"@id\":\"https:\\\/\\\/www.belodonte.es\\\/primeros-cuidados-dentales-ninos-cuando\\\/#primaryimage\"},\"thumbnailUrl\":\"https:\\\/\\\/www.belodonte.es\\\/wp-content\\\/uploads\\\/2024\\\/09\\\/primeres-cures-dentals-en-nens.png\",\"datePublished\":\"2024-10-31T06:00:00+00:00\",\"description\":\"Explicarem quan han d'iniciar-se les primeres cures dentals en nens, aquesta rutina, i la import\u00e0ncia de visitar a l'odontopediatra.\",\"breadcrumb\":{\"@id\":\"https:\\\/\\\/www.belodonte.es\\\/primeros-cuidados-dentales-ninos-cuando\\\/#breadcrumb\"},\"inLanguage\":\"ca\",\"potentialAction\":[{\"@type\":\"ReadAction\",\"target\":[\"https:\\\/\\\/www.belodonte.es\\\/primeros-cuidados-dentales-ninos-cuando\\\/\"]}]},{\"@type\":\"ImageObject\",\"inLanguage\":\"ca\",\"@id\":\"https:\\\/\\\/www.belodonte.es\\\/primeros-cuidados-dentales-ninos-cuando\\\/#primaryimage\",\"url\":\"https:\\\/\\\/www.belodonte.es\\\/wp-content\\\/uploads\\\/2024\\\/09\\\/primeres-cures-dentals-en-nens.png\",\"contentUrl\":\"https:\\\/\\\/www.belodonte.es\\\/wp-content\\\/uploads\\\/2024\\\/09\\\/primeres-cures-dentals-en-nens.png\",\"width\":1200,\"height\":600,\"caption\":\"primeres cures dentals en nens\"},{\"@type\":\"BreadcrumbList\",\"@id\":\"https:\\\/\\\/www.belodonte.es\\\/primeros-cuidados-dentales-ninos-cuando\\\/#breadcrumb\",\"itemListElement\":[{\"@type\":\"ListItem\",\"position\":1,\"name\":\"Portada\",\"item\":\"https:\\\/\\\/www.belodonte.es\\\/\"},{\"@type\":\"ListItem\",\"position\":2,\"name\":\"Primeres cures dentals en nens: quan?\"}]},{\"@type\":\"WebSite\",\"@id\":\"https:\\\/\\\/www.belodonte.es\\\/#website\",\"url\":\"https:\\\/\\\/www.belodonte.es\\\/\",\"name\":\"Cl\u00ednica Belodonte\",\"description\":\"Cl\u00ednica dental en Barcelona\",\"publisher\":{\"@id\":\"https:\\\/\\\/www.belodonte.es\\\/#organization\"},\"potentialAction\":[{\"@type\":\"SearchAction\",\"target\":{\"@type\":\"EntryPoint\",\"urlTemplate\":\"https:\\\/\\\/www.belodonte.es\\\/?s={search_term_string}\"},\"query-input\":{\"@type\":\"PropertyValueSpecification\",\"valueRequired\":true,\"valueName\":\"search_term_string\"}}],\"inLanguage\":\"ca\"},{\"@type\":\"Organization\",\"@id\":\"https:\\\/\\\/www.belodonte.es\\\/#organization\",\"name\":\"Cl\u00ednica Dental Belodonte\",\"url\":\"https:\\\/\\\/www.belodonte.es\\\/\",\"logo\":{\"@type\":\"ImageObject\",\"inLanguage\":\"ca\",\"@id\":\"https:\\\/\\\/www.belodonte.es\\\/#\\\/schema\\\/logo\\\/image\\\/\",\"url\":\"https:\\\/\\\/www.belodonte.es\\\/wp-content\\\/uploads\\\/2021\\\/10\\\/favicon-clinica-belodonte.png\",\"contentUrl\":\"https:\\\/\\\/www.belodonte.es\\\/wp-content\\\/uploads\\\/2021\\\/10\\\/favicon-clinica-belodonte.png\",\"width\":512,\"height\":512,\"caption\":\"Cl\u00ednica Dental Belodonte\"},\"image\":{\"@id\":\"https:\\\/\\\/www.belodonte.es\\\/#\\\/schema\\\/logo\\\/image\\\/\"}},{\"@type\":\"Person\",\"@id\":\"https:\\\/\\\/www.belodonte.es\\\/#\\\/schema\\\/person\\\/af746658db6c58f111ab4e18a476abcd\",\"name\":\"Cl\u00ednica Belodonte\",\"image\":{\"@type\":\"ImageObject\",\"inLanguage\":\"ca\",\"@id\":\"https:\\\/\\\/secure.gravatar.com\\\/avatar\\\/638e9d8d08bf2340d3d84b2996cdb448289ac0a26b32c99af87880a52287f8b8?s=96&d=mm&r=g\",\"url\":\"https:\\\/\\\/secure.gravatar.com\\\/avatar\\\/638e9d8d08bf2340d3d84b2996cdb448289ac0a26b32c99af87880a52287f8b8?s=96&d=mm&r=g\",\"contentUrl\":\"https:\\\/\\\/secure.gravatar.com\\\/avatar\\\/638e9d8d08bf2340d3d84b2996cdb448289ac0a26b32c99af87880a52287f8b8?s=96&d=mm&r=g\",\"caption\":\"Cl\u00ednica Belodonte\"},\"url\":\"https:\\\/\\\/www.belodonte.es\\\/ca\\\/author\\\/wm_mgc\\\/\"}]}<\/script>\n<!-- \/ Yoast SEO plugin. -->","yoast_head_json":{"title":"Primeres cures dentals en nens: quan?","description":"Explicarem quan han d'iniciar-se les primeres cures dentals en nens, aquesta rutina, i la import\u00e0ncia de visitar a l'odontopediatra.","robots":{"index":"index","follow":"follow","max-snippet":"max-snippet:-1","max-image-preview":"max-image-preview:large","max-video-preview":"max-video-preview:-1"},"canonical":"https:\/\/www.belodonte.es\/primeros-cuidados-dentales-ninos-cuando\/","og_locale":"ca_ES","og_type":"article","og_title":"Primeres cures dentals en nens: quan?","og_description":"Explicarem quan han d'iniciar-se les primeres cures dentals en nens, aquesta rutina, i la import\u00e0ncia de visitar a l'odontopediatra.","og_url":"https:\/\/www.belodonte.es\/primeros-cuidados-dentales-ninos-cuando\/","og_site_name":"Cl\u00ednica Belodonte","article_published_time":"2024-10-31T06:00:00+00:00","og_image":[{"width":1200,"height":600,"url":"https:\/\/www.belodonte.es\/wp-content\/uploads\/2024\/09\/primeres-cures-dentals-en-nens.png","type":"image\/png"}],"author":"Cl\u00ednica Belodonte","twitter_card":"summary_large_image","twitter_misc":{"Written by":"Cl\u00ednica Belodonte","Est. reading time":"4 minutes"},"schema":{"@context":"https:\/\/schema.org","@graph":[{"@type":"Article","@id":"https:\/\/www.belodonte.es\/primeros-cuidados-dentales-ninos-cuando\/#article","isPartOf":{"@id":"https:\/\/www.belodonte.es\/primeros-cuidados-dentales-ninos-cuando\/"},"author":{"name":"Cl\u00ednica Belodonte","@id":"https:\/\/www.belodonte.es\/#\/schema\/person\/af746658db6c58f111ab4e18a476abcd"},"headline":"Primeres cures dentals en nens: quan?","datePublished":"2024-10-31T06:00:00+00:00","mainEntityOfPage":{"@id":"https:\/\/www.belodonte.es\/primeros-cuidados-dentales-ninos-cuando\/"},"wordCount":750,"commentCount":0,"publisher":{"@id":"https:\/\/www.belodonte.es\/#organization"},"image":{"@id":"https:\/\/www.belodonte.es\/primeros-cuidados-dentales-ninos-cuando\/#primaryimage"},"thumbnailUrl":"https:\/\/www.belodonte.es\/wp-content\/uploads\/2024\/09\/primeres-cures-dentals-en-nens.png","articleSection":["Odontopediatria"],"inLanguage":"ca","potentialAction":[{"@type":"CommentAction","name":"Comment","target":["https:\/\/www.belodonte.es\/primeros-cuidados-dentales-ninos-cuando\/#respond"]}]},{"@type":"WebPage","@id":"https:\/\/www.belodonte.es\/primeros-cuidados-dentales-ninos-cuando\/","url":"https:\/\/www.belodonte.es\/primeros-cuidados-dentales-ninos-cuando\/","name":"Primeres cures dentals en nens: quan?","isPartOf":{"@id":"https:\/\/www.belodonte.es\/#website"},"primaryImageOfPage":{"@id":"https:\/\/www.belodonte.es\/primeros-cuidados-dentales-ninos-cuando\/#primaryimage"},"image":{"@id":"https:\/\/www.belodonte.es\/primeros-cuidados-dentales-ninos-cuando\/#primaryimage"},"thumbnailUrl":"https:\/\/www.belodonte.es\/wp-content\/uploads\/2024\/09\/primeres-cures-dentals-en-nens.png","datePublished":"2024-10-31T06:00:00+00:00","description":"Explicarem quan han d'iniciar-se les primeres cures dentals en nens, aquesta rutina, i la import\u00e0ncia de visitar a l'odontopediatra.","breadcrumb":{"@id":"https:\/\/www.belodonte.es\/primeros-cuidados-dentales-ninos-cuando\/#breadcrumb"},"inLanguage":"ca","potentialAction":[{"@type":"ReadAction","target":["https:\/\/www.belodonte.es\/primeros-cuidados-dentales-ninos-cuando\/"]}]},{"@type":"ImageObject","inLanguage":"ca","@id":"https:\/\/www.belodonte.es\/primeros-cuidados-dentales-ninos-cuando\/#primaryimage","url":"https:\/\/www.belodonte.es\/wp-content\/uploads\/2024\/09\/primeres-cures-dentals-en-nens.png","contentUrl":"https:\/\/www.belodonte.es\/wp-content\/uploads\/2024\/09\/primeres-cures-dentals-en-nens.png","width":1200,"height":600,"caption":"primeres cures dentals en nens"},{"@type":"BreadcrumbList","@id":"https:\/\/www.belodonte.es\/primeros-cuidados-dentales-ninos-cuando\/#breadcrumb","itemListElement":[{"@type":"ListItem","position":1,"name":"Portada","item":"https:\/\/www.belodonte.es\/"},{"@type":"ListItem","position":2,"name":"Primeres cures dentals en nens: quan?"}]},{"@type":"WebSite","@id":"https:\/\/www.belodonte.es\/#website","url":"https:\/\/www.belodonte.es\/","name":"Cl\u00ednica Belodonte","description":"Cl\u00ednica dental en Barcelona","publisher":{"@id":"https:\/\/www.belodonte.es\/#organization"},"potentialAction":[{"@type":"SearchAction","target":{"@type":"EntryPoint","urlTemplate":"https:\/\/www.belodonte.es\/?s={search_term_string}"},"query-input":{"@type":"PropertyValueSpecification","valueRequired":true,"valueName":"search_term_string"}}],"inLanguage":"ca"},{"@type":"Organization","@id":"https:\/\/www.belodonte.es\/#organization","name":"Cl\u00ednica Dental Belodonte","url":"https:\/\/www.belodonte.es\/","logo":{"@type":"ImageObject","inLanguage":"ca","@id":"https:\/\/www.belodonte.es\/#\/schema\/logo\/image\/","url":"https:\/\/www.belodonte.es\/wp-content\/uploads\/2021\/10\/favicon-clinica-belodonte.png","contentUrl":"https:\/\/www.belodonte.es\/wp-content\/uploads\/2021\/10\/favicon-clinica-belodonte.png","width":512,"height":512,"caption":"Cl\u00ednica Dental Belodonte"},"image":{"@id":"https:\/\/www.belodonte.es\/#\/schema\/logo\/image\/"}},{"@type":"Person","@id":"https:\/\/www.belodonte.es\/#\/schema\/person\/af746658db6c58f111ab4e18a476abcd","name":"Cl\u00ednica Belodonte","image":{"@type":"ImageObject","inLanguage":"ca","@id":"https:\/\/secure.gravatar.com\/avatar\/638e9d8d08bf2340d3d84b2996cdb448289ac0a26b32c99af87880a52287f8b8?s=96&d=mm&r=g","url":"https:\/\/secure.gravatar.com\/avatar\/638e9d8d08bf2340d3d84b2996cdb448289ac0a26b32c99af87880a52287f8b8?s=96&d=mm&r=g","contentUrl":"https:\/\/secure.gravatar.com\/avatar\/638e9d8d08bf2340d3d84b2996cdb448289ac0a26b32c99af87880a52287f8b8?s=96&d=mm&r=g","caption":"Cl\u00ednica Belodonte"},"url":"https:\/\/www.belodonte.es\/ca\/author\/wm_mgc\/"}]}},"_links":{"self":[{"href":"https:\/\/www.belodonte.es\/ca\/wp-json\/wp\/v2\/posts\/5645","targetHints":{"allow":["GET"]}}],"collection":[{"href":"https:\/\/www.belodonte.es\/ca\/wp-json\/wp\/v2\/posts"}],"about":[{"href":"https:\/\/www.belodonte.es\/ca\/wp-json\/wp\/v2\/types\/post"}],"author":[{"embeddable":true,"href":"https:\/\/www.belodonte.es\/ca\/wp-json\/wp\/v2\/users\/3"}],"replies":[{"embeddable":true,"href":"https:\/\/www.belodonte.es\/ca\/wp-json\/wp\/v2\/comments?post=5645"}],"version-history":[{"count":1,"href":"https:\/\/www.belodonte.es\/ca\/wp-json\/wp\/v2\/posts\/5645\/revisions"}],"predecessor-version":[{"id":5648,"href":"https:\/\/www.belodonte.es\/ca\/wp-json\/wp\/v2\/posts\/5645\/revisions\/5648"}],"wp:featuredmedia":[{"embeddable":true,"href":"https:\/\/www.belodonte.es\/ca\/wp-json\/wp\/v2\/media\/5646"}],"wp:attachment":[{"href":"https:\/\/www.belodonte.es\/ca\/wp-json\/wp\/v2\/media?parent=5645"}],"wp:term":[{"taxonomy":"category","embeddable":true,"href":"https:\/\/www.belodonte.es\/ca\/wp-json\/wp\/v2\/categories?post=5645"},{"taxonomy":"post_tag","embeddable":true,"href":"https:\/\/www.belodonte.es\/ca\/wp-json\/wp\/v2\/tags?post=5645"}],"curies":[{"name":"wp","href":"https:\/\/api.w.org\/{rel}","templated":true}]}}