{"id":5639,"date":"2024-10-29T06:00:00","date_gmt":"2024-10-29T06:00:00","guid":{"rendered":"https:\/\/www.belodonte.es\/?p=5639"},"modified":"2024-09-18T11:23:24","modified_gmt":"2024-09-18T11:23:24","slug":"primers-dies-ortodoncia-que-esperar-com-cuidarte","status":"publish","type":"post","link":"https:\/\/www.belodonte.es\/ca\/primers-dies-ortodoncia-que-esperar-com-cuidarte\/","title":{"rendered":"Primers dies amb ortod\u00f2ncia: qu\u00e8 esperar i com cuidar-te"},"content":{"rendered":"\n<p>L&#8217;<a href=\"https:\/\/www.belodonte.es\/ca\/ortodoncia\/\">ortod\u00f2ncia<\/a> \u00e9s una eina efica\u00e7 per a millorar l&#8217;alineaci\u00f3 de les dents i la salut bucal en general. No obstant aix\u00f2, els <strong>primers dies amb ortod\u00f2ncia <\/strong>poden ser un desafiament, especialment si \u00e9s la primera vegada que uses aparells dentals. Des de <strong>Cl\u00ednica Belodonte, <a href=\"https:\/\/www.belodonte.es\/ca\/ortodoncia\/\" target=\"_blank\" rel=\"noreferrer noopener\">experts en Ortod\u00f2ncia a Barcelona<\/a><\/strong>, explicarem qu\u00e8 pots sentir en aquests primers dies, com alleujar les mol\u00e8sties i quines cures s\u00f3n essencials per a assegurar que el teu tractament sigui un \u00e8xit.<\/p>\n\n\n\n<h2 class=\"wp-block-heading\">Qu\u00e8 es pot sentir en els primers dies amb ortod\u00f2ncia<\/h2>\n\n\n\n<p>A comen\u00e7ar un tractament d&#8217;ortod\u00f2ncia, \u00e9s comuna experimentar una s\u00e8rie de sensacions i mol\u00e8sties. Aquests s\u00f3n alguns dels s\u00edmptomes m\u00e9s freq\u00fcents que podries experimentar:<\/p>\n\n\n\n<ul class=\"wp-block-list\">\n<li><strong>Dolor i sensibilitat dental: <\/strong>\u00c9s possible que sentis dolor o sensibilitat en les dents, especialment quan mastegues aliments. Aix\u00f2 \u00e9s normal, ja que les dents s&#8217;estan movent i adaptant-se als aparells.<\/li>\n\n\n\n<li><strong>Irritaci\u00f3 en les genives i galtes:<\/strong> Els brackets i filferros poden causar irritaci\u00f3 en les genives, els llavis i les galtes. Aquesta irritaci\u00f3 sol ser temporal, per\u00f2 pot ser inc\u00f2moda.<\/li>\n\n\n\n<li><strong>Dificultat per a menjar: <\/strong>Durant els primers dies, \u00e9s possible que et resulti dif\u00edcil menjar uns certs aliments a causa de les mol\u00e8sties o al nou tipus d&#8217;aparell en la teva boca.<\/li>\n<\/ul>\n\n\n\n<h2 class=\"wp-block-heading\">Com suportar les mol\u00e8sties dels primers dies amb ortod\u00f2ncia<\/h2>\n\n\n\n<p>Encara que les mol\u00e8sties poden ser inc\u00f2modes, existeixen diverses estrat\u00e8gies per a fer m\u00e9s suportables aquests primers dies:<\/p>\n\n\n\n<ul class=\"wp-block-list\">\n<li><strong>\u00das de cera dental: <\/strong>La cera dental pot ser un gran aliat per a alleujar la irritaci\u00f3 que els brackets poden causar en les genives i les galtes. Aplica un petit tros de cera sobre els brackets que t&#8217;estan causant mol\u00e8sties per a crear una barrera protectora.<\/li>\n\n\n\n<li><strong>Esbandides amb aigua salada: <\/strong>Les esbandides amb aigua salada t\u00e8bia poden ajudar a reduir la inflamaci\u00f3 i alleujar el dolor. Mescla una cullereta de sal en un got d&#8217;aigua t\u00e8bia i realitza esbandides suaus diverses vegades al dia.<\/li>\n\n\n\n<li><strong>Aliments tous: <\/strong>Opta per aliments tous i f\u00e0cils de mastegar durant els primers dies. Pur\u00e9s, sopes i iogurts poden ser opcions m\u00e9s c\u00f2modes fins que t&#8217;acostumis als aparells dentals.<\/li>\n\n\n\n<li><strong>Analg\u00e8sics de venda lliure: <\/strong>Si el dolor \u00e9s persistent, els analg\u00e8sics de venda lliure com el paracetamol o el ibuprof\u00e8n poden ser \u00fatils per a alleujar les mol\u00e8sties. Consulta a la teva ortodontista abans de prendre qualsevol medicament.<\/li>\n<\/ul>\n\n\n\n<h2 class=\"wp-block-heading\">Cures importants durant els primers dies amb ortod\u00f2ncia<\/h2>\n\n\n\n<p>Per a assegurar que el teu tractament d&#8217;ortod\u00f2ncia sigui efectiu i evitar complicacions, segueix aquestes cures essencials:<\/p>\n\n\n\n<ul class=\"wp-block-list\">\n<li><strong>Higiene bucal rigorosa: <\/strong>La neteja dental \u00e9s crucial quan portes aparells ortop\u00e8dics. Assegura&#8217;t de raspallar-te les dents despr\u00e9s de cada menjar, utilitzant un raspall de dents adequat per a ortod\u00f2ncia i una pasta dental amb fluor. L&#8217;\u00fas de fil dental espec\u00edfic per a ortod\u00f2ncia tamb\u00e9 \u00e9s recomanable per a eliminar restes de menjar entre els brackets i els filferros.<\/li>\n\n\n\n<li><strong>Evita aliments durs i enganxosos: <\/strong>Durant els primers dies i en general, evita aliments durs, enganxosos o molt ensucrats que puguin danyar els brackets o provocar c\u00e0ries. Aliments com a nous, caramels i xiclets poden ser problem\u00e0tics.<\/li>\n\n\n\n<li><strong>Consulta a la teva ortodontista regularment: <\/strong>Segueix les recomanacions i cites de la teva ortodontista. Si experimentes mol\u00e8sties inusuals o problemes amb els aparells, contacta amb el teu ortodontista per a rebre assessorament professional.<\/li>\n\n\n\n<li><strong>Compte amb els aparells: <\/strong>Evita tocar o jugar amb els brackets o filferros. Si notes que algun bracket s&#8217;ha enlairat o algun filferro est\u00e0 fora de lloc, programa una cita amb la teva ortodontista al m\u00e9s aviat possible.<\/li>\n<\/ul>\n\n\n\n<h2 class=\"wp-block-heading\">Qu\u00e8 evitar durant els primers dies amb ortod\u00f2ncia<\/h2>\n\n\n\n<p>Perqu\u00e8 el teu tractament sigui el m\u00e9s c\u00f2mode possible i evitar complicacions, evita el seg\u00fcent:<\/p>\n\n\n\n<ul class=\"wp-block-list\">\n<li><strong>No ignorar el dolor<\/strong>: No has d&#8217;ignorar el dolor o les mol\u00e8sties persistents. Encara que \u00e9s normal sentir una certa incomoditat, el dolor intens pot indicar un problema que ha de ser avaluat per un professional.<\/li>\n\n\n\n<li><strong>No menjar aliments durs o enganxosos: <\/strong>Aquests aliments poden danyar els aparells o retardar el teu tractament. Mantingues una dieta adequada per a protegir les teves brackets i assegurar un progr\u00e9s \u00f2ptim.<\/li>\n\n\n\n<li><strong>No saltar-se la rutina de neteja: <\/strong>La higiene oral \u00e9s fonamental per a evitar problemes com a c\u00e0ries o infeccions. No descuris el raspallat i l&#8217;\u00fas de fil dental.<\/li>\n<\/ul>\n\n\n\n<p>En definitiva, els primers dies amb ortod\u00f2ncia poden ser desafiadores, per\u00f2 amb la preparaci\u00f3 adequada i cures espec\u00edfiques, el proc\u00e9s pot ser m\u00e9s suportable. Para esment a les sensacions que experimentes, segueix les recomanacions per a alleujar mol\u00e8sties, i mantingues una rutina d&#8217;higiene i cura rigorosa. Amb el temps, t&#8217;acostumar\u00e0s als aparells i gaudir\u00e0s dels beneficis d&#8217;un somriure m\u00e9s alineat i saludable.<\/p>\n\n\n\n<p>En Cl\u00ednica Belodonte disposem de serveis d&#8217;Ortod\u00f2ncia. Per a m\u00e9s informaci\u00f3 o consultar-nos un cas, no dubteu a <strong><a href=\"https:\/\/www.belodonte.es\/ca\/contacte\/\" target=\"_blank\" rel=\"noreferrer noopener nofollow\">posar-vos en contacte amb nosaltres.<\/a><\/strong><\/p>\n","protected":false},"excerpt":{"rendered":"<p>L&#8217;ortod\u00f2ncia \u00e9s una eina efica\u00e7 per a millorar l&#8217;alineaci\u00f3 de les dents i la salut bucal en general. No obstant aix\u00f2, els primers dies amb ortod\u00f2ncia poden ser un desafiament, especialment si \u00e9s la primera vegada que uses aparells dentals. [&hellip;]<\/p>\n","protected":false},"author":3,"featured_media":5641,"comment_status":"open","ping_status":"open","sticky":false,"template":"","format":"standard","meta":{"site-sidebar-layout":"default","site-content-layout":"","ast-site-content-layout":"default","site-content-style":"default","site-sidebar-style":"default","ast-global-header-display":"","ast-banner-title-visibility":"","ast-main-header-display":"","ast-hfb-above-header-display":"","ast-hfb-below-header-display":"","ast-hfb-mobile-header-display":"","site-post-title":"","ast-breadcrumbs-content":"","ast-featured-img":"","footer-sml-layout":"","ast-disable-related-posts":"","theme-transparent-header-meta":"","adv-header-id-meta":"","stick-header-meta":"","header-above-stick-meta":"","header-main-stick-meta":"","header-below-stick-meta":"","astra-migrate-meta-layouts":"set","ast-page-background-enabled":"default","ast-page-background-meta":{"desktop":{"background-color":"","background-image":"","background-repeat":"repeat","background-position":"center center","background-size":"auto","background-attachment":"scroll","background-type":"","background-media":"","overlay-type":"","overlay-color":"","overlay-opacity":"","overlay-gradient":""},"tablet":{"background-color":"","background-image":"","background-repeat":"repeat","background-position":"center center","background-size":"auto","background-attachment":"scroll","background-type":"","background-media":"","overlay-type":"","overlay-color":"","overlay-opacity":"","overlay-gradient":""},"mobile":{"background-color":"","background-image":"","background-repeat":"repeat","background-position":"center center","background-size":"auto","background-attachment":"scroll","background-type":"","background-media":"","overlay-type":"","overlay-color":"","overlay-opacity":"","overlay-gradient":""}},"ast-content-background-meta":{"desktop":{"background-color":"var(--ast-global-color-5)","background-image":"","background-repeat":"repeat","background-position":"center center","background-size":"auto","background-attachment":"scroll","background-type":"","background-media":"","overlay-type":"","overlay-color":"","overlay-opacity":"","overlay-gradient":""},"tablet":{"background-color":"var(--ast-global-color-5)","background-image":"","background-repeat":"repeat","background-position":"center center","background-size":"auto","background-attachment":"scroll","background-type":"","background-media":"","overlay-type":"","overlay-color":"","overlay-opacity":"","overlay-gradient":""},"mobile":{"background-color":"var(--ast-global-color-5)","background-image":"","background-repeat":"repeat","background-position":"center center","background-size":"auto","background-attachment":"scroll","background-type":"","background-media":"","overlay-type":"","overlay-color":"","overlay-opacity":"","overlay-gradient":""}},"footnotes":""},"categories":[19],"tags":[],"class_list":["post-5639","post","type-post","status-publish","format-standard","has-post-thumbnail","hentry","category-ortodoncia-2"],"yoast_head":"<!-- This site is optimized with the Yoast SEO plugin v27.4 - https:\/\/yoast.com\/product\/yoast-seo-wordpress\/ -->\n<title>Primers dies amb ortod\u00f2ncia: qu\u00e8 esperar i com cuidar-te<\/title>\n<meta name=\"description\" content=\"Els primers dies amb ortod\u00f2ncia poden ser un desafiament, especialment si \u00e9s la primera vegada que uses aparells dentals.\" \/>\n<meta name=\"robots\" content=\"index, follow, max-snippet:-1, max-image-preview:large, max-video-preview:-1\" \/>\n<link rel=\"canonical\" href=\"https:\/\/www.belodonte.es\/primeros-dias-con-ortodoncia-que-esperar-como-cuidarte\/\" \/>\n<meta property=\"og:locale\" content=\"ca_ES\" \/>\n<meta property=\"og:type\" content=\"article\" \/>\n<meta property=\"og:title\" content=\"Primers dies amb ortod\u00f2ncia: qu\u00e8 esperar i com cuidar-te\" \/>\n<meta property=\"og:description\" content=\"Els primers dies amb ortod\u00f2ncia poden ser un desafiament, especialment si \u00e9s la primera vegada que uses aparells dentals.\" \/>\n<meta property=\"og:url\" content=\"https:\/\/www.belodonte.es\/primeros-dias-con-ortodoncia-que-esperar-como-cuidarte\/\" \/>\n<meta property=\"og:site_name\" content=\"Cl\u00ednica Belodonte\" \/>\n<meta property=\"article:published_time\" content=\"2024-10-29T06:00:00+00:00\" \/>\n<meta property=\"og:image\" content=\"https:\/\/www.belodonte.es\/wp-content\/uploads\/2024\/09\/primers-dies-amb-ortodoncia.png\" \/>\n\t<meta property=\"og:image:width\" content=\"1200\" \/>\n\t<meta property=\"og:image:height\" content=\"600\" \/>\n\t<meta property=\"og:image:type\" content=\"image\/png\" \/>\n<meta name=\"author\" content=\"Cl\u00ednica Belodonte\" \/>\n<meta name=\"twitter:card\" content=\"summary_large_image\" \/>\n<meta name=\"twitter:label1\" content=\"Written by\" \/>\n\t<meta name=\"twitter:data1\" content=\"Cl\u00ednica Belodonte\" \/>\n\t<meta name=\"twitter:label2\" content=\"Est. reading time\" \/>\n\t<meta name=\"twitter:data2\" content=\"4 minutes\" \/>\n<script type=\"application\/ld+json\" class=\"yoast-schema-graph\">{\"@context\":\"https:\\\/\\\/schema.org\",\"@graph\":[{\"@type\":\"Article\",\"@id\":\"https:\\\/\\\/www.belodonte.es\\\/primeros-dias-con-ortodoncia-que-esperar-como-cuidarte\\\/#article\",\"isPartOf\":{\"@id\":\"https:\\\/\\\/www.belodonte.es\\\/primeros-dias-con-ortodoncia-que-esperar-como-cuidarte\\\/\"},\"author\":{\"name\":\"Cl\u00ednica Belodonte\",\"@id\":\"https:\\\/\\\/www.belodonte.es\\\/#\\\/schema\\\/person\\\/af746658db6c58f111ab4e18a476abcd\"},\"headline\":\"Primers dies amb ortod\u00f2ncia: qu\u00e8 esperar i com cuidar-te\",\"datePublished\":\"2024-10-29T06:00:00+00:00\",\"mainEntityOfPage\":{\"@id\":\"https:\\\/\\\/www.belodonte.es\\\/primeros-dias-con-ortodoncia-que-esperar-como-cuidarte\\\/\"},\"wordCount\":856,\"commentCount\":0,\"publisher\":{\"@id\":\"https:\\\/\\\/www.belodonte.es\\\/#organization\"},\"image\":{\"@id\":\"https:\\\/\\\/www.belodonte.es\\\/primeros-dias-con-ortodoncia-que-esperar-como-cuidarte\\\/#primaryimage\"},\"thumbnailUrl\":\"https:\\\/\\\/www.belodonte.es\\\/wp-content\\\/uploads\\\/2024\\\/09\\\/primers-dies-amb-ortodoncia.png\",\"articleSection\":[\"Ortod\u00f2ncia\"],\"inLanguage\":\"ca\",\"potentialAction\":[{\"@type\":\"CommentAction\",\"name\":\"Comment\",\"target\":[\"https:\\\/\\\/www.belodonte.es\\\/primeros-dias-con-ortodoncia-que-esperar-como-cuidarte\\\/#respond\"]}]},{\"@type\":\"WebPage\",\"@id\":\"https:\\\/\\\/www.belodonte.es\\\/primeros-dias-con-ortodoncia-que-esperar-como-cuidarte\\\/\",\"url\":\"https:\\\/\\\/www.belodonte.es\\\/primeros-dias-con-ortodoncia-que-esperar-como-cuidarte\\\/\",\"name\":\"Primers dies amb ortod\u00f2ncia: qu\u00e8 esperar i com cuidar-te\",\"isPartOf\":{\"@id\":\"https:\\\/\\\/www.belodonte.es\\\/#website\"},\"primaryImageOfPage\":{\"@id\":\"https:\\\/\\\/www.belodonte.es\\\/primeros-dias-con-ortodoncia-que-esperar-como-cuidarte\\\/#primaryimage\"},\"image\":{\"@id\":\"https:\\\/\\\/www.belodonte.es\\\/primeros-dias-con-ortodoncia-que-esperar-como-cuidarte\\\/#primaryimage\"},\"thumbnailUrl\":\"https:\\\/\\\/www.belodonte.es\\\/wp-content\\\/uploads\\\/2024\\\/09\\\/primers-dies-amb-ortodoncia.png\",\"datePublished\":\"2024-10-29T06:00:00+00:00\",\"description\":\"Els primers dies amb ortod\u00f2ncia poden ser un desafiament, especialment si \u00e9s la primera vegada que uses aparells dentals.\",\"breadcrumb\":{\"@id\":\"https:\\\/\\\/www.belodonte.es\\\/primeros-dias-con-ortodoncia-que-esperar-como-cuidarte\\\/#breadcrumb\"},\"inLanguage\":\"ca\",\"potentialAction\":[{\"@type\":\"ReadAction\",\"target\":[\"https:\\\/\\\/www.belodonte.es\\\/primeros-dias-con-ortodoncia-que-esperar-como-cuidarte\\\/\"]}]},{\"@type\":\"ImageObject\",\"inLanguage\":\"ca\",\"@id\":\"https:\\\/\\\/www.belodonte.es\\\/primeros-dias-con-ortodoncia-que-esperar-como-cuidarte\\\/#primaryimage\",\"url\":\"https:\\\/\\\/www.belodonte.es\\\/wp-content\\\/uploads\\\/2024\\\/09\\\/primers-dies-amb-ortodoncia.png\",\"contentUrl\":\"https:\\\/\\\/www.belodonte.es\\\/wp-content\\\/uploads\\\/2024\\\/09\\\/primers-dies-amb-ortodoncia.png\",\"width\":1200,\"height\":600,\"caption\":\"primers dies amb ortodo\u0300ncia\"},{\"@type\":\"BreadcrumbList\",\"@id\":\"https:\\\/\\\/www.belodonte.es\\\/primeros-dias-con-ortodoncia-que-esperar-como-cuidarte\\\/#breadcrumb\",\"itemListElement\":[{\"@type\":\"ListItem\",\"position\":1,\"name\":\"Portada\",\"item\":\"https:\\\/\\\/www.belodonte.es\\\/\"},{\"@type\":\"ListItem\",\"position\":2,\"name\":\"Primers dies amb ortod\u00f2ncia: qu\u00e8 esperar i com cuidar-te\"}]},{\"@type\":\"WebSite\",\"@id\":\"https:\\\/\\\/www.belodonte.es\\\/#website\",\"url\":\"https:\\\/\\\/www.belodonte.es\\\/\",\"name\":\"Cl\u00ednica Belodonte\",\"description\":\"Cl\u00ednica dental en Barcelona\",\"publisher\":{\"@id\":\"https:\\\/\\\/www.belodonte.es\\\/#organization\"},\"potentialAction\":[{\"@type\":\"SearchAction\",\"target\":{\"@type\":\"EntryPoint\",\"urlTemplate\":\"https:\\\/\\\/www.belodonte.es\\\/?s={search_term_string}\"},\"query-input\":{\"@type\":\"PropertyValueSpecification\",\"valueRequired\":true,\"valueName\":\"search_term_string\"}}],\"inLanguage\":\"ca\"},{\"@type\":\"Organization\",\"@id\":\"https:\\\/\\\/www.belodonte.es\\\/#organization\",\"name\":\"Cl\u00ednica Dental Belodonte\",\"url\":\"https:\\\/\\\/www.belodonte.es\\\/\",\"logo\":{\"@type\":\"ImageObject\",\"inLanguage\":\"ca\",\"@id\":\"https:\\\/\\\/www.belodonte.es\\\/#\\\/schema\\\/logo\\\/image\\\/\",\"url\":\"https:\\\/\\\/www.belodonte.es\\\/wp-content\\\/uploads\\\/2021\\\/10\\\/favicon-clinica-belodonte.png\",\"contentUrl\":\"https:\\\/\\\/www.belodonte.es\\\/wp-content\\\/uploads\\\/2021\\\/10\\\/favicon-clinica-belodonte.png\",\"width\":512,\"height\":512,\"caption\":\"Cl\u00ednica Dental Belodonte\"},\"image\":{\"@id\":\"https:\\\/\\\/www.belodonte.es\\\/#\\\/schema\\\/logo\\\/image\\\/\"}},{\"@type\":\"Person\",\"@id\":\"https:\\\/\\\/www.belodonte.es\\\/#\\\/schema\\\/person\\\/af746658db6c58f111ab4e18a476abcd\",\"name\":\"Cl\u00ednica Belodonte\",\"image\":{\"@type\":\"ImageObject\",\"inLanguage\":\"ca\",\"@id\":\"https:\\\/\\\/secure.gravatar.com\\\/avatar\\\/638e9d8d08bf2340d3d84b2996cdb448289ac0a26b32c99af87880a52287f8b8?s=96&d=mm&r=g\",\"url\":\"https:\\\/\\\/secure.gravatar.com\\\/avatar\\\/638e9d8d08bf2340d3d84b2996cdb448289ac0a26b32c99af87880a52287f8b8?s=96&d=mm&r=g\",\"contentUrl\":\"https:\\\/\\\/secure.gravatar.com\\\/avatar\\\/638e9d8d08bf2340d3d84b2996cdb448289ac0a26b32c99af87880a52287f8b8?s=96&d=mm&r=g\",\"caption\":\"Cl\u00ednica Belodonte\"},\"url\":\"https:\\\/\\\/www.belodonte.es\\\/ca\\\/author\\\/wm_mgc\\\/\"}]}<\/script>\n<!-- \/ Yoast SEO plugin. -->","yoast_head_json":{"title":"Primers dies amb ortod\u00f2ncia: qu\u00e8 esperar i com cuidar-te","description":"Els primers dies amb ortod\u00f2ncia poden ser un desafiament, especialment si \u00e9s la primera vegada que uses aparells dentals.","robots":{"index":"index","follow":"follow","max-snippet":"max-snippet:-1","max-image-preview":"max-image-preview:large","max-video-preview":"max-video-preview:-1"},"canonical":"https:\/\/www.belodonte.es\/primeros-dias-con-ortodoncia-que-esperar-como-cuidarte\/","og_locale":"ca_ES","og_type":"article","og_title":"Primers dies amb ortod\u00f2ncia: qu\u00e8 esperar i com cuidar-te","og_description":"Els primers dies amb ortod\u00f2ncia poden ser un desafiament, especialment si \u00e9s la primera vegada que uses aparells dentals.","og_url":"https:\/\/www.belodonte.es\/primeros-dias-con-ortodoncia-que-esperar-como-cuidarte\/","og_site_name":"Cl\u00ednica Belodonte","article_published_time":"2024-10-29T06:00:00+00:00","og_image":[{"width":1200,"height":600,"url":"https:\/\/www.belodonte.es\/wp-content\/uploads\/2024\/09\/primers-dies-amb-ortodoncia.png","type":"image\/png"}],"author":"Cl\u00ednica Belodonte","twitter_card":"summary_large_image","twitter_misc":{"Written by":"Cl\u00ednica Belodonte","Est. reading time":"4 minutes"},"schema":{"@context":"https:\/\/schema.org","@graph":[{"@type":"Article","@id":"https:\/\/www.belodonte.es\/primeros-dias-con-ortodoncia-que-esperar-como-cuidarte\/#article","isPartOf":{"@id":"https:\/\/www.belodonte.es\/primeros-dias-con-ortodoncia-que-esperar-como-cuidarte\/"},"author":{"name":"Cl\u00ednica Belodonte","@id":"https:\/\/www.belodonte.es\/#\/schema\/person\/af746658db6c58f111ab4e18a476abcd"},"headline":"Primers dies amb ortod\u00f2ncia: qu\u00e8 esperar i com cuidar-te","datePublished":"2024-10-29T06:00:00+00:00","mainEntityOfPage":{"@id":"https:\/\/www.belodonte.es\/primeros-dias-con-ortodoncia-que-esperar-como-cuidarte\/"},"wordCount":856,"commentCount":0,"publisher":{"@id":"https:\/\/www.belodonte.es\/#organization"},"image":{"@id":"https:\/\/www.belodonte.es\/primeros-dias-con-ortodoncia-que-esperar-como-cuidarte\/#primaryimage"},"thumbnailUrl":"https:\/\/www.belodonte.es\/wp-content\/uploads\/2024\/09\/primers-dies-amb-ortodoncia.png","articleSection":["Ortod\u00f2ncia"],"inLanguage":"ca","potentialAction":[{"@type":"CommentAction","name":"Comment","target":["https:\/\/www.belodonte.es\/primeros-dias-con-ortodoncia-que-esperar-como-cuidarte\/#respond"]}]},{"@type":"WebPage","@id":"https:\/\/www.belodonte.es\/primeros-dias-con-ortodoncia-que-esperar-como-cuidarte\/","url":"https:\/\/www.belodonte.es\/primeros-dias-con-ortodoncia-que-esperar-como-cuidarte\/","name":"Primers dies amb ortod\u00f2ncia: qu\u00e8 esperar i com cuidar-te","isPartOf":{"@id":"https:\/\/www.belodonte.es\/#website"},"primaryImageOfPage":{"@id":"https:\/\/www.belodonte.es\/primeros-dias-con-ortodoncia-que-esperar-como-cuidarte\/#primaryimage"},"image":{"@id":"https:\/\/www.belodonte.es\/primeros-dias-con-ortodoncia-que-esperar-como-cuidarte\/#primaryimage"},"thumbnailUrl":"https:\/\/www.belodonte.es\/wp-content\/uploads\/2024\/09\/primers-dies-amb-ortodoncia.png","datePublished":"2024-10-29T06:00:00+00:00","description":"Els primers dies amb ortod\u00f2ncia poden ser un desafiament, especialment si \u00e9s la primera vegada que uses aparells dentals.","breadcrumb":{"@id":"https:\/\/www.belodonte.es\/primeros-dias-con-ortodoncia-que-esperar-como-cuidarte\/#breadcrumb"},"inLanguage":"ca","potentialAction":[{"@type":"ReadAction","target":["https:\/\/www.belodonte.es\/primeros-dias-con-ortodoncia-que-esperar-como-cuidarte\/"]}]},{"@type":"ImageObject","inLanguage":"ca","@id":"https:\/\/www.belodonte.es\/primeros-dias-con-ortodoncia-que-esperar-como-cuidarte\/#primaryimage","url":"https:\/\/www.belodonte.es\/wp-content\/uploads\/2024\/09\/primers-dies-amb-ortodoncia.png","contentUrl":"https:\/\/www.belodonte.es\/wp-content\/uploads\/2024\/09\/primers-dies-amb-ortodoncia.png","width":1200,"height":600,"caption":"primers dies amb ortodo\u0300ncia"},{"@type":"BreadcrumbList","@id":"https:\/\/www.belodonte.es\/primeros-dias-con-ortodoncia-que-esperar-como-cuidarte\/#breadcrumb","itemListElement":[{"@type":"ListItem","position":1,"name":"Portada","item":"https:\/\/www.belodonte.es\/"},{"@type":"ListItem","position":2,"name":"Primers dies amb ortod\u00f2ncia: qu\u00e8 esperar i com cuidar-te"}]},{"@type":"WebSite","@id":"https:\/\/www.belodonte.es\/#website","url":"https:\/\/www.belodonte.es\/","name":"Cl\u00ednica Belodonte","description":"Cl\u00ednica dental en Barcelona","publisher":{"@id":"https:\/\/www.belodonte.es\/#organization"},"potentialAction":[{"@type":"SearchAction","target":{"@type":"EntryPoint","urlTemplate":"https:\/\/www.belodonte.es\/?s={search_term_string}"},"query-input":{"@type":"PropertyValueSpecification","valueRequired":true,"valueName":"search_term_string"}}],"inLanguage":"ca"},{"@type":"Organization","@id":"https:\/\/www.belodonte.es\/#organization","name":"Cl\u00ednica Dental Belodonte","url":"https:\/\/www.belodonte.es\/","logo":{"@type":"ImageObject","inLanguage":"ca","@id":"https:\/\/www.belodonte.es\/#\/schema\/logo\/image\/","url":"https:\/\/www.belodonte.es\/wp-content\/uploads\/2021\/10\/favicon-clinica-belodonte.png","contentUrl":"https:\/\/www.belodonte.es\/wp-content\/uploads\/2021\/10\/favicon-clinica-belodonte.png","width":512,"height":512,"caption":"Cl\u00ednica Dental Belodonte"},"image":{"@id":"https:\/\/www.belodonte.es\/#\/schema\/logo\/image\/"}},{"@type":"Person","@id":"https:\/\/www.belodonte.es\/#\/schema\/person\/af746658db6c58f111ab4e18a476abcd","name":"Cl\u00ednica Belodonte","image":{"@type":"ImageObject","inLanguage":"ca","@id":"https:\/\/secure.gravatar.com\/avatar\/638e9d8d08bf2340d3d84b2996cdb448289ac0a26b32c99af87880a52287f8b8?s=96&d=mm&r=g","url":"https:\/\/secure.gravatar.com\/avatar\/638e9d8d08bf2340d3d84b2996cdb448289ac0a26b32c99af87880a52287f8b8?s=96&d=mm&r=g","contentUrl":"https:\/\/secure.gravatar.com\/avatar\/638e9d8d08bf2340d3d84b2996cdb448289ac0a26b32c99af87880a52287f8b8?s=96&d=mm&r=g","caption":"Cl\u00ednica Belodonte"},"url":"https:\/\/www.belodonte.es\/ca\/author\/wm_mgc\/"}]}},"_links":{"self":[{"href":"https:\/\/www.belodonte.es\/ca\/wp-json\/wp\/v2\/posts\/5639","targetHints":{"allow":["GET"]}}],"collection":[{"href":"https:\/\/www.belodonte.es\/ca\/wp-json\/wp\/v2\/posts"}],"about":[{"href":"https:\/\/www.belodonte.es\/ca\/wp-json\/wp\/v2\/types\/post"}],"author":[{"embeddable":true,"href":"https:\/\/www.belodonte.es\/ca\/wp-json\/wp\/v2\/users\/3"}],"replies":[{"embeddable":true,"href":"https:\/\/www.belodonte.es\/ca\/wp-json\/wp\/v2\/comments?post=5639"}],"version-history":[{"count":1,"href":"https:\/\/www.belodonte.es\/ca\/wp-json\/wp\/v2\/posts\/5639\/revisions"}],"predecessor-version":[{"id":5643,"href":"https:\/\/www.belodonte.es\/ca\/wp-json\/wp\/v2\/posts\/5639\/revisions\/5643"}],"wp:featuredmedia":[{"embeddable":true,"href":"https:\/\/www.belodonte.es\/ca\/wp-json\/wp\/v2\/media\/5641"}],"wp:attachment":[{"href":"https:\/\/www.belodonte.es\/ca\/wp-json\/wp\/v2\/media?parent=5639"}],"wp:term":[{"taxonomy":"category","embeddable":true,"href":"https:\/\/www.belodonte.es\/ca\/wp-json\/wp\/v2\/categories?post=5639"},{"taxonomy":"post_tag","embeddable":true,"href":"https:\/\/www.belodonte.es\/ca\/wp-json\/wp\/v2\/tags?post=5639"}],"curies":[{"name":"wp","href":"https:\/\/api.w.org\/{rel}","templated":true}]}}