{"id":5631,"date":"2024-10-22T06:00:00","date_gmt":"2024-10-22T06:00:00","guid":{"rendered":"https:\/\/www.belodonte.es\/?p=5631"},"modified":"2024-09-18T10:51:31","modified_gmt":"2024-09-18T10:51:31","slug":"segona-ortodoncia-quan-com-es-realitza","status":"publish","type":"post","link":"https:\/\/www.belodonte.es\/ca\/segona-ortodoncia-quan-com-es-realitza\/","title":{"rendered":"Segona ortod\u00f2ncia: quan i com \u00e9s realitza?"},"content":{"rendered":"\n<p>L&#8217;<a href=\"https:\/\/www.belodonte.es\/ca\/ortodoncia\/\">ortod\u00f2ncia<\/a> \u00e9s una branca de l&#8217;odontologia dedicada a corregir les dents i mand\u00edbules desalineades. Encara que moltes persones se sotmeten al seu primer tractament ortod\u00f2ntic en l&#8217;adolesc\u00e8ncia, en alguns casos pot ser necessari una <strong>segona ortod\u00f2ncia.<\/strong><\/p>\n\n\n\n<p>Des de <strong>Cl\u00ednica Belodonte, <a href=\"https:\/\/www.belodonte.es\/ca\/ortodoncia\/\" target=\"_blank\" rel=\"noreferrer noopener\">experts en Ortod\u00f2ncia a Barcelona<\/a><\/strong>, explicarem quan \u00e9s necess\u00e0ria una segona ortod\u00f2ncia, com funciona i quins resultats i beneficis pot oferir.<\/p>\n\n\n\n<h2 class=\"wp-block-heading\">Quan \u00e9s necess\u00e0ria una segona ortod\u00f2ncia?<\/h2>\n\n\n\n<p>En els seg\u00fcents casos:<\/p>\n\n\n\n<h3 class=\"wp-block-heading\">Canvis en l&#8217;estructura dental<\/h3>\n\n\n\n<p>Al llarg de la vida, les dents i la mand\u00edbula poden experimentar canvis significatius. Aquests poden deure&#8217;s a factors naturals com el desgast dental, la p\u00e8rdua de dents o canvis en l&#8217;estructura \u00f2ssia. En alguns casos, aquests canvis poden alterar l&#8217;alineaci\u00f3 dental i causar problemes que no s&#8217;havien presentat anteriorment, la qual cosa pot fer necess\u00e0ria una segona ortod\u00f2ncia.<\/p>\n\n\n\n<h3 class=\"wp-block-heading\">Problemes no resolts de la primera ortod\u00f2ncia<\/h3>\n\n\n\n<p>A vegades, malgrat haver completat un tractament d&#8217;ortod\u00f2ncia en l&#8217;adolesc\u00e8ncia, alguns problemes poden no haver estat completament resolts. Aix\u00f2 pot ser degut a una falta de col\u00b7laboraci\u00f3 durant el tractament inicial o a problemes que es van desenvolupar posteriorment. En aquests casos, una segona ortod\u00f2ncia pot ser necess\u00e0ria per a corregir aquests problemes i obtenir els resultats desitjats.<\/p>\n\n\n\n<p>A m\u00e9s dels problemes anteriorment esmentats, altres factors com l&#8217;h\u00e0bit d&#8217;estr\u00e8nyer les dents, la p\u00e8rdua de dents o problemes en la mossegada poden requerir una segona ortod\u00f2ncia. L&#8217;avaluaci\u00f3 peri\u00f2dica amb el ortodontista \u00e9s crucial per a identificar aquests problemes a temps i determinar la necessitat d&#8217;un nou tractament.<\/p>\n\n\n\n<h2 class=\"wp-block-heading\">Com funciona una segona ortod\u00f2ncia?<\/h2>\n\n\n\n<p>Es duen a terme els seg\u00fcents passos:<\/p>\n\n\n\n<h3 class=\"wp-block-heading\">Avaluaci\u00f3 inicial<\/h3>\n\n\n\n<p>El proc\u00e9s d&#8217;una segona ortod\u00f2ncia comen\u00e7a amb una avaluaci\u00f3 completa de la situaci\u00f3 dental actual. Aix\u00f2 inclou radiografies, fotografies i un examen f\u00edsic per a analitzar l&#8217;alineaci\u00f3 de les dents i l&#8217;estructura de la mand\u00edbula. El ortodontista avaluar\u00e0 els resultats del tractament previ i els canvis recents per a planificar el tractament adequat.<\/p>\n\n\n\n<h3 class=\"wp-block-heading\">Planificaci\u00f3 del tractament<\/h3>\n\n\n\n<p>Basat en l&#8217;avaluaci\u00f3, es desenvolupa un pla de tractament personalitzat. Aquest pla pot incloure l&#8217;\u00fas de brackets tradicionals, alineadors invisibles o una combinaci\u00f3 de tots dos. El ortodontista determinar\u00e0 la millor opci\u00f3 segons les necessitats espec\u00edfiques del pacient i el tipus de problema dental que s&#8217;ha de corregir.<\/p>\n\n\n\n<h3 class=\"wp-block-heading\">Aplicaci\u00f3 dels dispositius ortod\u00f2ntics<\/h3>\n\n\n\n<p>L&#8217;aplicaci\u00f3 d&#8217;una segona ortod\u00f2ncia implica la col\u00b7locaci\u00f3 dels dispositius ortod\u00f2ntics seleccionats. Els brackets es fixen a les dents i es connecten mitjan\u00e7ant filferros que s&#8217;ajusten peri\u00f2dicament per a moure les dents a les seves posicions correctes. En el cas dels alineadors invisibles, s&#8217;utilitzaran diferents jocs d&#8217;alineadors que es canviaran segons un calendari establert.<\/p>\n\n\n\n<h2 class=\"wp-block-heading\">Resultats i beneficis de la segona ortod\u00f2ncia<\/h2>\n\n\n\n<p>Alguns s\u00f3n:<\/p>\n\n\n\n<h3 class=\"wp-block-heading\">Millora en l&#8217;est\u00e8tica dental<\/h3>\n\n\n\n<p>Un dels principals beneficis d&#8217;una segona ortod\u00f2ncia \u00e9s la millora en l&#8217;aparen\u00e7a de les dents. L&#8217;alineaci\u00f3 correcta de les dents no sols millora l&#8217;est\u00e8tica, sin\u00f3 que tamb\u00e9 pot augmentar la confian\u00e7a en un mateix. Un resultat positiu pot tenir un impacte significatiu en l&#8217;autoestima del pacient.<\/p>\n\n\n\n<h3 class=\"wp-block-heading\">Correcci\u00f3 de problemes funcionals<\/h3>\n\n\n\n<p>A m\u00e9s dels beneficis est\u00e8tics, una segona ortod\u00f2ncia pot corregir problemes funcionals com la dificultat per a mastegar, problemes de mossegada o dolor en la mand\u00edbula. Aquests problemes poden afectar la qualitat de vida i la salut general, per la qual cosa corregir-los pot oferir un alleujament considerable.<\/p>\n\n\n\n<h3 class=\"wp-block-heading\">Prevenci\u00f3 de problemes futurs<\/h3>\n\n\n\n<p>Realitzar una segona ortod\u00f2ncia tamb\u00e9 pot ajudar a prevenir futurs problemes dentals. Una correcta alineaci\u00f3 de les dents pot facilitar una millor higiene oral, reduint el risc de c\u00e0ries i malalties periodontals. A m\u00e9s, pot prevenir el desgast irregular de les dents i altres problemes relacionats.<\/p>\n\n\n\n<h3 class=\"wp-block-heading\">Durabilitat i efici\u00e8ncia<\/h3>\n\n\n\n<p>Els avan\u00e7os en la tecnologia ortod\u00f2ntica han millorat significativament l&#8217;efici\u00e8ncia i durabilitat dels tractaments. Els nous materials i t\u00e8cniques permeten un tractament m\u00e9s r\u00e0pid i c\u00f2mode, amb resultats m\u00e9s predictibles i duradors.<\/p>\n\n\n\n<p>En conclusi\u00f3, una segona ortod\u00f2ncia pot ser una soluci\u00f3 efica\u00e7 per a problemes dentals que no es van resoldre amb el primer tractament. Ja sigui per a millorar l&#8217;est\u00e8tica, corregir problemes funcionals o prevenir futurs problemes, consultar a un ortodontista per a avaluar la necessitat d&#8217;una segona ortod\u00f2ncia pot ser el primer pas cap a un somriure m\u00e9s saludable i confiada.<\/p>\n\n\n\n<p>En Cl\u00ednica Belodonte disposem de serveis d&#8217;Ortod\u00f2ncia. Per a m\u00e9s informaci\u00f3 o consultar-nos un cas, no dubteu a<strong><a href=\"https:\/\/www.belodonte.es\/ca\/contacte\/\" target=\"_blank\" rel=\"noreferrer noopener\"> posar-vos en contacte amb nosaltres.<\/a><\/strong><\/p>\n","protected":false},"excerpt":{"rendered":"<p>L&#8217;ortod\u00f2ncia \u00e9s una branca de l&#8217;odontologia dedicada a corregir les dents i mand\u00edbules desalineades. Encara que moltes persones se sotmeten al seu primer tractament ortod\u00f2ntic en l&#8217;adolesc\u00e8ncia, en alguns casos pot ser necessari una segona ortod\u00f2ncia. Des de Cl\u00ednica Belodonte, [&hellip;]<\/p>\n","protected":false},"author":3,"featured_media":5632,"comment_status":"open","ping_status":"open","sticky":false,"template":"","format":"standard","meta":{"site-sidebar-layout":"default","site-content-layout":"","ast-site-content-layout":"default","site-content-style":"default","site-sidebar-style":"default","ast-global-header-display":"","ast-banner-title-visibility":"","ast-main-header-display":"","ast-hfb-above-header-display":"","ast-hfb-below-header-display":"","ast-hfb-mobile-header-display":"","site-post-title":"","ast-breadcrumbs-content":"","ast-featured-img":"","footer-sml-layout":"","ast-disable-related-posts":"","theme-transparent-header-meta":"","adv-header-id-meta":"","stick-header-meta":"","header-above-stick-meta":"","header-main-stick-meta":"","header-below-stick-meta":"","astra-migrate-meta-layouts":"set","ast-page-background-enabled":"default","ast-page-background-meta":{"desktop":{"background-color":"","background-image":"","background-repeat":"repeat","background-position":"center center","background-size":"auto","background-attachment":"scroll","background-type":"","background-media":"","overlay-type":"","overlay-color":"","overlay-opacity":"","overlay-gradient":""},"tablet":{"background-color":"","background-image":"","background-repeat":"repeat","background-position":"center center","background-size":"auto","background-attachment":"scroll","background-type":"","background-media":"","overlay-type":"","overlay-color":"","overlay-opacity":"","overlay-gradient":""},"mobile":{"background-color":"","background-image":"","background-repeat":"repeat","background-position":"center center","background-size":"auto","background-attachment":"scroll","background-type":"","background-media":"","overlay-type":"","overlay-color":"","overlay-opacity":"","overlay-gradient":""}},"ast-content-background-meta":{"desktop":{"background-color":"var(--ast-global-color-5)","background-image":"","background-repeat":"repeat","background-position":"center center","background-size":"auto","background-attachment":"scroll","background-type":"","background-media":"","overlay-type":"","overlay-color":"","overlay-opacity":"","overlay-gradient":""},"tablet":{"background-color":"var(--ast-global-color-5)","background-image":"","background-repeat":"repeat","background-position":"center center","background-size":"auto","background-attachment":"scroll","background-type":"","background-media":"","overlay-type":"","overlay-color":"","overlay-opacity":"","overlay-gradient":""},"mobile":{"background-color":"var(--ast-global-color-5)","background-image":"","background-repeat":"repeat","background-position":"center center","background-size":"auto","background-attachment":"scroll","background-type":"","background-media":"","overlay-type":"","overlay-color":"","overlay-opacity":"","overlay-gradient":""}},"footnotes":""},"categories":[19],"tags":[],"class_list":["post-5631","post","type-post","status-publish","format-standard","has-post-thumbnail","hentry","category-ortodoncia-2"],"yoast_head":"<!-- This site is optimized with the Yoast SEO plugin v27.4 - https:\/\/yoast.com\/product\/yoast-seo-wordpress\/ -->\n<title>Segona ortod\u00f2ncia: quan i com \u00e9s realitza?<\/title>\n<meta name=\"description\" content=\"Moltes persones se sotmeten al seu primer tractament ortod\u00f2ntic en l&#039;adolesc\u00e8ncia, en alguns casos pot ser necessari una segona ortod\u00f2ncia.\" \/>\n<meta name=\"robots\" content=\"index, follow, max-snippet:-1, max-image-preview:large, max-video-preview:-1\" \/>\n<link rel=\"canonical\" href=\"https:\/\/www.belodonte.es\/cuando-como-se-realiza\/\" \/>\n<meta property=\"og:locale\" content=\"ca_ES\" \/>\n<meta property=\"og:type\" content=\"article\" \/>\n<meta property=\"og:title\" content=\"Segona ortod\u00f2ncia: quan i com \u00e9s realitza?\" \/>\n<meta property=\"og:description\" content=\"Moltes persones se sotmeten al seu primer tractament ortod\u00f2ntic en l&#039;adolesc\u00e8ncia, en alguns casos pot ser necessari una segona ortod\u00f2ncia.\" \/>\n<meta property=\"og:url\" content=\"https:\/\/www.belodonte.es\/cuando-como-se-realiza\/\" \/>\n<meta property=\"og:site_name\" content=\"Cl\u00ednica Belodonte\" \/>\n<meta property=\"article:published_time\" content=\"2024-10-22T06:00:00+00:00\" \/>\n<meta property=\"og:image\" content=\"https:\/\/www.belodonte.es\/wp-content\/uploads\/2024\/09\/segona-ortodoncia.png\" \/>\n\t<meta property=\"og:image:width\" content=\"1200\" \/>\n\t<meta property=\"og:image:height\" content=\"600\" \/>\n\t<meta property=\"og:image:type\" content=\"image\/png\" \/>\n<meta name=\"author\" content=\"Cl\u00ednica Belodonte\" \/>\n<meta name=\"twitter:card\" content=\"summary_large_image\" \/>\n<meta name=\"twitter:label1\" content=\"Written by\" \/>\n\t<meta name=\"twitter:data1\" content=\"Cl\u00ednica Belodonte\" \/>\n\t<meta name=\"twitter:label2\" content=\"Est. reading time\" \/>\n\t<meta name=\"twitter:data2\" content=\"4 minutes\" \/>\n<script type=\"application\/ld+json\" class=\"yoast-schema-graph\">{\"@context\":\"https:\\\/\\\/schema.org\",\"@graph\":[{\"@type\":\"Article\",\"@id\":\"https:\\\/\\\/www.belodonte.es\\\/cuando-como-se-realiza\\\/#article\",\"isPartOf\":{\"@id\":\"https:\\\/\\\/www.belodonte.es\\\/cuando-como-se-realiza\\\/\"},\"author\":{\"name\":\"Cl\u00ednica Belodonte\",\"@id\":\"https:\\\/\\\/www.belodonte.es\\\/#\\\/schema\\\/person\\\/af746658db6c58f111ab4e18a476abcd\"},\"headline\":\"Segona ortod\u00f2ncia: quan i com \u00e9s realitza?\",\"datePublished\":\"2024-10-22T06:00:00+00:00\",\"mainEntityOfPage\":{\"@id\":\"https:\\\/\\\/www.belodonte.es\\\/cuando-como-se-realiza\\\/\"},\"wordCount\":783,\"commentCount\":0,\"publisher\":{\"@id\":\"https:\\\/\\\/www.belodonte.es\\\/#organization\"},\"image\":{\"@id\":\"https:\\\/\\\/www.belodonte.es\\\/cuando-como-se-realiza\\\/#primaryimage\"},\"thumbnailUrl\":\"https:\\\/\\\/www.belodonte.es\\\/wp-content\\\/uploads\\\/2024\\\/09\\\/segona-ortodoncia.png\",\"articleSection\":[\"Ortod\u00f2ncia\"],\"inLanguage\":\"ca\",\"potentialAction\":[{\"@type\":\"CommentAction\",\"name\":\"Comment\",\"target\":[\"https:\\\/\\\/www.belodonte.es\\\/cuando-como-se-realiza\\\/#respond\"]}]},{\"@type\":\"WebPage\",\"@id\":\"https:\\\/\\\/www.belodonte.es\\\/cuando-como-se-realiza\\\/\",\"url\":\"https:\\\/\\\/www.belodonte.es\\\/cuando-como-se-realiza\\\/\",\"name\":\"Segona ortod\u00f2ncia: quan i com \u00e9s realitza?\",\"isPartOf\":{\"@id\":\"https:\\\/\\\/www.belodonte.es\\\/#website\"},\"primaryImageOfPage\":{\"@id\":\"https:\\\/\\\/www.belodonte.es\\\/cuando-como-se-realiza\\\/#primaryimage\"},\"image\":{\"@id\":\"https:\\\/\\\/www.belodonte.es\\\/cuando-como-se-realiza\\\/#primaryimage\"},\"thumbnailUrl\":\"https:\\\/\\\/www.belodonte.es\\\/wp-content\\\/uploads\\\/2024\\\/09\\\/segona-ortodoncia.png\",\"datePublished\":\"2024-10-22T06:00:00+00:00\",\"description\":\"Moltes persones se sotmeten al seu primer tractament ortod\u00f2ntic en l'adolesc\u00e8ncia, en alguns casos pot ser necessari una segona ortod\u00f2ncia.\",\"breadcrumb\":{\"@id\":\"https:\\\/\\\/www.belodonte.es\\\/cuando-como-se-realiza\\\/#breadcrumb\"},\"inLanguage\":\"ca\",\"potentialAction\":[{\"@type\":\"ReadAction\",\"target\":[\"https:\\\/\\\/www.belodonte.es\\\/cuando-como-se-realiza\\\/\"]}]},{\"@type\":\"ImageObject\",\"inLanguage\":\"ca\",\"@id\":\"https:\\\/\\\/www.belodonte.es\\\/cuando-como-se-realiza\\\/#primaryimage\",\"url\":\"https:\\\/\\\/www.belodonte.es\\\/wp-content\\\/uploads\\\/2024\\\/09\\\/segona-ortodoncia.png\",\"contentUrl\":\"https:\\\/\\\/www.belodonte.es\\\/wp-content\\\/uploads\\\/2024\\\/09\\\/segona-ortodoncia.png\",\"width\":1200,\"height\":600,\"caption\":\"segona ortod\u00f2ncia\"},{\"@type\":\"BreadcrumbList\",\"@id\":\"https:\\\/\\\/www.belodonte.es\\\/cuando-como-se-realiza\\\/#breadcrumb\",\"itemListElement\":[{\"@type\":\"ListItem\",\"position\":1,\"name\":\"Portada\",\"item\":\"https:\\\/\\\/www.belodonte.es\\\/\"},{\"@type\":\"ListItem\",\"position\":2,\"name\":\"Segona ortod\u00f2ncia: quan i com \u00e9s realitza?\"}]},{\"@type\":\"WebSite\",\"@id\":\"https:\\\/\\\/www.belodonte.es\\\/#website\",\"url\":\"https:\\\/\\\/www.belodonte.es\\\/\",\"name\":\"Cl\u00ednica Belodonte\",\"description\":\"Cl\u00ednica dental en Barcelona\",\"publisher\":{\"@id\":\"https:\\\/\\\/www.belodonte.es\\\/#organization\"},\"potentialAction\":[{\"@type\":\"SearchAction\",\"target\":{\"@type\":\"EntryPoint\",\"urlTemplate\":\"https:\\\/\\\/www.belodonte.es\\\/?s={search_term_string}\"},\"query-input\":{\"@type\":\"PropertyValueSpecification\",\"valueRequired\":true,\"valueName\":\"search_term_string\"}}],\"inLanguage\":\"ca\"},{\"@type\":\"Organization\",\"@id\":\"https:\\\/\\\/www.belodonte.es\\\/#organization\",\"name\":\"Cl\u00ednica Dental Belodonte\",\"url\":\"https:\\\/\\\/www.belodonte.es\\\/\",\"logo\":{\"@type\":\"ImageObject\",\"inLanguage\":\"ca\",\"@id\":\"https:\\\/\\\/www.belodonte.es\\\/#\\\/schema\\\/logo\\\/image\\\/\",\"url\":\"https:\\\/\\\/www.belodonte.es\\\/wp-content\\\/uploads\\\/2021\\\/10\\\/favicon-clinica-belodonte.png\",\"contentUrl\":\"https:\\\/\\\/www.belodonte.es\\\/wp-content\\\/uploads\\\/2021\\\/10\\\/favicon-clinica-belodonte.png\",\"width\":512,\"height\":512,\"caption\":\"Cl\u00ednica Dental Belodonte\"},\"image\":{\"@id\":\"https:\\\/\\\/www.belodonte.es\\\/#\\\/schema\\\/logo\\\/image\\\/\"}},{\"@type\":\"Person\",\"@id\":\"https:\\\/\\\/www.belodonte.es\\\/#\\\/schema\\\/person\\\/af746658db6c58f111ab4e18a476abcd\",\"name\":\"Cl\u00ednica Belodonte\",\"image\":{\"@type\":\"ImageObject\",\"inLanguage\":\"ca\",\"@id\":\"https:\\\/\\\/secure.gravatar.com\\\/avatar\\\/638e9d8d08bf2340d3d84b2996cdb448289ac0a26b32c99af87880a52287f8b8?s=96&d=mm&r=g\",\"url\":\"https:\\\/\\\/secure.gravatar.com\\\/avatar\\\/638e9d8d08bf2340d3d84b2996cdb448289ac0a26b32c99af87880a52287f8b8?s=96&d=mm&r=g\",\"contentUrl\":\"https:\\\/\\\/secure.gravatar.com\\\/avatar\\\/638e9d8d08bf2340d3d84b2996cdb448289ac0a26b32c99af87880a52287f8b8?s=96&d=mm&r=g\",\"caption\":\"Cl\u00ednica Belodonte\"},\"url\":\"https:\\\/\\\/www.belodonte.es\\\/ca\\\/author\\\/wm_mgc\\\/\"}]}<\/script>\n<!-- \/ Yoast SEO plugin. -->","yoast_head_json":{"title":"Segona ortod\u00f2ncia: quan i com \u00e9s realitza?","description":"Moltes persones se sotmeten al seu primer tractament ortod\u00f2ntic en l'adolesc\u00e8ncia, en alguns casos pot ser necessari una segona ortod\u00f2ncia.","robots":{"index":"index","follow":"follow","max-snippet":"max-snippet:-1","max-image-preview":"max-image-preview:large","max-video-preview":"max-video-preview:-1"},"canonical":"https:\/\/www.belodonte.es\/cuando-como-se-realiza\/","og_locale":"ca_ES","og_type":"article","og_title":"Segona ortod\u00f2ncia: quan i com \u00e9s realitza?","og_description":"Moltes persones se sotmeten al seu primer tractament ortod\u00f2ntic en l'adolesc\u00e8ncia, en alguns casos pot ser necessari una segona ortod\u00f2ncia.","og_url":"https:\/\/www.belodonte.es\/cuando-como-se-realiza\/","og_site_name":"Cl\u00ednica Belodonte","article_published_time":"2024-10-22T06:00:00+00:00","og_image":[{"width":1200,"height":600,"url":"https:\/\/www.belodonte.es\/wp-content\/uploads\/2024\/09\/segona-ortodoncia.png","type":"image\/png"}],"author":"Cl\u00ednica Belodonte","twitter_card":"summary_large_image","twitter_misc":{"Written by":"Cl\u00ednica Belodonte","Est. reading time":"4 minutes"},"schema":{"@context":"https:\/\/schema.org","@graph":[{"@type":"Article","@id":"https:\/\/www.belodonte.es\/cuando-como-se-realiza\/#article","isPartOf":{"@id":"https:\/\/www.belodonte.es\/cuando-como-se-realiza\/"},"author":{"name":"Cl\u00ednica Belodonte","@id":"https:\/\/www.belodonte.es\/#\/schema\/person\/af746658db6c58f111ab4e18a476abcd"},"headline":"Segona ortod\u00f2ncia: quan i com \u00e9s realitza?","datePublished":"2024-10-22T06:00:00+00:00","mainEntityOfPage":{"@id":"https:\/\/www.belodonte.es\/cuando-como-se-realiza\/"},"wordCount":783,"commentCount":0,"publisher":{"@id":"https:\/\/www.belodonte.es\/#organization"},"image":{"@id":"https:\/\/www.belodonte.es\/cuando-como-se-realiza\/#primaryimage"},"thumbnailUrl":"https:\/\/www.belodonte.es\/wp-content\/uploads\/2024\/09\/segona-ortodoncia.png","articleSection":["Ortod\u00f2ncia"],"inLanguage":"ca","potentialAction":[{"@type":"CommentAction","name":"Comment","target":["https:\/\/www.belodonte.es\/cuando-como-se-realiza\/#respond"]}]},{"@type":"WebPage","@id":"https:\/\/www.belodonte.es\/cuando-como-se-realiza\/","url":"https:\/\/www.belodonte.es\/cuando-como-se-realiza\/","name":"Segona ortod\u00f2ncia: quan i com \u00e9s realitza?","isPartOf":{"@id":"https:\/\/www.belodonte.es\/#website"},"primaryImageOfPage":{"@id":"https:\/\/www.belodonte.es\/cuando-como-se-realiza\/#primaryimage"},"image":{"@id":"https:\/\/www.belodonte.es\/cuando-como-se-realiza\/#primaryimage"},"thumbnailUrl":"https:\/\/www.belodonte.es\/wp-content\/uploads\/2024\/09\/segona-ortodoncia.png","datePublished":"2024-10-22T06:00:00+00:00","description":"Moltes persones se sotmeten al seu primer tractament ortod\u00f2ntic en l'adolesc\u00e8ncia, en alguns casos pot ser necessari una segona ortod\u00f2ncia.","breadcrumb":{"@id":"https:\/\/www.belodonte.es\/cuando-como-se-realiza\/#breadcrumb"},"inLanguage":"ca","potentialAction":[{"@type":"ReadAction","target":["https:\/\/www.belodonte.es\/cuando-como-se-realiza\/"]}]},{"@type":"ImageObject","inLanguage":"ca","@id":"https:\/\/www.belodonte.es\/cuando-como-se-realiza\/#primaryimage","url":"https:\/\/www.belodonte.es\/wp-content\/uploads\/2024\/09\/segona-ortodoncia.png","contentUrl":"https:\/\/www.belodonte.es\/wp-content\/uploads\/2024\/09\/segona-ortodoncia.png","width":1200,"height":600,"caption":"segona ortod\u00f2ncia"},{"@type":"BreadcrumbList","@id":"https:\/\/www.belodonte.es\/cuando-como-se-realiza\/#breadcrumb","itemListElement":[{"@type":"ListItem","position":1,"name":"Portada","item":"https:\/\/www.belodonte.es\/"},{"@type":"ListItem","position":2,"name":"Segona ortod\u00f2ncia: quan i com \u00e9s realitza?"}]},{"@type":"WebSite","@id":"https:\/\/www.belodonte.es\/#website","url":"https:\/\/www.belodonte.es\/","name":"Cl\u00ednica Belodonte","description":"Cl\u00ednica dental en Barcelona","publisher":{"@id":"https:\/\/www.belodonte.es\/#organization"},"potentialAction":[{"@type":"SearchAction","target":{"@type":"EntryPoint","urlTemplate":"https:\/\/www.belodonte.es\/?s={search_term_string}"},"query-input":{"@type":"PropertyValueSpecification","valueRequired":true,"valueName":"search_term_string"}}],"inLanguage":"ca"},{"@type":"Organization","@id":"https:\/\/www.belodonte.es\/#organization","name":"Cl\u00ednica Dental Belodonte","url":"https:\/\/www.belodonte.es\/","logo":{"@type":"ImageObject","inLanguage":"ca","@id":"https:\/\/www.belodonte.es\/#\/schema\/logo\/image\/","url":"https:\/\/www.belodonte.es\/wp-content\/uploads\/2021\/10\/favicon-clinica-belodonte.png","contentUrl":"https:\/\/www.belodonte.es\/wp-content\/uploads\/2021\/10\/favicon-clinica-belodonte.png","width":512,"height":512,"caption":"Cl\u00ednica Dental Belodonte"},"image":{"@id":"https:\/\/www.belodonte.es\/#\/schema\/logo\/image\/"}},{"@type":"Person","@id":"https:\/\/www.belodonte.es\/#\/schema\/person\/af746658db6c58f111ab4e18a476abcd","name":"Cl\u00ednica Belodonte","image":{"@type":"ImageObject","inLanguage":"ca","@id":"https:\/\/secure.gravatar.com\/avatar\/638e9d8d08bf2340d3d84b2996cdb448289ac0a26b32c99af87880a52287f8b8?s=96&d=mm&r=g","url":"https:\/\/secure.gravatar.com\/avatar\/638e9d8d08bf2340d3d84b2996cdb448289ac0a26b32c99af87880a52287f8b8?s=96&d=mm&r=g","contentUrl":"https:\/\/secure.gravatar.com\/avatar\/638e9d8d08bf2340d3d84b2996cdb448289ac0a26b32c99af87880a52287f8b8?s=96&d=mm&r=g","caption":"Cl\u00ednica Belodonte"},"url":"https:\/\/www.belodonte.es\/ca\/author\/wm_mgc\/"}]}},"_links":{"self":[{"href":"https:\/\/www.belodonte.es\/ca\/wp-json\/wp\/v2\/posts\/5631","targetHints":{"allow":["GET"]}}],"collection":[{"href":"https:\/\/www.belodonte.es\/ca\/wp-json\/wp\/v2\/posts"}],"about":[{"href":"https:\/\/www.belodonte.es\/ca\/wp-json\/wp\/v2\/types\/post"}],"author":[{"embeddable":true,"href":"https:\/\/www.belodonte.es\/ca\/wp-json\/wp\/v2\/users\/3"}],"replies":[{"embeddable":true,"href":"https:\/\/www.belodonte.es\/ca\/wp-json\/wp\/v2\/comments?post=5631"}],"version-history":[{"count":1,"href":"https:\/\/www.belodonte.es\/ca\/wp-json\/wp\/v2\/posts\/5631\/revisions"}],"predecessor-version":[{"id":5634,"href":"https:\/\/www.belodonte.es\/ca\/wp-json\/wp\/v2\/posts\/5631\/revisions\/5634"}],"wp:featuredmedia":[{"embeddable":true,"href":"https:\/\/www.belodonte.es\/ca\/wp-json\/wp\/v2\/media\/5632"}],"wp:attachment":[{"href":"https:\/\/www.belodonte.es\/ca\/wp-json\/wp\/v2\/media?parent=5631"}],"wp:term":[{"taxonomy":"category","embeddable":true,"href":"https:\/\/www.belodonte.es\/ca\/wp-json\/wp\/v2\/categories?post=5631"},{"taxonomy":"post_tag","embeddable":true,"href":"https:\/\/www.belodonte.es\/ca\/wp-json\/wp\/v2\/tags?post=5631"}],"curies":[{"name":"wp","href":"https:\/\/api.w.org\/{rel}","templated":true}]}}