{"id":5205,"date":"2024-04-09T06:00:00","date_gmt":"2024-04-09T06:00:00","guid":{"rendered":"https:\/\/www.belodonte.es\/?p=5205"},"modified":"2024-04-03T08:09:20","modified_gmt":"2024-04-03T08:09:20","slug":"emblanquiment-intern-sobre-aquest-tractament","status":"publish","type":"post","link":"https:\/\/www.belodonte.es\/ca\/emblanquiment-intern-sobre-aquest-tractament\/","title":{"rendered":"Emblanquiment intern: sobre aquest tractament"},"content":{"rendered":"\n<p>L&#8217;emblanquiment dental \u00e9s una opci\u00f3 popular per a aquells que desitgen un somriure m\u00e9s brillant i radiant. No obstant aix\u00f2, qu\u00e8 succeeix quan el problema radica en la part interna de la dent? Des de <strong>Cl\u00ednica Belodonte, <a href=\"https:\/\/www.belodonte.es\/ca\/estetica-dental\/\" target=\"_blank\" rel=\"noreferrer noopener\">experts en Est\u00e8tica Dental a Barcelona<\/a><\/strong>, explicarem sobre <strong>l&#8217;emblanquiment intern<\/strong>, les seves aplicacions, efectes, com es duu a terme amb tecnologia d&#8217;avantguarda com LaserSmile, aix\u00ed com els seus beneficis.<\/p>\n\n\n\n<h2 class=\"wp-block-heading\">Per qu\u00e8 l&#8217;emblanquiment intern?<\/h2>\n\n\n\n<p>Es torna necessari quan la descoloraci\u00f3 o taques s&#8217;originen a l&#8217;interior de la dent, en lloc d&#8217;en la seva superf\u00edcie externa. Aquest tipus de descoloraci\u00f3 pot ser causat per diversos factors, com a traumatismes dentals, tractament de conductes radiculars, o la pres\u00e8ncia d&#8217;uns certs materials dentals que poden enfosquir la dent amb el temps.<\/p>\n\n\n\n<p>\u00c9s important destacar que, a difer\u00e8ncia de l&#8217;emblanquiment extern, on s&#8217;utilitza un gel blanquejador aplicat sobre la superf\u00edcie de la dent, l&#8217;emblanquiment intern requereix un enfocament diferent per a aconseguir els resultats desitjats.<\/p>\n\n\n\n<h2 class=\"wp-block-heading\">Efectes de l&#8217;emblanquiment intern<\/h2>\n\n\n\n<p>No sols millora l&#8217;<a href=\"https:\/\/www.belodonte.es\/ca\/estetica-dental\/\">est\u00e8tica dental<\/a>, sin\u00f3 que tamb\u00e9 pot tenir un impacte positiu en la confian\u00e7a i autoestima del pacient. En eliminar les taques i descoloracions internes, s&#8217;assoleix un somriure m\u00e9s brillant i uniforme, la qual cosa pot revitalitzar l&#8217;aparen\u00e7a general del rostre.<\/p>\n\n\n\n<p>A m\u00e9s, pot ser una opci\u00f3 m\u00e9s conservadora que altres tractaments est\u00e8tics, ja que no requereix la remoci\u00f3 d&#8217;estructura dental addicional ni la col\u00b7locaci\u00f3 de carilles. Aix\u00f2 ho converteix en una opci\u00f3 atractiva per a aquells que desitgen millorar el seu somriure sense sotmetre&#8217;s a procediments invasius.<\/p>\n\n\n\n<h2 class=\"wp-block-heading\">Emblanquiment intern amb LaserSmile<\/h2>\n\n\n\n<p>LaserSmile \u00e9s una tecnologia d&#8217;emblanquiment dental que empra un l\u00e0ser de d\u00edode d&#8217;alta energia per a activar el gel blanquejador i accelerar el proc\u00e9s d&#8217;emblanquiment. Aquest sistema innovador permet obtenir resultats m\u00e9s r\u00e0pids i efectius en comparaci\u00f3 amb altres m\u00e8todes convencionals.<\/p>\n\n\n\n<p>El procediment amb LaserSmile comen\u00e7a amb l&#8217;aplicaci\u00f3 d&#8217;un gel blanquejador a l&#8217;interior de la dent afectada. A continuaci\u00f3, s&#8217;usa el l\u00e0ser de d\u00edode per a activar el gel, la qual cosa permet que penetri profundament en la dent i dissolgui les taques i descoloracions.<\/p>\n\n\n\n<p>La precisi\u00f3 i control del l\u00e0ser asseguren que nom\u00e9s es blanquegi l&#8217;\u00e0rea desitjada, minimitzant el risc de sensibilitat dental o altres efectes secundaris. A m\u00e9s, el procediment sol completar-se en una sola sessi\u00f3, la qual cosa el fa convenient per a pacients amb agendes ocupades.<\/p>\n\n\n\n<h2 class=\"wp-block-heading\">Beneficis de l&#8217;emblanquiment intern amb LaserSmile<\/h2>\n\n\n\n<p>Els beneficis s\u00f3n nombrosos. En primer lloc, ofereix resultats visibles de manera r\u00e0pida i eficient, la qual cosa permet als pacients gaudir d&#8217;un somriure m\u00e9s blanc en poc temps. A m\u00e9s, a l&#8217;\u00e9sser un procediment no invasiu, no es requereix anest\u00e8sia ni temps de recuperaci\u00f3, cosa que significa que els pacients poden reprendre les seves activitats quotidianes immediatament.<\/p>\n\n\n\n<p>Un altre benefici important \u00e9s la durabilitat dels resultats. Si es mantenen bons h\u00e0bits d&#8217;higiene oral i s&#8217;eviten subst\u00e0ncies que puguin tornar a tacar les dents, els efectes de l&#8217;emblanquiment intern amb LaserSmile poden perdurar durant anys.<\/p>\n\n\n\n<p>En resum, l&#8217;emblanquiment intern amb LaserSmile \u00e9s una soluci\u00f3 efectiva i segura per a aquells que busquen millorar l&#8217;est\u00e8tica del seu somriure. Amb resultats r\u00e0pids, duradors i m\u00ednims riscos, aquesta tecnologia d&#8217;avantguarda ofereix una manera convenient i de confian\u00e7a d&#8217;obtenir un somriure m\u00e9s brillant i radiant.<\/p>\n\n\n\n<p>En Cl\u00ednica Belodonte disposem de serveis d&#8217;Est\u00e8tica Dental com aquest. Si necessites m\u00e9s informaci\u00f3 o consultar-nos el teu cas, no dubtis a <strong><a href=\"https:\/\/www.belodonte.es\/ca\/contacte\/\">posar-te en contacte<\/a><\/strong> amb nosaltres.<\/p>\n","protected":false},"excerpt":{"rendered":"<p>L&#8217;emblanquiment dental \u00e9s una opci\u00f3 popular per a aquells que desitgen un somriure m\u00e9s brillant i radiant. No obstant aix\u00f2, qu\u00e8 succeeix quan el problema radica en la part interna de la dent? Des de Cl\u00ednica Belodonte, experts en Est\u00e8tica [&hellip;]<\/p>\n","protected":false},"author":3,"featured_media":5206,"comment_status":"closed","ping_status":"open","sticky":false,"template":"","format":"standard","meta":{"site-sidebar-layout":"default","site-content-layout":"","ast-site-content-layout":"default","site-content-style":"default","site-sidebar-style":"default","ast-global-header-display":"","ast-banner-title-visibility":"","ast-main-header-display":"","ast-hfb-above-header-display":"","ast-hfb-below-header-display":"","ast-hfb-mobile-header-display":"","site-post-title":"","ast-breadcrumbs-content":"","ast-featured-img":"","footer-sml-layout":"","ast-disable-related-posts":"","theme-transparent-header-meta":"","adv-header-id-meta":"","stick-header-meta":"","header-above-stick-meta":"","header-main-stick-meta":"","header-below-stick-meta":"","astra-migrate-meta-layouts":"set","ast-page-background-enabled":"default","ast-page-background-meta":{"desktop":{"background-color":"","background-image":"","background-repeat":"repeat","background-position":"center center","background-size":"auto","background-attachment":"scroll","background-type":"","background-media":"","overlay-type":"","overlay-color":"","overlay-opacity":"","overlay-gradient":""},"tablet":{"background-color":"","background-image":"","background-repeat":"repeat","background-position":"center center","background-size":"auto","background-attachment":"scroll","background-type":"","background-media":"","overlay-type":"","overlay-color":"","overlay-opacity":"","overlay-gradient":""},"mobile":{"background-color":"","background-image":"","background-repeat":"repeat","background-position":"center center","background-size":"auto","background-attachment":"scroll","background-type":"","background-media":"","overlay-type":"","overlay-color":"","overlay-opacity":"","overlay-gradient":""}},"ast-content-background-meta":{"desktop":{"background-color":"var(--ast-global-color-5)","background-image":"","background-repeat":"repeat","background-position":"center center","background-size":"auto","background-attachment":"scroll","background-type":"","background-media":"","overlay-type":"","overlay-color":"","overlay-opacity":"","overlay-gradient":""},"tablet":{"background-color":"var(--ast-global-color-5)","background-image":"","background-repeat":"repeat","background-position":"center center","background-size":"auto","background-attachment":"scroll","background-type":"","background-media":"","overlay-type":"","overlay-color":"","overlay-opacity":"","overlay-gradient":""},"mobile":{"background-color":"var(--ast-global-color-5)","background-image":"","background-repeat":"repeat","background-position":"center center","background-size":"auto","background-attachment":"scroll","background-type":"","background-media":"","overlay-type":"","overlay-color":"","overlay-opacity":"","overlay-gradient":""}},"footnotes":""},"categories":[31],"tags":[],"class_list":["post-5205","post","type-post","status-publish","format-standard","has-post-thumbnail","hentry","category-estetica-dental-2"],"yoast_head":"<!-- This site is optimized with the Yoast SEO plugin v27.4 - https:\/\/yoast.com\/product\/yoast-seo-wordpress\/ -->\n<title>Emblanquiment intern: sobre aquest tractament<\/title>\n<meta name=\"description\" content=\"Explicarem sobre l&#039;emblanquiment intern, les seves aplicacions, efectes, com es duu a terme, aix\u00ed com els seus beneficis.\" \/>\n<meta name=\"robots\" content=\"index, follow, max-snippet:-1, max-image-preview:large, max-video-preview:-1\" \/>\n<link rel=\"canonical\" href=\"https:\/\/www.belodonte.es\/blanqueamiento-interno-sobre-este-tratamiento\/\" \/>\n<meta property=\"og:locale\" content=\"ca_ES\" \/>\n<meta property=\"og:type\" content=\"article\" \/>\n<meta property=\"og:title\" content=\"Emblanquiment intern: sobre aquest tractament\" \/>\n<meta property=\"og:description\" content=\"Explicarem sobre l&#039;emblanquiment intern, les seves aplicacions, efectes, com es duu a terme, aix\u00ed com els seus beneficis.\" \/>\n<meta property=\"og:url\" content=\"https:\/\/www.belodonte.es\/blanqueamiento-interno-sobre-este-tratamiento\/\" \/>\n<meta property=\"og:site_name\" content=\"Cl\u00ednica Belodonte\" \/>\n<meta property=\"article:published_time\" content=\"2024-04-09T06:00:00+00:00\" \/>\n<meta property=\"og:image\" content=\"https:\/\/www.belodonte.es\/wp-content\/uploads\/2024\/04\/emblanquiment-intern.png\" \/>\n\t<meta property=\"og:image:width\" content=\"1200\" \/>\n\t<meta property=\"og:image:height\" content=\"600\" \/>\n\t<meta property=\"og:image:type\" content=\"image\/png\" \/>\n<meta name=\"author\" content=\"Cl\u00ednica Belodonte\" \/>\n<meta name=\"twitter:card\" content=\"summary_large_image\" \/>\n<meta name=\"twitter:label1\" content=\"Written by\" \/>\n\t<meta name=\"twitter:data1\" content=\"Cl\u00ednica Belodonte\" \/>\n\t<meta name=\"twitter:label2\" content=\"Est. reading time\" \/>\n\t<meta name=\"twitter:data2\" content=\"3 minutes\" \/>\n<script type=\"application\/ld+json\" class=\"yoast-schema-graph\">{\"@context\":\"https:\\\/\\\/schema.org\",\"@graph\":[{\"@type\":\"Article\",\"@id\":\"https:\\\/\\\/www.belodonte.es\\\/blanqueamiento-interno-sobre-este-tratamiento\\\/#article\",\"isPartOf\":{\"@id\":\"https:\\\/\\\/www.belodonte.es\\\/blanqueamiento-interno-sobre-este-tratamiento\\\/\"},\"author\":{\"name\":\"Cl\u00ednica Belodonte\",\"@id\":\"https:\\\/\\\/www.belodonte.es\\\/#\\\/schema\\\/person\\\/af746658db6c58f111ab4e18a476abcd\"},\"headline\":\"Emblanquiment intern: sobre aquest tractament\",\"datePublished\":\"2024-04-09T06:00:00+00:00\",\"mainEntityOfPage\":{\"@id\":\"https:\\\/\\\/www.belodonte.es\\\/blanqueamiento-interno-sobre-este-tratamiento\\\/\"},\"wordCount\":608,\"publisher\":{\"@id\":\"https:\\\/\\\/www.belodonte.es\\\/#organization\"},\"image\":{\"@id\":\"https:\\\/\\\/www.belodonte.es\\\/blanqueamiento-interno-sobre-este-tratamiento\\\/#primaryimage\"},\"thumbnailUrl\":\"https:\\\/\\\/www.belodonte.es\\\/wp-content\\\/uploads\\\/2024\\\/04\\\/emblanquiment-intern.png\",\"articleSection\":[\"Est\u00e9tica dental\"],\"inLanguage\":\"ca\"},{\"@type\":\"WebPage\",\"@id\":\"https:\\\/\\\/www.belodonte.es\\\/blanqueamiento-interno-sobre-este-tratamiento\\\/\",\"url\":\"https:\\\/\\\/www.belodonte.es\\\/blanqueamiento-interno-sobre-este-tratamiento\\\/\",\"name\":\"Emblanquiment intern: sobre aquest tractament\",\"isPartOf\":{\"@id\":\"https:\\\/\\\/www.belodonte.es\\\/#website\"},\"primaryImageOfPage\":{\"@id\":\"https:\\\/\\\/www.belodonte.es\\\/blanqueamiento-interno-sobre-este-tratamiento\\\/#primaryimage\"},\"image\":{\"@id\":\"https:\\\/\\\/www.belodonte.es\\\/blanqueamiento-interno-sobre-este-tratamiento\\\/#primaryimage\"},\"thumbnailUrl\":\"https:\\\/\\\/www.belodonte.es\\\/wp-content\\\/uploads\\\/2024\\\/04\\\/emblanquiment-intern.png\",\"datePublished\":\"2024-04-09T06:00:00+00:00\",\"description\":\"Explicarem sobre l'emblanquiment intern, les seves aplicacions, efectes, com es duu a terme, aix\u00ed com els seus beneficis.\",\"breadcrumb\":{\"@id\":\"https:\\\/\\\/www.belodonte.es\\\/blanqueamiento-interno-sobre-este-tratamiento\\\/#breadcrumb\"},\"inLanguage\":\"ca\",\"potentialAction\":[{\"@type\":\"ReadAction\",\"target\":[\"https:\\\/\\\/www.belodonte.es\\\/blanqueamiento-interno-sobre-este-tratamiento\\\/\"]}]},{\"@type\":\"ImageObject\",\"inLanguage\":\"ca\",\"@id\":\"https:\\\/\\\/www.belodonte.es\\\/blanqueamiento-interno-sobre-este-tratamiento\\\/#primaryimage\",\"url\":\"https:\\\/\\\/www.belodonte.es\\\/wp-content\\\/uploads\\\/2024\\\/04\\\/emblanquiment-intern.png\",\"contentUrl\":\"https:\\\/\\\/www.belodonte.es\\\/wp-content\\\/uploads\\\/2024\\\/04\\\/emblanquiment-intern.png\",\"width\":1200,\"height\":600,\"caption\":\"emblanquiment-intern\"},{\"@type\":\"BreadcrumbList\",\"@id\":\"https:\\\/\\\/www.belodonte.es\\\/blanqueamiento-interno-sobre-este-tratamiento\\\/#breadcrumb\",\"itemListElement\":[{\"@type\":\"ListItem\",\"position\":1,\"name\":\"Portada\",\"item\":\"https:\\\/\\\/www.belodonte.es\\\/\"},{\"@type\":\"ListItem\",\"position\":2,\"name\":\"Emblanquiment intern: sobre aquest tractament\"}]},{\"@type\":\"WebSite\",\"@id\":\"https:\\\/\\\/www.belodonte.es\\\/#website\",\"url\":\"https:\\\/\\\/www.belodonte.es\\\/\",\"name\":\"Cl\u00ednica Belodonte\",\"description\":\"Cl\u00ednica dental en Barcelona\",\"publisher\":{\"@id\":\"https:\\\/\\\/www.belodonte.es\\\/#organization\"},\"potentialAction\":[{\"@type\":\"SearchAction\",\"target\":{\"@type\":\"EntryPoint\",\"urlTemplate\":\"https:\\\/\\\/www.belodonte.es\\\/?s={search_term_string}\"},\"query-input\":{\"@type\":\"PropertyValueSpecification\",\"valueRequired\":true,\"valueName\":\"search_term_string\"}}],\"inLanguage\":\"ca\"},{\"@type\":\"Organization\",\"@id\":\"https:\\\/\\\/www.belodonte.es\\\/#organization\",\"name\":\"Cl\u00ednica Dental Belodonte\",\"url\":\"https:\\\/\\\/www.belodonte.es\\\/\",\"logo\":{\"@type\":\"ImageObject\",\"inLanguage\":\"ca\",\"@id\":\"https:\\\/\\\/www.belodonte.es\\\/#\\\/schema\\\/logo\\\/image\\\/\",\"url\":\"https:\\\/\\\/www.belodonte.es\\\/wp-content\\\/uploads\\\/2021\\\/10\\\/favicon-clinica-belodonte.png\",\"contentUrl\":\"https:\\\/\\\/www.belodonte.es\\\/wp-content\\\/uploads\\\/2021\\\/10\\\/favicon-clinica-belodonte.png\",\"width\":512,\"height\":512,\"caption\":\"Cl\u00ednica Dental Belodonte\"},\"image\":{\"@id\":\"https:\\\/\\\/www.belodonte.es\\\/#\\\/schema\\\/logo\\\/image\\\/\"}},{\"@type\":\"Person\",\"@id\":\"https:\\\/\\\/www.belodonte.es\\\/#\\\/schema\\\/person\\\/af746658db6c58f111ab4e18a476abcd\",\"name\":\"Cl\u00ednica Belodonte\",\"image\":{\"@type\":\"ImageObject\",\"inLanguage\":\"ca\",\"@id\":\"https:\\\/\\\/secure.gravatar.com\\\/avatar\\\/638e9d8d08bf2340d3d84b2996cdb448289ac0a26b32c99af87880a52287f8b8?s=96&d=mm&r=g\",\"url\":\"https:\\\/\\\/secure.gravatar.com\\\/avatar\\\/638e9d8d08bf2340d3d84b2996cdb448289ac0a26b32c99af87880a52287f8b8?s=96&d=mm&r=g\",\"contentUrl\":\"https:\\\/\\\/secure.gravatar.com\\\/avatar\\\/638e9d8d08bf2340d3d84b2996cdb448289ac0a26b32c99af87880a52287f8b8?s=96&d=mm&r=g\",\"caption\":\"Cl\u00ednica Belodonte\"},\"url\":\"https:\\\/\\\/www.belodonte.es\\\/ca\\\/author\\\/wm_mgc\\\/\"}]}<\/script>\n<!-- \/ Yoast SEO plugin. -->","yoast_head_json":{"title":"Emblanquiment intern: sobre aquest tractament","description":"Explicarem sobre l'emblanquiment intern, les seves aplicacions, efectes, com es duu a terme, aix\u00ed com els seus beneficis.","robots":{"index":"index","follow":"follow","max-snippet":"max-snippet:-1","max-image-preview":"max-image-preview:large","max-video-preview":"max-video-preview:-1"},"canonical":"https:\/\/www.belodonte.es\/blanqueamiento-interno-sobre-este-tratamiento\/","og_locale":"ca_ES","og_type":"article","og_title":"Emblanquiment intern: sobre aquest tractament","og_description":"Explicarem sobre l'emblanquiment intern, les seves aplicacions, efectes, com es duu a terme, aix\u00ed com els seus beneficis.","og_url":"https:\/\/www.belodonte.es\/blanqueamiento-interno-sobre-este-tratamiento\/","og_site_name":"Cl\u00ednica Belodonte","article_published_time":"2024-04-09T06:00:00+00:00","og_image":[{"width":1200,"height":600,"url":"https:\/\/www.belodonte.es\/wp-content\/uploads\/2024\/04\/emblanquiment-intern.png","type":"image\/png"}],"author":"Cl\u00ednica Belodonte","twitter_card":"summary_large_image","twitter_misc":{"Written by":"Cl\u00ednica Belodonte","Est. reading time":"3 minutes"},"schema":{"@context":"https:\/\/schema.org","@graph":[{"@type":"Article","@id":"https:\/\/www.belodonte.es\/blanqueamiento-interno-sobre-este-tratamiento\/#article","isPartOf":{"@id":"https:\/\/www.belodonte.es\/blanqueamiento-interno-sobre-este-tratamiento\/"},"author":{"name":"Cl\u00ednica Belodonte","@id":"https:\/\/www.belodonte.es\/#\/schema\/person\/af746658db6c58f111ab4e18a476abcd"},"headline":"Emblanquiment intern: sobre aquest tractament","datePublished":"2024-04-09T06:00:00+00:00","mainEntityOfPage":{"@id":"https:\/\/www.belodonte.es\/blanqueamiento-interno-sobre-este-tratamiento\/"},"wordCount":608,"publisher":{"@id":"https:\/\/www.belodonte.es\/#organization"},"image":{"@id":"https:\/\/www.belodonte.es\/blanqueamiento-interno-sobre-este-tratamiento\/#primaryimage"},"thumbnailUrl":"https:\/\/www.belodonte.es\/wp-content\/uploads\/2024\/04\/emblanquiment-intern.png","articleSection":["Est\u00e9tica dental"],"inLanguage":"ca"},{"@type":"WebPage","@id":"https:\/\/www.belodonte.es\/blanqueamiento-interno-sobre-este-tratamiento\/","url":"https:\/\/www.belodonte.es\/blanqueamiento-interno-sobre-este-tratamiento\/","name":"Emblanquiment intern: sobre aquest tractament","isPartOf":{"@id":"https:\/\/www.belodonte.es\/#website"},"primaryImageOfPage":{"@id":"https:\/\/www.belodonte.es\/blanqueamiento-interno-sobre-este-tratamiento\/#primaryimage"},"image":{"@id":"https:\/\/www.belodonte.es\/blanqueamiento-interno-sobre-este-tratamiento\/#primaryimage"},"thumbnailUrl":"https:\/\/www.belodonte.es\/wp-content\/uploads\/2024\/04\/emblanquiment-intern.png","datePublished":"2024-04-09T06:00:00+00:00","description":"Explicarem sobre l'emblanquiment intern, les seves aplicacions, efectes, com es duu a terme, aix\u00ed com els seus beneficis.","breadcrumb":{"@id":"https:\/\/www.belodonte.es\/blanqueamiento-interno-sobre-este-tratamiento\/#breadcrumb"},"inLanguage":"ca","potentialAction":[{"@type":"ReadAction","target":["https:\/\/www.belodonte.es\/blanqueamiento-interno-sobre-este-tratamiento\/"]}]},{"@type":"ImageObject","inLanguage":"ca","@id":"https:\/\/www.belodonte.es\/blanqueamiento-interno-sobre-este-tratamiento\/#primaryimage","url":"https:\/\/www.belodonte.es\/wp-content\/uploads\/2024\/04\/emblanquiment-intern.png","contentUrl":"https:\/\/www.belodonte.es\/wp-content\/uploads\/2024\/04\/emblanquiment-intern.png","width":1200,"height":600,"caption":"emblanquiment-intern"},{"@type":"BreadcrumbList","@id":"https:\/\/www.belodonte.es\/blanqueamiento-interno-sobre-este-tratamiento\/#breadcrumb","itemListElement":[{"@type":"ListItem","position":1,"name":"Portada","item":"https:\/\/www.belodonte.es\/"},{"@type":"ListItem","position":2,"name":"Emblanquiment intern: sobre aquest tractament"}]},{"@type":"WebSite","@id":"https:\/\/www.belodonte.es\/#website","url":"https:\/\/www.belodonte.es\/","name":"Cl\u00ednica Belodonte","description":"Cl\u00ednica dental en Barcelona","publisher":{"@id":"https:\/\/www.belodonte.es\/#organization"},"potentialAction":[{"@type":"SearchAction","target":{"@type":"EntryPoint","urlTemplate":"https:\/\/www.belodonte.es\/?s={search_term_string}"},"query-input":{"@type":"PropertyValueSpecification","valueRequired":true,"valueName":"search_term_string"}}],"inLanguage":"ca"},{"@type":"Organization","@id":"https:\/\/www.belodonte.es\/#organization","name":"Cl\u00ednica Dental Belodonte","url":"https:\/\/www.belodonte.es\/","logo":{"@type":"ImageObject","inLanguage":"ca","@id":"https:\/\/www.belodonte.es\/#\/schema\/logo\/image\/","url":"https:\/\/www.belodonte.es\/wp-content\/uploads\/2021\/10\/favicon-clinica-belodonte.png","contentUrl":"https:\/\/www.belodonte.es\/wp-content\/uploads\/2021\/10\/favicon-clinica-belodonte.png","width":512,"height":512,"caption":"Cl\u00ednica Dental Belodonte"},"image":{"@id":"https:\/\/www.belodonte.es\/#\/schema\/logo\/image\/"}},{"@type":"Person","@id":"https:\/\/www.belodonte.es\/#\/schema\/person\/af746658db6c58f111ab4e18a476abcd","name":"Cl\u00ednica Belodonte","image":{"@type":"ImageObject","inLanguage":"ca","@id":"https:\/\/secure.gravatar.com\/avatar\/638e9d8d08bf2340d3d84b2996cdb448289ac0a26b32c99af87880a52287f8b8?s=96&d=mm&r=g","url":"https:\/\/secure.gravatar.com\/avatar\/638e9d8d08bf2340d3d84b2996cdb448289ac0a26b32c99af87880a52287f8b8?s=96&d=mm&r=g","contentUrl":"https:\/\/secure.gravatar.com\/avatar\/638e9d8d08bf2340d3d84b2996cdb448289ac0a26b32c99af87880a52287f8b8?s=96&d=mm&r=g","caption":"Cl\u00ednica Belodonte"},"url":"https:\/\/www.belodonte.es\/ca\/author\/wm_mgc\/"}]}},"_links":{"self":[{"href":"https:\/\/www.belodonte.es\/ca\/wp-json\/wp\/v2\/posts\/5205","targetHints":{"allow":["GET"]}}],"collection":[{"href":"https:\/\/www.belodonte.es\/ca\/wp-json\/wp\/v2\/posts"}],"about":[{"href":"https:\/\/www.belodonte.es\/ca\/wp-json\/wp\/v2\/types\/post"}],"author":[{"embeddable":true,"href":"https:\/\/www.belodonte.es\/ca\/wp-json\/wp\/v2\/users\/3"}],"replies":[{"embeddable":true,"href":"https:\/\/www.belodonte.es\/ca\/wp-json\/wp\/v2\/comments?post=5205"}],"version-history":[{"count":1,"href":"https:\/\/www.belodonte.es\/ca\/wp-json\/wp\/v2\/posts\/5205\/revisions"}],"predecessor-version":[{"id":5208,"href":"https:\/\/www.belodonte.es\/ca\/wp-json\/wp\/v2\/posts\/5205\/revisions\/5208"}],"wp:featuredmedia":[{"embeddable":true,"href":"https:\/\/www.belodonte.es\/ca\/wp-json\/wp\/v2\/media\/5206"}],"wp:attachment":[{"href":"https:\/\/www.belodonte.es\/ca\/wp-json\/wp\/v2\/media?parent=5205"}],"wp:term":[{"taxonomy":"category","embeddable":true,"href":"https:\/\/www.belodonte.es\/ca\/wp-json\/wp\/v2\/categories?post=5205"},{"taxonomy":"post_tag","embeddable":true,"href":"https:\/\/www.belodonte.es\/ca\/wp-json\/wp\/v2\/tags?post=5205"}],"curies":[{"name":"wp","href":"https:\/\/api.w.org\/{rel}","templated":true}]}}