{"id":5175,"date":"2024-04-11T06:00:00","date_gmt":"2024-04-11T06:00:00","guid":{"rendered":"https:\/\/www.belodonte.es\/?p=5175"},"modified":"2024-03-20T09:13:15","modified_gmt":"2024-03-20T09:13:15","slug":"frenectomia-quan-es-realitza","status":"publish","type":"post","link":"https:\/\/www.belodonte.es\/ca\/frenectomia-quan-es-realitza\/","title":{"rendered":"Frenectomia: Quan es realitza?"},"content":{"rendered":"\n<p>En l&#8217;\u00e0mbit de l&#8217;odontologia, la<strong> frenectomia<\/strong> \u00e9s un procediment quir\u00fargic que es realitza amb l&#8217;objectiu de corregir problemes associats amb els frenets bucals. Aquests frenets s\u00f3n plecs de teixit que connecten la llengua, els llavis i les genives amb la mand\u00edbula. Encara que pot realitzar-se per diverses raons, \u00e9s comunament associada amb l&#8217;<a href=\"https:\/\/www.belodonte.es\/ca\/ortodoncia\/\">ortod\u00f2ncia<\/a> per a corregir problemes d&#8217;alineaci\u00f3 dental. Des de <strong>Cl\u00ednica Belodonte, <a href=\"https:\/\/www.belodonte.es\/ca\/cirurgia-oral-i-maxilofacial\/\" target=\"_blank\" rel=\"noreferrer noopener\">experts en Cirurgia Oral i Maxil\u00b7lofacial a Barcelona<\/a><\/strong>, avui parlem sobre ella.<\/p>\n\n\n\n<h2 class=\"wp-block-heading\">Qu\u00e8 \u00e9s la frenectomia i quan es realitza?<\/h2>\n\n\n\n<p>\u00c9s un procediment quir\u00fargic relativament senzill que consisteix en l&#8217;eliminaci\u00f3 total o parcial del frenet. Aquest procediment es du a terme principalment per a corregir problemes causats per frenets curts o massa tibants que poden afectar la funci\u00f3 i l&#8217;est\u00e8tica bucal.<\/p>\n\n\n\n<p>Els problemes m\u00e9s comuns que poden requerir-la inclouen:<\/p>\n\n\n\n<ul class=\"wp-block-list\">\n<li><strong>Frenet lingual curt: <\/strong>Un frenet lingual curt pot dificultar el moviment de la llengua, la qual cosa pot interferir amb la capacitat de parlar correctament, mastegar adequadament i fins i tot afectar la higiene oral.<\/li>\n\n\n\n<li><strong>Frenet labial prominent: <\/strong>Un frenet labial prominent pot causar separaci\u00f3 entre les dents frontals superiors, coneguda com a diastema. Aix\u00f2 pot afectar l&#8217;est\u00e8tica del somriure i augmentar el risc de problemes dentals, com l&#8217;acumulaci\u00f3 de placa i la malaltia periodontal.<\/li>\n\n\n\n<li><strong>Problemes d&#8217;ortod\u00f2ncia: <\/strong>Els frenets curts o massa tibants poden interferir amb els tractaments d&#8217;ortod\u00f2ncia en limitar el moviment de les dents i la mand\u00edbula. En tals casos, pot ser necess\u00e0ria per a permetre que les dents es moguin correctament cap a la seva posici\u00f3 desitjada.<\/li>\n<\/ul>\n\n\n\n<h2 class=\"wp-block-heading\">Com es realitza la frenectomia?<\/h2>\n\n\n\n<p>Pot dur-se a terme de diverses maneres depenent de la ubicaci\u00f3 i la gravetat del problema del fre. Generalment, es du a terme baix anest\u00e8sia local per a minimitzar la incomoditat del pacient durant el procediment. Hi ha dos enfocaments comuns:<\/p>\n\n\n\n<ul class=\"wp-block-list\">\n<li><strong>Convencional: <\/strong>En aquest enfocament, es fa una incisi\u00f3 en el frenet seguida de l&#8217;eliminaci\u00f3 del teixit excessiu. Despr\u00e9s, se sutura la ferida per a promoure una cicatritzaci\u00f3 adequada.<\/li>\n\n\n\n<li><strong>Amb l\u00e0ser:<\/strong> Aquesta t\u00e8cnica utilitza un l\u00e0ser d&#8217;alta precisi\u00f3 per a tallar i eliminar el frenet. El l\u00e0ser cauteritza simult\u00e0niament els vasos sanguinis, la qual cosa redueix el sagnat i accelera el proc\u00e9s de cicatritzaci\u00f3. La frenectomia amb l\u00e0ser sol ser menys invasiva i pot provocar menys mol\u00e8sties postoperat\u00f2ries en comparaci\u00f3 amb la convencional.<\/li>\n<\/ul>\n\n\n\n<h2 class=\"wp-block-heading\">Avantatges de la frenectomia<\/h2>\n\n\n\n<p>Ofereix diversos avantatges significatius per als pacients que experimenten problemes relacionats amb els frenets bucals:<\/p>\n\n\n\n<ul class=\"wp-block-list\">\n<li><strong>Millora de la funci\u00f3 oral: <\/strong>En corregir frenets curts o tibants, pot millorar la capacitat del pacient per a parlar, mastegar i empassar de manera m\u00e9s efectiva.<\/li>\n\n\n\n<li><strong>Millora est\u00e8tica:<\/strong> En el cas de frenets labials prominents, pot tancar diastemes i millorar l&#8217;est\u00e8tica del somriure.<\/li>\n\n\n\n<li><strong>Facilita els tractaments d&#8217;ortod\u00f2ncia:<\/strong> En eliminar les restriccions causades pels frenets, facilita els tractaments d&#8217;ortod\u00f2ncia. En molts casos, \u00e9s un pas necessari abans o durant el tractament ortod\u00f2ntic per a garantir resultats \u00f2ptims.<\/li>\n<\/ul>\n\n\n\n<p>En resum, \u00e9s un procediment quir\u00fargic efica\u00e7 per a corregir problemes associats amb els frenets bucals. Ja sigui per a millorar la funci\u00f3 oral, l&#8217;est\u00e8tica del somriure o facilitar els tractaments d&#8217;ortod\u00f2ncia, la frenectomia ofereix una soluci\u00f3 efectiva i duradora per a una varietat de problemes dentals.<\/p>\n\n\n\n<p>En Cl\u00ednica Belodonte disposem de serveis de <a href=\"https:\/\/www.belodonte.es\/ca\/cirurgia-oral-i-maxilofacial\/\">Cirurgia Oral<\/a> i Maxil\u00b7lofacial. Per a m\u00e9s informaci\u00f3 o consultar-nos un cas, no dubteu a<a href=\"https:\/\/www.belodonte.es\/ca\/contacte\/\" target=\"_blank\" rel=\"noreferrer noopener\"> <strong>posar-vos en contacte amb nosaltres.<\/strong><\/a><\/p>\n","protected":false},"excerpt":{"rendered":"<p>En l&#8217;\u00e0mbit de l&#8217;odontologia, la frenectomia \u00e9s un procediment quir\u00fargic que es realitza amb l&#8217;objectiu de corregir problemes associats amb els frenets bucals. Aquests frenets s\u00f3n plecs de teixit que connecten la llengua, els llavis i les genives amb la [&hellip;]<\/p>\n","protected":false},"author":3,"featured_media":5142,"comment_status":"open","ping_status":"open","sticky":false,"template":"","format":"standard","meta":{"site-sidebar-layout":"default","site-content-layout":"","ast-site-content-layout":"default","site-content-style":"default","site-sidebar-style":"default","ast-global-header-display":"","ast-banner-title-visibility":"","ast-main-header-display":"","ast-hfb-above-header-display":"","ast-hfb-below-header-display":"","ast-hfb-mobile-header-display":"","site-post-title":"","ast-breadcrumbs-content":"","ast-featured-img":"","footer-sml-layout":"","ast-disable-related-posts":"","theme-transparent-header-meta":"","adv-header-id-meta":"","stick-header-meta":"","header-above-stick-meta":"","header-main-stick-meta":"","header-below-stick-meta":"","astra-migrate-meta-layouts":"set","ast-page-background-enabled":"default","ast-page-background-meta":{"desktop":{"background-color":"","background-image":"","background-repeat":"repeat","background-position":"center center","background-size":"auto","background-attachment":"scroll","background-type":"","background-media":"","overlay-type":"","overlay-color":"","overlay-opacity":"","overlay-gradient":""},"tablet":{"background-color":"","background-image":"","background-repeat":"repeat","background-position":"center center","background-size":"auto","background-attachment":"scroll","background-type":"","background-media":"","overlay-type":"","overlay-color":"","overlay-opacity":"","overlay-gradient":""},"mobile":{"background-color":"","background-image":"","background-repeat":"repeat","background-position":"center center","background-size":"auto","background-attachment":"scroll","background-type":"","background-media":"","overlay-type":"","overlay-color":"","overlay-opacity":"","overlay-gradient":""}},"ast-content-background-meta":{"desktop":{"background-color":"var(--ast-global-color-5)","background-image":"","background-repeat":"repeat","background-position":"center center","background-size":"auto","background-attachment":"scroll","background-type":"","background-media":"","overlay-type":"","overlay-color":"","overlay-opacity":"","overlay-gradient":""},"tablet":{"background-color":"var(--ast-global-color-5)","background-image":"","background-repeat":"repeat","background-position":"center center","background-size":"auto","background-attachment":"scroll","background-type":"","background-media":"","overlay-type":"","overlay-color":"","overlay-opacity":"","overlay-gradient":""},"mobile":{"background-color":"var(--ast-global-color-5)","background-image":"","background-repeat":"repeat","background-position":"center center","background-size":"auto","background-attachment":"scroll","background-type":"","background-media":"","overlay-type":"","overlay-color":"","overlay-opacity":"","overlay-gradient":""}},"footnotes":""},"categories":[32],"tags":[],"class_list":["post-5175","post","type-post","status-publish","format-standard","has-post-thumbnail","hentry","category-cirugia-oral"],"yoast_head":"<!-- This site is optimized with the Yoast SEO plugin v27.4 - https:\/\/yoast.com\/product\/yoast-seo-wordpress\/ -->\n<title>Frenectomia: Quan es realitza?<\/title>\n<meta name=\"description\" content=\"La frenectomia \u00e9s un procediment quir\u00fargic que es realitza amb l&#039;objectiu de corregir problemes associats amb els frenets bucals.\" \/>\n<meta name=\"robots\" content=\"index, follow, max-snippet:-1, max-image-preview:large, max-video-preview:-1\" \/>\n<link rel=\"canonical\" href=\"https:\/\/www.belodonte.es\/frenectomia-cuando-se-realiza\/\" \/>\n<meta property=\"og:locale\" content=\"ca_ES\" \/>\n<meta property=\"og:type\" content=\"article\" \/>\n<meta property=\"og:title\" content=\"Frenectomia: Quan es realitza?\" \/>\n<meta property=\"og:description\" content=\"La frenectomia \u00e9s un procediment quir\u00fargic que es realitza amb l&#039;objectiu de corregir problemes associats amb els frenets bucals.\" \/>\n<meta property=\"og:url\" content=\"https:\/\/www.belodonte.es\/frenectomia-cuando-se-realiza\/\" \/>\n<meta property=\"og:site_name\" content=\"Cl\u00ednica Belodonte\" \/>\n<meta property=\"article:published_time\" content=\"2024-04-11T06:00:00+00:00\" \/>\n<meta property=\"og:image\" content=\"https:\/\/www.belodonte.es\/wp-content\/uploads\/2024\/03\/frenectomia.png\" \/>\n\t<meta property=\"og:image:width\" content=\"1200\" \/>\n\t<meta property=\"og:image:height\" content=\"600\" \/>\n\t<meta property=\"og:image:type\" content=\"image\/png\" \/>\n<meta name=\"author\" content=\"Cl\u00ednica Belodonte\" \/>\n<meta name=\"twitter:card\" content=\"summary_large_image\" \/>\n<meta name=\"twitter:label1\" content=\"Written by\" \/>\n\t<meta name=\"twitter:data1\" content=\"Cl\u00ednica Belodonte\" \/>\n\t<meta name=\"twitter:label2\" content=\"Est. reading time\" \/>\n\t<meta name=\"twitter:data2\" content=\"3 minutes\" \/>\n<script type=\"application\/ld+json\" class=\"yoast-schema-graph\">{\"@context\":\"https:\\\/\\\/schema.org\",\"@graph\":[{\"@type\":\"Article\",\"@id\":\"https:\\\/\\\/www.belodonte.es\\\/frenectomia-cuando-se-realiza\\\/#article\",\"isPartOf\":{\"@id\":\"https:\\\/\\\/www.belodonte.es\\\/frenectomia-cuando-se-realiza\\\/\"},\"author\":{\"name\":\"Cl\u00ednica Belodonte\",\"@id\":\"https:\\\/\\\/www.belodonte.es\\\/#\\\/schema\\\/person\\\/af746658db6c58f111ab4e18a476abcd\"},\"headline\":\"Frenectomia: Quan es realitza?\",\"datePublished\":\"2024-04-11T06:00:00+00:00\",\"mainEntityOfPage\":{\"@id\":\"https:\\\/\\\/www.belodonte.es\\\/frenectomia-cuando-se-realiza\\\/\"},\"wordCount\":592,\"commentCount\":0,\"publisher\":{\"@id\":\"https:\\\/\\\/www.belodonte.es\\\/#organization\"},\"image\":{\"@id\":\"https:\\\/\\\/www.belodonte.es\\\/frenectomia-cuando-se-realiza\\\/#primaryimage\"},\"thumbnailUrl\":\"https:\\\/\\\/www.belodonte.es\\\/wp-content\\\/uploads\\\/2024\\\/03\\\/frenectomia.png\",\"articleSection\":[\"Cirugia Oral\"],\"inLanguage\":\"ca\",\"potentialAction\":[{\"@type\":\"CommentAction\",\"name\":\"Comment\",\"target\":[\"https:\\\/\\\/www.belodonte.es\\\/frenectomia-cuando-se-realiza\\\/#respond\"]}]},{\"@type\":\"WebPage\",\"@id\":\"https:\\\/\\\/www.belodonte.es\\\/frenectomia-cuando-se-realiza\\\/\",\"url\":\"https:\\\/\\\/www.belodonte.es\\\/frenectomia-cuando-se-realiza\\\/\",\"name\":\"Frenectomia: Quan es realitza?\",\"isPartOf\":{\"@id\":\"https:\\\/\\\/www.belodonte.es\\\/#website\"},\"primaryImageOfPage\":{\"@id\":\"https:\\\/\\\/www.belodonte.es\\\/frenectomia-cuando-se-realiza\\\/#primaryimage\"},\"image\":{\"@id\":\"https:\\\/\\\/www.belodonte.es\\\/frenectomia-cuando-se-realiza\\\/#primaryimage\"},\"thumbnailUrl\":\"https:\\\/\\\/www.belodonte.es\\\/wp-content\\\/uploads\\\/2024\\\/03\\\/frenectomia.png\",\"datePublished\":\"2024-04-11T06:00:00+00:00\",\"description\":\"La frenectomia \u00e9s un procediment quir\u00fargic que es realitza amb l'objectiu de corregir problemes associats amb els frenets bucals.\",\"breadcrumb\":{\"@id\":\"https:\\\/\\\/www.belodonte.es\\\/frenectomia-cuando-se-realiza\\\/#breadcrumb\"},\"inLanguage\":\"ca\",\"potentialAction\":[{\"@type\":\"ReadAction\",\"target\":[\"https:\\\/\\\/www.belodonte.es\\\/frenectomia-cuando-se-realiza\\\/\"]}]},{\"@type\":\"ImageObject\",\"inLanguage\":\"ca\",\"@id\":\"https:\\\/\\\/www.belodonte.es\\\/frenectomia-cuando-se-realiza\\\/#primaryimage\",\"url\":\"https:\\\/\\\/www.belodonte.es\\\/wp-content\\\/uploads\\\/2024\\\/03\\\/frenectomia.png\",\"contentUrl\":\"https:\\\/\\\/www.belodonte.es\\\/wp-content\\\/uploads\\\/2024\\\/03\\\/frenectomia.png\",\"width\":1200,\"height\":600,\"caption\":\"frenectomi\u0301a\"},{\"@type\":\"BreadcrumbList\",\"@id\":\"https:\\\/\\\/www.belodonte.es\\\/frenectomia-cuando-se-realiza\\\/#breadcrumb\",\"itemListElement\":[{\"@type\":\"ListItem\",\"position\":1,\"name\":\"Portada\",\"item\":\"https:\\\/\\\/www.belodonte.es\\\/\"},{\"@type\":\"ListItem\",\"position\":2,\"name\":\"Frenectomia: Quan es realitza?\"}]},{\"@type\":\"WebSite\",\"@id\":\"https:\\\/\\\/www.belodonte.es\\\/#website\",\"url\":\"https:\\\/\\\/www.belodonte.es\\\/\",\"name\":\"Cl\u00ednica Belodonte\",\"description\":\"Cl\u00ednica dental en Barcelona\",\"publisher\":{\"@id\":\"https:\\\/\\\/www.belodonte.es\\\/#organization\"},\"potentialAction\":[{\"@type\":\"SearchAction\",\"target\":{\"@type\":\"EntryPoint\",\"urlTemplate\":\"https:\\\/\\\/www.belodonte.es\\\/?s={search_term_string}\"},\"query-input\":{\"@type\":\"PropertyValueSpecification\",\"valueRequired\":true,\"valueName\":\"search_term_string\"}}],\"inLanguage\":\"ca\"},{\"@type\":\"Organization\",\"@id\":\"https:\\\/\\\/www.belodonte.es\\\/#organization\",\"name\":\"Cl\u00ednica Dental Belodonte\",\"url\":\"https:\\\/\\\/www.belodonte.es\\\/\",\"logo\":{\"@type\":\"ImageObject\",\"inLanguage\":\"ca\",\"@id\":\"https:\\\/\\\/www.belodonte.es\\\/#\\\/schema\\\/logo\\\/image\\\/\",\"url\":\"https:\\\/\\\/www.belodonte.es\\\/wp-content\\\/uploads\\\/2021\\\/10\\\/favicon-clinica-belodonte.png\",\"contentUrl\":\"https:\\\/\\\/www.belodonte.es\\\/wp-content\\\/uploads\\\/2021\\\/10\\\/favicon-clinica-belodonte.png\",\"width\":512,\"height\":512,\"caption\":\"Cl\u00ednica Dental Belodonte\"},\"image\":{\"@id\":\"https:\\\/\\\/www.belodonte.es\\\/#\\\/schema\\\/logo\\\/image\\\/\"}},{\"@type\":\"Person\",\"@id\":\"https:\\\/\\\/www.belodonte.es\\\/#\\\/schema\\\/person\\\/af746658db6c58f111ab4e18a476abcd\",\"name\":\"Cl\u00ednica Belodonte\",\"image\":{\"@type\":\"ImageObject\",\"inLanguage\":\"ca\",\"@id\":\"https:\\\/\\\/secure.gravatar.com\\\/avatar\\\/638e9d8d08bf2340d3d84b2996cdb448289ac0a26b32c99af87880a52287f8b8?s=96&d=mm&r=g\",\"url\":\"https:\\\/\\\/secure.gravatar.com\\\/avatar\\\/638e9d8d08bf2340d3d84b2996cdb448289ac0a26b32c99af87880a52287f8b8?s=96&d=mm&r=g\",\"contentUrl\":\"https:\\\/\\\/secure.gravatar.com\\\/avatar\\\/638e9d8d08bf2340d3d84b2996cdb448289ac0a26b32c99af87880a52287f8b8?s=96&d=mm&r=g\",\"caption\":\"Cl\u00ednica Belodonte\"},\"url\":\"https:\\\/\\\/www.belodonte.es\\\/ca\\\/author\\\/wm_mgc\\\/\"}]}<\/script>\n<!-- \/ Yoast SEO plugin. -->","yoast_head_json":{"title":"Frenectomia: Quan es realitza?","description":"La frenectomia \u00e9s un procediment quir\u00fargic que es realitza amb l'objectiu de corregir problemes associats amb els frenets bucals.","robots":{"index":"index","follow":"follow","max-snippet":"max-snippet:-1","max-image-preview":"max-image-preview:large","max-video-preview":"max-video-preview:-1"},"canonical":"https:\/\/www.belodonte.es\/frenectomia-cuando-se-realiza\/","og_locale":"ca_ES","og_type":"article","og_title":"Frenectomia: Quan es realitza?","og_description":"La frenectomia \u00e9s un procediment quir\u00fargic que es realitza amb l'objectiu de corregir problemes associats amb els frenets bucals.","og_url":"https:\/\/www.belodonte.es\/frenectomia-cuando-se-realiza\/","og_site_name":"Cl\u00ednica Belodonte","article_published_time":"2024-04-11T06:00:00+00:00","og_image":[{"width":1200,"height":600,"url":"https:\/\/www.belodonte.es\/wp-content\/uploads\/2024\/03\/frenectomia.png","type":"image\/png"}],"author":"Cl\u00ednica Belodonte","twitter_card":"summary_large_image","twitter_misc":{"Written by":"Cl\u00ednica Belodonte","Est. reading time":"3 minutes"},"schema":{"@context":"https:\/\/schema.org","@graph":[{"@type":"Article","@id":"https:\/\/www.belodonte.es\/frenectomia-cuando-se-realiza\/#article","isPartOf":{"@id":"https:\/\/www.belodonte.es\/frenectomia-cuando-se-realiza\/"},"author":{"name":"Cl\u00ednica Belodonte","@id":"https:\/\/www.belodonte.es\/#\/schema\/person\/af746658db6c58f111ab4e18a476abcd"},"headline":"Frenectomia: Quan es realitza?","datePublished":"2024-04-11T06:00:00+00:00","mainEntityOfPage":{"@id":"https:\/\/www.belodonte.es\/frenectomia-cuando-se-realiza\/"},"wordCount":592,"commentCount":0,"publisher":{"@id":"https:\/\/www.belodonte.es\/#organization"},"image":{"@id":"https:\/\/www.belodonte.es\/frenectomia-cuando-se-realiza\/#primaryimage"},"thumbnailUrl":"https:\/\/www.belodonte.es\/wp-content\/uploads\/2024\/03\/frenectomia.png","articleSection":["Cirugia Oral"],"inLanguage":"ca","potentialAction":[{"@type":"CommentAction","name":"Comment","target":["https:\/\/www.belodonte.es\/frenectomia-cuando-se-realiza\/#respond"]}]},{"@type":"WebPage","@id":"https:\/\/www.belodonte.es\/frenectomia-cuando-se-realiza\/","url":"https:\/\/www.belodonte.es\/frenectomia-cuando-se-realiza\/","name":"Frenectomia: Quan es realitza?","isPartOf":{"@id":"https:\/\/www.belodonte.es\/#website"},"primaryImageOfPage":{"@id":"https:\/\/www.belodonte.es\/frenectomia-cuando-se-realiza\/#primaryimage"},"image":{"@id":"https:\/\/www.belodonte.es\/frenectomia-cuando-se-realiza\/#primaryimage"},"thumbnailUrl":"https:\/\/www.belodonte.es\/wp-content\/uploads\/2024\/03\/frenectomia.png","datePublished":"2024-04-11T06:00:00+00:00","description":"La frenectomia \u00e9s un procediment quir\u00fargic que es realitza amb l'objectiu de corregir problemes associats amb els frenets bucals.","breadcrumb":{"@id":"https:\/\/www.belodonte.es\/frenectomia-cuando-se-realiza\/#breadcrumb"},"inLanguage":"ca","potentialAction":[{"@type":"ReadAction","target":["https:\/\/www.belodonte.es\/frenectomia-cuando-se-realiza\/"]}]},{"@type":"ImageObject","inLanguage":"ca","@id":"https:\/\/www.belodonte.es\/frenectomia-cuando-se-realiza\/#primaryimage","url":"https:\/\/www.belodonte.es\/wp-content\/uploads\/2024\/03\/frenectomia.png","contentUrl":"https:\/\/www.belodonte.es\/wp-content\/uploads\/2024\/03\/frenectomia.png","width":1200,"height":600,"caption":"frenectomi\u0301a"},{"@type":"BreadcrumbList","@id":"https:\/\/www.belodonte.es\/frenectomia-cuando-se-realiza\/#breadcrumb","itemListElement":[{"@type":"ListItem","position":1,"name":"Portada","item":"https:\/\/www.belodonte.es\/"},{"@type":"ListItem","position":2,"name":"Frenectomia: Quan es realitza?"}]},{"@type":"WebSite","@id":"https:\/\/www.belodonte.es\/#website","url":"https:\/\/www.belodonte.es\/","name":"Cl\u00ednica Belodonte","description":"Cl\u00ednica dental en Barcelona","publisher":{"@id":"https:\/\/www.belodonte.es\/#organization"},"potentialAction":[{"@type":"SearchAction","target":{"@type":"EntryPoint","urlTemplate":"https:\/\/www.belodonte.es\/?s={search_term_string}"},"query-input":{"@type":"PropertyValueSpecification","valueRequired":true,"valueName":"search_term_string"}}],"inLanguage":"ca"},{"@type":"Organization","@id":"https:\/\/www.belodonte.es\/#organization","name":"Cl\u00ednica Dental Belodonte","url":"https:\/\/www.belodonte.es\/","logo":{"@type":"ImageObject","inLanguage":"ca","@id":"https:\/\/www.belodonte.es\/#\/schema\/logo\/image\/","url":"https:\/\/www.belodonte.es\/wp-content\/uploads\/2021\/10\/favicon-clinica-belodonte.png","contentUrl":"https:\/\/www.belodonte.es\/wp-content\/uploads\/2021\/10\/favicon-clinica-belodonte.png","width":512,"height":512,"caption":"Cl\u00ednica Dental Belodonte"},"image":{"@id":"https:\/\/www.belodonte.es\/#\/schema\/logo\/image\/"}},{"@type":"Person","@id":"https:\/\/www.belodonte.es\/#\/schema\/person\/af746658db6c58f111ab4e18a476abcd","name":"Cl\u00ednica Belodonte","image":{"@type":"ImageObject","inLanguage":"ca","@id":"https:\/\/secure.gravatar.com\/avatar\/638e9d8d08bf2340d3d84b2996cdb448289ac0a26b32c99af87880a52287f8b8?s=96&d=mm&r=g","url":"https:\/\/secure.gravatar.com\/avatar\/638e9d8d08bf2340d3d84b2996cdb448289ac0a26b32c99af87880a52287f8b8?s=96&d=mm&r=g","contentUrl":"https:\/\/secure.gravatar.com\/avatar\/638e9d8d08bf2340d3d84b2996cdb448289ac0a26b32c99af87880a52287f8b8?s=96&d=mm&r=g","caption":"Cl\u00ednica Belodonte"},"url":"https:\/\/www.belodonte.es\/ca\/author\/wm_mgc\/"}]}},"_links":{"self":[{"href":"https:\/\/www.belodonte.es\/ca\/wp-json\/wp\/v2\/posts\/5175","targetHints":{"allow":["GET"]}}],"collection":[{"href":"https:\/\/www.belodonte.es\/ca\/wp-json\/wp\/v2\/posts"}],"about":[{"href":"https:\/\/www.belodonte.es\/ca\/wp-json\/wp\/v2\/types\/post"}],"author":[{"embeddable":true,"href":"https:\/\/www.belodonte.es\/ca\/wp-json\/wp\/v2\/users\/3"}],"replies":[{"embeddable":true,"href":"https:\/\/www.belodonte.es\/ca\/wp-json\/wp\/v2\/comments?post=5175"}],"version-history":[{"count":1,"href":"https:\/\/www.belodonte.es\/ca\/wp-json\/wp\/v2\/posts\/5175\/revisions"}],"predecessor-version":[{"id":5176,"href":"https:\/\/www.belodonte.es\/ca\/wp-json\/wp\/v2\/posts\/5175\/revisions\/5176"}],"wp:featuredmedia":[{"embeddable":true,"href":"https:\/\/www.belodonte.es\/ca\/wp-json\/wp\/v2\/media\/5142"}],"wp:attachment":[{"href":"https:\/\/www.belodonte.es\/ca\/wp-json\/wp\/v2\/media?parent=5175"}],"wp:term":[{"taxonomy":"category","embeddable":true,"href":"https:\/\/www.belodonte.es\/ca\/wp-json\/wp\/v2\/categories?post=5175"},{"taxonomy":"post_tag","embeddable":true,"href":"https:\/\/www.belodonte.es\/ca\/wp-json\/wp\/v2\/tags?post=5175"}],"curies":[{"name":"wp","href":"https:\/\/api.w.org\/{rel}","templated":true}]}}