{"id":5164,"date":"2024-04-02T06:00:00","date_gmt":"2024-04-02T06:00:00","guid":{"rendered":"https:\/\/www.belodonte.es\/?p=5164"},"modified":"2024-03-20T09:02:26","modified_gmt":"2024-03-20T09:02:26","slug":"sinusitis-maxillar-acabar-aquesta-molestia","status":"publish","type":"post","link":"https:\/\/www.belodonte.es\/ca\/sinusitis-maxillar-acabar-aquesta-molestia\/","title":{"rendered":"Sinusitis maxil\u00b7lar: acabar amb aquesta mol\u00e8stia"},"content":{"rendered":"\n<p>La <strong>sinusitis maxil\u00b7lar<\/strong> \u00e9s una afecci\u00f3 comuna que afecta una gran quantitat de persones a tot el m\u00f3n. Des de <strong>Cl\u00ednica Belodonte, <a href=\"https:\/\/www.belodonte.es\/ca\/cirurgia-oral-i-maxilofacial\/\" target=\"_blank\" rel=\"noreferrer noopener\">experts en Cirurgia Oral i Maxil\u00b7lofacial a Barcelona<\/a><\/strong>, explicarem en qu\u00e8 consisteix aquest problema, la seva relaci\u00f3 amb la salut bucodental i les complicacions que pot tenir en les fosses nasals, aix\u00ed com la seva relaci\u00f3 amb procediments quir\u00fargics com la septopl\u00e0stia i l&#8217;elevaci\u00f3 de si maxil\u00b7lar en <a href=\"https:\/\/www.belodonte.es\/ca\/cirurgia-oral-i-maxilofacial\/\">cirurgia oral<\/a> i maxil\u00b7lofacial.<\/p>\n\n\n\n<h2 class=\"wp-block-heading\">Qu\u00e8 \u00e9s la sinusitis maxil\u00b7lar?<\/h2>\n\n\n\n<p>\u00c9s una inflamaci\u00f3 dels sins paranasals situats en les galtes, coneguts com a sins maxil\u00b7lars. Aquests sins estan recoberts de membranes mucoses que produeixen moc per a ajudar a netejar les vies respirat\u00f2ries i atrapar part\u00edcules estranyes. Quan aquestes membranes s&#8217;inflamen, ja sigui degut a una infecci\u00f3 bacteriana, viral o al\u00b7l\u00e8rgica, es bloquegen les vies de drenatge, la qual cosa provoca acumulaci\u00f3 de moc i dolor en la zona afectada.<\/p>\n\n\n\n<h2 class=\"wp-block-heading\">Causes i efectes de la sinusitis maxil\u00b7lar<\/h2>\n\n\n\n<p>Pot ser desencadenada per una varietat de factors i pot tenir diversos efectes que afecten significativament la qualitat de vida dels qui la pateixen.<\/p>\n\n\n\n<h3 class=\"wp-block-heading\">Causes<\/h3>\n\n\n\n<ul class=\"wp-block-list\">\n<li><strong>Infeccions virals i bacterianes: <\/strong>Els virus del refredat com\u00fa i la grip, aix\u00ed com els bacteris, poden infectar els sins paranasals, desencadenant una inflamaci\u00f3 caracter\u00edstica.<\/li>\n\n\n\n<li><strong>Al\u00b7l\u00e8rgies:<\/strong> L&#8217;exposici\u00f3 a al\u00b7lerg\u00f2gens com el pol\u00b7len, la pols o els \u00e0cars pot desencadenar una resposta inflamat\u00f2ria en les membranes mucoses dels sins paranasals, contribuint a la sinusitis en persones propenses a les al\u00b7l\u00e8rgies.<\/li>\n\n\n\n<li><strong>Anomalies estructurals:<\/strong> Desviacions del septe nasal o altres anomalies en l&#8217;estructura nasal poden obstruir els conductes de drenatge dels sins paranasals, la qual cosa facilita l&#8217;acumulaci\u00f3 de moc i augmenta el risc de sinusitis.<\/li>\n\n\n\n<li><strong>Factors ambientals: <\/strong>L&#8217;exposici\u00f3 a ambients secs, contaminats o amb fum pot irritar les membranes mucoses dels sins paranasals, predisposant a la inflamaci\u00f3 i la sinusitis.<\/li>\n<\/ul>\n\n\n\n<h3 class=\"wp-block-heading\">Efectes<\/h3>\n\n\n\n<ul class=\"wp-block-list\">\n<li><strong>Congesti\u00f3 nasal:<\/strong> Un dels s\u00edmptomes m\u00e9s prominents \u00e9s la congesti\u00f3 nasal, causada per la inflamaci\u00f3 de les membranes mucoses i l&#8217;acumulaci\u00f3 de moc en els sins paranasals.<\/li>\n\n\n\n<li><strong>Dolor facial: <\/strong>El dolor facial, especialment en la zona de les galtes i al voltant dels ulls, \u00e9s com\u00fa en persones amb aquest problema. Aquest dolor pot ser constant o empitjorar en inclinar-se cap endavant o ficar-se al llit.<\/li>\n\n\n\n<li><strong>Mal de cap: <\/strong>Els maldecaps frontals o sobre els ulls s\u00f3n freq\u00fcents a causa de la pressi\u00f3 acumulada en els sins paranasals.<\/li>\n\n\n\n<li><strong>Fatiga i malestar general: <\/strong>Pot provocar fatiga i malestar general a causa de la dificultat per a respirar correctament i als s\u00edmptomes associats com a dolor i congesti\u00f3.<\/li>\n\n\n\n<li><strong>Secreci\u00f3 nasal<\/strong>: La secreci\u00f3 nasal espessa i de color groc o verd\u00f3s \u00e9s un altre s\u00edmptoma caracter\u00edstic, causada per l&#8217;acumulaci\u00f3 de moc infectat en els sins paranasals.<\/li>\n\n\n\n<li><strong>P\u00e8rdua de l&#8217;olfacte i del gust:<\/strong> La congesti\u00f3 nasal i la inflamaci\u00f3 poden afectar el sentit de l&#8217;olfacte i del gust, disminuint la capacitat per a percebre olors i sabors amb claredat.<\/li>\n<\/ul>\n\n\n\n<h2 class=\"wp-block-heading\">Relaci\u00f3 de la sinusitis maxil\u00b7lar amb la salut bucodental<\/h2>\n\n\n\n<p>Pot tenir implicacions en la salut bucodental. Una de les complicacions m\u00e9s usuals \u00e9s l&#8217;halitosi, o mal al\u00e8, que pot ser causada per l&#8217;acumulaci\u00f3 de moc i bacteris en els sins paranasals. A m\u00e9s, el dolor associat amb la sinusitis pot irradiar-se cap a les dents superiors, la qual cosa porta a confondre-ho amb un mal de queixal.<\/p>\n\n\n\n<p>\u00c9s important mantenir una bona higiene bucodental i consultar a un metge si s&#8217;experimenta dolor persistent en les dents superiors, ja que podria ser un s\u00edmptoma d&#8217;aquest problema.<\/p>\n\n\n\n<h2 class=\"wp-block-heading\">Relaci\u00f3 amb les fosses nasals i procediments quir\u00fargics<\/h2>\n\n\n\n<p>Est\u00e0 estretament relacionada amb les fosses nasals i pot requerir intervencions quir\u00fargiques per al seu tractament. Per exemple, la septopl\u00e0stia \u00e9s un procediment quir\u00fargic utilitzat per a corregir desviacions del septe nasal que poden contribuir a l&#8217;obstrucci\u00f3 dels sins paranasals i augmentar el risc de sinusitis.<\/p>\n\n\n\n<p>A m\u00e9s, en cirurgia oral i maxil\u00b7lofacial, l&#8217;elevaci\u00f3 de si maxil\u00b7lar \u00e9s un procediment freq\u00fcent que implica elevar la membrana del si maxil\u00b7lar per a crear m\u00e9s espai i facilitar la col\u00b7locaci\u00f3 d&#8217;implants dentals en la zona posterior del maxil\u00b7lar superior. La sinusitis maxil\u00b7lar pot complicar aquests procediments si no s&#8217;aborda adequadament abans de la cirurgia, ja que la inflamaci\u00f3 i l&#8217;acumulaci\u00f3 de moc poden augmentar el risc d&#8217;infecci\u00f3.<\/p>\n\n\n\n<p>En Cl\u00ednica Belodonte disposem de serveis de Cirurgia Oral i Maxil\u00b7lofacial. Per a m\u00e9s informaci\u00f3 o consultar-nos un cas, no dubteu a <a href=\"https:\/\/www.belodonte.es\/ca\/contacte\/\" target=\"_blank\" rel=\"noreferrer noopener\"><strong>posar-vos en contacte<\/strong> <\/a>amb nosaltres.<\/p>\n","protected":false},"excerpt":{"rendered":"<p>La sinusitis maxil\u00b7lar \u00e9s una afecci\u00f3 comuna que afecta una gran quantitat de persones a tot el m\u00f3n. Des de Cl\u00ednica Belodonte, experts en Cirurgia Oral i Maxil\u00b7lofacial a Barcelona, explicarem en qu\u00e8 consisteix aquest problema, la seva relaci\u00f3 amb [&hellip;]<\/p>\n","protected":false},"author":3,"featured_media":5128,"comment_status":"open","ping_status":"open","sticky":false,"template":"","format":"standard","meta":{"site-sidebar-layout":"default","site-content-layout":"","ast-site-content-layout":"default","site-content-style":"default","site-sidebar-style":"default","ast-global-header-display":"","ast-banner-title-visibility":"","ast-main-header-display":"","ast-hfb-above-header-display":"","ast-hfb-below-header-display":"","ast-hfb-mobile-header-display":"","site-post-title":"","ast-breadcrumbs-content":"","ast-featured-img":"","footer-sml-layout":"","ast-disable-related-posts":"","theme-transparent-header-meta":"","adv-header-id-meta":"","stick-header-meta":"","header-above-stick-meta":"","header-main-stick-meta":"","header-below-stick-meta":"","astra-migrate-meta-layouts":"set","ast-page-background-enabled":"default","ast-page-background-meta":{"desktop":{"background-color":"","background-image":"","background-repeat":"repeat","background-position":"center center","background-size":"auto","background-attachment":"scroll","background-type":"","background-media":"","overlay-type":"","overlay-color":"","overlay-opacity":"","overlay-gradient":""},"tablet":{"background-color":"","background-image":"","background-repeat":"repeat","background-position":"center center","background-size":"auto","background-attachment":"scroll","background-type":"","background-media":"","overlay-type":"","overlay-color":"","overlay-opacity":"","overlay-gradient":""},"mobile":{"background-color":"","background-image":"","background-repeat":"repeat","background-position":"center center","background-size":"auto","background-attachment":"scroll","background-type":"","background-media":"","overlay-type":"","overlay-color":"","overlay-opacity":"","overlay-gradient":""}},"ast-content-background-meta":{"desktop":{"background-color":"var(--ast-global-color-5)","background-image":"","background-repeat":"repeat","background-position":"center center","background-size":"auto","background-attachment":"scroll","background-type":"","background-media":"","overlay-type":"","overlay-color":"","overlay-opacity":"","overlay-gradient":""},"tablet":{"background-color":"var(--ast-global-color-5)","background-image":"","background-repeat":"repeat","background-position":"center center","background-size":"auto","background-attachment":"scroll","background-type":"","background-media":"","overlay-type":"","overlay-color":"","overlay-opacity":"","overlay-gradient":""},"mobile":{"background-color":"var(--ast-global-color-5)","background-image":"","background-repeat":"repeat","background-position":"center center","background-size":"auto","background-attachment":"scroll","background-type":"","background-media":"","overlay-type":"","overlay-color":"","overlay-opacity":"","overlay-gradient":""}},"footnotes":""},"categories":[32],"tags":[],"class_list":["post-5164","post","type-post","status-publish","format-standard","has-post-thumbnail","hentry","category-cirugia-oral"],"yoast_head":"<!-- This site is optimized with the Yoast SEO plugin v27.4 - https:\/\/yoast.com\/product\/yoast-seo-wordpress\/ -->\n<title>Sinusitis maxil\u00b7lar: acabar amb aquesta mol\u00e8stia<\/title>\n<meta name=\"description\" content=\"La sinusitis maxil\u00b7lar \u00e9s una afecci\u00f3 comuna que afecta una gran quantitat de persones a tot el m\u00f3n. Explicarem en qu\u00e8 consisteix.\" \/>\n<meta name=\"robots\" content=\"index, follow, max-snippet:-1, max-image-preview:large, max-video-preview:-1\" \/>\n<link rel=\"canonical\" href=\"https:\/\/www.belodonte.es\/sinusitis-maxilar-acabar-esta-molestia\/\" \/>\n<meta property=\"og:locale\" content=\"ca_ES\" \/>\n<meta property=\"og:type\" content=\"article\" \/>\n<meta property=\"og:title\" content=\"Sinusitis maxil\u00b7lar: acabar amb aquesta mol\u00e8stia\" \/>\n<meta property=\"og:description\" content=\"La sinusitis maxil\u00b7lar \u00e9s una afecci\u00f3 comuna que afecta una gran quantitat de persones a tot el m\u00f3n. Explicarem en qu\u00e8 consisteix.\" \/>\n<meta property=\"og:url\" content=\"https:\/\/www.belodonte.es\/sinusitis-maxilar-acabar-esta-molestia\/\" \/>\n<meta property=\"og:site_name\" content=\"Cl\u00ednica Belodonte\" \/>\n<meta property=\"article:published_time\" content=\"2024-04-02T06:00:00+00:00\" \/>\n<meta property=\"og:image\" content=\"https:\/\/www.belodonte.es\/wp-content\/uploads\/2024\/03\/sinusitis-maxilar.png\" \/>\n\t<meta property=\"og:image:width\" content=\"1200\" \/>\n\t<meta property=\"og:image:height\" content=\"600\" \/>\n\t<meta property=\"og:image:type\" content=\"image\/png\" \/>\n<meta name=\"author\" content=\"Cl\u00ednica Belodonte\" \/>\n<meta name=\"twitter:card\" content=\"summary_large_image\" \/>\n<meta name=\"twitter:label1\" content=\"Written by\" \/>\n\t<meta name=\"twitter:data1\" content=\"Cl\u00ednica Belodonte\" \/>\n\t<meta name=\"twitter:label2\" content=\"Est. reading time\" \/>\n\t<meta name=\"twitter:data2\" content=\"4 minutes\" \/>\n<script type=\"application\/ld+json\" class=\"yoast-schema-graph\">{\"@context\":\"https:\\\/\\\/schema.org\",\"@graph\":[{\"@type\":\"Article\",\"@id\":\"https:\\\/\\\/www.belodonte.es\\\/sinusitis-maxilar-acabar-esta-molestia\\\/#article\",\"isPartOf\":{\"@id\":\"https:\\\/\\\/www.belodonte.es\\\/sinusitis-maxilar-acabar-esta-molestia\\\/\"},\"author\":{\"name\":\"Cl\u00ednica Belodonte\",\"@id\":\"https:\\\/\\\/www.belodonte.es\\\/#\\\/schema\\\/person\\\/af746658db6c58f111ab4e18a476abcd\"},\"headline\":\"Sinusitis maxil\u00b7lar: acabar amb aquesta mol\u00e8stia\",\"datePublished\":\"2024-04-02T06:00:00+00:00\",\"mainEntityOfPage\":{\"@id\":\"https:\\\/\\\/www.belodonte.es\\\/sinusitis-maxilar-acabar-esta-molestia\\\/\"},\"wordCount\":781,\"commentCount\":0,\"publisher\":{\"@id\":\"https:\\\/\\\/www.belodonte.es\\\/#organization\"},\"image\":{\"@id\":\"https:\\\/\\\/www.belodonte.es\\\/sinusitis-maxilar-acabar-esta-molestia\\\/#primaryimage\"},\"thumbnailUrl\":\"https:\\\/\\\/www.belodonte.es\\\/wp-content\\\/uploads\\\/2024\\\/03\\\/sinusitis-maxilar.png\",\"articleSection\":[\"Cirugia Oral\"],\"inLanguage\":\"ca\",\"potentialAction\":[{\"@type\":\"CommentAction\",\"name\":\"Comment\",\"target\":[\"https:\\\/\\\/www.belodonte.es\\\/sinusitis-maxilar-acabar-esta-molestia\\\/#respond\"]}]},{\"@type\":\"WebPage\",\"@id\":\"https:\\\/\\\/www.belodonte.es\\\/sinusitis-maxilar-acabar-esta-molestia\\\/\",\"url\":\"https:\\\/\\\/www.belodonte.es\\\/sinusitis-maxilar-acabar-esta-molestia\\\/\",\"name\":\"Sinusitis maxil\u00b7lar: acabar amb aquesta mol\u00e8stia\",\"isPartOf\":{\"@id\":\"https:\\\/\\\/www.belodonte.es\\\/#website\"},\"primaryImageOfPage\":{\"@id\":\"https:\\\/\\\/www.belodonte.es\\\/sinusitis-maxilar-acabar-esta-molestia\\\/#primaryimage\"},\"image\":{\"@id\":\"https:\\\/\\\/www.belodonte.es\\\/sinusitis-maxilar-acabar-esta-molestia\\\/#primaryimage\"},\"thumbnailUrl\":\"https:\\\/\\\/www.belodonte.es\\\/wp-content\\\/uploads\\\/2024\\\/03\\\/sinusitis-maxilar.png\",\"datePublished\":\"2024-04-02T06:00:00+00:00\",\"description\":\"La sinusitis maxil\u00b7lar \u00e9s una afecci\u00f3 comuna que afecta una gran quantitat de persones a tot el m\u00f3n. Explicarem en qu\u00e8 consisteix.\",\"breadcrumb\":{\"@id\":\"https:\\\/\\\/www.belodonte.es\\\/sinusitis-maxilar-acabar-esta-molestia\\\/#breadcrumb\"},\"inLanguage\":\"ca\",\"potentialAction\":[{\"@type\":\"ReadAction\",\"target\":[\"https:\\\/\\\/www.belodonte.es\\\/sinusitis-maxilar-acabar-esta-molestia\\\/\"]}]},{\"@type\":\"ImageObject\",\"inLanguage\":\"ca\",\"@id\":\"https:\\\/\\\/www.belodonte.es\\\/sinusitis-maxilar-acabar-esta-molestia\\\/#primaryimage\",\"url\":\"https:\\\/\\\/www.belodonte.es\\\/wp-content\\\/uploads\\\/2024\\\/03\\\/sinusitis-maxilar.png\",\"contentUrl\":\"https:\\\/\\\/www.belodonte.es\\\/wp-content\\\/uploads\\\/2024\\\/03\\\/sinusitis-maxilar.png\",\"width\":1200,\"height\":600,\"caption\":\"sinusitis maxilar\"},{\"@type\":\"BreadcrumbList\",\"@id\":\"https:\\\/\\\/www.belodonte.es\\\/sinusitis-maxilar-acabar-esta-molestia\\\/#breadcrumb\",\"itemListElement\":[{\"@type\":\"ListItem\",\"position\":1,\"name\":\"Portada\",\"item\":\"https:\\\/\\\/www.belodonte.es\\\/\"},{\"@type\":\"ListItem\",\"position\":2,\"name\":\"Sinusitis maxil\u00b7lar: acabar amb aquesta mol\u00e8stia\"}]},{\"@type\":\"WebSite\",\"@id\":\"https:\\\/\\\/www.belodonte.es\\\/#website\",\"url\":\"https:\\\/\\\/www.belodonte.es\\\/\",\"name\":\"Cl\u00ednica Belodonte\",\"description\":\"Cl\u00ednica dental en Barcelona\",\"publisher\":{\"@id\":\"https:\\\/\\\/www.belodonte.es\\\/#organization\"},\"potentialAction\":[{\"@type\":\"SearchAction\",\"target\":{\"@type\":\"EntryPoint\",\"urlTemplate\":\"https:\\\/\\\/www.belodonte.es\\\/?s={search_term_string}\"},\"query-input\":{\"@type\":\"PropertyValueSpecification\",\"valueRequired\":true,\"valueName\":\"search_term_string\"}}],\"inLanguage\":\"ca\"},{\"@type\":\"Organization\",\"@id\":\"https:\\\/\\\/www.belodonte.es\\\/#organization\",\"name\":\"Cl\u00ednica Dental Belodonte\",\"url\":\"https:\\\/\\\/www.belodonte.es\\\/\",\"logo\":{\"@type\":\"ImageObject\",\"inLanguage\":\"ca\",\"@id\":\"https:\\\/\\\/www.belodonte.es\\\/#\\\/schema\\\/logo\\\/image\\\/\",\"url\":\"https:\\\/\\\/www.belodonte.es\\\/wp-content\\\/uploads\\\/2021\\\/10\\\/favicon-clinica-belodonte.png\",\"contentUrl\":\"https:\\\/\\\/www.belodonte.es\\\/wp-content\\\/uploads\\\/2021\\\/10\\\/favicon-clinica-belodonte.png\",\"width\":512,\"height\":512,\"caption\":\"Cl\u00ednica Dental Belodonte\"},\"image\":{\"@id\":\"https:\\\/\\\/www.belodonte.es\\\/#\\\/schema\\\/logo\\\/image\\\/\"}},{\"@type\":\"Person\",\"@id\":\"https:\\\/\\\/www.belodonte.es\\\/#\\\/schema\\\/person\\\/af746658db6c58f111ab4e18a476abcd\",\"name\":\"Cl\u00ednica Belodonte\",\"image\":{\"@type\":\"ImageObject\",\"inLanguage\":\"ca\",\"@id\":\"https:\\\/\\\/secure.gravatar.com\\\/avatar\\\/638e9d8d08bf2340d3d84b2996cdb448289ac0a26b32c99af87880a52287f8b8?s=96&d=mm&r=g\",\"url\":\"https:\\\/\\\/secure.gravatar.com\\\/avatar\\\/638e9d8d08bf2340d3d84b2996cdb448289ac0a26b32c99af87880a52287f8b8?s=96&d=mm&r=g\",\"contentUrl\":\"https:\\\/\\\/secure.gravatar.com\\\/avatar\\\/638e9d8d08bf2340d3d84b2996cdb448289ac0a26b32c99af87880a52287f8b8?s=96&d=mm&r=g\",\"caption\":\"Cl\u00ednica Belodonte\"},\"url\":\"https:\\\/\\\/www.belodonte.es\\\/ca\\\/author\\\/wm_mgc\\\/\"}]}<\/script>\n<!-- \/ Yoast SEO plugin. -->","yoast_head_json":{"title":"Sinusitis maxil\u00b7lar: acabar amb aquesta mol\u00e8stia","description":"La sinusitis maxil\u00b7lar \u00e9s una afecci\u00f3 comuna que afecta una gran quantitat de persones a tot el m\u00f3n. Explicarem en qu\u00e8 consisteix.","robots":{"index":"index","follow":"follow","max-snippet":"max-snippet:-1","max-image-preview":"max-image-preview:large","max-video-preview":"max-video-preview:-1"},"canonical":"https:\/\/www.belodonte.es\/sinusitis-maxilar-acabar-esta-molestia\/","og_locale":"ca_ES","og_type":"article","og_title":"Sinusitis maxil\u00b7lar: acabar amb aquesta mol\u00e8stia","og_description":"La sinusitis maxil\u00b7lar \u00e9s una afecci\u00f3 comuna que afecta una gran quantitat de persones a tot el m\u00f3n. Explicarem en qu\u00e8 consisteix.","og_url":"https:\/\/www.belodonte.es\/sinusitis-maxilar-acabar-esta-molestia\/","og_site_name":"Cl\u00ednica Belodonte","article_published_time":"2024-04-02T06:00:00+00:00","og_image":[{"width":1200,"height":600,"url":"https:\/\/www.belodonte.es\/wp-content\/uploads\/2024\/03\/sinusitis-maxilar.png","type":"image\/png"}],"author":"Cl\u00ednica Belodonte","twitter_card":"summary_large_image","twitter_misc":{"Written by":"Cl\u00ednica Belodonte","Est. reading time":"4 minutes"},"schema":{"@context":"https:\/\/schema.org","@graph":[{"@type":"Article","@id":"https:\/\/www.belodonte.es\/sinusitis-maxilar-acabar-esta-molestia\/#article","isPartOf":{"@id":"https:\/\/www.belodonte.es\/sinusitis-maxilar-acabar-esta-molestia\/"},"author":{"name":"Cl\u00ednica Belodonte","@id":"https:\/\/www.belodonte.es\/#\/schema\/person\/af746658db6c58f111ab4e18a476abcd"},"headline":"Sinusitis maxil\u00b7lar: acabar amb aquesta mol\u00e8stia","datePublished":"2024-04-02T06:00:00+00:00","mainEntityOfPage":{"@id":"https:\/\/www.belodonte.es\/sinusitis-maxilar-acabar-esta-molestia\/"},"wordCount":781,"commentCount":0,"publisher":{"@id":"https:\/\/www.belodonte.es\/#organization"},"image":{"@id":"https:\/\/www.belodonte.es\/sinusitis-maxilar-acabar-esta-molestia\/#primaryimage"},"thumbnailUrl":"https:\/\/www.belodonte.es\/wp-content\/uploads\/2024\/03\/sinusitis-maxilar.png","articleSection":["Cirugia Oral"],"inLanguage":"ca","potentialAction":[{"@type":"CommentAction","name":"Comment","target":["https:\/\/www.belodonte.es\/sinusitis-maxilar-acabar-esta-molestia\/#respond"]}]},{"@type":"WebPage","@id":"https:\/\/www.belodonte.es\/sinusitis-maxilar-acabar-esta-molestia\/","url":"https:\/\/www.belodonte.es\/sinusitis-maxilar-acabar-esta-molestia\/","name":"Sinusitis maxil\u00b7lar: acabar amb aquesta mol\u00e8stia","isPartOf":{"@id":"https:\/\/www.belodonte.es\/#website"},"primaryImageOfPage":{"@id":"https:\/\/www.belodonte.es\/sinusitis-maxilar-acabar-esta-molestia\/#primaryimage"},"image":{"@id":"https:\/\/www.belodonte.es\/sinusitis-maxilar-acabar-esta-molestia\/#primaryimage"},"thumbnailUrl":"https:\/\/www.belodonte.es\/wp-content\/uploads\/2024\/03\/sinusitis-maxilar.png","datePublished":"2024-04-02T06:00:00+00:00","description":"La sinusitis maxil\u00b7lar \u00e9s una afecci\u00f3 comuna que afecta una gran quantitat de persones a tot el m\u00f3n. Explicarem en qu\u00e8 consisteix.","breadcrumb":{"@id":"https:\/\/www.belodonte.es\/sinusitis-maxilar-acabar-esta-molestia\/#breadcrumb"},"inLanguage":"ca","potentialAction":[{"@type":"ReadAction","target":["https:\/\/www.belodonte.es\/sinusitis-maxilar-acabar-esta-molestia\/"]}]},{"@type":"ImageObject","inLanguage":"ca","@id":"https:\/\/www.belodonte.es\/sinusitis-maxilar-acabar-esta-molestia\/#primaryimage","url":"https:\/\/www.belodonte.es\/wp-content\/uploads\/2024\/03\/sinusitis-maxilar.png","contentUrl":"https:\/\/www.belodonte.es\/wp-content\/uploads\/2024\/03\/sinusitis-maxilar.png","width":1200,"height":600,"caption":"sinusitis maxilar"},{"@type":"BreadcrumbList","@id":"https:\/\/www.belodonte.es\/sinusitis-maxilar-acabar-esta-molestia\/#breadcrumb","itemListElement":[{"@type":"ListItem","position":1,"name":"Portada","item":"https:\/\/www.belodonte.es\/"},{"@type":"ListItem","position":2,"name":"Sinusitis maxil\u00b7lar: acabar amb aquesta mol\u00e8stia"}]},{"@type":"WebSite","@id":"https:\/\/www.belodonte.es\/#website","url":"https:\/\/www.belodonte.es\/","name":"Cl\u00ednica Belodonte","description":"Cl\u00ednica dental en Barcelona","publisher":{"@id":"https:\/\/www.belodonte.es\/#organization"},"potentialAction":[{"@type":"SearchAction","target":{"@type":"EntryPoint","urlTemplate":"https:\/\/www.belodonte.es\/?s={search_term_string}"},"query-input":{"@type":"PropertyValueSpecification","valueRequired":true,"valueName":"search_term_string"}}],"inLanguage":"ca"},{"@type":"Organization","@id":"https:\/\/www.belodonte.es\/#organization","name":"Cl\u00ednica Dental Belodonte","url":"https:\/\/www.belodonte.es\/","logo":{"@type":"ImageObject","inLanguage":"ca","@id":"https:\/\/www.belodonte.es\/#\/schema\/logo\/image\/","url":"https:\/\/www.belodonte.es\/wp-content\/uploads\/2021\/10\/favicon-clinica-belodonte.png","contentUrl":"https:\/\/www.belodonte.es\/wp-content\/uploads\/2021\/10\/favicon-clinica-belodonte.png","width":512,"height":512,"caption":"Cl\u00ednica Dental Belodonte"},"image":{"@id":"https:\/\/www.belodonte.es\/#\/schema\/logo\/image\/"}},{"@type":"Person","@id":"https:\/\/www.belodonte.es\/#\/schema\/person\/af746658db6c58f111ab4e18a476abcd","name":"Cl\u00ednica Belodonte","image":{"@type":"ImageObject","inLanguage":"ca","@id":"https:\/\/secure.gravatar.com\/avatar\/638e9d8d08bf2340d3d84b2996cdb448289ac0a26b32c99af87880a52287f8b8?s=96&d=mm&r=g","url":"https:\/\/secure.gravatar.com\/avatar\/638e9d8d08bf2340d3d84b2996cdb448289ac0a26b32c99af87880a52287f8b8?s=96&d=mm&r=g","contentUrl":"https:\/\/secure.gravatar.com\/avatar\/638e9d8d08bf2340d3d84b2996cdb448289ac0a26b32c99af87880a52287f8b8?s=96&d=mm&r=g","caption":"Cl\u00ednica Belodonte"},"url":"https:\/\/www.belodonte.es\/ca\/author\/wm_mgc\/"}]}},"_links":{"self":[{"href":"https:\/\/www.belodonte.es\/ca\/wp-json\/wp\/v2\/posts\/5164","targetHints":{"allow":["GET"]}}],"collection":[{"href":"https:\/\/www.belodonte.es\/ca\/wp-json\/wp\/v2\/posts"}],"about":[{"href":"https:\/\/www.belodonte.es\/ca\/wp-json\/wp\/v2\/types\/post"}],"author":[{"embeddable":true,"href":"https:\/\/www.belodonte.es\/ca\/wp-json\/wp\/v2\/users\/3"}],"replies":[{"embeddable":true,"href":"https:\/\/www.belodonte.es\/ca\/wp-json\/wp\/v2\/comments?post=5164"}],"version-history":[{"count":1,"href":"https:\/\/www.belodonte.es\/ca\/wp-json\/wp\/v2\/posts\/5164\/revisions"}],"predecessor-version":[{"id":5165,"href":"https:\/\/www.belodonte.es\/ca\/wp-json\/wp\/v2\/posts\/5164\/revisions\/5165"}],"wp:featuredmedia":[{"embeddable":true,"href":"https:\/\/www.belodonte.es\/ca\/wp-json\/wp\/v2\/media\/5128"}],"wp:attachment":[{"href":"https:\/\/www.belodonte.es\/ca\/wp-json\/wp\/v2\/media?parent=5164"}],"wp:term":[{"taxonomy":"category","embeddable":true,"href":"https:\/\/www.belodonte.es\/ca\/wp-json\/wp\/v2\/categories?post=5164"},{"taxonomy":"post_tag","embeddable":true,"href":"https:\/\/www.belodonte.es\/ca\/wp-json\/wp\/v2\/tags?post=5164"}],"curies":[{"name":"wp","href":"https:\/\/api.w.org\/{rel}","templated":true}]}}