{"id":5048,"date":"2024-03-19T12:18:39","date_gmt":"2024-03-19T12:18:39","guid":{"rendered":"https:\/\/www.belodonte.es\/?p=5048"},"modified":"2024-02-13T12:22:36","modified_gmt":"2024-02-13T12:22:36","slug":"punta-nasal-com-embellirla","status":"publish","type":"post","link":"https:\/\/www.belodonte.es\/ca\/punta-nasal-com-embellirla\/","title":{"rendered":"Punta nasal: Com embellir-la"},"content":{"rendered":"\n<p>El nas, en el seu paper prominent en el centre del rostre, no sols \u00e9s una part funcional crucial del sistema respiratori hum\u00e0, sin\u00f3 que tamb\u00e9 exerceix un paper significatiu en l&#8217;est\u00e8tica facial. Dins d&#8217;aquest panorama, la <strong>punta nasal <\/strong>es considera un aspecte vital per a aconseguir l&#8217;harmonia facial desitjada. Per aix\u00f2, la cerca de la forma ideal \u00e9s un tema rellevant en la cirurgia pl\u00e0stica i est\u00e8tica facial.<\/p>\n\n\n\n<p>Des de <strong>Cl\u00ednica Belodonte, experts en <a href=\"https:\/\/www.belodonte.es\/ca\/medicina-estetica-facial-barcelona\/\" target=\"_blank\" rel=\"noreferrer noopener\">Medicina Est\u00e8tica Facial a Barcelona<\/a><\/strong>, explicarem com assolir-la.<\/p>\n\n\n\n<h2 class=\"wp-block-heading\">Com \u00e9s la punta nasal ideal?<\/h2>\n\n\n\n<p>Es defineix en gran manera per l&#8217;harmonia i la proporci\u00f3 amb la resta de les caracter\u00edstiques facials. Per a molts pacients, aix\u00f2 implica que sigui prou definida per a accentuar l&#8217;estructura nasal, per\u00f2 no tan prominent com per a dominar l&#8217;aparen\u00e7a facial en conjunt. La seva forma, grand\u00e0ria i projecci\u00f3 poden variar \u00e0mpliament segons l&#8217;anatomia individual i les prefer\u00e8ncies est\u00e8tiques.<\/p>\n\n\n\n<h2 class=\"wp-block-heading\">Problemes comuns de la punta nasal<\/h2>\n\n\n\n<p>Aquesta zona pot presentar una s\u00e8rie de problemes est\u00e8tics i funcionals que poden afectar la confian\u00e7a i la qualitat de vida d&#8217;un individu. Alguns dels problemes m\u00e9s comuns inclouen un nas bulb\u00f3s, la punta caiguda, l&#8217;asimetria nasal, la falta de definici\u00f3 i la projecci\u00f3 excessiva o insuficient.<\/p>\n\n\n\n<p>Aquests problemes poden deure&#8217;s a una varietat de factors, inclosa la gen\u00e8tica, l&#8217;envelliment, lesions traum\u00e0tiques o cirurgies pr\u00e8vies del nas. Independentment de la causa subjacent, aquests problemes poden corregir-se mitjan\u00e7ant t\u00e8cniques de rinopl\u00e0stia.<\/p>\n\n\n\n<h2 class=\"wp-block-heading\">Rinopl\u00e0stia oberta vs. tancada: Opcions per a embellir la punta nasal<\/h2>\n\n\n\n<p>La rinopl\u00e0stia \u00e9s un procediment quir\u00fargic que busca millorar la forma i la funci\u00f3 del nas. En aquest context, existeixen dos enfocaments principals: la rinopl\u00e0stia oberta i la rinopl\u00e0stia tancada.<\/p>\n\n\n\n<ul class=\"wp-block-list\">\n<li><strong>Rinopl\u00e0stia oberta: <\/strong>En aquest enfocament, es realitza una incisi\u00f3 externa en la columel\u00b7la, la pell que separa les fosses nasals. Aquesta t\u00e8cnica permet un acc\u00e9s directe a les estructures internes del nas, la qual cosa proporciona al cirurgi\u00e0 una major visibilitat i control durant la cirurgia. La rinopl\u00e0stia oberta \u00e9s especialment \u00fatil per a casos de correcci\u00f3 que requereixen modificacions significatives en l&#8217;estructura nasal.<\/li>\n\n\n\n<li><strong>Rinopl\u00e0stia tancada: <\/strong>En la rinopl\u00e0stia tancada, totes les incisions es duen a terme dins del nas, cosa que significa que no hi ha incisions externes visibles. Encara que aquest enfocament pot ser m\u00e9s limitat en termes d&#8217;acc\u00e9s a les estructures internes, \u00e9s una opci\u00f3 adequada per a pacients que requereixen modificacions menors o que desitgen un temps de recuperaci\u00f3 m\u00e9s curt i menys visible.<\/li>\n<\/ul>\n\n\n\n<h2 class=\"wp-block-heading\">Resultats i consideracions de la intervenci\u00f3 de la punta nasal<\/h2>\n\n\n\n<p>Tant la rinopl\u00e0stia oberta com la tancada poden oferir resultats excepcionals en la millora de la seva forma. Els resultats de la cirurgia de rinopl\u00e0stia poden variar segons les necessitats i expectatives individuals del pacient, aix\u00ed com l&#8217;habilitat i experi\u00e8ncia del cirurgi\u00e0 pl\u00e0stic.<\/p>\n\n\n\n<p>\u00c9s important tenir en compte que la rinopl\u00e0stia \u00e9s un procediment complex que requereix un enfocament personalitzat per a aconseguir resultats satisfactoris. Abans de sotmetre&#8217;s a una rinopl\u00e0stia, \u00e9s fonamental que els pacients se sotmetin a una consulta exhaustiva amb un cirurgi\u00e0 pl\u00e0stic certificat, on es discuteixin els seus objectius est\u00e8tics i s&#8217;estableixin expectatives realistes.<\/p>\n\n\n\n<p>En conclusi\u00f3, la punta nasal ideal \u00e9s un component crucial per a assolir l&#8217;harmonia facial desitjada. Amb t\u00e8cniques avan\u00e7ades de rinopl\u00e0stia oberta i tancada, els pacients tenen l&#8217;oportunitat de corregir una \u00e0mplia gamma de problemes est\u00e8tics del nas, millorant aix\u00ed la seva aparen\u00e7a i qualitat de vida. No obstant aix\u00f2, \u00e9s crucial buscar l&#8217;assessorament d&#8217;un cirurgi\u00e0 pl\u00e0stic experimentat per a garantir resultats \u00f2ptims i segurs.<\/p>\n\n\n\n<p>En Cl\u00ednica Belodonte disposem de serveis de <a href=\"https:\/\/www.belodonte.es\/ca\/medicina-estetica-facial-barcelona\/\">Medicina Est\u00e8tica Facial<\/a>. Per a m\u00e9s informaci\u00f3 o consultar el vostre cas, no dubteu a <strong><a href=\"https:\/\/www.belodonte.es\/ca\/contacte\/\" target=\"_blank\" rel=\"noreferrer noopener\">posar-vos en contacte<\/a><\/strong> amb nosaltres.<\/p>\n","protected":false},"excerpt":{"rendered":"<p>El nas, en el seu paper prominent en el centre del rostre, no sols \u00e9s una part funcional crucial del sistema respiratori hum\u00e0, sin\u00f3 que tamb\u00e9 exerceix un paper significatiu en l&#8217;est\u00e8tica facial. Dins d&#8217;aquest panorama, la punta nasal es [&hellip;]<\/p>\n","protected":false},"author":3,"featured_media":5016,"comment_status":"open","ping_status":"open","sticky":false,"template":"","format":"standard","meta":{"site-sidebar-layout":"default","site-content-layout":"","ast-site-content-layout":"default","site-content-style":"default","site-sidebar-style":"default","ast-global-header-display":"","ast-banner-title-visibility":"","ast-main-header-display":"","ast-hfb-above-header-display":"","ast-hfb-below-header-display":"","ast-hfb-mobile-header-display":"","site-post-title":"","ast-breadcrumbs-content":"","ast-featured-img":"","footer-sml-layout":"","ast-disable-related-posts":"","theme-transparent-header-meta":"","adv-header-id-meta":"","stick-header-meta":"","header-above-stick-meta":"","header-main-stick-meta":"","header-below-stick-meta":"","astra-migrate-meta-layouts":"set","ast-page-background-enabled":"default","ast-page-background-meta":{"desktop":{"background-color":"","background-image":"","background-repeat":"repeat","background-position":"center center","background-size":"auto","background-attachment":"scroll","background-type":"","background-media":"","overlay-type":"","overlay-color":"","overlay-opacity":"","overlay-gradient":""},"tablet":{"background-color":"","background-image":"","background-repeat":"repeat","background-position":"center center","background-size":"auto","background-attachment":"scroll","background-type":"","background-media":"","overlay-type":"","overlay-color":"","overlay-opacity":"","overlay-gradient":""},"mobile":{"background-color":"","background-image":"","background-repeat":"repeat","background-position":"center center","background-size":"auto","background-attachment":"scroll","background-type":"","background-media":"","overlay-type":"","overlay-color":"","overlay-opacity":"","overlay-gradient":""}},"ast-content-background-meta":{"desktop":{"background-color":"var(--ast-global-color-5)","background-image":"","background-repeat":"repeat","background-position":"center center","background-size":"auto","background-attachment":"scroll","background-type":"","background-media":"","overlay-type":"","overlay-color":"","overlay-opacity":"","overlay-gradient":""},"tablet":{"background-color":"var(--ast-global-color-5)","background-image":"","background-repeat":"repeat","background-position":"center center","background-size":"auto","background-attachment":"scroll","background-type":"","background-media":"","overlay-type":"","overlay-color":"","overlay-opacity":"","overlay-gradient":""},"mobile":{"background-color":"var(--ast-global-color-5)","background-image":"","background-repeat":"repeat","background-position":"center center","background-size":"auto","background-attachment":"scroll","background-type":"","background-media":"","overlay-type":"","overlay-color":"","overlay-opacity":"","overlay-gradient":""}},"footnotes":""},"categories":[17],"tags":[],"class_list":["post-5048","post","type-post","status-publish","format-standard","has-post-thumbnail","hentry","category-medicina-estetica-facial-2"],"yoast_head":"<!-- This site is optimized with the Yoast SEO plugin v27.5 - https:\/\/yoast.com\/product\/yoast-seo-wordpress\/ -->\n<title>Punta nasal: Com embellir-la<\/title>\n<meta name=\"description\" content=\"La punta nasal es considera un aspecte vital per a aconseguir l&#039;harmonia facial desitjada i la cerca de la forma ideal \u00e9s un tema rellevant.\" \/>\n<meta name=\"robots\" content=\"index, follow, max-snippet:-1, max-image-preview:large, max-video-preview:-1\" \/>\n<link rel=\"canonical\" href=\"https:\/\/www.belodonte.es\/punta-nasal-como-embellecerla\/\" \/>\n<meta property=\"og:locale\" content=\"ca_ES\" \/>\n<meta property=\"og:type\" content=\"article\" \/>\n<meta property=\"og:title\" content=\"Punta nasal: Com embellir-la\" \/>\n<meta property=\"og:description\" content=\"La punta nasal es considera un aspecte vital per a aconseguir l&#039;harmonia facial desitjada i la cerca de la forma ideal \u00e9s un tema rellevant.\" \/>\n<meta property=\"og:url\" content=\"https:\/\/www.belodonte.es\/punta-nasal-como-embellecerla\/\" \/>\n<meta property=\"og:site_name\" content=\"Cl\u00ednica Belodonte\" \/>\n<meta property=\"article:published_time\" content=\"2024-03-19T12:18:39+00:00\" \/>\n<meta property=\"og:image\" content=\"https:\/\/www.belodonte.es\/wp-content\/uploads\/2024\/02\/punta-nasal.png\" \/>\n\t<meta property=\"og:image:width\" content=\"1200\" \/>\n\t<meta property=\"og:image:height\" content=\"600\" \/>\n\t<meta property=\"og:image:type\" content=\"image\/png\" \/>\n<meta name=\"author\" content=\"Cl\u00ednica Belodonte\" \/>\n<meta name=\"twitter:card\" content=\"summary_large_image\" \/>\n<meta name=\"twitter:label1\" content=\"Written by\" \/>\n\t<meta name=\"twitter:data1\" content=\"Cl\u00ednica Belodonte\" \/>\n\t<meta name=\"twitter:label2\" content=\"Est. reading time\" \/>\n\t<meta name=\"twitter:data2\" content=\"3 minutes\" \/>\n<script type=\"application\/ld+json\" class=\"yoast-schema-graph\">{\"@context\":\"https:\\\/\\\/schema.org\",\"@graph\":[{\"@type\":\"Article\",\"@id\":\"https:\\\/\\\/www.belodonte.es\\\/punta-nasal-como-embellecerla\\\/#article\",\"isPartOf\":{\"@id\":\"https:\\\/\\\/www.belodonte.es\\\/punta-nasal-como-embellecerla\\\/\"},\"author\":{\"name\":\"Cl\u00ednica Belodonte\",\"@id\":\"https:\\\/\\\/www.belodonte.es\\\/#\\\/schema\\\/person\\\/af746658db6c58f111ab4e18a476abcd\"},\"headline\":\"Punta nasal: Com embellir-la\",\"datePublished\":\"2024-03-19T12:18:39+00:00\",\"mainEntityOfPage\":{\"@id\":\"https:\\\/\\\/www.belodonte.es\\\/punta-nasal-como-embellecerla\\\/\"},\"wordCount\":661,\"commentCount\":0,\"publisher\":{\"@id\":\"https:\\\/\\\/www.belodonte.es\\\/#organization\"},\"image\":{\"@id\":\"https:\\\/\\\/www.belodonte.es\\\/punta-nasal-como-embellecerla\\\/#primaryimage\"},\"thumbnailUrl\":\"https:\\\/\\\/www.belodonte.es\\\/wp-content\\\/uploads\\\/2024\\\/02\\\/punta-nasal.png\",\"articleSection\":[\"Medicina Est\u00e8tica Facial\"],\"inLanguage\":\"ca\",\"potentialAction\":[{\"@type\":\"CommentAction\",\"name\":\"Comment\",\"target\":[\"https:\\\/\\\/www.belodonte.es\\\/punta-nasal-como-embellecerla\\\/#respond\"]}]},{\"@type\":\"WebPage\",\"@id\":\"https:\\\/\\\/www.belodonte.es\\\/punta-nasal-como-embellecerla\\\/\",\"url\":\"https:\\\/\\\/www.belodonte.es\\\/punta-nasal-como-embellecerla\\\/\",\"name\":\"Punta nasal: Com embellir-la\",\"isPartOf\":{\"@id\":\"https:\\\/\\\/www.belodonte.es\\\/#website\"},\"primaryImageOfPage\":{\"@id\":\"https:\\\/\\\/www.belodonte.es\\\/punta-nasal-como-embellecerla\\\/#primaryimage\"},\"image\":{\"@id\":\"https:\\\/\\\/www.belodonte.es\\\/punta-nasal-como-embellecerla\\\/#primaryimage\"},\"thumbnailUrl\":\"https:\\\/\\\/www.belodonte.es\\\/wp-content\\\/uploads\\\/2024\\\/02\\\/punta-nasal.png\",\"datePublished\":\"2024-03-19T12:18:39+00:00\",\"description\":\"La punta nasal es considera un aspecte vital per a aconseguir l'harmonia facial desitjada i la cerca de la forma ideal \u00e9s un tema rellevant.\",\"breadcrumb\":{\"@id\":\"https:\\\/\\\/www.belodonte.es\\\/punta-nasal-como-embellecerla\\\/#breadcrumb\"},\"inLanguage\":\"ca\",\"potentialAction\":[{\"@type\":\"ReadAction\",\"target\":[\"https:\\\/\\\/www.belodonte.es\\\/punta-nasal-como-embellecerla\\\/\"]}]},{\"@type\":\"ImageObject\",\"inLanguage\":\"ca\",\"@id\":\"https:\\\/\\\/www.belodonte.es\\\/punta-nasal-como-embellecerla\\\/#primaryimage\",\"url\":\"https:\\\/\\\/www.belodonte.es\\\/wp-content\\\/uploads\\\/2024\\\/02\\\/punta-nasal.png\",\"contentUrl\":\"https:\\\/\\\/www.belodonte.es\\\/wp-content\\\/uploads\\\/2024\\\/02\\\/punta-nasal.png\",\"width\":1200,\"height\":600,\"caption\":\"punta nasal\"},{\"@type\":\"BreadcrumbList\",\"@id\":\"https:\\\/\\\/www.belodonte.es\\\/punta-nasal-como-embellecerla\\\/#breadcrumb\",\"itemListElement\":[{\"@type\":\"ListItem\",\"position\":1,\"name\":\"Portada\",\"item\":\"https:\\\/\\\/www.belodonte.es\\\/\"},{\"@type\":\"ListItem\",\"position\":2,\"name\":\"Punta nasal: Com embellir-la\"}]},{\"@type\":\"WebSite\",\"@id\":\"https:\\\/\\\/www.belodonte.es\\\/#website\",\"url\":\"https:\\\/\\\/www.belodonte.es\\\/\",\"name\":\"Cl\u00ednica Belodonte\",\"description\":\"Cl\u00ednica dental en Barcelona\",\"publisher\":{\"@id\":\"https:\\\/\\\/www.belodonte.es\\\/#organization\"},\"potentialAction\":[{\"@type\":\"SearchAction\",\"target\":{\"@type\":\"EntryPoint\",\"urlTemplate\":\"https:\\\/\\\/www.belodonte.es\\\/?s={search_term_string}\"},\"query-input\":{\"@type\":\"PropertyValueSpecification\",\"valueRequired\":true,\"valueName\":\"search_term_string\"}}],\"inLanguage\":\"ca\"},{\"@type\":\"Organization\",\"@id\":\"https:\\\/\\\/www.belodonte.es\\\/#organization\",\"name\":\"Cl\u00ednica Dental Belodonte\",\"url\":\"https:\\\/\\\/www.belodonte.es\\\/\",\"logo\":{\"@type\":\"ImageObject\",\"inLanguage\":\"ca\",\"@id\":\"https:\\\/\\\/www.belodonte.es\\\/#\\\/schema\\\/logo\\\/image\\\/\",\"url\":\"https:\\\/\\\/www.belodonte.es\\\/wp-content\\\/uploads\\\/2021\\\/10\\\/favicon-clinica-belodonte.png\",\"contentUrl\":\"https:\\\/\\\/www.belodonte.es\\\/wp-content\\\/uploads\\\/2021\\\/10\\\/favicon-clinica-belodonte.png\",\"width\":512,\"height\":512,\"caption\":\"Cl\u00ednica Dental Belodonte\"},\"image\":{\"@id\":\"https:\\\/\\\/www.belodonte.es\\\/#\\\/schema\\\/logo\\\/image\\\/\"}},{\"@type\":\"Person\",\"@id\":\"https:\\\/\\\/www.belodonte.es\\\/#\\\/schema\\\/person\\\/af746658db6c58f111ab4e18a476abcd\",\"name\":\"Cl\u00ednica Belodonte\",\"image\":{\"@type\":\"ImageObject\",\"inLanguage\":\"ca\",\"@id\":\"https:\\\/\\\/secure.gravatar.com\\\/avatar\\\/638e9d8d08bf2340d3d84b2996cdb448289ac0a26b32c99af87880a52287f8b8?s=96&d=mm&r=g\",\"url\":\"https:\\\/\\\/secure.gravatar.com\\\/avatar\\\/638e9d8d08bf2340d3d84b2996cdb448289ac0a26b32c99af87880a52287f8b8?s=96&d=mm&r=g\",\"contentUrl\":\"https:\\\/\\\/secure.gravatar.com\\\/avatar\\\/638e9d8d08bf2340d3d84b2996cdb448289ac0a26b32c99af87880a52287f8b8?s=96&d=mm&r=g\",\"caption\":\"Cl\u00ednica Belodonte\"},\"url\":\"https:\\\/\\\/www.belodonte.es\\\/ca\\\/author\\\/wm_mgc\\\/\"}]}<\/script>\n<!-- \/ Yoast SEO plugin. -->","yoast_head_json":{"title":"Punta nasal: Com embellir-la","description":"La punta nasal es considera un aspecte vital per a aconseguir l'harmonia facial desitjada i la cerca de la forma ideal \u00e9s un tema rellevant.","robots":{"index":"index","follow":"follow","max-snippet":"max-snippet:-1","max-image-preview":"max-image-preview:large","max-video-preview":"max-video-preview:-1"},"canonical":"https:\/\/www.belodonte.es\/punta-nasal-como-embellecerla\/","og_locale":"ca_ES","og_type":"article","og_title":"Punta nasal: Com embellir-la","og_description":"La punta nasal es considera un aspecte vital per a aconseguir l'harmonia facial desitjada i la cerca de la forma ideal \u00e9s un tema rellevant.","og_url":"https:\/\/www.belodonte.es\/punta-nasal-como-embellecerla\/","og_site_name":"Cl\u00ednica Belodonte","article_published_time":"2024-03-19T12:18:39+00:00","og_image":[{"width":1200,"height":600,"url":"https:\/\/www.belodonte.es\/wp-content\/uploads\/2024\/02\/punta-nasal.png","type":"image\/png"}],"author":"Cl\u00ednica Belodonte","twitter_card":"summary_large_image","twitter_misc":{"Written by":"Cl\u00ednica Belodonte","Est. reading time":"3 minutes"},"schema":{"@context":"https:\/\/schema.org","@graph":[{"@type":"Article","@id":"https:\/\/www.belodonte.es\/punta-nasal-como-embellecerla\/#article","isPartOf":{"@id":"https:\/\/www.belodonte.es\/punta-nasal-como-embellecerla\/"},"author":{"name":"Cl\u00ednica Belodonte","@id":"https:\/\/www.belodonte.es\/#\/schema\/person\/af746658db6c58f111ab4e18a476abcd"},"headline":"Punta nasal: Com embellir-la","datePublished":"2024-03-19T12:18:39+00:00","mainEntityOfPage":{"@id":"https:\/\/www.belodonte.es\/punta-nasal-como-embellecerla\/"},"wordCount":661,"commentCount":0,"publisher":{"@id":"https:\/\/www.belodonte.es\/#organization"},"image":{"@id":"https:\/\/www.belodonte.es\/punta-nasal-como-embellecerla\/#primaryimage"},"thumbnailUrl":"https:\/\/www.belodonte.es\/wp-content\/uploads\/2024\/02\/punta-nasal.png","articleSection":["Medicina Est\u00e8tica Facial"],"inLanguage":"ca","potentialAction":[{"@type":"CommentAction","name":"Comment","target":["https:\/\/www.belodonte.es\/punta-nasal-como-embellecerla\/#respond"]}]},{"@type":"WebPage","@id":"https:\/\/www.belodonte.es\/punta-nasal-como-embellecerla\/","url":"https:\/\/www.belodonte.es\/punta-nasal-como-embellecerla\/","name":"Punta nasal: Com embellir-la","isPartOf":{"@id":"https:\/\/www.belodonte.es\/#website"},"primaryImageOfPage":{"@id":"https:\/\/www.belodonte.es\/punta-nasal-como-embellecerla\/#primaryimage"},"image":{"@id":"https:\/\/www.belodonte.es\/punta-nasal-como-embellecerla\/#primaryimage"},"thumbnailUrl":"https:\/\/www.belodonte.es\/wp-content\/uploads\/2024\/02\/punta-nasal.png","datePublished":"2024-03-19T12:18:39+00:00","description":"La punta nasal es considera un aspecte vital per a aconseguir l'harmonia facial desitjada i la cerca de la forma ideal \u00e9s un tema rellevant.","breadcrumb":{"@id":"https:\/\/www.belodonte.es\/punta-nasal-como-embellecerla\/#breadcrumb"},"inLanguage":"ca","potentialAction":[{"@type":"ReadAction","target":["https:\/\/www.belodonte.es\/punta-nasal-como-embellecerla\/"]}]},{"@type":"ImageObject","inLanguage":"ca","@id":"https:\/\/www.belodonte.es\/punta-nasal-como-embellecerla\/#primaryimage","url":"https:\/\/www.belodonte.es\/wp-content\/uploads\/2024\/02\/punta-nasal.png","contentUrl":"https:\/\/www.belodonte.es\/wp-content\/uploads\/2024\/02\/punta-nasal.png","width":1200,"height":600,"caption":"punta nasal"},{"@type":"BreadcrumbList","@id":"https:\/\/www.belodonte.es\/punta-nasal-como-embellecerla\/#breadcrumb","itemListElement":[{"@type":"ListItem","position":1,"name":"Portada","item":"https:\/\/www.belodonte.es\/"},{"@type":"ListItem","position":2,"name":"Punta nasal: Com embellir-la"}]},{"@type":"WebSite","@id":"https:\/\/www.belodonte.es\/#website","url":"https:\/\/www.belodonte.es\/","name":"Cl\u00ednica Belodonte","description":"Cl\u00ednica dental en Barcelona","publisher":{"@id":"https:\/\/www.belodonte.es\/#organization"},"potentialAction":[{"@type":"SearchAction","target":{"@type":"EntryPoint","urlTemplate":"https:\/\/www.belodonte.es\/?s={search_term_string}"},"query-input":{"@type":"PropertyValueSpecification","valueRequired":true,"valueName":"search_term_string"}}],"inLanguage":"ca"},{"@type":"Organization","@id":"https:\/\/www.belodonte.es\/#organization","name":"Cl\u00ednica Dental Belodonte","url":"https:\/\/www.belodonte.es\/","logo":{"@type":"ImageObject","inLanguage":"ca","@id":"https:\/\/www.belodonte.es\/#\/schema\/logo\/image\/","url":"https:\/\/www.belodonte.es\/wp-content\/uploads\/2021\/10\/favicon-clinica-belodonte.png","contentUrl":"https:\/\/www.belodonte.es\/wp-content\/uploads\/2021\/10\/favicon-clinica-belodonte.png","width":512,"height":512,"caption":"Cl\u00ednica Dental Belodonte"},"image":{"@id":"https:\/\/www.belodonte.es\/#\/schema\/logo\/image\/"}},{"@type":"Person","@id":"https:\/\/www.belodonte.es\/#\/schema\/person\/af746658db6c58f111ab4e18a476abcd","name":"Cl\u00ednica Belodonte","image":{"@type":"ImageObject","inLanguage":"ca","@id":"https:\/\/secure.gravatar.com\/avatar\/638e9d8d08bf2340d3d84b2996cdb448289ac0a26b32c99af87880a52287f8b8?s=96&d=mm&r=g","url":"https:\/\/secure.gravatar.com\/avatar\/638e9d8d08bf2340d3d84b2996cdb448289ac0a26b32c99af87880a52287f8b8?s=96&d=mm&r=g","contentUrl":"https:\/\/secure.gravatar.com\/avatar\/638e9d8d08bf2340d3d84b2996cdb448289ac0a26b32c99af87880a52287f8b8?s=96&d=mm&r=g","caption":"Cl\u00ednica Belodonte"},"url":"https:\/\/www.belodonte.es\/ca\/author\/wm_mgc\/"}]}},"_links":{"self":[{"href":"https:\/\/www.belodonte.es\/ca\/wp-json\/wp\/v2\/posts\/5048","targetHints":{"allow":["GET"]}}],"collection":[{"href":"https:\/\/www.belodonte.es\/ca\/wp-json\/wp\/v2\/posts"}],"about":[{"href":"https:\/\/www.belodonte.es\/ca\/wp-json\/wp\/v2\/types\/post"}],"author":[{"embeddable":true,"href":"https:\/\/www.belodonte.es\/ca\/wp-json\/wp\/v2\/users\/3"}],"replies":[{"embeddable":true,"href":"https:\/\/www.belodonte.es\/ca\/wp-json\/wp\/v2\/comments?post=5048"}],"version-history":[{"count":1,"href":"https:\/\/www.belodonte.es\/ca\/wp-json\/wp\/v2\/posts\/5048\/revisions"}],"predecessor-version":[{"id":5049,"href":"https:\/\/www.belodonte.es\/ca\/wp-json\/wp\/v2\/posts\/5048\/revisions\/5049"}],"wp:featuredmedia":[{"embeddable":true,"href":"https:\/\/www.belodonte.es\/ca\/wp-json\/wp\/v2\/media\/5016"}],"wp:attachment":[{"href":"https:\/\/www.belodonte.es\/ca\/wp-json\/wp\/v2\/media?parent=5048"}],"wp:term":[{"taxonomy":"category","embeddable":true,"href":"https:\/\/www.belodonte.es\/ca\/wp-json\/wp\/v2\/categories?post=5048"},{"taxonomy":"post_tag","embeddable":true,"href":"https:\/\/www.belodonte.es\/ca\/wp-json\/wp\/v2\/tags?post=5048"}],"curies":[{"name":"wp","href":"https:\/\/api.w.org\/{rel}","templated":true}]}}