{"id":4895,"date":"2024-02-15T06:00:00","date_gmt":"2024-02-15T06:00:00","guid":{"rendered":"https:\/\/www.belodonte.es\/?p=4895"},"modified":"2024-01-23T14:14:55","modified_gmt":"2024-01-23T14:14:55","slug":"lifting-frontal-sobre-aquest-procediment","status":"publish","type":"post","link":"https:\/\/www.belodonte.es\/ca\/lifting-frontal-sobre-aquest-procediment\/","title":{"rendered":"L\u00edfting frontal: sobre aquest procediment"},"content":{"rendered":"\n<p>El pas del temps deixa la seva petjada en la nostra pell, i una de les \u00e0rees m\u00e9s afectades \u00e9s el rostre. A mesura que envellim, el front pot mostrar signes de flaccidesa i arrugues, la qual cosa porta a considerar procediments com el<strong> l\u00edfting frontal <\/strong>per a recuperar la joventut perduda. Des de <strong>Cl\u00ednica Belodonte, experts en <\/strong><a href=\"https:\/\/www.belodonte.es\/ca\/medicina-estetica-facial-barcelona\/\"><strong>Medicina Est\u00e8tica Facial<\/strong> <strong>a Barcelona<\/strong><\/a>, avui us expliquem sobre aix\u00f2.<\/p>\n\n\n\n<h2 class=\"wp-block-heading\">En quins casos s&#8217;utilitza el l\u00edfting frontal?<\/h2>\n\n\n\n<p>Tamb\u00e9 conegut com a l\u00edfting de front o de celles, es fa servir en casos on la pell del front ha perdut fermesa i elasticitat a causa de l&#8217;envelliment. A m\u00e9s, aquest procediment pot ser recomanat per a persones que presenten celles caigudes, la qual cosa pot conferir un aspecte cansat o trist al rostre. La gen\u00e8tica, l&#8217;exposici\u00f3 al sol i altres factors poden contribuir a la p\u00e8rdua de tonicitat en aquesta \u00e0rea, fent que el l\u00edfting frontal sigui una opci\u00f3 valuosa per a millorar l&#8217;aparen\u00e7a general.<\/p>\n\n\n\n<h2 class=\"wp-block-heading\">Funcionament i procediment del l\u00edfting frontal<\/h2>\n\n\n\n<p>Es tracta d&#8217;un tractament quir\u00fargic dissenyat per a tibar i elevar la pell del front i les celles. Es realitza generalment sota anest\u00e8sia local o general, depenent de la prefer\u00e8ncia del pacient i l&#8217;extensi\u00f3 del procediment. A trav\u00e9s d&#8217;incisions estrat\u00e8giques, el cirurgi\u00e0 accedeix als m\u00fasculs subjacents i elimina l&#8217;exc\u00e9s de pell.<\/p>\n\n\n\n<p>Durant el procediment, es poden reposicionar les celles per a aconseguir una aparen\u00e7a m\u00e9s juvenil i elevada. \u00c9s important destacar que la tecnologia moderna ha perm\u00e8s desenvolupar t\u00e8cniques menys invasives, com el l\u00edfting endosc\u00f2pic, que utilitza petites incisions i una cambra per a dur a terme ajustos amb major precisi\u00f3.<\/p>\n\n\n\n<h2 class=\"wp-block-heading\">Resultats del l\u00edfting frontal<\/h2>\n\n\n\n<p>Els resultats solen ser notables i duradors. Despr\u00e9s de la recuperaci\u00f3, que pot portar algunes setmanes, els pacients experimenten una aparen\u00e7a m\u00e9s rejovenida i fresca. Les arrugues en el front se suavitzen, i les celles elevades poden obrir la mirada, eliminant l&#8217;expressi\u00f3 cansada.<\/p>\n\n\n\n<p>\u00c9s fonamental seguir les indicacions del cirurgi\u00e0 pl\u00e0stic durant el per\u00edode de recuperaci\u00f3 per a optimitzar els resultats i minimitzar qualsevol incomoditat postoperat\u00f2ria. Igual que amb qualsevol procediment est\u00e8tic, els resultats poden variar segons les caracter\u00edstiques individuals del pacient i l&#8217;enfocament del cirurgi\u00e0.<\/p>\n\n\n\n<p>En Cl\u00ednica Belodonte disposem de serveis de <a href=\"https:\/\/www.belodonte.es\/ca\/medicina-estetica-facial-barcelona\/\">Medicina Est\u00e8tica Facial<\/a>. Per a m\u00e9s informaci\u00f3 o consultar-nos un cas, <strong><a href=\"https:\/\/www.belodonte.es\/ca\/contacte\/\" target=\"_blank\" rel=\"noreferrer noopener\">no dubteu a posar-vos en contacte<\/a> <\/strong>amb nosaltres.<\/p>\n","protected":false},"excerpt":{"rendered":"<p>El pas del temps deixa la seva petjada en la nostra pell, i una de les \u00e0rees m\u00e9s afectades \u00e9s el rostre. A mesura que envellim, el front pot mostrar signes de flaccidesa i arrugues, la qual cosa porta a [&hellip;]<\/p>\n","protected":false},"author":3,"featured_media":4893,"comment_status":"open","ping_status":"open","sticky":false,"template":"","format":"standard","meta":{"site-sidebar-layout":"default","site-content-layout":"","ast-site-content-layout":"default","site-content-style":"default","site-sidebar-style":"default","ast-global-header-display":"","ast-banner-title-visibility":"","ast-main-header-display":"","ast-hfb-above-header-display":"","ast-hfb-below-header-display":"","ast-hfb-mobile-header-display":"","site-post-title":"","ast-breadcrumbs-content":"","ast-featured-img":"","footer-sml-layout":"","ast-disable-related-posts":"","theme-transparent-header-meta":"","adv-header-id-meta":"","stick-header-meta":"","header-above-stick-meta":"","header-main-stick-meta":"","header-below-stick-meta":"","astra-migrate-meta-layouts":"set","ast-page-background-enabled":"default","ast-page-background-meta":{"desktop":{"background-color":"","background-image":"","background-repeat":"repeat","background-position":"center center","background-size":"auto","background-attachment":"scroll","background-type":"","background-media":"","overlay-type":"","overlay-color":"","overlay-opacity":"","overlay-gradient":""},"tablet":{"background-color":"","background-image":"","background-repeat":"repeat","background-position":"center center","background-size":"auto","background-attachment":"scroll","background-type":"","background-media":"","overlay-type":"","overlay-color":"","overlay-opacity":"","overlay-gradient":""},"mobile":{"background-color":"","background-image":"","background-repeat":"repeat","background-position":"center center","background-size":"auto","background-attachment":"scroll","background-type":"","background-media":"","overlay-type":"","overlay-color":"","overlay-opacity":"","overlay-gradient":""}},"ast-content-background-meta":{"desktop":{"background-color":"var(--ast-global-color-5)","background-image":"","background-repeat":"repeat","background-position":"center center","background-size":"auto","background-attachment":"scroll","background-type":"","background-media":"","overlay-type":"","overlay-color":"","overlay-opacity":"","overlay-gradient":""},"tablet":{"background-color":"var(--ast-global-color-5)","background-image":"","background-repeat":"repeat","background-position":"center center","background-size":"auto","background-attachment":"scroll","background-type":"","background-media":"","overlay-type":"","overlay-color":"","overlay-opacity":"","overlay-gradient":""},"mobile":{"background-color":"var(--ast-global-color-5)","background-image":"","background-repeat":"repeat","background-position":"center center","background-size":"auto","background-attachment":"scroll","background-type":"","background-media":"","overlay-type":"","overlay-color":"","overlay-opacity":"","overlay-gradient":""}},"footnotes":""},"categories":[17],"tags":[],"class_list":["post-4895","post","type-post","status-publish","format-standard","has-post-thumbnail","hentry","category-medicina-estetica-facial-2"],"yoast_head":"<!-- This site is optimized with the Yoast SEO plugin v27.4 - https:\/\/yoast.com\/product\/yoast-seo-wordpress\/ -->\n<title>L\u00edfting frontal: sobre aquest procediment<\/title>\n<meta name=\"description\" content=\"A mesura que envellim, el front pot mostrar arrugues, la qual cosa porta a considerar procediments com el lifting frontal.\" \/>\n<meta name=\"robots\" content=\"index, follow, max-snippet:-1, max-image-preview:large, max-video-preview:-1\" \/>\n<link rel=\"canonical\" href=\"https:\/\/www.belodonte.es\/lifting-frontal-sobre-este-procedimiento\/\" \/>\n<meta property=\"og:locale\" content=\"ca_ES\" \/>\n<meta property=\"og:type\" content=\"article\" \/>\n<meta property=\"og:title\" content=\"L\u00edfting frontal: sobre aquest procediment\" \/>\n<meta property=\"og:description\" content=\"A mesura que envellim, el front pot mostrar arrugues, la qual cosa porta a considerar procediments com el lifting frontal.\" \/>\n<meta property=\"og:url\" content=\"https:\/\/www.belodonte.es\/lifting-frontal-sobre-este-procedimiento\/\" \/>\n<meta property=\"og:site_name\" content=\"Cl\u00ednica Belodonte\" \/>\n<meta property=\"article:published_time\" content=\"2024-02-15T06:00:00+00:00\" \/>\n<meta property=\"og:image\" content=\"https:\/\/www.belodonte.es\/wp-content\/uploads\/2024\/01\/lifting-frontal.png\" \/>\n\t<meta property=\"og:image:width\" content=\"1200\" \/>\n\t<meta property=\"og:image:height\" content=\"600\" \/>\n\t<meta property=\"og:image:type\" content=\"image\/png\" \/>\n<meta name=\"author\" content=\"Cl\u00ednica Belodonte\" \/>\n<meta name=\"twitter:card\" content=\"summary_large_image\" \/>\n<meta name=\"twitter:label1\" content=\"Written by\" \/>\n\t<meta name=\"twitter:data1\" content=\"Cl\u00ednica Belodonte\" \/>\n\t<meta name=\"twitter:label2\" content=\"Est. reading time\" \/>\n\t<meta name=\"twitter:data2\" content=\"2 minutes\" \/>\n<script type=\"application\/ld+json\" class=\"yoast-schema-graph\">{\"@context\":\"https:\\\/\\\/schema.org\",\"@graph\":[{\"@type\":\"Article\",\"@id\":\"https:\\\/\\\/www.belodonte.es\\\/lifting-frontal-sobre-este-procedimiento\\\/#article\",\"isPartOf\":{\"@id\":\"https:\\\/\\\/www.belodonte.es\\\/lifting-frontal-sobre-este-procedimiento\\\/\"},\"author\":{\"name\":\"Cl\u00ednica Belodonte\",\"@id\":\"https:\\\/\\\/www.belodonte.es\\\/#\\\/schema\\\/person\\\/af746658db6c58f111ab4e18a476abcd\"},\"headline\":\"L\u00edfting frontal: sobre aquest procediment\",\"datePublished\":\"2024-02-15T06:00:00+00:00\",\"mainEntityOfPage\":{\"@id\":\"https:\\\/\\\/www.belodonte.es\\\/lifting-frontal-sobre-este-procedimiento\\\/\"},\"wordCount\":428,\"commentCount\":0,\"publisher\":{\"@id\":\"https:\\\/\\\/www.belodonte.es\\\/#organization\"},\"image\":{\"@id\":\"https:\\\/\\\/www.belodonte.es\\\/lifting-frontal-sobre-este-procedimiento\\\/#primaryimage\"},\"thumbnailUrl\":\"https:\\\/\\\/www.belodonte.es\\\/wp-content\\\/uploads\\\/2024\\\/01\\\/lifting-frontal.png\",\"articleSection\":[\"Medicina Est\u00e8tica Facial\"],\"inLanguage\":\"ca\",\"potentialAction\":[{\"@type\":\"CommentAction\",\"name\":\"Comment\",\"target\":[\"https:\\\/\\\/www.belodonte.es\\\/lifting-frontal-sobre-este-procedimiento\\\/#respond\"]}]},{\"@type\":\"WebPage\",\"@id\":\"https:\\\/\\\/www.belodonte.es\\\/lifting-frontal-sobre-este-procedimiento\\\/\",\"url\":\"https:\\\/\\\/www.belodonte.es\\\/lifting-frontal-sobre-este-procedimiento\\\/\",\"name\":\"L\u00edfting frontal: sobre aquest procediment\",\"isPartOf\":{\"@id\":\"https:\\\/\\\/www.belodonte.es\\\/#website\"},\"primaryImageOfPage\":{\"@id\":\"https:\\\/\\\/www.belodonte.es\\\/lifting-frontal-sobre-este-procedimiento\\\/#primaryimage\"},\"image\":{\"@id\":\"https:\\\/\\\/www.belodonte.es\\\/lifting-frontal-sobre-este-procedimiento\\\/#primaryimage\"},\"thumbnailUrl\":\"https:\\\/\\\/www.belodonte.es\\\/wp-content\\\/uploads\\\/2024\\\/01\\\/lifting-frontal.png\",\"datePublished\":\"2024-02-15T06:00:00+00:00\",\"description\":\"A mesura que envellim, el front pot mostrar arrugues, la qual cosa porta a considerar procediments com el lifting frontal.\",\"breadcrumb\":{\"@id\":\"https:\\\/\\\/www.belodonte.es\\\/lifting-frontal-sobre-este-procedimiento\\\/#breadcrumb\"},\"inLanguage\":\"ca\",\"potentialAction\":[{\"@type\":\"ReadAction\",\"target\":[\"https:\\\/\\\/www.belodonte.es\\\/lifting-frontal-sobre-este-procedimiento\\\/\"]}]},{\"@type\":\"ImageObject\",\"inLanguage\":\"ca\",\"@id\":\"https:\\\/\\\/www.belodonte.es\\\/lifting-frontal-sobre-este-procedimiento\\\/#primaryimage\",\"url\":\"https:\\\/\\\/www.belodonte.es\\\/wp-content\\\/uploads\\\/2024\\\/01\\\/lifting-frontal.png\",\"contentUrl\":\"https:\\\/\\\/www.belodonte.es\\\/wp-content\\\/uploads\\\/2024\\\/01\\\/lifting-frontal.png\",\"width\":1200,\"height\":600,\"caption\":\"lifting frontal\"},{\"@type\":\"BreadcrumbList\",\"@id\":\"https:\\\/\\\/www.belodonte.es\\\/lifting-frontal-sobre-este-procedimiento\\\/#breadcrumb\",\"itemListElement\":[{\"@type\":\"ListItem\",\"position\":1,\"name\":\"Portada\",\"item\":\"https:\\\/\\\/www.belodonte.es\\\/\"},{\"@type\":\"ListItem\",\"position\":2,\"name\":\"L\u00edfting frontal: sobre aquest procediment\"}]},{\"@type\":\"WebSite\",\"@id\":\"https:\\\/\\\/www.belodonte.es\\\/#website\",\"url\":\"https:\\\/\\\/www.belodonte.es\\\/\",\"name\":\"Cl\u00ednica Belodonte\",\"description\":\"Cl\u00ednica dental en Barcelona\",\"publisher\":{\"@id\":\"https:\\\/\\\/www.belodonte.es\\\/#organization\"},\"potentialAction\":[{\"@type\":\"SearchAction\",\"target\":{\"@type\":\"EntryPoint\",\"urlTemplate\":\"https:\\\/\\\/www.belodonte.es\\\/?s={search_term_string}\"},\"query-input\":{\"@type\":\"PropertyValueSpecification\",\"valueRequired\":true,\"valueName\":\"search_term_string\"}}],\"inLanguage\":\"ca\"},{\"@type\":\"Organization\",\"@id\":\"https:\\\/\\\/www.belodonte.es\\\/#organization\",\"name\":\"Cl\u00ednica Dental Belodonte\",\"url\":\"https:\\\/\\\/www.belodonte.es\\\/\",\"logo\":{\"@type\":\"ImageObject\",\"inLanguage\":\"ca\",\"@id\":\"https:\\\/\\\/www.belodonte.es\\\/#\\\/schema\\\/logo\\\/image\\\/\",\"url\":\"https:\\\/\\\/www.belodonte.es\\\/wp-content\\\/uploads\\\/2021\\\/10\\\/favicon-clinica-belodonte.png\",\"contentUrl\":\"https:\\\/\\\/www.belodonte.es\\\/wp-content\\\/uploads\\\/2021\\\/10\\\/favicon-clinica-belodonte.png\",\"width\":512,\"height\":512,\"caption\":\"Cl\u00ednica Dental Belodonte\"},\"image\":{\"@id\":\"https:\\\/\\\/www.belodonte.es\\\/#\\\/schema\\\/logo\\\/image\\\/\"}},{\"@type\":\"Person\",\"@id\":\"https:\\\/\\\/www.belodonte.es\\\/#\\\/schema\\\/person\\\/af746658db6c58f111ab4e18a476abcd\",\"name\":\"Cl\u00ednica Belodonte\",\"image\":{\"@type\":\"ImageObject\",\"inLanguage\":\"ca\",\"@id\":\"https:\\\/\\\/secure.gravatar.com\\\/avatar\\\/638e9d8d08bf2340d3d84b2996cdb448289ac0a26b32c99af87880a52287f8b8?s=96&d=mm&r=g\",\"url\":\"https:\\\/\\\/secure.gravatar.com\\\/avatar\\\/638e9d8d08bf2340d3d84b2996cdb448289ac0a26b32c99af87880a52287f8b8?s=96&d=mm&r=g\",\"contentUrl\":\"https:\\\/\\\/secure.gravatar.com\\\/avatar\\\/638e9d8d08bf2340d3d84b2996cdb448289ac0a26b32c99af87880a52287f8b8?s=96&d=mm&r=g\",\"caption\":\"Cl\u00ednica Belodonte\"},\"url\":\"https:\\\/\\\/www.belodonte.es\\\/ca\\\/author\\\/wm_mgc\\\/\"}]}<\/script>\n<!-- \/ Yoast SEO plugin. -->","yoast_head_json":{"title":"L\u00edfting frontal: sobre aquest procediment","description":"A mesura que envellim, el front pot mostrar arrugues, la qual cosa porta a considerar procediments com el lifting frontal.","robots":{"index":"index","follow":"follow","max-snippet":"max-snippet:-1","max-image-preview":"max-image-preview:large","max-video-preview":"max-video-preview:-1"},"canonical":"https:\/\/www.belodonte.es\/lifting-frontal-sobre-este-procedimiento\/","og_locale":"ca_ES","og_type":"article","og_title":"L\u00edfting frontal: sobre aquest procediment","og_description":"A mesura que envellim, el front pot mostrar arrugues, la qual cosa porta a considerar procediments com el lifting frontal.","og_url":"https:\/\/www.belodonte.es\/lifting-frontal-sobre-este-procedimiento\/","og_site_name":"Cl\u00ednica Belodonte","article_published_time":"2024-02-15T06:00:00+00:00","og_image":[{"width":1200,"height":600,"url":"https:\/\/www.belodonte.es\/wp-content\/uploads\/2024\/01\/lifting-frontal.png","type":"image\/png"}],"author":"Cl\u00ednica Belodonte","twitter_card":"summary_large_image","twitter_misc":{"Written by":"Cl\u00ednica Belodonte","Est. reading time":"2 minutes"},"schema":{"@context":"https:\/\/schema.org","@graph":[{"@type":"Article","@id":"https:\/\/www.belodonte.es\/lifting-frontal-sobre-este-procedimiento\/#article","isPartOf":{"@id":"https:\/\/www.belodonte.es\/lifting-frontal-sobre-este-procedimiento\/"},"author":{"name":"Cl\u00ednica Belodonte","@id":"https:\/\/www.belodonte.es\/#\/schema\/person\/af746658db6c58f111ab4e18a476abcd"},"headline":"L\u00edfting frontal: sobre aquest procediment","datePublished":"2024-02-15T06:00:00+00:00","mainEntityOfPage":{"@id":"https:\/\/www.belodonte.es\/lifting-frontal-sobre-este-procedimiento\/"},"wordCount":428,"commentCount":0,"publisher":{"@id":"https:\/\/www.belodonte.es\/#organization"},"image":{"@id":"https:\/\/www.belodonte.es\/lifting-frontal-sobre-este-procedimiento\/#primaryimage"},"thumbnailUrl":"https:\/\/www.belodonte.es\/wp-content\/uploads\/2024\/01\/lifting-frontal.png","articleSection":["Medicina Est\u00e8tica Facial"],"inLanguage":"ca","potentialAction":[{"@type":"CommentAction","name":"Comment","target":["https:\/\/www.belodonte.es\/lifting-frontal-sobre-este-procedimiento\/#respond"]}]},{"@type":"WebPage","@id":"https:\/\/www.belodonte.es\/lifting-frontal-sobre-este-procedimiento\/","url":"https:\/\/www.belodonte.es\/lifting-frontal-sobre-este-procedimiento\/","name":"L\u00edfting frontal: sobre aquest procediment","isPartOf":{"@id":"https:\/\/www.belodonte.es\/#website"},"primaryImageOfPage":{"@id":"https:\/\/www.belodonte.es\/lifting-frontal-sobre-este-procedimiento\/#primaryimage"},"image":{"@id":"https:\/\/www.belodonte.es\/lifting-frontal-sobre-este-procedimiento\/#primaryimage"},"thumbnailUrl":"https:\/\/www.belodonte.es\/wp-content\/uploads\/2024\/01\/lifting-frontal.png","datePublished":"2024-02-15T06:00:00+00:00","description":"A mesura que envellim, el front pot mostrar arrugues, la qual cosa porta a considerar procediments com el lifting frontal.","breadcrumb":{"@id":"https:\/\/www.belodonte.es\/lifting-frontal-sobre-este-procedimiento\/#breadcrumb"},"inLanguage":"ca","potentialAction":[{"@type":"ReadAction","target":["https:\/\/www.belodonte.es\/lifting-frontal-sobre-este-procedimiento\/"]}]},{"@type":"ImageObject","inLanguage":"ca","@id":"https:\/\/www.belodonte.es\/lifting-frontal-sobre-este-procedimiento\/#primaryimage","url":"https:\/\/www.belodonte.es\/wp-content\/uploads\/2024\/01\/lifting-frontal.png","contentUrl":"https:\/\/www.belodonte.es\/wp-content\/uploads\/2024\/01\/lifting-frontal.png","width":1200,"height":600,"caption":"lifting frontal"},{"@type":"BreadcrumbList","@id":"https:\/\/www.belodonte.es\/lifting-frontal-sobre-este-procedimiento\/#breadcrumb","itemListElement":[{"@type":"ListItem","position":1,"name":"Portada","item":"https:\/\/www.belodonte.es\/"},{"@type":"ListItem","position":2,"name":"L\u00edfting frontal: sobre aquest procediment"}]},{"@type":"WebSite","@id":"https:\/\/www.belodonte.es\/#website","url":"https:\/\/www.belodonte.es\/","name":"Cl\u00ednica Belodonte","description":"Cl\u00ednica dental en Barcelona","publisher":{"@id":"https:\/\/www.belodonte.es\/#organization"},"potentialAction":[{"@type":"SearchAction","target":{"@type":"EntryPoint","urlTemplate":"https:\/\/www.belodonte.es\/?s={search_term_string}"},"query-input":{"@type":"PropertyValueSpecification","valueRequired":true,"valueName":"search_term_string"}}],"inLanguage":"ca"},{"@type":"Organization","@id":"https:\/\/www.belodonte.es\/#organization","name":"Cl\u00ednica Dental Belodonte","url":"https:\/\/www.belodonte.es\/","logo":{"@type":"ImageObject","inLanguage":"ca","@id":"https:\/\/www.belodonte.es\/#\/schema\/logo\/image\/","url":"https:\/\/www.belodonte.es\/wp-content\/uploads\/2021\/10\/favicon-clinica-belodonte.png","contentUrl":"https:\/\/www.belodonte.es\/wp-content\/uploads\/2021\/10\/favicon-clinica-belodonte.png","width":512,"height":512,"caption":"Cl\u00ednica Dental Belodonte"},"image":{"@id":"https:\/\/www.belodonte.es\/#\/schema\/logo\/image\/"}},{"@type":"Person","@id":"https:\/\/www.belodonte.es\/#\/schema\/person\/af746658db6c58f111ab4e18a476abcd","name":"Cl\u00ednica Belodonte","image":{"@type":"ImageObject","inLanguage":"ca","@id":"https:\/\/secure.gravatar.com\/avatar\/638e9d8d08bf2340d3d84b2996cdb448289ac0a26b32c99af87880a52287f8b8?s=96&d=mm&r=g","url":"https:\/\/secure.gravatar.com\/avatar\/638e9d8d08bf2340d3d84b2996cdb448289ac0a26b32c99af87880a52287f8b8?s=96&d=mm&r=g","contentUrl":"https:\/\/secure.gravatar.com\/avatar\/638e9d8d08bf2340d3d84b2996cdb448289ac0a26b32c99af87880a52287f8b8?s=96&d=mm&r=g","caption":"Cl\u00ednica Belodonte"},"url":"https:\/\/www.belodonte.es\/ca\/author\/wm_mgc\/"}]}},"_links":{"self":[{"href":"https:\/\/www.belodonte.es\/ca\/wp-json\/wp\/v2\/posts\/4895","targetHints":{"allow":["GET"]}}],"collection":[{"href":"https:\/\/www.belodonte.es\/ca\/wp-json\/wp\/v2\/posts"}],"about":[{"href":"https:\/\/www.belodonte.es\/ca\/wp-json\/wp\/v2\/types\/post"}],"author":[{"embeddable":true,"href":"https:\/\/www.belodonte.es\/ca\/wp-json\/wp\/v2\/users\/3"}],"replies":[{"embeddable":true,"href":"https:\/\/www.belodonte.es\/ca\/wp-json\/wp\/v2\/comments?post=4895"}],"version-history":[{"count":2,"href":"https:\/\/www.belodonte.es\/ca\/wp-json\/wp\/v2\/posts\/4895\/revisions"}],"predecessor-version":[{"id":4963,"href":"https:\/\/www.belodonte.es\/ca\/wp-json\/wp\/v2\/posts\/4895\/revisions\/4963"}],"wp:featuredmedia":[{"embeddable":true,"href":"https:\/\/www.belodonte.es\/ca\/wp-json\/wp\/v2\/media\/4893"}],"wp:attachment":[{"href":"https:\/\/www.belodonte.es\/ca\/wp-json\/wp\/v2\/media?parent=4895"}],"wp:term":[{"taxonomy":"category","embeddable":true,"href":"https:\/\/www.belodonte.es\/ca\/wp-json\/wp\/v2\/categories?post=4895"},{"taxonomy":"post_tag","embeddable":true,"href":"https:\/\/www.belodonte.es\/ca\/wp-json\/wp\/v2\/tags?post=4895"}],"curies":[{"name":"wp","href":"https:\/\/api.w.org\/{rel}","templated":true}]}}