{"id":4887,"date":"2024-02-13T06:00:00","date_gmt":"2024-02-13T06:00:00","guid":{"rendered":"https:\/\/www.belodonte.es\/?p=4887"},"modified":"2024-01-23T14:15:47","modified_gmt":"2024-01-23T14:15:47","slug":"pomuls-com-embellir","status":"publish","type":"post","link":"https:\/\/www.belodonte.es\/ca\/pomuls-com-embellir\/","title":{"rendered":"P\u00f2muls: com embellir-los"},"content":{"rendered":"\n<p>Els <strong>p\u00f2muls<\/strong>, una caracter\u00edstica distintiva de la cara, exerceixen un paper crucial en la definici\u00f3 de la bellesa facial. Moltes persones busquen ressaltar-los i embellir-los per a aconseguir una aparen\u00e7a m\u00e9s juvenil i atractiva. Des de <strong>Cl\u00ednica Belodonte, experts en<a href=\"https:\/\/www.belodonte.es\/ca\/medicina-estetica-facial-barcelona\/\" target=\"_blank\" rel=\"noreferrer noopener\"> <\/a><a href=\"https:\/\/www.belodonte.es\/ca\/medicina-estetica-facial-barcelona\/\">Medicina Est\u00e8tica Facial a Barcelona<\/a><\/strong>, explicarem com els idealment bonics poden real\u00e7ar l&#8217;harmonia facial i com el <strong><a href=\"https:\/\/www.belodonte.es\/ca\/lifting-mitja-rejoveniment-facial-efectiu-natural\/\" target=\"_blank\" rel=\"noreferrer noopener\">l\u00edfting mitj\u00e0<\/a><\/strong> pot ser una soluci\u00f3 efectiva per a obtenir aquest objectiu.<\/p>\n\n\n\n<h2 class=\"wp-block-heading\">Com es consideren els p\u00f2muls ideals?<\/h2>\n\n\n\n<p>La bellesa facial va m\u00e9s enll\u00e0 de la simetria. En el cas dels p\u00f2muls, la forma, el volum i la posici\u00f3 s\u00f3n aspectes clau que defineixen el seu atractiu. Idealment, ben definits haurien de crear un contorn facial harmoni\u00f3s, real\u00e7ant l&#8217;estructura \u00f2ssia i proporcionant un aspecte juvenil. Els ben proporcionats sovint s&#8217;associen amb la joventut i la vitalitat.<\/p>\n\n\n\n<h2 class=\"wp-block-heading\">L\u00edfting mitj\u00e0 per a la millora dels p\u00f2muls<\/h2>\n\n\n\n<p>Aquest procediment est\u00e8tic que ha guanyat popularitat en els \u00faltims anys, se centra espec\u00edficament a rejovenir i millorar l&#8217;aparen\u00e7a de la meitat superior del rostre, incloent-los. Aquest tractament no invasiu utilitza fils tensors o farciments d\u00e8rmics per a elevar i restaurar el volum perdut, proporcionant un efecte l\u00edfting sense la necessitat de cirurgia.<\/p>\n\n\n\n<h2 class=\"wp-block-heading\">Com es duu a terme el l\u00edfting mitj\u00e0 per a l&#8217;embelliment dels p\u00f2muls<\/h2>\n\n\n\n<p>El procediment comen\u00e7a amb una avaluaci\u00f3 detallada de l&#8217;estructura facial de cada pacient. Els professionals de l&#8217;est\u00e8tica determinen la quantitat de volum que es necessita i la ubicaci\u00f3 estrat\u00e8gica per a aconseguir resultats naturals. Els fils tensors s&#8217;insereixen sota la pell per a elevar-los i redefinir-los, estimulant simult\u00e0niament la producci\u00f3 de col\u00b7lagen per a obtenir resultats duradors.<\/p>\n\n\n\n<h2 class=\"wp-block-heading\">Resultat del l\u00edfting mitj\u00e0 per als p\u00f2muls<\/h2>\n\n\n\n<p>Un dels seus avantatges destacats \u00e9s la capacitat d&#8217;obtenir resultats naturals i duradors. A mesura que el col\u00b7lagen es regenera, la pell es torna m\u00e9s ferma i l&#8217;efecte l\u00edfting es mant\u00e9 al llarg del temps. Els pacients experimenten un rejoveniment facial sense perdre l&#8217;expressi\u00f3 natural dels seus trets. Aix\u00f2 fa que el l\u00edfting mitj\u00e0 sigui una opci\u00f3 atractiva per a aquells que busquen millorar la seva est\u00e8tica sense sotmetre&#8217;s a cirurgies invasives.<\/p>\n\n\n\n<h2 class=\"wp-block-heading\">Consideracions importants abans de realitzar-se un l\u00edfting mitj\u00e0 per als p\u00f2muls<\/h2>\n\n\n\n<p>Encara que \u00e9s un procediment no quir\u00fargic, \u00e9s essencial considerar uns certs aspectes abans de decidir-se per aquest tractament. La consulta amb un professional de l&#8217;est\u00e8tica \u00e9s crucial per a avaluar la idone\u00eftat del procediment per a cada individu. A m\u00e9s, comprendre les expectatives realistes i els possibles efectes secundaris contribueix a una experi\u00e8ncia m\u00e9s informada i satisfact\u00f2ria.<\/p>\n\n\n\n<p>En Cl\u00ednica Belodonte disposem de serveis de <a href=\"https:\/\/www.belodonte.es\/ca\/medicina-estetica-facial-barcelona\/\">Medicina Est\u00e8tica Facial<\/a>. Per a m\u00e9s informaci\u00f3 o consultar-nos un cas, no dubteu a <strong><a href=\"https:\/\/www.belodonte.es\/ca\/contacte\/\" target=\"_blank\" rel=\"noreferrer noopener\">posar-vos en contacte<\/a><\/strong> amb nosaltres.<\/p>\n","protected":false},"excerpt":{"rendered":"<p>Els p\u00f2muls, una caracter\u00edstica distintiva de la cara, exerceixen un paper crucial en la definici\u00f3 de la bellesa facial. Moltes persones busquen ressaltar-los i embellir-los per a aconseguir una aparen\u00e7a m\u00e9s juvenil i atractiva. Des de Cl\u00ednica Belodonte, experts en [&hellip;]<\/p>\n","protected":false},"author":3,"featured_media":4888,"comment_status":"open","ping_status":"open","sticky":false,"template":"","format":"standard","meta":{"site-sidebar-layout":"default","site-content-layout":"","ast-site-content-layout":"default","site-content-style":"default","site-sidebar-style":"default","ast-global-header-display":"","ast-banner-title-visibility":"","ast-main-header-display":"","ast-hfb-above-header-display":"","ast-hfb-below-header-display":"","ast-hfb-mobile-header-display":"","site-post-title":"","ast-breadcrumbs-content":"","ast-featured-img":"","footer-sml-layout":"","ast-disable-related-posts":"","theme-transparent-header-meta":"","adv-header-id-meta":"","stick-header-meta":"","header-above-stick-meta":"","header-main-stick-meta":"","header-below-stick-meta":"","astra-migrate-meta-layouts":"set","ast-page-background-enabled":"default","ast-page-background-meta":{"desktop":{"background-color":"","background-image":"","background-repeat":"repeat","background-position":"center center","background-size":"auto","background-attachment":"scroll","background-type":"","background-media":"","overlay-type":"","overlay-color":"","overlay-opacity":"","overlay-gradient":""},"tablet":{"background-color":"","background-image":"","background-repeat":"repeat","background-position":"center center","background-size":"auto","background-attachment":"scroll","background-type":"","background-media":"","overlay-type":"","overlay-color":"","overlay-opacity":"","overlay-gradient":""},"mobile":{"background-color":"","background-image":"","background-repeat":"repeat","background-position":"center center","background-size":"auto","background-attachment":"scroll","background-type":"","background-media":"","overlay-type":"","overlay-color":"","overlay-opacity":"","overlay-gradient":""}},"ast-content-background-meta":{"desktop":{"background-color":"var(--ast-global-color-5)","background-image":"","background-repeat":"repeat","background-position":"center center","background-size":"auto","background-attachment":"scroll","background-type":"","background-media":"","overlay-type":"","overlay-color":"","overlay-opacity":"","overlay-gradient":""},"tablet":{"background-color":"var(--ast-global-color-5)","background-image":"","background-repeat":"repeat","background-position":"center center","background-size":"auto","background-attachment":"scroll","background-type":"","background-media":"","overlay-type":"","overlay-color":"","overlay-opacity":"","overlay-gradient":""},"mobile":{"background-color":"var(--ast-global-color-5)","background-image":"","background-repeat":"repeat","background-position":"center center","background-size":"auto","background-attachment":"scroll","background-type":"","background-media":"","overlay-type":"","overlay-color":"","overlay-opacity":"","overlay-gradient":""}},"footnotes":""},"categories":[17],"tags":[],"class_list":["post-4887","post","type-post","status-publish","format-standard","has-post-thumbnail","hentry","category-medicina-estetica-facial-2"],"yoast_head":"<!-- This site is optimized with the Yoast SEO plugin v27.4 - https:\/\/yoast.com\/product\/yoast-seo-wordpress\/ -->\n<title>P\u00f2muls: com embellir-los<\/title>\n<meta name=\"description\" content=\"Els p\u00f2muls, una caracter\u00edstica distintiva de la cara, exerceixen un paper crucial en la definici\u00f3 de la bellesa facial.\" \/>\n<meta name=\"robots\" content=\"index, follow, max-snippet:-1, max-image-preview:large, max-video-preview:-1\" \/>\n<link rel=\"canonical\" href=\"https:\/\/www.belodonte.es\/pomulos-como-embellecerlos\/\" \/>\n<meta property=\"og:locale\" content=\"ca_ES\" \/>\n<meta property=\"og:type\" content=\"article\" \/>\n<meta property=\"og:title\" content=\"P\u00f2muls: com embellir-los\" \/>\n<meta property=\"og:description\" content=\"Els p\u00f2muls, una caracter\u00edstica distintiva de la cara, exerceixen un paper crucial en la definici\u00f3 de la bellesa facial.\" \/>\n<meta property=\"og:url\" content=\"https:\/\/www.belodonte.es\/pomulos-como-embellecerlos\/\" \/>\n<meta property=\"og:site_name\" content=\"Cl\u00ednica Belodonte\" \/>\n<meta property=\"article:published_time\" content=\"2024-02-13T06:00:00+00:00\" \/>\n<meta property=\"og:image\" content=\"https:\/\/www.belodonte.es\/wp-content\/uploads\/2024\/01\/pomuls.png\" \/>\n\t<meta property=\"og:image:width\" content=\"1200\" \/>\n\t<meta property=\"og:image:height\" content=\"600\" \/>\n\t<meta property=\"og:image:type\" content=\"image\/png\" \/>\n<meta name=\"author\" content=\"Cl\u00ednica Belodonte\" \/>\n<meta name=\"twitter:card\" content=\"summary_large_image\" \/>\n<meta name=\"twitter:label1\" content=\"Written by\" \/>\n\t<meta name=\"twitter:data1\" content=\"Cl\u00ednica Belodonte\" \/>\n\t<meta name=\"twitter:label2\" content=\"Est. reading time\" \/>\n\t<meta name=\"twitter:data2\" content=\"3 minutes\" \/>\n<script type=\"application\/ld+json\" class=\"yoast-schema-graph\">{\"@context\":\"https:\\\/\\\/schema.org\",\"@graph\":[{\"@type\":\"Article\",\"@id\":\"https:\\\/\\\/www.belodonte.es\\\/pomulos-como-embellecerlos\\\/#article\",\"isPartOf\":{\"@id\":\"https:\\\/\\\/www.belodonte.es\\\/pomulos-como-embellecerlos\\\/\"},\"author\":{\"name\":\"Cl\u00ednica Belodonte\",\"@id\":\"https:\\\/\\\/www.belodonte.es\\\/#\\\/schema\\\/person\\\/af746658db6c58f111ab4e18a476abcd\"},\"headline\":\"P\u00f2muls: com embellir-los\",\"datePublished\":\"2024-02-13T06:00:00+00:00\",\"mainEntityOfPage\":{\"@id\":\"https:\\\/\\\/www.belodonte.es\\\/pomulos-como-embellecerlos\\\/\"},\"wordCount\":489,\"commentCount\":0,\"publisher\":{\"@id\":\"https:\\\/\\\/www.belodonte.es\\\/#organization\"},\"image\":{\"@id\":\"https:\\\/\\\/www.belodonte.es\\\/pomulos-como-embellecerlos\\\/#primaryimage\"},\"thumbnailUrl\":\"https:\\\/\\\/www.belodonte.es\\\/wp-content\\\/uploads\\\/2024\\\/01\\\/pomuls.png\",\"articleSection\":[\"Medicina Est\u00e8tica Facial\"],\"inLanguage\":\"ca\",\"potentialAction\":[{\"@type\":\"CommentAction\",\"name\":\"Comment\",\"target\":[\"https:\\\/\\\/www.belodonte.es\\\/pomulos-como-embellecerlos\\\/#respond\"]}]},{\"@type\":\"WebPage\",\"@id\":\"https:\\\/\\\/www.belodonte.es\\\/pomulos-como-embellecerlos\\\/\",\"url\":\"https:\\\/\\\/www.belodonte.es\\\/pomulos-como-embellecerlos\\\/\",\"name\":\"P\u00f2muls: com embellir-los\",\"isPartOf\":{\"@id\":\"https:\\\/\\\/www.belodonte.es\\\/#website\"},\"primaryImageOfPage\":{\"@id\":\"https:\\\/\\\/www.belodonte.es\\\/pomulos-como-embellecerlos\\\/#primaryimage\"},\"image\":{\"@id\":\"https:\\\/\\\/www.belodonte.es\\\/pomulos-como-embellecerlos\\\/#primaryimage\"},\"thumbnailUrl\":\"https:\\\/\\\/www.belodonte.es\\\/wp-content\\\/uploads\\\/2024\\\/01\\\/pomuls.png\",\"datePublished\":\"2024-02-13T06:00:00+00:00\",\"description\":\"Els p\u00f2muls, una caracter\u00edstica distintiva de la cara, exerceixen un paper crucial en la definici\u00f3 de la bellesa facial.\",\"breadcrumb\":{\"@id\":\"https:\\\/\\\/www.belodonte.es\\\/pomulos-como-embellecerlos\\\/#breadcrumb\"},\"inLanguage\":\"ca\",\"potentialAction\":[{\"@type\":\"ReadAction\",\"target\":[\"https:\\\/\\\/www.belodonte.es\\\/pomulos-como-embellecerlos\\\/\"]}]},{\"@type\":\"ImageObject\",\"inLanguage\":\"ca\",\"@id\":\"https:\\\/\\\/www.belodonte.es\\\/pomulos-como-embellecerlos\\\/#primaryimage\",\"url\":\"https:\\\/\\\/www.belodonte.es\\\/wp-content\\\/uploads\\\/2024\\\/01\\\/pomuls.png\",\"contentUrl\":\"https:\\\/\\\/www.belodonte.es\\\/wp-content\\\/uploads\\\/2024\\\/01\\\/pomuls.png\",\"width\":1200,\"height\":600,\"caption\":\"po\u0300muls\"},{\"@type\":\"BreadcrumbList\",\"@id\":\"https:\\\/\\\/www.belodonte.es\\\/pomulos-como-embellecerlos\\\/#breadcrumb\",\"itemListElement\":[{\"@type\":\"ListItem\",\"position\":1,\"name\":\"Portada\",\"item\":\"https:\\\/\\\/www.belodonte.es\\\/\"},{\"@type\":\"ListItem\",\"position\":2,\"name\":\"P\u00f2muls: com embellir-los\"}]},{\"@type\":\"WebSite\",\"@id\":\"https:\\\/\\\/www.belodonte.es\\\/#website\",\"url\":\"https:\\\/\\\/www.belodonte.es\\\/\",\"name\":\"Cl\u00ednica Belodonte\",\"description\":\"Cl\u00ednica dental en Barcelona\",\"publisher\":{\"@id\":\"https:\\\/\\\/www.belodonte.es\\\/#organization\"},\"potentialAction\":[{\"@type\":\"SearchAction\",\"target\":{\"@type\":\"EntryPoint\",\"urlTemplate\":\"https:\\\/\\\/www.belodonte.es\\\/?s={search_term_string}\"},\"query-input\":{\"@type\":\"PropertyValueSpecification\",\"valueRequired\":true,\"valueName\":\"search_term_string\"}}],\"inLanguage\":\"ca\"},{\"@type\":\"Organization\",\"@id\":\"https:\\\/\\\/www.belodonte.es\\\/#organization\",\"name\":\"Cl\u00ednica Dental Belodonte\",\"url\":\"https:\\\/\\\/www.belodonte.es\\\/\",\"logo\":{\"@type\":\"ImageObject\",\"inLanguage\":\"ca\",\"@id\":\"https:\\\/\\\/www.belodonte.es\\\/#\\\/schema\\\/logo\\\/image\\\/\",\"url\":\"https:\\\/\\\/www.belodonte.es\\\/wp-content\\\/uploads\\\/2021\\\/10\\\/favicon-clinica-belodonte.png\",\"contentUrl\":\"https:\\\/\\\/www.belodonte.es\\\/wp-content\\\/uploads\\\/2021\\\/10\\\/favicon-clinica-belodonte.png\",\"width\":512,\"height\":512,\"caption\":\"Cl\u00ednica Dental Belodonte\"},\"image\":{\"@id\":\"https:\\\/\\\/www.belodonte.es\\\/#\\\/schema\\\/logo\\\/image\\\/\"}},{\"@type\":\"Person\",\"@id\":\"https:\\\/\\\/www.belodonte.es\\\/#\\\/schema\\\/person\\\/af746658db6c58f111ab4e18a476abcd\",\"name\":\"Cl\u00ednica Belodonte\",\"image\":{\"@type\":\"ImageObject\",\"inLanguage\":\"ca\",\"@id\":\"https:\\\/\\\/secure.gravatar.com\\\/avatar\\\/638e9d8d08bf2340d3d84b2996cdb448289ac0a26b32c99af87880a52287f8b8?s=96&d=mm&r=g\",\"url\":\"https:\\\/\\\/secure.gravatar.com\\\/avatar\\\/638e9d8d08bf2340d3d84b2996cdb448289ac0a26b32c99af87880a52287f8b8?s=96&d=mm&r=g\",\"contentUrl\":\"https:\\\/\\\/secure.gravatar.com\\\/avatar\\\/638e9d8d08bf2340d3d84b2996cdb448289ac0a26b32c99af87880a52287f8b8?s=96&d=mm&r=g\",\"caption\":\"Cl\u00ednica Belodonte\"},\"url\":\"https:\\\/\\\/www.belodonte.es\\\/ca\\\/author\\\/wm_mgc\\\/\"}]}<\/script>\n<!-- \/ Yoast SEO plugin. -->","yoast_head_json":{"title":"P\u00f2muls: com embellir-los","description":"Els p\u00f2muls, una caracter\u00edstica distintiva de la cara, exerceixen un paper crucial en la definici\u00f3 de la bellesa facial.","robots":{"index":"index","follow":"follow","max-snippet":"max-snippet:-1","max-image-preview":"max-image-preview:large","max-video-preview":"max-video-preview:-1"},"canonical":"https:\/\/www.belodonte.es\/pomulos-como-embellecerlos\/","og_locale":"ca_ES","og_type":"article","og_title":"P\u00f2muls: com embellir-los","og_description":"Els p\u00f2muls, una caracter\u00edstica distintiva de la cara, exerceixen un paper crucial en la definici\u00f3 de la bellesa facial.","og_url":"https:\/\/www.belodonte.es\/pomulos-como-embellecerlos\/","og_site_name":"Cl\u00ednica Belodonte","article_published_time":"2024-02-13T06:00:00+00:00","og_image":[{"width":1200,"height":600,"url":"https:\/\/www.belodonte.es\/wp-content\/uploads\/2024\/01\/pomuls.png","type":"image\/png"}],"author":"Cl\u00ednica Belodonte","twitter_card":"summary_large_image","twitter_misc":{"Written by":"Cl\u00ednica Belodonte","Est. reading time":"3 minutes"},"schema":{"@context":"https:\/\/schema.org","@graph":[{"@type":"Article","@id":"https:\/\/www.belodonte.es\/pomulos-como-embellecerlos\/#article","isPartOf":{"@id":"https:\/\/www.belodonte.es\/pomulos-como-embellecerlos\/"},"author":{"name":"Cl\u00ednica Belodonte","@id":"https:\/\/www.belodonte.es\/#\/schema\/person\/af746658db6c58f111ab4e18a476abcd"},"headline":"P\u00f2muls: com embellir-los","datePublished":"2024-02-13T06:00:00+00:00","mainEntityOfPage":{"@id":"https:\/\/www.belodonte.es\/pomulos-como-embellecerlos\/"},"wordCount":489,"commentCount":0,"publisher":{"@id":"https:\/\/www.belodonte.es\/#organization"},"image":{"@id":"https:\/\/www.belodonte.es\/pomulos-como-embellecerlos\/#primaryimage"},"thumbnailUrl":"https:\/\/www.belodonte.es\/wp-content\/uploads\/2024\/01\/pomuls.png","articleSection":["Medicina Est\u00e8tica Facial"],"inLanguage":"ca","potentialAction":[{"@type":"CommentAction","name":"Comment","target":["https:\/\/www.belodonte.es\/pomulos-como-embellecerlos\/#respond"]}]},{"@type":"WebPage","@id":"https:\/\/www.belodonte.es\/pomulos-como-embellecerlos\/","url":"https:\/\/www.belodonte.es\/pomulos-como-embellecerlos\/","name":"P\u00f2muls: com embellir-los","isPartOf":{"@id":"https:\/\/www.belodonte.es\/#website"},"primaryImageOfPage":{"@id":"https:\/\/www.belodonte.es\/pomulos-como-embellecerlos\/#primaryimage"},"image":{"@id":"https:\/\/www.belodonte.es\/pomulos-como-embellecerlos\/#primaryimage"},"thumbnailUrl":"https:\/\/www.belodonte.es\/wp-content\/uploads\/2024\/01\/pomuls.png","datePublished":"2024-02-13T06:00:00+00:00","description":"Els p\u00f2muls, una caracter\u00edstica distintiva de la cara, exerceixen un paper crucial en la definici\u00f3 de la bellesa facial.","breadcrumb":{"@id":"https:\/\/www.belodonte.es\/pomulos-como-embellecerlos\/#breadcrumb"},"inLanguage":"ca","potentialAction":[{"@type":"ReadAction","target":["https:\/\/www.belodonte.es\/pomulos-como-embellecerlos\/"]}]},{"@type":"ImageObject","inLanguage":"ca","@id":"https:\/\/www.belodonte.es\/pomulos-como-embellecerlos\/#primaryimage","url":"https:\/\/www.belodonte.es\/wp-content\/uploads\/2024\/01\/pomuls.png","contentUrl":"https:\/\/www.belodonte.es\/wp-content\/uploads\/2024\/01\/pomuls.png","width":1200,"height":600,"caption":"po\u0300muls"},{"@type":"BreadcrumbList","@id":"https:\/\/www.belodonte.es\/pomulos-como-embellecerlos\/#breadcrumb","itemListElement":[{"@type":"ListItem","position":1,"name":"Portada","item":"https:\/\/www.belodonte.es\/"},{"@type":"ListItem","position":2,"name":"P\u00f2muls: com embellir-los"}]},{"@type":"WebSite","@id":"https:\/\/www.belodonte.es\/#website","url":"https:\/\/www.belodonte.es\/","name":"Cl\u00ednica Belodonte","description":"Cl\u00ednica dental en Barcelona","publisher":{"@id":"https:\/\/www.belodonte.es\/#organization"},"potentialAction":[{"@type":"SearchAction","target":{"@type":"EntryPoint","urlTemplate":"https:\/\/www.belodonte.es\/?s={search_term_string}"},"query-input":{"@type":"PropertyValueSpecification","valueRequired":true,"valueName":"search_term_string"}}],"inLanguage":"ca"},{"@type":"Organization","@id":"https:\/\/www.belodonte.es\/#organization","name":"Cl\u00ednica Dental Belodonte","url":"https:\/\/www.belodonte.es\/","logo":{"@type":"ImageObject","inLanguage":"ca","@id":"https:\/\/www.belodonte.es\/#\/schema\/logo\/image\/","url":"https:\/\/www.belodonte.es\/wp-content\/uploads\/2021\/10\/favicon-clinica-belodonte.png","contentUrl":"https:\/\/www.belodonte.es\/wp-content\/uploads\/2021\/10\/favicon-clinica-belodonte.png","width":512,"height":512,"caption":"Cl\u00ednica Dental Belodonte"},"image":{"@id":"https:\/\/www.belodonte.es\/#\/schema\/logo\/image\/"}},{"@type":"Person","@id":"https:\/\/www.belodonte.es\/#\/schema\/person\/af746658db6c58f111ab4e18a476abcd","name":"Cl\u00ednica Belodonte","image":{"@type":"ImageObject","inLanguage":"ca","@id":"https:\/\/secure.gravatar.com\/avatar\/638e9d8d08bf2340d3d84b2996cdb448289ac0a26b32c99af87880a52287f8b8?s=96&d=mm&r=g","url":"https:\/\/secure.gravatar.com\/avatar\/638e9d8d08bf2340d3d84b2996cdb448289ac0a26b32c99af87880a52287f8b8?s=96&d=mm&r=g","contentUrl":"https:\/\/secure.gravatar.com\/avatar\/638e9d8d08bf2340d3d84b2996cdb448289ac0a26b32c99af87880a52287f8b8?s=96&d=mm&r=g","caption":"Cl\u00ednica Belodonte"},"url":"https:\/\/www.belodonte.es\/ca\/author\/wm_mgc\/"}]}},"_links":{"self":[{"href":"https:\/\/www.belodonte.es\/ca\/wp-json\/wp\/v2\/posts\/4887","targetHints":{"allow":["GET"]}}],"collection":[{"href":"https:\/\/www.belodonte.es\/ca\/wp-json\/wp\/v2\/posts"}],"about":[{"href":"https:\/\/www.belodonte.es\/ca\/wp-json\/wp\/v2\/types\/post"}],"author":[{"embeddable":true,"href":"https:\/\/www.belodonte.es\/ca\/wp-json\/wp\/v2\/users\/3"}],"replies":[{"embeddable":true,"href":"https:\/\/www.belodonte.es\/ca\/wp-json\/wp\/v2\/comments?post=4887"}],"version-history":[{"count":2,"href":"https:\/\/www.belodonte.es\/ca\/wp-json\/wp\/v2\/posts\/4887\/revisions"}],"predecessor-version":[{"id":4964,"href":"https:\/\/www.belodonte.es\/ca\/wp-json\/wp\/v2\/posts\/4887\/revisions\/4964"}],"wp:featuredmedia":[{"embeddable":true,"href":"https:\/\/www.belodonte.es\/ca\/wp-json\/wp\/v2\/media\/4888"}],"wp:attachment":[{"href":"https:\/\/www.belodonte.es\/ca\/wp-json\/wp\/v2\/media?parent=4887"}],"wp:term":[{"taxonomy":"category","embeddable":true,"href":"https:\/\/www.belodonte.es\/ca\/wp-json\/wp\/v2\/categories?post=4887"},{"taxonomy":"post_tag","embeddable":true,"href":"https:\/\/www.belodonte.es\/ca\/wp-json\/wp\/v2\/tags?post=4887"}],"curies":[{"name":"wp","href":"https:\/\/api.w.org\/{rel}","templated":true}]}}