{"id":4881,"date":"2024-02-08T06:00:00","date_gmt":"2024-02-08T06:00:00","guid":{"rendered":"https:\/\/www.belodonte.es\/?p=4881"},"modified":"2024-01-23T14:16:14","modified_gmt":"2024-01-23T14:16:14","slug":"blefaroplastia-millora-estetica-parpelles","status":"publish","type":"post","link":"https:\/\/www.belodonte.es\/ca\/blefaroplastia-millora-estetica-parpelles\/","title":{"rendered":"Blefaropl\u00e0stia: millora est\u00e8tica de les parpelles"},"content":{"rendered":"\n<p>La blefaropl\u00e0stia, tamb\u00e9 coneguda com a cirurgia de parpelles, \u00e9s un procediment est\u00e8tic que t\u00e9 com a objectiu rejovenir i embellir l&#8217;aparen\u00e7a dels ulls mitjan\u00e7ant l&#8217;eliminaci\u00f3 de l&#8217;exc\u00e9s de pell, greix i, a vegades, m\u00fascul de les parpelles superiors i inferiors. Aquesta intervenci\u00f3 quir\u00fargica cerca corregir els signes d&#8217;envelliment al voltant dels ulls, com les bosses i la flaccidesa de la pell, per a aconseguir un aspecte m\u00e9s fresc i revitalitzat. Des de <strong>Cl\u00ednica Belodonte, experts en <a href=\"https:\/\/www.belodonte.es\/ca\/medicina-estetica-facial-barcelona\/\">Medicina Est\u00e8tica Facial a Barcelona<\/a><\/strong>, avui parlem sobre ella.<\/p>\n\n\n\n<h2 class=\"wp-block-heading\">Per a qui es recomana la blefaropl\u00e0stia?<\/h2>\n\n\n\n<p>Aquesta cirurgia es realitza comunament en persones que experimenten canvis notables en la zona dels ulls a causa de l&#8217;envelliment, encara que tamb\u00e9 pot ser una opci\u00f3 per a aquells que tenen parpelles caigudes gen\u00e8ticament o com a resultat de condicions m\u00e8diques espec\u00edfiques. Per exemple, en casos on la pell de la parpella superior s&#8217;ha tornat tan laxa que afecta la visi\u00f3, o quan les parpelles inferiors presenten bosses de greix pronunciades que donen un aspecte cansat o envellit. Tamb\u00e9 pot ser una opci\u00f3 per a aquells que desitgen corregir l&#8217;asimetria de les parpelles o que busquen millorar l&#8217;aparen\u00e7a general dels seus ulls.<\/p>\n\n\n\n<p>Els candidats ideals s\u00f3n generalment adults saludables amb expectatives realistes sobre els resultats de la blefaropl\u00e0stia.<\/p>\n\n\n\n<p>En la societat contempor\u00e0nia, on la imatge juga un paper crucial en l&#8217;autoestima i la confian\u00e7a, la blefaropl\u00e0stia ha guanyat popularitat com una soluci\u00f3 efectiva per a combatre els signes de l&#8217;envelliment en la zona dels ulls. No obstant aix\u00f2, \u00e9s important destacar que la decisi\u00f3 de sotmetre&#8217;s a qualsevol mena de cirurgia est\u00e8tica ha de ser personal i ben meditada.<\/p>\n\n\n\n<h2 class=\"wp-block-heading\">Com es duu a terme la blefaropl\u00e0stia?<\/h2>\n\n\n\n<p>El procediment comen\u00e7a amb una avaluaci\u00f3 detallada de l&#8217;anatomia i les necessitats espec\u00edfiques de cada pacient. Durant la blefaropl\u00e0stia de les parpelles superiors, es realitza una incisi\u00f3 en el plec natural de la parpella per a eliminar l&#8217;exc\u00e9s de pell i, en alguns casos, grassa. En la blefaropl\u00e0stia de les parpelles inferiors, la incisi\u00f3 es du a terme just sota les pestanyes o a l&#8217;interior de la parpella, per a abordar les bosses de greix i la pell caiguda.<\/p>\n\n\n\n<p>Una vegada que s&#8217;elimina el teixit sobrant, es tanquen les incisions amb sutures fines. La cirurgia es fa generalment sota anest\u00e8sia local, amb sedaci\u00f3 o, en alguns casos, anest\u00e8sia general, depenent de l&#8217;extensi\u00f3 del procediment i les prefer\u00e8ncies del pacient i del cirurgi\u00e0.<\/p>\n\n\n\n<h2 class=\"wp-block-heading\">Recuperaci\u00f3 despr\u00e9s de la blefaropl\u00e0stia<\/h2>\n\n\n\n<p>El per\u00edode de recuperaci\u00f3 varia segons la complexitat de la cirurgia i la velocitat de recuperaci\u00f3 de cada individu. \u00c9s com\u00fa experimentar inflor i blaus al principi, per\u00f2 aquests efectes secundaris disminueixen gradualment en les setmanes seg\u00fcents. Els pacients solen tornar a les seves activitats normals despr\u00e9s d&#8217;uns dies, encara que es recomana evitar activitats vigoroses durant el per\u00edode de recuperaci\u00f3.<\/p>\n\n\n\n<h2 class=\"wp-block-heading\">Resultats de la blefaropl\u00e0stia<\/h2>\n\n\n\n<p>Els resultats s\u00f3n notables i duradors. Els pacients experimenten una aparen\u00e7a m\u00e9s jove i fresca, amb una mirada m\u00e9s alerta i descansada. A m\u00e9s dels beneficis est\u00e8tics, molts pacients informen millores en la seva visi\u00f3 perif\u00e8rica despr\u00e9s de la cirurgia, ja que s&#8217;elimina l&#8217;exc\u00e9s de pell que podria estar afectant la l\u00ednia de visi\u00f3.<\/p>\n\n\n\n<p>En resum, la blefaropl\u00e0stia \u00e9s un procediment est\u00e8tic que ha demostrat ser efica\u00e7 en la millora de l&#8217;aparen\u00e7a de les parpelles i la zona dels ulls en general. Des del seu funcionament fins als resultats notables, aquesta cirurgia ha proporcionat a moltes persones una manera efectiva de recuperar una mirada m\u00e9s juvenil i fresca. Sempre \u00e9s aconsellable buscar l&#8217;orientaci\u00f3 d&#8217;un cirurgi\u00e0 pl\u00e0stic qualificat per a determinar la idone\u00eftat de la blefaropl\u00e0stia segons les necessitats individuals de cada pacient.<\/p>\n\n\n\n<p>En Cl\u00ednica Belodonte disposem de serveis de <a href=\"https:\/\/www.belodonte.es\/ca\/medicina-estetica-facial-barcelona\/\">Medicina Est\u00e8tica Facial<\/a>. Per a m\u00e9s informaci\u00f3 o consultar-nos un cas, <strong><a href=\"https:\/\/www.belodonte.es\/ca\/contacte\/\" target=\"_blank\" rel=\"noreferrer noopener\">no dubteu a posar-vos en contacte<\/a><\/strong> amb nosaltres.<\/p>\n","protected":false},"excerpt":{"rendered":"<p>La blefaropl\u00e0stia, tamb\u00e9 coneguda com a cirurgia de parpelles, \u00e9s un procediment est\u00e8tic que t\u00e9 com a objectiu rejovenir i embellir l&#8217;aparen\u00e7a dels ulls mitjan\u00e7ant l&#8217;eliminaci\u00f3 de l&#8217;exc\u00e9s de pell, greix i, a vegades, m\u00fascul de les parpelles superiors i [&hellip;]<\/p>\n","protected":false},"author":3,"featured_media":4879,"comment_status":"open","ping_status":"open","sticky":false,"template":"","format":"standard","meta":{"site-sidebar-layout":"default","site-content-layout":"","ast-site-content-layout":"default","site-content-style":"default","site-sidebar-style":"default","ast-global-header-display":"","ast-banner-title-visibility":"","ast-main-header-display":"","ast-hfb-above-header-display":"","ast-hfb-below-header-display":"","ast-hfb-mobile-header-display":"","site-post-title":"","ast-breadcrumbs-content":"","ast-featured-img":"","footer-sml-layout":"","ast-disable-related-posts":"","theme-transparent-header-meta":"","adv-header-id-meta":"","stick-header-meta":"","header-above-stick-meta":"","header-main-stick-meta":"","header-below-stick-meta":"","astra-migrate-meta-layouts":"set","ast-page-background-enabled":"default","ast-page-background-meta":{"desktop":{"background-color":"","background-image":"","background-repeat":"repeat","background-position":"center center","background-size":"auto","background-attachment":"scroll","background-type":"","background-media":"","overlay-type":"","overlay-color":"","overlay-opacity":"","overlay-gradient":""},"tablet":{"background-color":"","background-image":"","background-repeat":"repeat","background-position":"center center","background-size":"auto","background-attachment":"scroll","background-type":"","background-media":"","overlay-type":"","overlay-color":"","overlay-opacity":"","overlay-gradient":""},"mobile":{"background-color":"","background-image":"","background-repeat":"repeat","background-position":"center center","background-size":"auto","background-attachment":"scroll","background-type":"","background-media":"","overlay-type":"","overlay-color":"","overlay-opacity":"","overlay-gradient":""}},"ast-content-background-meta":{"desktop":{"background-color":"var(--ast-global-color-5)","background-image":"","background-repeat":"repeat","background-position":"center center","background-size":"auto","background-attachment":"scroll","background-type":"","background-media":"","overlay-type":"","overlay-color":"","overlay-opacity":"","overlay-gradient":""},"tablet":{"background-color":"var(--ast-global-color-5)","background-image":"","background-repeat":"repeat","background-position":"center center","background-size":"auto","background-attachment":"scroll","background-type":"","background-media":"","overlay-type":"","overlay-color":"","overlay-opacity":"","overlay-gradient":""},"mobile":{"background-color":"var(--ast-global-color-5)","background-image":"","background-repeat":"repeat","background-position":"center center","background-size":"auto","background-attachment":"scroll","background-type":"","background-media":"","overlay-type":"","overlay-color":"","overlay-opacity":"","overlay-gradient":""}},"footnotes":""},"categories":[17],"tags":[],"class_list":["post-4881","post","type-post","status-publish","format-standard","has-post-thumbnail","hentry","category-medicina-estetica-facial-2"],"yoast_head":"<!-- This site is optimized with the Yoast SEO plugin v27.4 - https:\/\/yoast.com\/product\/yoast-seo-wordpress\/ -->\n<title>Blefaropl\u00e0stia: millora est\u00e8tica de les parpelles<\/title>\n<meta name=\"description\" content=\"La blefaropl\u00e0stia, o cirurgia de parpelles, \u00e9s un procediment est\u00e8tic que t\u00e9 com a objectiu rejovenir i embellir l&#039;aparen\u00e7a dels ulls.\" \/>\n<meta name=\"robots\" content=\"index, follow, max-snippet:-1, max-image-preview:large, max-video-preview:-1\" \/>\n<link rel=\"canonical\" href=\"https:\/\/www.belodonte.es\/blefaroplastia-mejora-parpados\/\" \/>\n<meta property=\"og:locale\" content=\"ca_ES\" \/>\n<meta property=\"og:type\" content=\"article\" \/>\n<meta property=\"og:title\" content=\"Blefaropl\u00e0stia: millora est\u00e8tica de les parpelles\" \/>\n<meta property=\"og:description\" content=\"La blefaropl\u00e0stia, o cirurgia de parpelles, \u00e9s un procediment est\u00e8tic que t\u00e9 com a objectiu rejovenir i embellir l&#039;aparen\u00e7a dels ulls.\" \/>\n<meta property=\"og:url\" content=\"https:\/\/www.belodonte.es\/blefaroplastia-mejora-parpados\/\" \/>\n<meta property=\"og:site_name\" content=\"Cl\u00ednica Belodonte\" \/>\n<meta property=\"article:published_time\" content=\"2024-02-08T06:00:00+00:00\" \/>\n<meta property=\"og:image\" content=\"https:\/\/www.belodonte.es\/wp-content\/uploads\/2024\/01\/blefaroplastia.png\" \/>\n\t<meta property=\"og:image:width\" content=\"1200\" \/>\n\t<meta property=\"og:image:height\" content=\"600\" \/>\n\t<meta property=\"og:image:type\" content=\"image\/png\" \/>\n<meta name=\"author\" content=\"Cl\u00ednica Belodonte\" \/>\n<meta name=\"twitter:card\" content=\"summary_large_image\" \/>\n<meta name=\"twitter:label1\" content=\"Written by\" \/>\n\t<meta name=\"twitter:data1\" content=\"Cl\u00ednica Belodonte\" \/>\n\t<meta name=\"twitter:label2\" content=\"Est. reading time\" \/>\n\t<meta name=\"twitter:data2\" content=\"4 minutes\" \/>\n<script type=\"application\/ld+json\" class=\"yoast-schema-graph\">{\"@context\":\"https:\\\/\\\/schema.org\",\"@graph\":[{\"@type\":\"Article\",\"@id\":\"https:\\\/\\\/www.belodonte.es\\\/blefaroplastia-mejora-parpados\\\/#article\",\"isPartOf\":{\"@id\":\"https:\\\/\\\/www.belodonte.es\\\/blefaroplastia-mejora-parpados\\\/\"},\"author\":{\"name\":\"Cl\u00ednica Belodonte\",\"@id\":\"https:\\\/\\\/www.belodonte.es\\\/#\\\/schema\\\/person\\\/af746658db6c58f111ab4e18a476abcd\"},\"headline\":\"Blefaropl\u00e0stia: millora est\u00e8tica de les parpelles\",\"datePublished\":\"2024-02-08T06:00:00+00:00\",\"mainEntityOfPage\":{\"@id\":\"https:\\\/\\\/www.belodonte.es\\\/blefaroplastia-mejora-parpados\\\/\"},\"wordCount\":695,\"commentCount\":0,\"publisher\":{\"@id\":\"https:\\\/\\\/www.belodonte.es\\\/#organization\"},\"image\":{\"@id\":\"https:\\\/\\\/www.belodonte.es\\\/blefaroplastia-mejora-parpados\\\/#primaryimage\"},\"thumbnailUrl\":\"https:\\\/\\\/www.belodonte.es\\\/wp-content\\\/uploads\\\/2024\\\/01\\\/blefaroplastia.png\",\"articleSection\":[\"Medicina Est\u00e8tica Facial\"],\"inLanguage\":\"ca\",\"potentialAction\":[{\"@type\":\"CommentAction\",\"name\":\"Comment\",\"target\":[\"https:\\\/\\\/www.belodonte.es\\\/blefaroplastia-mejora-parpados\\\/#respond\"]}]},{\"@type\":\"WebPage\",\"@id\":\"https:\\\/\\\/www.belodonte.es\\\/blefaroplastia-mejora-parpados\\\/\",\"url\":\"https:\\\/\\\/www.belodonte.es\\\/blefaroplastia-mejora-parpados\\\/\",\"name\":\"Blefaropl\u00e0stia: millora est\u00e8tica de les parpelles\",\"isPartOf\":{\"@id\":\"https:\\\/\\\/www.belodonte.es\\\/#website\"},\"primaryImageOfPage\":{\"@id\":\"https:\\\/\\\/www.belodonte.es\\\/blefaroplastia-mejora-parpados\\\/#primaryimage\"},\"image\":{\"@id\":\"https:\\\/\\\/www.belodonte.es\\\/blefaroplastia-mejora-parpados\\\/#primaryimage\"},\"thumbnailUrl\":\"https:\\\/\\\/www.belodonte.es\\\/wp-content\\\/uploads\\\/2024\\\/01\\\/blefaroplastia.png\",\"datePublished\":\"2024-02-08T06:00:00+00:00\",\"description\":\"La blefaropl\u00e0stia, o cirurgia de parpelles, \u00e9s un procediment est\u00e8tic que t\u00e9 com a objectiu rejovenir i embellir l'aparen\u00e7a dels ulls.\",\"breadcrumb\":{\"@id\":\"https:\\\/\\\/www.belodonte.es\\\/blefaroplastia-mejora-parpados\\\/#breadcrumb\"},\"inLanguage\":\"ca\",\"potentialAction\":[{\"@type\":\"ReadAction\",\"target\":[\"https:\\\/\\\/www.belodonte.es\\\/blefaroplastia-mejora-parpados\\\/\"]}]},{\"@type\":\"ImageObject\",\"inLanguage\":\"ca\",\"@id\":\"https:\\\/\\\/www.belodonte.es\\\/blefaroplastia-mejora-parpados\\\/#primaryimage\",\"url\":\"https:\\\/\\\/www.belodonte.es\\\/wp-content\\\/uploads\\\/2024\\\/01\\\/blefaroplastia.png\",\"contentUrl\":\"https:\\\/\\\/www.belodonte.es\\\/wp-content\\\/uploads\\\/2024\\\/01\\\/blefaroplastia.png\",\"width\":1200,\"height\":600,\"caption\":\"blefaroplastia\"},{\"@type\":\"BreadcrumbList\",\"@id\":\"https:\\\/\\\/www.belodonte.es\\\/blefaroplastia-mejora-parpados\\\/#breadcrumb\",\"itemListElement\":[{\"@type\":\"ListItem\",\"position\":1,\"name\":\"Portada\",\"item\":\"https:\\\/\\\/www.belodonte.es\\\/\"},{\"@type\":\"ListItem\",\"position\":2,\"name\":\"Blefaropl\u00e0stia: millora est\u00e8tica de les parpelles\"}]},{\"@type\":\"WebSite\",\"@id\":\"https:\\\/\\\/www.belodonte.es\\\/#website\",\"url\":\"https:\\\/\\\/www.belodonte.es\\\/\",\"name\":\"Cl\u00ednica Belodonte\",\"description\":\"Cl\u00ednica dental en Barcelona\",\"publisher\":{\"@id\":\"https:\\\/\\\/www.belodonte.es\\\/#organization\"},\"potentialAction\":[{\"@type\":\"SearchAction\",\"target\":{\"@type\":\"EntryPoint\",\"urlTemplate\":\"https:\\\/\\\/www.belodonte.es\\\/?s={search_term_string}\"},\"query-input\":{\"@type\":\"PropertyValueSpecification\",\"valueRequired\":true,\"valueName\":\"search_term_string\"}}],\"inLanguage\":\"ca\"},{\"@type\":\"Organization\",\"@id\":\"https:\\\/\\\/www.belodonte.es\\\/#organization\",\"name\":\"Cl\u00ednica Dental Belodonte\",\"url\":\"https:\\\/\\\/www.belodonte.es\\\/\",\"logo\":{\"@type\":\"ImageObject\",\"inLanguage\":\"ca\",\"@id\":\"https:\\\/\\\/www.belodonte.es\\\/#\\\/schema\\\/logo\\\/image\\\/\",\"url\":\"https:\\\/\\\/www.belodonte.es\\\/wp-content\\\/uploads\\\/2021\\\/10\\\/favicon-clinica-belodonte.png\",\"contentUrl\":\"https:\\\/\\\/www.belodonte.es\\\/wp-content\\\/uploads\\\/2021\\\/10\\\/favicon-clinica-belodonte.png\",\"width\":512,\"height\":512,\"caption\":\"Cl\u00ednica Dental Belodonte\"},\"image\":{\"@id\":\"https:\\\/\\\/www.belodonte.es\\\/#\\\/schema\\\/logo\\\/image\\\/\"}},{\"@type\":\"Person\",\"@id\":\"https:\\\/\\\/www.belodonte.es\\\/#\\\/schema\\\/person\\\/af746658db6c58f111ab4e18a476abcd\",\"name\":\"Cl\u00ednica Belodonte\",\"image\":{\"@type\":\"ImageObject\",\"inLanguage\":\"ca\",\"@id\":\"https:\\\/\\\/secure.gravatar.com\\\/avatar\\\/638e9d8d08bf2340d3d84b2996cdb448289ac0a26b32c99af87880a52287f8b8?s=96&d=mm&r=g\",\"url\":\"https:\\\/\\\/secure.gravatar.com\\\/avatar\\\/638e9d8d08bf2340d3d84b2996cdb448289ac0a26b32c99af87880a52287f8b8?s=96&d=mm&r=g\",\"contentUrl\":\"https:\\\/\\\/secure.gravatar.com\\\/avatar\\\/638e9d8d08bf2340d3d84b2996cdb448289ac0a26b32c99af87880a52287f8b8?s=96&d=mm&r=g\",\"caption\":\"Cl\u00ednica Belodonte\"},\"url\":\"https:\\\/\\\/www.belodonte.es\\\/ca\\\/author\\\/wm_mgc\\\/\"}]}<\/script>\n<!-- \/ Yoast SEO plugin. -->","yoast_head_json":{"title":"Blefaropl\u00e0stia: millora est\u00e8tica de les parpelles","description":"La blefaropl\u00e0stia, o cirurgia de parpelles, \u00e9s un procediment est\u00e8tic que t\u00e9 com a objectiu rejovenir i embellir l'aparen\u00e7a dels ulls.","robots":{"index":"index","follow":"follow","max-snippet":"max-snippet:-1","max-image-preview":"max-image-preview:large","max-video-preview":"max-video-preview:-1"},"canonical":"https:\/\/www.belodonte.es\/blefaroplastia-mejora-parpados\/","og_locale":"ca_ES","og_type":"article","og_title":"Blefaropl\u00e0stia: millora est\u00e8tica de les parpelles","og_description":"La blefaropl\u00e0stia, o cirurgia de parpelles, \u00e9s un procediment est\u00e8tic que t\u00e9 com a objectiu rejovenir i embellir l'aparen\u00e7a dels ulls.","og_url":"https:\/\/www.belodonte.es\/blefaroplastia-mejora-parpados\/","og_site_name":"Cl\u00ednica Belodonte","article_published_time":"2024-02-08T06:00:00+00:00","og_image":[{"width":1200,"height":600,"url":"https:\/\/www.belodonte.es\/wp-content\/uploads\/2024\/01\/blefaroplastia.png","type":"image\/png"}],"author":"Cl\u00ednica Belodonte","twitter_card":"summary_large_image","twitter_misc":{"Written by":"Cl\u00ednica Belodonte","Est. reading time":"4 minutes"},"schema":{"@context":"https:\/\/schema.org","@graph":[{"@type":"Article","@id":"https:\/\/www.belodonte.es\/blefaroplastia-mejora-parpados\/#article","isPartOf":{"@id":"https:\/\/www.belodonte.es\/blefaroplastia-mejora-parpados\/"},"author":{"name":"Cl\u00ednica Belodonte","@id":"https:\/\/www.belodonte.es\/#\/schema\/person\/af746658db6c58f111ab4e18a476abcd"},"headline":"Blefaropl\u00e0stia: millora est\u00e8tica de les parpelles","datePublished":"2024-02-08T06:00:00+00:00","mainEntityOfPage":{"@id":"https:\/\/www.belodonte.es\/blefaroplastia-mejora-parpados\/"},"wordCount":695,"commentCount":0,"publisher":{"@id":"https:\/\/www.belodonte.es\/#organization"},"image":{"@id":"https:\/\/www.belodonte.es\/blefaroplastia-mejora-parpados\/#primaryimage"},"thumbnailUrl":"https:\/\/www.belodonte.es\/wp-content\/uploads\/2024\/01\/blefaroplastia.png","articleSection":["Medicina Est\u00e8tica Facial"],"inLanguage":"ca","potentialAction":[{"@type":"CommentAction","name":"Comment","target":["https:\/\/www.belodonte.es\/blefaroplastia-mejora-parpados\/#respond"]}]},{"@type":"WebPage","@id":"https:\/\/www.belodonte.es\/blefaroplastia-mejora-parpados\/","url":"https:\/\/www.belodonte.es\/blefaroplastia-mejora-parpados\/","name":"Blefaropl\u00e0stia: millora est\u00e8tica de les parpelles","isPartOf":{"@id":"https:\/\/www.belodonte.es\/#website"},"primaryImageOfPage":{"@id":"https:\/\/www.belodonte.es\/blefaroplastia-mejora-parpados\/#primaryimage"},"image":{"@id":"https:\/\/www.belodonte.es\/blefaroplastia-mejora-parpados\/#primaryimage"},"thumbnailUrl":"https:\/\/www.belodonte.es\/wp-content\/uploads\/2024\/01\/blefaroplastia.png","datePublished":"2024-02-08T06:00:00+00:00","description":"La blefaropl\u00e0stia, o cirurgia de parpelles, \u00e9s un procediment est\u00e8tic que t\u00e9 com a objectiu rejovenir i embellir l'aparen\u00e7a dels ulls.","breadcrumb":{"@id":"https:\/\/www.belodonte.es\/blefaroplastia-mejora-parpados\/#breadcrumb"},"inLanguage":"ca","potentialAction":[{"@type":"ReadAction","target":["https:\/\/www.belodonte.es\/blefaroplastia-mejora-parpados\/"]}]},{"@type":"ImageObject","inLanguage":"ca","@id":"https:\/\/www.belodonte.es\/blefaroplastia-mejora-parpados\/#primaryimage","url":"https:\/\/www.belodonte.es\/wp-content\/uploads\/2024\/01\/blefaroplastia.png","contentUrl":"https:\/\/www.belodonte.es\/wp-content\/uploads\/2024\/01\/blefaroplastia.png","width":1200,"height":600,"caption":"blefaroplastia"},{"@type":"BreadcrumbList","@id":"https:\/\/www.belodonte.es\/blefaroplastia-mejora-parpados\/#breadcrumb","itemListElement":[{"@type":"ListItem","position":1,"name":"Portada","item":"https:\/\/www.belodonte.es\/"},{"@type":"ListItem","position":2,"name":"Blefaropl\u00e0stia: millora est\u00e8tica de les parpelles"}]},{"@type":"WebSite","@id":"https:\/\/www.belodonte.es\/#website","url":"https:\/\/www.belodonte.es\/","name":"Cl\u00ednica Belodonte","description":"Cl\u00ednica dental en Barcelona","publisher":{"@id":"https:\/\/www.belodonte.es\/#organization"},"potentialAction":[{"@type":"SearchAction","target":{"@type":"EntryPoint","urlTemplate":"https:\/\/www.belodonte.es\/?s={search_term_string}"},"query-input":{"@type":"PropertyValueSpecification","valueRequired":true,"valueName":"search_term_string"}}],"inLanguage":"ca"},{"@type":"Organization","@id":"https:\/\/www.belodonte.es\/#organization","name":"Cl\u00ednica Dental Belodonte","url":"https:\/\/www.belodonte.es\/","logo":{"@type":"ImageObject","inLanguage":"ca","@id":"https:\/\/www.belodonte.es\/#\/schema\/logo\/image\/","url":"https:\/\/www.belodonte.es\/wp-content\/uploads\/2021\/10\/favicon-clinica-belodonte.png","contentUrl":"https:\/\/www.belodonte.es\/wp-content\/uploads\/2021\/10\/favicon-clinica-belodonte.png","width":512,"height":512,"caption":"Cl\u00ednica Dental Belodonte"},"image":{"@id":"https:\/\/www.belodonte.es\/#\/schema\/logo\/image\/"}},{"@type":"Person","@id":"https:\/\/www.belodonte.es\/#\/schema\/person\/af746658db6c58f111ab4e18a476abcd","name":"Cl\u00ednica Belodonte","image":{"@type":"ImageObject","inLanguage":"ca","@id":"https:\/\/secure.gravatar.com\/avatar\/638e9d8d08bf2340d3d84b2996cdb448289ac0a26b32c99af87880a52287f8b8?s=96&d=mm&r=g","url":"https:\/\/secure.gravatar.com\/avatar\/638e9d8d08bf2340d3d84b2996cdb448289ac0a26b32c99af87880a52287f8b8?s=96&d=mm&r=g","contentUrl":"https:\/\/secure.gravatar.com\/avatar\/638e9d8d08bf2340d3d84b2996cdb448289ac0a26b32c99af87880a52287f8b8?s=96&d=mm&r=g","caption":"Cl\u00ednica Belodonte"},"url":"https:\/\/www.belodonte.es\/ca\/author\/wm_mgc\/"}]}},"_links":{"self":[{"href":"https:\/\/www.belodonte.es\/ca\/wp-json\/wp\/v2\/posts\/4881","targetHints":{"allow":["GET"]}}],"collection":[{"href":"https:\/\/www.belodonte.es\/ca\/wp-json\/wp\/v2\/posts"}],"about":[{"href":"https:\/\/www.belodonte.es\/ca\/wp-json\/wp\/v2\/types\/post"}],"author":[{"embeddable":true,"href":"https:\/\/www.belodonte.es\/ca\/wp-json\/wp\/v2\/users\/3"}],"replies":[{"embeddable":true,"href":"https:\/\/www.belodonte.es\/ca\/wp-json\/wp\/v2\/comments?post=4881"}],"version-history":[{"count":2,"href":"https:\/\/www.belodonte.es\/ca\/wp-json\/wp\/v2\/posts\/4881\/revisions"}],"predecessor-version":[{"id":4965,"href":"https:\/\/www.belodonte.es\/ca\/wp-json\/wp\/v2\/posts\/4881\/revisions\/4965"}],"wp:featuredmedia":[{"embeddable":true,"href":"https:\/\/www.belodonte.es\/ca\/wp-json\/wp\/v2\/media\/4879"}],"wp:attachment":[{"href":"https:\/\/www.belodonte.es\/ca\/wp-json\/wp\/v2\/media?parent=4881"}],"wp:term":[{"taxonomy":"category","embeddable":true,"href":"https:\/\/www.belodonte.es\/ca\/wp-json\/wp\/v2\/categories?post=4881"},{"taxonomy":"post_tag","embeddable":true,"href":"https:\/\/www.belodonte.es\/ca\/wp-json\/wp\/v2\/tags?post=4881"}],"curies":[{"name":"wp","href":"https:\/\/api.w.org\/{rel}","templated":true}]}}