{"id":4857,"date":"2024-01-23T06:00:00","date_gmt":"2024-01-23T06:00:00","guid":{"rendered":"https:\/\/www.belodonte.es\/?p=4857"},"modified":"2023-12-18T14:23:35","modified_gmt":"2023-12-18T14:23:35","slug":"flaccidesa-facial-abordatge-estetic","status":"publish","type":"post","link":"https:\/\/www.belodonte.es\/ca\/flaccidesa-facial-abordatge-estetic\/","title":{"rendered":"Flaccidesa facial: El seu abordatge est\u00e8tic"},"content":{"rendered":"\n<p>La <strong>flaccidesa facial<\/strong> \u00e9s un fenomen natural que afecta moltes persones a mesura que envelleixen. Aquest proc\u00e9s es manifesta principalment per la p\u00e8rdua d&#8217;elasticitat i fermesa en la pell del rostre, la qual cosa comporta l&#8217;aparici\u00f3 d&#8217;arrugues i l\u00ednies d&#8217;expressi\u00f3.<br>Des de <strong>Cl\u00ednica Belodonte, experts en <a href=\"https:\/\/www.belodonte.es\/ca\/medicina-estetica-facial-barcelona\/\" target=\"_blank\" rel=\"noreferrer noopener\">Medicina Est\u00e8tica Facial<\/a> a Barcelona<\/strong>, explicarem les causes de la flaccidesa facial, els seus efectes est\u00e8tics i com la <a href=\"https:\/\/www.belodonte.es\/ca\/medicina-estetica-facial-barcelona\/\">medicina est\u00e8tica facial<\/a> pot ser una soluci\u00f3 efectiva.<\/p>\n\n\n\n<h2 class=\"wp-block-heading\">Causes de la flaccidesa facial\u2028<\/h2>\n\n\n\n<p>Les principals s\u00f3n:\u2028<br>\u25cf <strong>Envelliment:<\/strong> L&#8217;envelliment natural \u00e9s una de les seves principals causes. A mesura que envellim, la producci\u00f3 de col\u00b7lagen i elastina, dues prote\u00efnes essencials per a mantenir la pell ferma, disminueix.\u2028<br>\u25cf<strong> Factors gen\u00e8tics:<\/strong> La predisposici\u00f3 gen\u00e8tica tamb\u00e9 exerceix un paper important en ella. Si els teus pares o avis van experimentar aquest problema, \u00e9s possible que tinguis una major probabilitat de desenvolupar-lo.\u2028<br>\u25cf <strong>Exposici\u00f3 solar: <\/strong>L&#8217;exposici\u00f3 prolongada al sol sense protecci\u00f3 adequada pot danyar les fibres de col\u00b7lagen i elastina en la pell, contribuint aix\u00ed a aquest problema.\u2028<br>\u25cf<strong> Canvis de pes sobtats: <\/strong>Els canvis bruscos de pes, especialment la p\u00e8rdua r\u00e0pida, poden afectar l&#8217;elasticitat de la pell, donant lloc a la flaccidesa.\u2028<br>\u25cf <strong>H\u00e0bits de vida: <\/strong>El tabaquisme, el consum excessiu d&#8217;alcohol i una dieta poc saludable poden contribuir a l&#8217;envelliment prematur de la pell.\u2028\u2028<\/p>\n\n\n\n<h2 class=\"wp-block-heading\">Efectes est\u00e8tics de la flaccidesa facial\u2028<\/h2>\n\n\n\n<p>Pot tenir diversos efectes est\u00e8tics que afecten l&#8217;aparen\u00e7a general del rostre:\u2028<br>\u25cf <strong>Arrugues i l\u00ednies d&#8217;expressi\u00f3: <\/strong>La p\u00e8rdua de fermesa en la pell condueix a la formaci\u00f3 d&#8217;arrugues i l\u00ednies fines, especialment al voltant dels ulls, la boca i el front.\u2028<br>\u25cf <strong>P\u00e8rdua de contorn facial: <\/strong>La falta de definici\u00f3 en la l\u00ednia de la mand\u00edbula i el\u00a0despenjament\u00a0de la pell poden fer que el rostre perdi el seu contorn i aparen\u00e7a juvenil.\u2028<br><strong>\u25cf Papada: <\/strong>La flaccidesa en la zona del coll pot donar lloc a la formaci\u00f3 d&#8217;una papada, afectant negativament l&#8217;est\u00e8tica facial.\u2028\u2028<\/p>\n\n\n\n<h2 class=\"wp-block-heading\">Tractaments en medicina est\u00e8tica facial\u2028<\/h2>\n\n\n\n<p>La medicina est\u00e8tica facial ofereix diverses solucions per a combatre la flaccidesa i restaurar la joventut i la fermesa de la pell:\u2028<br>\u25cf <strong>Toxina botul\u00ednica (Botox): <\/strong>L&#8217;aplicaci\u00f3 de toxina botul\u00ednica ajuda a relaxar els m\u00fasculs facials, reduint l&#8217;aparen\u00e7a d&#8217;arrugues i l\u00ednies d&#8217;expressi\u00f3.\u2028<br><strong>\u25cf Farciments d\u00e8rmics: <\/strong>Els farciments d\u00e8rmics, com l&#8217;\u00e0cid hialur\u00f2nic, poden restaurar el volum perdut i millorar la fermesa de la pell.\u2028<br>\u25cf <strong>Radiofreq\u00fc\u00e8ncia facial:<\/strong> Aquest tractament utilitza ones de r\u00e0dio per a estimular la producci\u00f3 de col\u00b7lagen, millorant l&#8217;elasticitat de la pell i reduint la flaccidesa.<br>\u25cf<strong> L\u00edfting facial no quir\u00fargic<\/strong>: Procediments com l&#8217;ultras\u00f2 focalitzat i els fils tensors poden oferir resultats similars a un l\u00edfting facial sense cirurgia.\u2028<br>\u25cf <strong>Mesoter\u00e0pia facial:<\/strong> La mesoter\u00e0pia implica l&#8217;aplicaci\u00f3 de subst\u00e0ncies\u00a0revitalizants\u00a0directament en la pell, estimulant la producci\u00f3 de col\u00b7lagen i millorant la textura facial.\u2028\u2028<\/p>\n\n\n\n<p>En resum, la flaccidesa facial \u00e9s un fenomen natural, per\u00f2 la medicina est\u00e8tica facial ofereix diverses opcions efectives per a abordar aquest problema i restaurar la vitalitat i la joventut del rostre. Si est\u00e0s considerant un tractament, \u00e9s fonamental consultar amb un professional de la medicina est\u00e8tica per a determinar la millor opci\u00f3 segons les teves necessitats individuals.\u2028\u2028<\/p>\n\n\n\n<p>En Cl\u00ednica Belodonte\u00a0disposem de\u00a0serveis de Medicina Est\u00e8tica Facial. Per a m\u00e9s informaci\u00f3 o consultar el vostre cas, no\u00a0dubteu a<strong><a href=\"https:\/\/www.belodonte.es\/ca\/contacte\/\" target=\"_blank\" rel=\"noreferrer noopener\"> posar-vos en contacte amb nosaltres.<\/a><\/strong><\/p>\n","protected":false},"excerpt":{"rendered":"<p>La flaccidesa facial \u00e9s un fenomen natural que afecta moltes persones a mesura que envelleixen. Aquest proc\u00e9s es manifesta principalment per la p\u00e8rdua d&#8217;elasticitat i fermesa en la pell del rostre, la qual cosa comporta l&#8217;aparici\u00f3 d&#8217;arrugues i l\u00ednies d&#8217;expressi\u00f3.Des [&hellip;]<\/p>\n","protected":false},"author":3,"featured_media":4858,"comment_status":"open","ping_status":"open","sticky":false,"template":"","format":"standard","meta":{"site-sidebar-layout":"default","site-content-layout":"","ast-site-content-layout":"default","site-content-style":"default","site-sidebar-style":"default","ast-global-header-display":"","ast-banner-title-visibility":"","ast-main-header-display":"","ast-hfb-above-header-display":"","ast-hfb-below-header-display":"","ast-hfb-mobile-header-display":"","site-post-title":"","ast-breadcrumbs-content":"","ast-featured-img":"","footer-sml-layout":"","ast-disable-related-posts":"","theme-transparent-header-meta":"","adv-header-id-meta":"","stick-header-meta":"","header-above-stick-meta":"","header-main-stick-meta":"","header-below-stick-meta":"","astra-migrate-meta-layouts":"set","ast-page-background-enabled":"default","ast-page-background-meta":{"desktop":{"background-color":"","background-image":"","background-repeat":"repeat","background-position":"center center","background-size":"auto","background-attachment":"scroll","background-type":"","background-media":"","overlay-type":"","overlay-color":"","overlay-opacity":"","overlay-gradient":""},"tablet":{"background-color":"","background-image":"","background-repeat":"repeat","background-position":"center center","background-size":"auto","background-attachment":"scroll","background-type":"","background-media":"","overlay-type":"","overlay-color":"","overlay-opacity":"","overlay-gradient":""},"mobile":{"background-color":"","background-image":"","background-repeat":"repeat","background-position":"center center","background-size":"auto","background-attachment":"scroll","background-type":"","background-media":"","overlay-type":"","overlay-color":"","overlay-opacity":"","overlay-gradient":""}},"ast-content-background-meta":{"desktop":{"background-color":"var(--ast-global-color-5)","background-image":"","background-repeat":"repeat","background-position":"center center","background-size":"auto","background-attachment":"scroll","background-type":"","background-media":"","overlay-type":"","overlay-color":"","overlay-opacity":"","overlay-gradient":""},"tablet":{"background-color":"var(--ast-global-color-5)","background-image":"","background-repeat":"repeat","background-position":"center center","background-size":"auto","background-attachment":"scroll","background-type":"","background-media":"","overlay-type":"","overlay-color":"","overlay-opacity":"","overlay-gradient":""},"mobile":{"background-color":"var(--ast-global-color-5)","background-image":"","background-repeat":"repeat","background-position":"center center","background-size":"auto","background-attachment":"scroll","background-type":"","background-media":"","overlay-type":"","overlay-color":"","overlay-opacity":"","overlay-gradient":""}},"footnotes":""},"categories":[17],"tags":[],"class_list":["post-4857","post","type-post","status-publish","format-standard","has-post-thumbnail","hentry","category-medicina-estetica-facial-2"],"yoast_head":"<!-- This site is optimized with the Yoast SEO plugin v27.4 - https:\/\/yoast.com\/product\/yoast-seo-wordpress\/ -->\n<title>Flaccidesa facial: El seu abordatge est\u00e8tic<\/title>\n<meta name=\"description\" content=\"La flaccidesa facial \u00e9s un fenomen natural que afecta moltes persones a mesura que envelleixen, degut a la p\u00e8rdua d&#039;elasticitat.\" \/>\n<meta name=\"robots\" content=\"index, follow, max-snippet:-1, max-image-preview:large, max-video-preview:-1\" \/>\n<link rel=\"canonical\" href=\"https:\/\/www.belodonte.es\/flacidez-facial-abordaje-estetico\/\" \/>\n<meta property=\"og:locale\" content=\"ca_ES\" \/>\n<meta property=\"og:type\" content=\"article\" \/>\n<meta property=\"og:title\" content=\"Flaccidesa facial: El seu abordatge est\u00e8tic\" \/>\n<meta property=\"og:description\" content=\"La flaccidesa facial \u00e9s un fenomen natural que afecta moltes persones a mesura que envelleixen, degut a la p\u00e8rdua d&#039;elasticitat.\" \/>\n<meta property=\"og:url\" content=\"https:\/\/www.belodonte.es\/flacidez-facial-abordaje-estetico\/\" \/>\n<meta property=\"og:site_name\" content=\"Cl\u00ednica Belodonte\" \/>\n<meta property=\"article:published_time\" content=\"2024-01-23T06:00:00+00:00\" \/>\n<meta property=\"og:image\" content=\"https:\/\/www.belodonte.es\/wp-content\/uploads\/2023\/12\/flaccidesa-facial.png\" \/>\n\t<meta property=\"og:image:width\" content=\"1200\" \/>\n\t<meta property=\"og:image:height\" content=\"600\" \/>\n\t<meta property=\"og:image:type\" content=\"image\/png\" \/>\n<meta name=\"author\" content=\"Cl\u00ednica Belodonte\" \/>\n<meta name=\"twitter:card\" content=\"summary_large_image\" \/>\n<meta name=\"twitter:label1\" content=\"Written by\" \/>\n\t<meta name=\"twitter:data1\" content=\"Cl\u00ednica Belodonte\" \/>\n\t<meta name=\"twitter:label2\" content=\"Est. reading time\" \/>\n\t<meta name=\"twitter:data2\" content=\"3 minutes\" \/>\n<script type=\"application\/ld+json\" class=\"yoast-schema-graph\">{\"@context\":\"https:\\\/\\\/schema.org\",\"@graph\":[{\"@type\":\"Article\",\"@id\":\"https:\\\/\\\/www.belodonte.es\\\/flacidez-facial-abordaje-estetico\\\/#article\",\"isPartOf\":{\"@id\":\"https:\\\/\\\/www.belodonte.es\\\/flacidez-facial-abordaje-estetico\\\/\"},\"author\":{\"name\":\"Cl\u00ednica Belodonte\",\"@id\":\"https:\\\/\\\/www.belodonte.es\\\/#\\\/schema\\\/person\\\/af746658db6c58f111ab4e18a476abcd\"},\"headline\":\"Flaccidesa facial: El seu abordatge est\u00e8tic\",\"datePublished\":\"2024-01-23T06:00:00+00:00\",\"mainEntityOfPage\":{\"@id\":\"https:\\\/\\\/www.belodonte.es\\\/flacidez-facial-abordaje-estetico\\\/\"},\"wordCount\":592,\"commentCount\":0,\"publisher\":{\"@id\":\"https:\\\/\\\/www.belodonte.es\\\/#organization\"},\"image\":{\"@id\":\"https:\\\/\\\/www.belodonte.es\\\/flacidez-facial-abordaje-estetico\\\/#primaryimage\"},\"thumbnailUrl\":\"https:\\\/\\\/www.belodonte.es\\\/wp-content\\\/uploads\\\/2023\\\/12\\\/flaccidesa-facial.png\",\"articleSection\":[\"Medicina Est\u00e8tica Facial\"],\"inLanguage\":\"ca\",\"potentialAction\":[{\"@type\":\"CommentAction\",\"name\":\"Comment\",\"target\":[\"https:\\\/\\\/www.belodonte.es\\\/flacidez-facial-abordaje-estetico\\\/#respond\"]}]},{\"@type\":\"WebPage\",\"@id\":\"https:\\\/\\\/www.belodonte.es\\\/flacidez-facial-abordaje-estetico\\\/\",\"url\":\"https:\\\/\\\/www.belodonte.es\\\/flacidez-facial-abordaje-estetico\\\/\",\"name\":\"Flaccidesa facial: El seu abordatge est\u00e8tic\",\"isPartOf\":{\"@id\":\"https:\\\/\\\/www.belodonte.es\\\/#website\"},\"primaryImageOfPage\":{\"@id\":\"https:\\\/\\\/www.belodonte.es\\\/flacidez-facial-abordaje-estetico\\\/#primaryimage\"},\"image\":{\"@id\":\"https:\\\/\\\/www.belodonte.es\\\/flacidez-facial-abordaje-estetico\\\/#primaryimage\"},\"thumbnailUrl\":\"https:\\\/\\\/www.belodonte.es\\\/wp-content\\\/uploads\\\/2023\\\/12\\\/flaccidesa-facial.png\",\"datePublished\":\"2024-01-23T06:00:00+00:00\",\"description\":\"La flaccidesa facial \u00e9s un fenomen natural que afecta moltes persones a mesura que envelleixen, degut a la p\u00e8rdua d'elasticitat.\",\"breadcrumb\":{\"@id\":\"https:\\\/\\\/www.belodonte.es\\\/flacidez-facial-abordaje-estetico\\\/#breadcrumb\"},\"inLanguage\":\"ca\",\"potentialAction\":[{\"@type\":\"ReadAction\",\"target\":[\"https:\\\/\\\/www.belodonte.es\\\/flacidez-facial-abordaje-estetico\\\/\"]}]},{\"@type\":\"ImageObject\",\"inLanguage\":\"ca\",\"@id\":\"https:\\\/\\\/www.belodonte.es\\\/flacidez-facial-abordaje-estetico\\\/#primaryimage\",\"url\":\"https:\\\/\\\/www.belodonte.es\\\/wp-content\\\/uploads\\\/2023\\\/12\\\/flaccidesa-facial.png\",\"contentUrl\":\"https:\\\/\\\/www.belodonte.es\\\/wp-content\\\/uploads\\\/2023\\\/12\\\/flaccidesa-facial.png\",\"width\":1200,\"height\":600,\"caption\":\"flaccidesa facial\"},{\"@type\":\"BreadcrumbList\",\"@id\":\"https:\\\/\\\/www.belodonte.es\\\/flacidez-facial-abordaje-estetico\\\/#breadcrumb\",\"itemListElement\":[{\"@type\":\"ListItem\",\"position\":1,\"name\":\"Portada\",\"item\":\"https:\\\/\\\/www.belodonte.es\\\/\"},{\"@type\":\"ListItem\",\"position\":2,\"name\":\"Flaccidesa facial: El seu abordatge est\u00e8tic\"}]},{\"@type\":\"WebSite\",\"@id\":\"https:\\\/\\\/www.belodonte.es\\\/#website\",\"url\":\"https:\\\/\\\/www.belodonte.es\\\/\",\"name\":\"Cl\u00ednica Belodonte\",\"description\":\"Cl\u00ednica dental en Barcelona\",\"publisher\":{\"@id\":\"https:\\\/\\\/www.belodonte.es\\\/#organization\"},\"potentialAction\":[{\"@type\":\"SearchAction\",\"target\":{\"@type\":\"EntryPoint\",\"urlTemplate\":\"https:\\\/\\\/www.belodonte.es\\\/?s={search_term_string}\"},\"query-input\":{\"@type\":\"PropertyValueSpecification\",\"valueRequired\":true,\"valueName\":\"search_term_string\"}}],\"inLanguage\":\"ca\"},{\"@type\":\"Organization\",\"@id\":\"https:\\\/\\\/www.belodonte.es\\\/#organization\",\"name\":\"Cl\u00ednica Dental Belodonte\",\"url\":\"https:\\\/\\\/www.belodonte.es\\\/\",\"logo\":{\"@type\":\"ImageObject\",\"inLanguage\":\"ca\",\"@id\":\"https:\\\/\\\/www.belodonte.es\\\/#\\\/schema\\\/logo\\\/image\\\/\",\"url\":\"https:\\\/\\\/www.belodonte.es\\\/wp-content\\\/uploads\\\/2021\\\/10\\\/favicon-clinica-belodonte.png\",\"contentUrl\":\"https:\\\/\\\/www.belodonte.es\\\/wp-content\\\/uploads\\\/2021\\\/10\\\/favicon-clinica-belodonte.png\",\"width\":512,\"height\":512,\"caption\":\"Cl\u00ednica Dental Belodonte\"},\"image\":{\"@id\":\"https:\\\/\\\/www.belodonte.es\\\/#\\\/schema\\\/logo\\\/image\\\/\"}},{\"@type\":\"Person\",\"@id\":\"https:\\\/\\\/www.belodonte.es\\\/#\\\/schema\\\/person\\\/af746658db6c58f111ab4e18a476abcd\",\"name\":\"Cl\u00ednica Belodonte\",\"image\":{\"@type\":\"ImageObject\",\"inLanguage\":\"ca\",\"@id\":\"https:\\\/\\\/secure.gravatar.com\\\/avatar\\\/638e9d8d08bf2340d3d84b2996cdb448289ac0a26b32c99af87880a52287f8b8?s=96&d=mm&r=g\",\"url\":\"https:\\\/\\\/secure.gravatar.com\\\/avatar\\\/638e9d8d08bf2340d3d84b2996cdb448289ac0a26b32c99af87880a52287f8b8?s=96&d=mm&r=g\",\"contentUrl\":\"https:\\\/\\\/secure.gravatar.com\\\/avatar\\\/638e9d8d08bf2340d3d84b2996cdb448289ac0a26b32c99af87880a52287f8b8?s=96&d=mm&r=g\",\"caption\":\"Cl\u00ednica Belodonte\"},\"url\":\"https:\\\/\\\/www.belodonte.es\\\/ca\\\/author\\\/wm_mgc\\\/\"}]}<\/script>\n<!-- \/ Yoast SEO plugin. -->","yoast_head_json":{"title":"Flaccidesa facial: El seu abordatge est\u00e8tic","description":"La flaccidesa facial \u00e9s un fenomen natural que afecta moltes persones a mesura que envelleixen, degut a la p\u00e8rdua d'elasticitat.","robots":{"index":"index","follow":"follow","max-snippet":"max-snippet:-1","max-image-preview":"max-image-preview:large","max-video-preview":"max-video-preview:-1"},"canonical":"https:\/\/www.belodonte.es\/flacidez-facial-abordaje-estetico\/","og_locale":"ca_ES","og_type":"article","og_title":"Flaccidesa facial: El seu abordatge est\u00e8tic","og_description":"La flaccidesa facial \u00e9s un fenomen natural que afecta moltes persones a mesura que envelleixen, degut a la p\u00e8rdua d'elasticitat.","og_url":"https:\/\/www.belodonte.es\/flacidez-facial-abordaje-estetico\/","og_site_name":"Cl\u00ednica Belodonte","article_published_time":"2024-01-23T06:00:00+00:00","og_image":[{"width":1200,"height":600,"url":"https:\/\/www.belodonte.es\/wp-content\/uploads\/2023\/12\/flaccidesa-facial.png","type":"image\/png"}],"author":"Cl\u00ednica Belodonte","twitter_card":"summary_large_image","twitter_misc":{"Written by":"Cl\u00ednica Belodonte","Est. reading time":"3 minutes"},"schema":{"@context":"https:\/\/schema.org","@graph":[{"@type":"Article","@id":"https:\/\/www.belodonte.es\/flacidez-facial-abordaje-estetico\/#article","isPartOf":{"@id":"https:\/\/www.belodonte.es\/flacidez-facial-abordaje-estetico\/"},"author":{"name":"Cl\u00ednica Belodonte","@id":"https:\/\/www.belodonte.es\/#\/schema\/person\/af746658db6c58f111ab4e18a476abcd"},"headline":"Flaccidesa facial: El seu abordatge est\u00e8tic","datePublished":"2024-01-23T06:00:00+00:00","mainEntityOfPage":{"@id":"https:\/\/www.belodonte.es\/flacidez-facial-abordaje-estetico\/"},"wordCount":592,"commentCount":0,"publisher":{"@id":"https:\/\/www.belodonte.es\/#organization"},"image":{"@id":"https:\/\/www.belodonte.es\/flacidez-facial-abordaje-estetico\/#primaryimage"},"thumbnailUrl":"https:\/\/www.belodonte.es\/wp-content\/uploads\/2023\/12\/flaccidesa-facial.png","articleSection":["Medicina Est\u00e8tica Facial"],"inLanguage":"ca","potentialAction":[{"@type":"CommentAction","name":"Comment","target":["https:\/\/www.belodonte.es\/flacidez-facial-abordaje-estetico\/#respond"]}]},{"@type":"WebPage","@id":"https:\/\/www.belodonte.es\/flacidez-facial-abordaje-estetico\/","url":"https:\/\/www.belodonte.es\/flacidez-facial-abordaje-estetico\/","name":"Flaccidesa facial: El seu abordatge est\u00e8tic","isPartOf":{"@id":"https:\/\/www.belodonte.es\/#website"},"primaryImageOfPage":{"@id":"https:\/\/www.belodonte.es\/flacidez-facial-abordaje-estetico\/#primaryimage"},"image":{"@id":"https:\/\/www.belodonte.es\/flacidez-facial-abordaje-estetico\/#primaryimage"},"thumbnailUrl":"https:\/\/www.belodonte.es\/wp-content\/uploads\/2023\/12\/flaccidesa-facial.png","datePublished":"2024-01-23T06:00:00+00:00","description":"La flaccidesa facial \u00e9s un fenomen natural que afecta moltes persones a mesura que envelleixen, degut a la p\u00e8rdua d'elasticitat.","breadcrumb":{"@id":"https:\/\/www.belodonte.es\/flacidez-facial-abordaje-estetico\/#breadcrumb"},"inLanguage":"ca","potentialAction":[{"@type":"ReadAction","target":["https:\/\/www.belodonte.es\/flacidez-facial-abordaje-estetico\/"]}]},{"@type":"ImageObject","inLanguage":"ca","@id":"https:\/\/www.belodonte.es\/flacidez-facial-abordaje-estetico\/#primaryimage","url":"https:\/\/www.belodonte.es\/wp-content\/uploads\/2023\/12\/flaccidesa-facial.png","contentUrl":"https:\/\/www.belodonte.es\/wp-content\/uploads\/2023\/12\/flaccidesa-facial.png","width":1200,"height":600,"caption":"flaccidesa facial"},{"@type":"BreadcrumbList","@id":"https:\/\/www.belodonte.es\/flacidez-facial-abordaje-estetico\/#breadcrumb","itemListElement":[{"@type":"ListItem","position":1,"name":"Portada","item":"https:\/\/www.belodonte.es\/"},{"@type":"ListItem","position":2,"name":"Flaccidesa facial: El seu abordatge est\u00e8tic"}]},{"@type":"WebSite","@id":"https:\/\/www.belodonte.es\/#website","url":"https:\/\/www.belodonte.es\/","name":"Cl\u00ednica Belodonte","description":"Cl\u00ednica dental en Barcelona","publisher":{"@id":"https:\/\/www.belodonte.es\/#organization"},"potentialAction":[{"@type":"SearchAction","target":{"@type":"EntryPoint","urlTemplate":"https:\/\/www.belodonte.es\/?s={search_term_string}"},"query-input":{"@type":"PropertyValueSpecification","valueRequired":true,"valueName":"search_term_string"}}],"inLanguage":"ca"},{"@type":"Organization","@id":"https:\/\/www.belodonte.es\/#organization","name":"Cl\u00ednica Dental Belodonte","url":"https:\/\/www.belodonte.es\/","logo":{"@type":"ImageObject","inLanguage":"ca","@id":"https:\/\/www.belodonte.es\/#\/schema\/logo\/image\/","url":"https:\/\/www.belodonte.es\/wp-content\/uploads\/2021\/10\/favicon-clinica-belodonte.png","contentUrl":"https:\/\/www.belodonte.es\/wp-content\/uploads\/2021\/10\/favicon-clinica-belodonte.png","width":512,"height":512,"caption":"Cl\u00ednica Dental Belodonte"},"image":{"@id":"https:\/\/www.belodonte.es\/#\/schema\/logo\/image\/"}},{"@type":"Person","@id":"https:\/\/www.belodonte.es\/#\/schema\/person\/af746658db6c58f111ab4e18a476abcd","name":"Cl\u00ednica Belodonte","image":{"@type":"ImageObject","inLanguage":"ca","@id":"https:\/\/secure.gravatar.com\/avatar\/638e9d8d08bf2340d3d84b2996cdb448289ac0a26b32c99af87880a52287f8b8?s=96&d=mm&r=g","url":"https:\/\/secure.gravatar.com\/avatar\/638e9d8d08bf2340d3d84b2996cdb448289ac0a26b32c99af87880a52287f8b8?s=96&d=mm&r=g","contentUrl":"https:\/\/secure.gravatar.com\/avatar\/638e9d8d08bf2340d3d84b2996cdb448289ac0a26b32c99af87880a52287f8b8?s=96&d=mm&r=g","caption":"Cl\u00ednica Belodonte"},"url":"https:\/\/www.belodonte.es\/ca\/author\/wm_mgc\/"}]}},"_links":{"self":[{"href":"https:\/\/www.belodonte.es\/ca\/wp-json\/wp\/v2\/posts\/4857","targetHints":{"allow":["GET"]}}],"collection":[{"href":"https:\/\/www.belodonte.es\/ca\/wp-json\/wp\/v2\/posts"}],"about":[{"href":"https:\/\/www.belodonte.es\/ca\/wp-json\/wp\/v2\/types\/post"}],"author":[{"embeddable":true,"href":"https:\/\/www.belodonte.es\/ca\/wp-json\/wp\/v2\/users\/3"}],"replies":[{"embeddable":true,"href":"https:\/\/www.belodonte.es\/ca\/wp-json\/wp\/v2\/comments?post=4857"}],"version-history":[{"count":1,"href":"https:\/\/www.belodonte.es\/ca\/wp-json\/wp\/v2\/posts\/4857\/revisions"}],"predecessor-version":[{"id":4860,"href":"https:\/\/www.belodonte.es\/ca\/wp-json\/wp\/v2\/posts\/4857\/revisions\/4860"}],"wp:featuredmedia":[{"embeddable":true,"href":"https:\/\/www.belodonte.es\/ca\/wp-json\/wp\/v2\/media\/4858"}],"wp:attachment":[{"href":"https:\/\/www.belodonte.es\/ca\/wp-json\/wp\/v2\/media?parent=4857"}],"wp:term":[{"taxonomy":"category","embeddable":true,"href":"https:\/\/www.belodonte.es\/ca\/wp-json\/wp\/v2\/categories?post=4857"},{"taxonomy":"post_tag","embeddable":true,"href":"https:\/\/www.belodonte.es\/ca\/wp-json\/wp\/v2\/tags?post=4857"}],"curies":[{"name":"wp","href":"https:\/\/api.w.org\/{rel}","templated":true}]}}