{"id":4848,"date":"2024-01-18T06:00:00","date_gmt":"2024-01-18T06:00:00","guid":{"rendered":"https:\/\/www.belodonte.es\/?p=4848"},"modified":"2023-12-18T13:50:00","modified_gmt":"2023-12-18T13:50:00","slug":"submossegada-consisteix","status":"publish","type":"post","link":"https:\/\/www.belodonte.es\/ca\/submossegada-consisteix\/","title":{"rendered":"Submossegada: En qu\u00e8 consisteix?"},"content":{"rendered":"\n<p>La <strong>submossegada<\/strong>, tamb\u00e9 coneguda com a <strong><a href=\"https:\/\/www.belodonte.es\/ca\/prognatisme-sobre-aquest-problema-mandibular\/\" target=\"_blank\" rel=\"noreferrer noopener\">prognatisme<\/a> mandibular<\/strong>, es manifesta com una maloclusi\u00f3 dental on les dents inferiors es posicionen anormalment cap endavant en comparaci\u00f3 amb els superiors. Aquest fenomen, m\u00e9s enll\u00e0 de les seves implicacions est\u00e8tiques, pot desencadenar repercussions substancials per a la salut bucal i facial.<br>Des de <strong>Cl\u00ednica Belodonte, experts en <a href=\"https:\/\/www.belodonte.es\/ca\/ortodoncia\/\" target=\"_blank\" rel=\"noreferrer noopener\">Ortod\u00f2ncia<\/a> i <a href=\"https:\/\/www.belodonte.es\/ca\/cirurgia-oral-i-maxilofacial\/\" target=\"_blank\" rel=\"noreferrer noopener\">Cirurgia Oral i Maxil\u00b7lofacial<\/a> a Barcelona<\/strong>, parlem sobre ella.\u2028\u2028<\/p>\n\n\n\n<h2 class=\"wp-block-heading\">Causes de la&nbsp;submossegada\u2028<\/h2>\n\n\n\n<p>Les causes s\u00f3n diverses. En molts casos, factors gen\u00e8tics exerceixen un paper crucial, marcant una predisposici\u00f3 heredit\u00e0ria. No obstant aix\u00f2, tamb\u00e9 pot vincular-se a h\u00e0bits infantils com xuclar-se el dit o usar xumet de manera prolongada, afectant el desenvolupament mandibular i l&#8217;alineaci\u00f3 dental.\u2028<\/p>\n\n\n\n<h2 class=\"wp-block-heading\">Efectes est\u00e8tics i en la salut bucal i facial de la&nbsp;submossegada\u2028<\/h2>\n\n\n\n<p>Els efectes est\u00e8tics s\u00f3n evidents, manifestant-se en una aparen\u00e7a facial desequilibrada. El somriure pot revelar un exc\u00e9s de dents inferiors. A m\u00e9s, la persona afectada pot exhibir un ment\u00f3 enfonsat o retrocedit, contribuint a una expressi\u00f3 facial menys atractiva.\u2028<br>M\u00e9s enll\u00e0 de la superf\u00edcie est\u00e8tica, comporta problemes de salut bucal, com a desgast irregular de les dents a causa del tancament inadequat de la boca.\u2028A m\u00e9s, augmenta el risc de malalties periodontals en dificultar la higiene bucal. Des d&#8217;una perspectiva facial, contribueix a trastorns de l&#8217;articulaci\u00f3 temporomandibular (ATM), causant dolor i dificultats per a obrir i tancar la boca, entre altres problemes.\u2028\u2028<\/p>\n\n\n\n<h2 class=\"wp-block-heading\">Tractaments de la\u00a0submossegada\u2028<\/h2>\n\n\n\n<p>El tractament generalment recau en l&#8217;especialitat d&#8217;<a href=\"https:\/\/www.belodonte.es\/ca\/ortodoncia\/\">ortod\u00f2ncia<\/a>. Diversos enfocaments s&#8217;apliquen segons la gravetat del problema. Els aparells ortod\u00f2ntics, com els&nbsp;brackets, s\u00f3n comunament utilitzats per a corregir-la, aplicant pressi\u00f3 gradual per a reposicionar les dents.\u2028En casos m\u00e9s complexos, la cirurgia ortogn\u00e0tica pot ser necess\u00e0ria per a corregir la posici\u00f3 de la mand\u00edbula i, en alguns casos, dels maxil\u00b7lars.\u2028\u00c9s crucial entendre que el tractament no sols se centra&nbsp;a&nbsp;millorar l&#8217;est\u00e8tica facial. En corregir la maloclusi\u00f3, es promou una funci\u00f3 oral adequada, es redueix el risc de malalties periodontals i s&#8217;alleugen els s\u00edmptomes associats amb la disfunci\u00f3 de&nbsp;l&#8217;ATM.\u2028\u2028<\/p>\n\n\n\n<p>En resum, la&nbsp;submossegada&nbsp;\u00e9s un problema dental que abasta m\u00e9s enll\u00e0 de les consideracions est\u00e8tiques. Les seves arrels poden ser gen\u00e8tiques o relacionades amb h\u00e0bits infantils, i els seus efectes afecten tant l&#8217;est\u00e8tica facial com la salut bucal i facial en general. L&#8217;ortod\u00f2ncia emergeix com una soluci\u00f3 efectiva, proporcionant beneficis est\u00e8tics i millorant la qualitat de vida dels qui enfronten aquest desafiament.\u2028\u2028<\/p>\n\n\n\n<p>En Cl\u00ednica Belodonte\u00a0disposem de\u00a0serveis d&#8217;Ortod\u00f2ncia i <a href=\"https:\/\/www.belodonte.es\/ca\/cirurgia-oral-i-maxilofacial\/\">Cirurgia Oral<\/a> i Maxil\u00b7lofacial. Per a m\u00e9s informaci\u00f3 o consultar el vostre cas, no\u00a0dubteu a<strong><a href=\"https:\/\/www.belodonte.es\/ca\/contacte\/\" target=\"_blank\" rel=\"noreferrer noopener\"> posar-vos en contacte amb nosaltres.<\/a><\/strong><\/p>\n","protected":false},"excerpt":{"rendered":"<p>La submossegada, tamb\u00e9 coneguda com a prognatisme mandibular, es manifesta com una maloclusi\u00f3 dental on les dents inferiors es posicionen anormalment cap endavant en comparaci\u00f3 amb els superiors. Aquest fenomen, m\u00e9s enll\u00e0 de les seves implicacions est\u00e8tiques, pot desencadenar repercussions [&hellip;]<\/p>\n","protected":false},"author":3,"featured_media":4849,"comment_status":"open","ping_status":"open","sticky":false,"template":"","format":"standard","meta":{"site-sidebar-layout":"default","site-content-layout":"","ast-site-content-layout":"default","site-content-style":"default","site-sidebar-style":"default","ast-global-header-display":"","ast-banner-title-visibility":"","ast-main-header-display":"","ast-hfb-above-header-display":"","ast-hfb-below-header-display":"","ast-hfb-mobile-header-display":"","site-post-title":"","ast-breadcrumbs-content":"","ast-featured-img":"","footer-sml-layout":"","ast-disable-related-posts":"","theme-transparent-header-meta":"","adv-header-id-meta":"","stick-header-meta":"","header-above-stick-meta":"","header-main-stick-meta":"","header-below-stick-meta":"","astra-migrate-meta-layouts":"set","ast-page-background-enabled":"default","ast-page-background-meta":{"desktop":{"background-color":"","background-image":"","background-repeat":"repeat","background-position":"center center","background-size":"auto","background-attachment":"scroll","background-type":"","background-media":"","overlay-type":"","overlay-color":"","overlay-opacity":"","overlay-gradient":""},"tablet":{"background-color":"","background-image":"","background-repeat":"repeat","background-position":"center center","background-size":"auto","background-attachment":"scroll","background-type":"","background-media":"","overlay-type":"","overlay-color":"","overlay-opacity":"","overlay-gradient":""},"mobile":{"background-color":"","background-image":"","background-repeat":"repeat","background-position":"center center","background-size":"auto","background-attachment":"scroll","background-type":"","background-media":"","overlay-type":"","overlay-color":"","overlay-opacity":"","overlay-gradient":""}},"ast-content-background-meta":{"desktop":{"background-color":"var(--ast-global-color-5)","background-image":"","background-repeat":"repeat","background-position":"center center","background-size":"auto","background-attachment":"scroll","background-type":"","background-media":"","overlay-type":"","overlay-color":"","overlay-opacity":"","overlay-gradient":""},"tablet":{"background-color":"var(--ast-global-color-5)","background-image":"","background-repeat":"repeat","background-position":"center center","background-size":"auto","background-attachment":"scroll","background-type":"","background-media":"","overlay-type":"","overlay-color":"","overlay-opacity":"","overlay-gradient":""},"mobile":{"background-color":"var(--ast-global-color-5)","background-image":"","background-repeat":"repeat","background-position":"center center","background-size":"auto","background-attachment":"scroll","background-type":"","background-media":"","overlay-type":"","overlay-color":"","overlay-opacity":"","overlay-gradient":""}},"footnotes":""},"categories":[32],"tags":[],"class_list":["post-4848","post","type-post","status-publish","format-standard","has-post-thumbnail","hentry","category-cirugia-oral"],"yoast_head":"<!-- This site is optimized with the Yoast SEO plugin v27.4 - https:\/\/yoast.com\/product\/yoast-seo-wordpress\/ -->\n<title>Submossegada: En qu\u00e8 consisteix?<\/title>\n<meta name=\"description\" content=\"La submossegada, tamb\u00e9 coneguda com a prognatisme mandibular, es manifesta com una maloclusi\u00f3 dental de les dents inferiors.\" \/>\n<meta name=\"robots\" content=\"index, follow, max-snippet:-1, max-image-preview:large, max-video-preview:-1\" \/>\n<link rel=\"canonical\" href=\"https:\/\/www.belodonte.es\/submordida-consiste\/\" \/>\n<meta property=\"og:locale\" content=\"ca_ES\" \/>\n<meta property=\"og:type\" content=\"article\" \/>\n<meta property=\"og:title\" content=\"Submossegada: En qu\u00e8 consisteix?\" \/>\n<meta property=\"og:description\" content=\"La submossegada, tamb\u00e9 coneguda com a prognatisme mandibular, es manifesta com una maloclusi\u00f3 dental de les dents inferiors.\" \/>\n<meta property=\"og:url\" content=\"https:\/\/www.belodonte.es\/submordida-consiste\/\" \/>\n<meta property=\"og:site_name\" content=\"Cl\u00ednica Belodonte\" \/>\n<meta property=\"article:published_time\" content=\"2024-01-18T06:00:00+00:00\" \/>\n<meta property=\"og:image\" content=\"https:\/\/www.belodonte.es\/wp-content\/uploads\/2023\/12\/submossegada.png\" \/>\n\t<meta property=\"og:image:width\" content=\"1200\" \/>\n\t<meta property=\"og:image:height\" content=\"600\" \/>\n\t<meta property=\"og:image:type\" content=\"image\/png\" \/>\n<meta name=\"author\" content=\"Cl\u00ednica Belodonte\" \/>\n<meta name=\"twitter:card\" content=\"summary_large_image\" \/>\n<meta name=\"twitter:label1\" content=\"Written by\" \/>\n\t<meta name=\"twitter:data1\" content=\"Cl\u00ednica Belodonte\" \/>\n\t<meta name=\"twitter:label2\" content=\"Est. reading time\" \/>\n\t<meta name=\"twitter:data2\" content=\"3 minutes\" \/>\n<script type=\"application\/ld+json\" class=\"yoast-schema-graph\">{\"@context\":\"https:\\\/\\\/schema.org\",\"@graph\":[{\"@type\":\"Article\",\"@id\":\"https:\\\/\\\/www.belodonte.es\\\/submordida-consiste\\\/#article\",\"isPartOf\":{\"@id\":\"https:\\\/\\\/www.belodonte.es\\\/submordida-consiste\\\/\"},\"author\":{\"name\":\"Cl\u00ednica Belodonte\",\"@id\":\"https:\\\/\\\/www.belodonte.es\\\/#\\\/schema\\\/person\\\/af746658db6c58f111ab4e18a476abcd\"},\"headline\":\"Submossegada: En qu\u00e8 consisteix?\",\"datePublished\":\"2024-01-18T06:00:00+00:00\",\"mainEntityOfPage\":{\"@id\":\"https:\\\/\\\/www.belodonte.es\\\/submordida-consiste\\\/\"},\"wordCount\":475,\"commentCount\":0,\"publisher\":{\"@id\":\"https:\\\/\\\/www.belodonte.es\\\/#organization\"},\"image\":{\"@id\":\"https:\\\/\\\/www.belodonte.es\\\/submordida-consiste\\\/#primaryimage\"},\"thumbnailUrl\":\"https:\\\/\\\/www.belodonte.es\\\/wp-content\\\/uploads\\\/2023\\\/12\\\/submossegada.png\",\"articleSection\":[\"Cirugia Oral\"],\"inLanguage\":\"ca\",\"potentialAction\":[{\"@type\":\"CommentAction\",\"name\":\"Comment\",\"target\":[\"https:\\\/\\\/www.belodonte.es\\\/submordida-consiste\\\/#respond\"]}]},{\"@type\":\"WebPage\",\"@id\":\"https:\\\/\\\/www.belodonte.es\\\/submordida-consiste\\\/\",\"url\":\"https:\\\/\\\/www.belodonte.es\\\/submordida-consiste\\\/\",\"name\":\"Submossegada: En qu\u00e8 consisteix?\",\"isPartOf\":{\"@id\":\"https:\\\/\\\/www.belodonte.es\\\/#website\"},\"primaryImageOfPage\":{\"@id\":\"https:\\\/\\\/www.belodonte.es\\\/submordida-consiste\\\/#primaryimage\"},\"image\":{\"@id\":\"https:\\\/\\\/www.belodonte.es\\\/submordida-consiste\\\/#primaryimage\"},\"thumbnailUrl\":\"https:\\\/\\\/www.belodonte.es\\\/wp-content\\\/uploads\\\/2023\\\/12\\\/submossegada.png\",\"datePublished\":\"2024-01-18T06:00:00+00:00\",\"description\":\"La submossegada, tamb\u00e9 coneguda com a prognatisme mandibular, es manifesta com una maloclusi\u00f3 dental de les dents inferiors.\",\"breadcrumb\":{\"@id\":\"https:\\\/\\\/www.belodonte.es\\\/submordida-consiste\\\/#breadcrumb\"},\"inLanguage\":\"ca\",\"potentialAction\":[{\"@type\":\"ReadAction\",\"target\":[\"https:\\\/\\\/www.belodonte.es\\\/submordida-consiste\\\/\"]}]},{\"@type\":\"ImageObject\",\"inLanguage\":\"ca\",\"@id\":\"https:\\\/\\\/www.belodonte.es\\\/submordida-consiste\\\/#primaryimage\",\"url\":\"https:\\\/\\\/www.belodonte.es\\\/wp-content\\\/uploads\\\/2023\\\/12\\\/submossegada.png\",\"contentUrl\":\"https:\\\/\\\/www.belodonte.es\\\/wp-content\\\/uploads\\\/2023\\\/12\\\/submossegada.png\",\"width\":1200,\"height\":600,\"caption\":\"submossegada\"},{\"@type\":\"BreadcrumbList\",\"@id\":\"https:\\\/\\\/www.belodonte.es\\\/submordida-consiste\\\/#breadcrumb\",\"itemListElement\":[{\"@type\":\"ListItem\",\"position\":1,\"name\":\"Portada\",\"item\":\"https:\\\/\\\/www.belodonte.es\\\/\"},{\"@type\":\"ListItem\",\"position\":2,\"name\":\"Submossegada: En qu\u00e8 consisteix?\"}]},{\"@type\":\"WebSite\",\"@id\":\"https:\\\/\\\/www.belodonte.es\\\/#website\",\"url\":\"https:\\\/\\\/www.belodonte.es\\\/\",\"name\":\"Cl\u00ednica Belodonte\",\"description\":\"Cl\u00ednica dental en Barcelona\",\"publisher\":{\"@id\":\"https:\\\/\\\/www.belodonte.es\\\/#organization\"},\"potentialAction\":[{\"@type\":\"SearchAction\",\"target\":{\"@type\":\"EntryPoint\",\"urlTemplate\":\"https:\\\/\\\/www.belodonte.es\\\/?s={search_term_string}\"},\"query-input\":{\"@type\":\"PropertyValueSpecification\",\"valueRequired\":true,\"valueName\":\"search_term_string\"}}],\"inLanguage\":\"ca\"},{\"@type\":\"Organization\",\"@id\":\"https:\\\/\\\/www.belodonte.es\\\/#organization\",\"name\":\"Cl\u00ednica Dental Belodonte\",\"url\":\"https:\\\/\\\/www.belodonte.es\\\/\",\"logo\":{\"@type\":\"ImageObject\",\"inLanguage\":\"ca\",\"@id\":\"https:\\\/\\\/www.belodonte.es\\\/#\\\/schema\\\/logo\\\/image\\\/\",\"url\":\"https:\\\/\\\/www.belodonte.es\\\/wp-content\\\/uploads\\\/2021\\\/10\\\/favicon-clinica-belodonte.png\",\"contentUrl\":\"https:\\\/\\\/www.belodonte.es\\\/wp-content\\\/uploads\\\/2021\\\/10\\\/favicon-clinica-belodonte.png\",\"width\":512,\"height\":512,\"caption\":\"Cl\u00ednica Dental Belodonte\"},\"image\":{\"@id\":\"https:\\\/\\\/www.belodonte.es\\\/#\\\/schema\\\/logo\\\/image\\\/\"}},{\"@type\":\"Person\",\"@id\":\"https:\\\/\\\/www.belodonte.es\\\/#\\\/schema\\\/person\\\/af746658db6c58f111ab4e18a476abcd\",\"name\":\"Cl\u00ednica Belodonte\",\"image\":{\"@type\":\"ImageObject\",\"inLanguage\":\"ca\",\"@id\":\"https:\\\/\\\/secure.gravatar.com\\\/avatar\\\/638e9d8d08bf2340d3d84b2996cdb448289ac0a26b32c99af87880a52287f8b8?s=96&d=mm&r=g\",\"url\":\"https:\\\/\\\/secure.gravatar.com\\\/avatar\\\/638e9d8d08bf2340d3d84b2996cdb448289ac0a26b32c99af87880a52287f8b8?s=96&d=mm&r=g\",\"contentUrl\":\"https:\\\/\\\/secure.gravatar.com\\\/avatar\\\/638e9d8d08bf2340d3d84b2996cdb448289ac0a26b32c99af87880a52287f8b8?s=96&d=mm&r=g\",\"caption\":\"Cl\u00ednica Belodonte\"},\"url\":\"https:\\\/\\\/www.belodonte.es\\\/ca\\\/author\\\/wm_mgc\\\/\"}]}<\/script>\n<!-- \/ Yoast SEO plugin. -->","yoast_head_json":{"title":"Submossegada: En qu\u00e8 consisteix?","description":"La submossegada, tamb\u00e9 coneguda com a prognatisme mandibular, es manifesta com una maloclusi\u00f3 dental de les dents inferiors.","robots":{"index":"index","follow":"follow","max-snippet":"max-snippet:-1","max-image-preview":"max-image-preview:large","max-video-preview":"max-video-preview:-1"},"canonical":"https:\/\/www.belodonte.es\/submordida-consiste\/","og_locale":"ca_ES","og_type":"article","og_title":"Submossegada: En qu\u00e8 consisteix?","og_description":"La submossegada, tamb\u00e9 coneguda com a prognatisme mandibular, es manifesta com una maloclusi\u00f3 dental de les dents inferiors.","og_url":"https:\/\/www.belodonte.es\/submordida-consiste\/","og_site_name":"Cl\u00ednica Belodonte","article_published_time":"2024-01-18T06:00:00+00:00","og_image":[{"width":1200,"height":600,"url":"https:\/\/www.belodonte.es\/wp-content\/uploads\/2023\/12\/submossegada.png","type":"image\/png"}],"author":"Cl\u00ednica Belodonte","twitter_card":"summary_large_image","twitter_misc":{"Written by":"Cl\u00ednica Belodonte","Est. reading time":"3 minutes"},"schema":{"@context":"https:\/\/schema.org","@graph":[{"@type":"Article","@id":"https:\/\/www.belodonte.es\/submordida-consiste\/#article","isPartOf":{"@id":"https:\/\/www.belodonte.es\/submordida-consiste\/"},"author":{"name":"Cl\u00ednica Belodonte","@id":"https:\/\/www.belodonte.es\/#\/schema\/person\/af746658db6c58f111ab4e18a476abcd"},"headline":"Submossegada: En qu\u00e8 consisteix?","datePublished":"2024-01-18T06:00:00+00:00","mainEntityOfPage":{"@id":"https:\/\/www.belodonte.es\/submordida-consiste\/"},"wordCount":475,"commentCount":0,"publisher":{"@id":"https:\/\/www.belodonte.es\/#organization"},"image":{"@id":"https:\/\/www.belodonte.es\/submordida-consiste\/#primaryimage"},"thumbnailUrl":"https:\/\/www.belodonte.es\/wp-content\/uploads\/2023\/12\/submossegada.png","articleSection":["Cirugia Oral"],"inLanguage":"ca","potentialAction":[{"@type":"CommentAction","name":"Comment","target":["https:\/\/www.belodonte.es\/submordida-consiste\/#respond"]}]},{"@type":"WebPage","@id":"https:\/\/www.belodonte.es\/submordida-consiste\/","url":"https:\/\/www.belodonte.es\/submordida-consiste\/","name":"Submossegada: En qu\u00e8 consisteix?","isPartOf":{"@id":"https:\/\/www.belodonte.es\/#website"},"primaryImageOfPage":{"@id":"https:\/\/www.belodonte.es\/submordida-consiste\/#primaryimage"},"image":{"@id":"https:\/\/www.belodonte.es\/submordida-consiste\/#primaryimage"},"thumbnailUrl":"https:\/\/www.belodonte.es\/wp-content\/uploads\/2023\/12\/submossegada.png","datePublished":"2024-01-18T06:00:00+00:00","description":"La submossegada, tamb\u00e9 coneguda com a prognatisme mandibular, es manifesta com una maloclusi\u00f3 dental de les dents inferiors.","breadcrumb":{"@id":"https:\/\/www.belodonte.es\/submordida-consiste\/#breadcrumb"},"inLanguage":"ca","potentialAction":[{"@type":"ReadAction","target":["https:\/\/www.belodonte.es\/submordida-consiste\/"]}]},{"@type":"ImageObject","inLanguage":"ca","@id":"https:\/\/www.belodonte.es\/submordida-consiste\/#primaryimage","url":"https:\/\/www.belodonte.es\/wp-content\/uploads\/2023\/12\/submossegada.png","contentUrl":"https:\/\/www.belodonte.es\/wp-content\/uploads\/2023\/12\/submossegada.png","width":1200,"height":600,"caption":"submossegada"},{"@type":"BreadcrumbList","@id":"https:\/\/www.belodonte.es\/submordida-consiste\/#breadcrumb","itemListElement":[{"@type":"ListItem","position":1,"name":"Portada","item":"https:\/\/www.belodonte.es\/"},{"@type":"ListItem","position":2,"name":"Submossegada: En qu\u00e8 consisteix?"}]},{"@type":"WebSite","@id":"https:\/\/www.belodonte.es\/#website","url":"https:\/\/www.belodonte.es\/","name":"Cl\u00ednica Belodonte","description":"Cl\u00ednica dental en Barcelona","publisher":{"@id":"https:\/\/www.belodonte.es\/#organization"},"potentialAction":[{"@type":"SearchAction","target":{"@type":"EntryPoint","urlTemplate":"https:\/\/www.belodonte.es\/?s={search_term_string}"},"query-input":{"@type":"PropertyValueSpecification","valueRequired":true,"valueName":"search_term_string"}}],"inLanguage":"ca"},{"@type":"Organization","@id":"https:\/\/www.belodonte.es\/#organization","name":"Cl\u00ednica Dental Belodonte","url":"https:\/\/www.belodonte.es\/","logo":{"@type":"ImageObject","inLanguage":"ca","@id":"https:\/\/www.belodonte.es\/#\/schema\/logo\/image\/","url":"https:\/\/www.belodonte.es\/wp-content\/uploads\/2021\/10\/favicon-clinica-belodonte.png","contentUrl":"https:\/\/www.belodonte.es\/wp-content\/uploads\/2021\/10\/favicon-clinica-belodonte.png","width":512,"height":512,"caption":"Cl\u00ednica Dental Belodonte"},"image":{"@id":"https:\/\/www.belodonte.es\/#\/schema\/logo\/image\/"}},{"@type":"Person","@id":"https:\/\/www.belodonte.es\/#\/schema\/person\/af746658db6c58f111ab4e18a476abcd","name":"Cl\u00ednica Belodonte","image":{"@type":"ImageObject","inLanguage":"ca","@id":"https:\/\/secure.gravatar.com\/avatar\/638e9d8d08bf2340d3d84b2996cdb448289ac0a26b32c99af87880a52287f8b8?s=96&d=mm&r=g","url":"https:\/\/secure.gravatar.com\/avatar\/638e9d8d08bf2340d3d84b2996cdb448289ac0a26b32c99af87880a52287f8b8?s=96&d=mm&r=g","contentUrl":"https:\/\/secure.gravatar.com\/avatar\/638e9d8d08bf2340d3d84b2996cdb448289ac0a26b32c99af87880a52287f8b8?s=96&d=mm&r=g","caption":"Cl\u00ednica Belodonte"},"url":"https:\/\/www.belodonte.es\/ca\/author\/wm_mgc\/"}]}},"_links":{"self":[{"href":"https:\/\/www.belodonte.es\/ca\/wp-json\/wp\/v2\/posts\/4848","targetHints":{"allow":["GET"]}}],"collection":[{"href":"https:\/\/www.belodonte.es\/ca\/wp-json\/wp\/v2\/posts"}],"about":[{"href":"https:\/\/www.belodonte.es\/ca\/wp-json\/wp\/v2\/types\/post"}],"author":[{"embeddable":true,"href":"https:\/\/www.belodonte.es\/ca\/wp-json\/wp\/v2\/users\/3"}],"replies":[{"embeddable":true,"href":"https:\/\/www.belodonte.es\/ca\/wp-json\/wp\/v2\/comments?post=4848"}],"version-history":[{"count":1,"href":"https:\/\/www.belodonte.es\/ca\/wp-json\/wp\/v2\/posts\/4848\/revisions"}],"predecessor-version":[{"id":4851,"href":"https:\/\/www.belodonte.es\/ca\/wp-json\/wp\/v2\/posts\/4848\/revisions\/4851"}],"wp:featuredmedia":[{"embeddable":true,"href":"https:\/\/www.belodonte.es\/ca\/wp-json\/wp\/v2\/media\/4849"}],"wp:attachment":[{"href":"https:\/\/www.belodonte.es\/ca\/wp-json\/wp\/v2\/media?parent=4848"}],"wp:term":[{"taxonomy":"category","embeddable":true,"href":"https:\/\/www.belodonte.es\/ca\/wp-json\/wp\/v2\/categories?post=4848"},{"taxonomy":"post_tag","embeddable":true,"href":"https:\/\/www.belodonte.es\/ca\/wp-json\/wp\/v2\/tags?post=4848"}],"curies":[{"name":"wp","href":"https:\/\/api.w.org\/{rel}","templated":true}]}}