{"id":4836,"date":"2024-01-16T06:00:00","date_gmt":"2024-01-16T06:00:00","guid":{"rendered":"https:\/\/www.belodonte.es\/?p=4836"},"modified":"2023-12-18T13:37:20","modified_gmt":"2023-12-18T13:37:20","slug":"desplacament-dental-consequencies","status":"publish","type":"post","link":"https:\/\/www.belodonte.es\/ca\/desplacament-dental-consequencies\/","title":{"rendered":"Despla\u00e7ament dental: Conseq\u00fc\u00e8ncies"},"content":{"rendered":"\n<p>El <strong>despla\u00e7ament dental <\/strong>\u00e9s una condici\u00f3 comuna que afecta moltes persones, alterant l&#8217;alineaci\u00f3 natural de les dents i generant diversos problemes est\u00e8tics i de salut bucal. L&#8217;<a href=\"https:\/\/www.belodonte.es\/ca\/ortodoncia\/\">ortod\u00f2ncia<\/a> s&#8217;ha convertit en una eina clau per a corregir aquestes irregularitats i millorar la qualitat de vida dels qui la pateixen, per aix\u00f2, avui, des de <strong>Cl\u00ednica Belodonte, experts en <a href=\"https:\/\/www.belodonte.es\/ca\/ortodoncia\/\" target=\"_blank\" rel=\"noreferrer noopener\">Ortod\u00f2ncia<\/a> a Barcelona<\/strong>, parlem d&#8217;aix\u00f2.\u2028\u2028<\/p>\n\n\n\n<h2 class=\"wp-block-heading\">Causes del despla\u00e7ament dental\u2028<\/h2>\n\n\n\n<p>Les causes s\u00f3n variades i poden deure&#8217;s a factors gen\u00e8tics, mals h\u00e0bits bucals, traumatismes o fins i tot a la p\u00e8rdua prematura de dents.\u2028L&#8217;her\u00e8ncia gen\u00e8tica exerceix un paper crucial, ja que l&#8217;estructura \u00f2ssia i la disposici\u00f3 de les dents poden ser transmeses de pares a fills.\u2028<br>Aix\u00ed mateix, h\u00e0bits com el&nbsp;xopareig&nbsp;persistent, l&#8217;\u00fas prolongat del biber\u00f3 o la succi\u00f3 del dit poden contribuir a aix\u00f2, especialment en la inf\u00e0ncia.\u2028\u2028<\/p>\n\n\n\n<h2 class=\"wp-block-heading\">Efectes est\u00e8tics i en la salut bucal del despla\u00e7ament dental\u2028<\/h2>\n\n\n\n<p>L&#8217;impacte est\u00e8tic d&#8217;aquesta condici\u00f3 \u00e9s evident, afectant el somriure i l&#8217;harmonia facial. Dents apinyades, separats o mal alineats poden generar inseguretat i afectar l&#8217;autoestima dels qui els pateixen. A m\u00e9s, aquestes irregularitats poden influir en la percepci\u00f3 que els altres tenen de nosaltres, la qual cosa ressalta la import\u00e0ncia d&#8217;abordar aquest problema no sols des d&#8217;un punt de vista funcional, sin\u00f3 tamb\u00e9 est\u00e8tic.\u2028No sols afecta l&#8217;aparen\u00e7a est\u00e8tica, sin\u00f3 que tamb\u00e9 pot tenir conseq\u00fc\u00e8ncies negatives per a la salut bucal.<br>Dents mal alineades poden dificultar la correcta neteja, afavorint l&#8217;acumulaci\u00f3 de placa bacteriana i augmentant el risc de c\u00e0ries, malaltia periodontal i altres problemes dentals.\u2028A m\u00e9s, una mossegada incorrecta pot generar desgast prematur de les dents i mol\u00e8sties en la mand\u00edbula, causant fins i tot maldecaps i trastorns temporomandibulars.\u2028\u2028<\/p>\n\n\n\n<h2 class=\"wp-block-heading\">Tractament del despla\u00e7ament dental amb ortod\u00f2ncia\u2028<\/h2>\n\n\n\n<p>L&#8217;ortod\u00f2ncia es presenta com la soluci\u00f3 m\u00e9s efectiva per a corregir-lo. Els avan\u00e7os en aquest camp han proporcionat diverses opcions, des dels tradicionals&nbsp;brackets&nbsp;met\u00e0l\u00b7lics fins a opcions m\u00e9s discretes com els&nbsp;brackets&nbsp;cer\u00e0mics o els alineadors transparents.\u2028L&#8217;ortodoncista&nbsp;avaluar\u00e0 cada cas de manera individual, recomanant el tractament m\u00e9s adequat per a aconseguir una correcci\u00f3 efectiva i duradora.\u2028<br>El tractament ortod\u00f2ntic cerca no sols alinear les dents est\u00e8ticament, sin\u00f3 tamb\u00e9 millorar la funcionalitat de la boca i prevenir problemes a llarg termini.\u2028<br>La durada del tractament pot variar segons la complexitat del cas, per\u00f2 els resultats valen la pena, proporcionant un somriure m\u00e9s saludable i atractiva.\u2028\u2028<\/p>\n\n\n\n<h2 class=\"wp-block-heading\">Prevenci\u00f3 del despla\u00e7ament dental\u2028<\/h2>\n\n\n\n<p>La prevenci\u00f3 juga un paper crucial en la salut bucal, i evitar-lo no \u00e9s una excepci\u00f3. Des de la inf\u00e0ncia, \u00e9s fonamental fomentar h\u00e0bits saludables, com una correcta higiene bucal, l&#8217;aband\u00f3 d&#8217;h\u00e0bits com el&nbsp;xopareig&nbsp;prolongat, i realitzar revisions peri\u00f2diques amb l&#8217;odont\u00f2leg per a detectar possibles problemes a temps.\u2028En casos de p\u00e8rdua prematura de dents, \u00e9s essencial considerar la col\u00b7locaci\u00f3 d&#8217;aparells ortop\u00e8dics per a preservar l&#8217;espai i evitar el despla\u00e7ament de les dents adjacents. La consci\u00e8ncia sobre la import\u00e0ncia de la salut bucal i la visita regular&nbsp;a l&#8217;ortodoncista&nbsp;poden marcar la difer\u00e8ncia en la seva prevenci\u00f3.\u2028\u2028<\/p>\n\n\n\n<p>En conclusi\u00f3, el despla\u00e7ament dental \u00e9s una condici\u00f3 que afecta moltes persones, amb repercussions&nbsp;tan&nbsp;est\u00e8tiques com en la salut bucal.\u2028L&#8217;ortod\u00f2ncia emergeix com una eina valuosa per a corregir aquestes irregularitats, proporcionant no sols millores est\u00e8tiques, sin\u00f3 tamb\u00e9 beneficis funcionals. La prevenci\u00f3 i l&#8217;atenci\u00f3 preco\u00e7 s\u00f3n clau per a evitar complicacions a llarg termini, destacant la import\u00e0ncia de mantenir una bona salut bucal des de la inf\u00e0ncia fins a l&#8217;edat adulta.\u2028\u2028<\/p>\n\n\n\n<p>En Cl\u00ednica Belodonte\u00a0disposem de\u00a0serveis d&#8217;Ortod\u00f2ncia. Per a m\u00e9s informaci\u00f3 o consultar el vostre cas, no\u00a0dubteu a <strong><a href=\"https:\/\/www.belodonte.es\/ca\/contacte\/\" target=\"_blank\" rel=\"noreferrer noopener\">posar-vos en contacte amb nosaltres<\/a><\/strong>.<\/p>\n","protected":false},"excerpt":{"rendered":"<p>El despla\u00e7ament dental \u00e9s una condici\u00f3 comuna que afecta moltes persones, alterant l&#8217;alineaci\u00f3 natural de les dents i generant diversos problemes est\u00e8tics i de salut bucal. L&#8217;ortod\u00f2ncia s&#8217;ha convertit en una eina clau per a corregir aquestes irregularitats i millorar [&hellip;]<\/p>\n","protected":false},"author":3,"featured_media":4837,"comment_status":"open","ping_status":"open","sticky":false,"template":"","format":"standard","meta":{"site-sidebar-layout":"default","site-content-layout":"","ast-site-content-layout":"default","site-content-style":"default","site-sidebar-style":"default","ast-global-header-display":"","ast-banner-title-visibility":"","ast-main-header-display":"","ast-hfb-above-header-display":"","ast-hfb-below-header-display":"","ast-hfb-mobile-header-display":"","site-post-title":"","ast-breadcrumbs-content":"","ast-featured-img":"","footer-sml-layout":"","ast-disable-related-posts":"","theme-transparent-header-meta":"","adv-header-id-meta":"","stick-header-meta":"","header-above-stick-meta":"","header-main-stick-meta":"","header-below-stick-meta":"","astra-migrate-meta-layouts":"set","ast-page-background-enabled":"default","ast-page-background-meta":{"desktop":{"background-color":"","background-image":"","background-repeat":"repeat","background-position":"center center","background-size":"auto","background-attachment":"scroll","background-type":"","background-media":"","overlay-type":"","overlay-color":"","overlay-opacity":"","overlay-gradient":""},"tablet":{"background-color":"","background-image":"","background-repeat":"repeat","background-position":"center center","background-size":"auto","background-attachment":"scroll","background-type":"","background-media":"","overlay-type":"","overlay-color":"","overlay-opacity":"","overlay-gradient":""},"mobile":{"background-color":"","background-image":"","background-repeat":"repeat","background-position":"center center","background-size":"auto","background-attachment":"scroll","background-type":"","background-media":"","overlay-type":"","overlay-color":"","overlay-opacity":"","overlay-gradient":""}},"ast-content-background-meta":{"desktop":{"background-color":"var(--ast-global-color-5)","background-image":"","background-repeat":"repeat","background-position":"center center","background-size":"auto","background-attachment":"scroll","background-type":"","background-media":"","overlay-type":"","overlay-color":"","overlay-opacity":"","overlay-gradient":""},"tablet":{"background-color":"var(--ast-global-color-5)","background-image":"","background-repeat":"repeat","background-position":"center center","background-size":"auto","background-attachment":"scroll","background-type":"","background-media":"","overlay-type":"","overlay-color":"","overlay-opacity":"","overlay-gradient":""},"mobile":{"background-color":"var(--ast-global-color-5)","background-image":"","background-repeat":"repeat","background-position":"center center","background-size":"auto","background-attachment":"scroll","background-type":"","background-media":"","overlay-type":"","overlay-color":"","overlay-opacity":"","overlay-gradient":""}},"footnotes":""},"categories":[19],"tags":[],"class_list":["post-4836","post","type-post","status-publish","format-standard","has-post-thumbnail","hentry","category-ortodoncia-2"],"yoast_head":"<!-- This site is optimized with the Yoast SEO plugin v27.4 - https:\/\/yoast.com\/product\/yoast-seo-wordpress\/ -->\n<title>Despla\u00e7ament dental: Conseq\u00fc\u00e8ncies<\/title>\n<meta name=\"robots\" content=\"index, follow, max-snippet:-1, max-image-preview:large, max-video-preview:-1\" \/>\n<link rel=\"canonical\" href=\"https:\/\/www.belodonte.es\/desplazamiento-dental-consecuencias\/\" \/>\n<meta property=\"og:locale\" content=\"ca_ES\" \/>\n<meta property=\"og:type\" content=\"article\" \/>\n<meta property=\"og:title\" content=\"Despla\u00e7ament dental: Conseq\u00fc\u00e8ncies\" \/>\n<meta property=\"og:description\" content=\"El despla\u00e7ament dental \u00e9s una condici\u00f3 comuna que afecta moltes persones, alterant l&#8217;alineaci\u00f3 natural de les dents i generant diversos problemes est\u00e8tics i de salut bucal. L&#8217;ortod\u00f2ncia s&#8217;ha convertit en una eina clau per a corregir aquestes irregularitats i millorar [&hellip;]\" \/>\n<meta property=\"og:url\" content=\"https:\/\/www.belodonte.es\/desplazamiento-dental-consecuencias\/\" \/>\n<meta property=\"og:site_name\" content=\"Cl\u00ednica Belodonte\" \/>\n<meta property=\"article:published_time\" content=\"2024-01-16T06:00:00+00:00\" \/>\n<meta property=\"og:image\" content=\"https:\/\/www.belodonte.es\/wp-content\/uploads\/2023\/12\/desplacament-dental.png\" \/>\n\t<meta property=\"og:image:width\" content=\"1200\" \/>\n\t<meta property=\"og:image:height\" content=\"600\" \/>\n\t<meta property=\"og:image:type\" content=\"image\/png\" \/>\n<meta name=\"author\" content=\"Cl\u00ednica Belodonte\" \/>\n<meta name=\"twitter:card\" content=\"summary_large_image\" \/>\n<meta name=\"twitter:label1\" content=\"Written by\" \/>\n\t<meta name=\"twitter:data1\" content=\"Cl\u00ednica Belodonte\" \/>\n\t<meta name=\"twitter:label2\" content=\"Est. reading time\" \/>\n\t<meta name=\"twitter:data2\" content=\"3 minutes\" \/>\n<script type=\"application\/ld+json\" class=\"yoast-schema-graph\">{\"@context\":\"https:\\\/\\\/schema.org\",\"@graph\":[{\"@type\":\"Article\",\"@id\":\"https:\\\/\\\/www.belodonte.es\\\/desplazamiento-dental-consecuencias\\\/#article\",\"isPartOf\":{\"@id\":\"https:\\\/\\\/www.belodonte.es\\\/desplazamiento-dental-consecuencias\\\/\"},\"author\":{\"name\":\"Cl\u00ednica Belodonte\",\"@id\":\"https:\\\/\\\/www.belodonte.es\\\/#\\\/schema\\\/person\\\/af746658db6c58f111ab4e18a476abcd\"},\"headline\":\"Despla\u00e7ament dental: Conseq\u00fc\u00e8ncies\",\"datePublished\":\"2024-01-16T06:00:00+00:00\",\"mainEntityOfPage\":{\"@id\":\"https:\\\/\\\/www.belodonte.es\\\/desplazamiento-dental-consecuencias\\\/\"},\"wordCount\":669,\"commentCount\":0,\"publisher\":{\"@id\":\"https:\\\/\\\/www.belodonte.es\\\/#organization\"},\"image\":{\"@id\":\"https:\\\/\\\/www.belodonte.es\\\/desplazamiento-dental-consecuencias\\\/#primaryimage\"},\"thumbnailUrl\":\"https:\\\/\\\/www.belodonte.es\\\/wp-content\\\/uploads\\\/2023\\\/12\\\/desplacament-dental.png\",\"articleSection\":[\"Ortod\u00f2ncia\"],\"inLanguage\":\"ca\",\"potentialAction\":[{\"@type\":\"CommentAction\",\"name\":\"Comment\",\"target\":[\"https:\\\/\\\/www.belodonte.es\\\/desplazamiento-dental-consecuencias\\\/#respond\"]}]},{\"@type\":\"WebPage\",\"@id\":\"https:\\\/\\\/www.belodonte.es\\\/desplazamiento-dental-consecuencias\\\/\",\"url\":\"https:\\\/\\\/www.belodonte.es\\\/desplazamiento-dental-consecuencias\\\/\",\"name\":\"Despla\u00e7ament dental: Conseq\u00fc\u00e8ncies\",\"isPartOf\":{\"@id\":\"https:\\\/\\\/www.belodonte.es\\\/#website\"},\"primaryImageOfPage\":{\"@id\":\"https:\\\/\\\/www.belodonte.es\\\/desplazamiento-dental-consecuencias\\\/#primaryimage\"},\"image\":{\"@id\":\"https:\\\/\\\/www.belodonte.es\\\/desplazamiento-dental-consecuencias\\\/#primaryimage\"},\"thumbnailUrl\":\"https:\\\/\\\/www.belodonte.es\\\/wp-content\\\/uploads\\\/2023\\\/12\\\/desplacament-dental.png\",\"datePublished\":\"2024-01-16T06:00:00+00:00\",\"breadcrumb\":{\"@id\":\"https:\\\/\\\/www.belodonte.es\\\/desplazamiento-dental-consecuencias\\\/#breadcrumb\"},\"inLanguage\":\"ca\",\"potentialAction\":[{\"@type\":\"ReadAction\",\"target\":[\"https:\\\/\\\/www.belodonte.es\\\/desplazamiento-dental-consecuencias\\\/\"]}]},{\"@type\":\"ImageObject\",\"inLanguage\":\"ca\",\"@id\":\"https:\\\/\\\/www.belodonte.es\\\/desplazamiento-dental-consecuencias\\\/#primaryimage\",\"url\":\"https:\\\/\\\/www.belodonte.es\\\/wp-content\\\/uploads\\\/2023\\\/12\\\/desplacament-dental.png\",\"contentUrl\":\"https:\\\/\\\/www.belodonte.es\\\/wp-content\\\/uploads\\\/2023\\\/12\\\/desplacament-dental.png\",\"width\":1200,\"height\":600,\"caption\":\"desplac\u0327ament dental\"},{\"@type\":\"BreadcrumbList\",\"@id\":\"https:\\\/\\\/www.belodonte.es\\\/desplazamiento-dental-consecuencias\\\/#breadcrumb\",\"itemListElement\":[{\"@type\":\"ListItem\",\"position\":1,\"name\":\"Portada\",\"item\":\"https:\\\/\\\/www.belodonte.es\\\/\"},{\"@type\":\"ListItem\",\"position\":2,\"name\":\"Despla\u00e7ament dental: Conseq\u00fc\u00e8ncies\"}]},{\"@type\":\"WebSite\",\"@id\":\"https:\\\/\\\/www.belodonte.es\\\/#website\",\"url\":\"https:\\\/\\\/www.belodonte.es\\\/\",\"name\":\"Cl\u00ednica Belodonte\",\"description\":\"Cl\u00ednica dental en Barcelona\",\"publisher\":{\"@id\":\"https:\\\/\\\/www.belodonte.es\\\/#organization\"},\"potentialAction\":[{\"@type\":\"SearchAction\",\"target\":{\"@type\":\"EntryPoint\",\"urlTemplate\":\"https:\\\/\\\/www.belodonte.es\\\/?s={search_term_string}\"},\"query-input\":{\"@type\":\"PropertyValueSpecification\",\"valueRequired\":true,\"valueName\":\"search_term_string\"}}],\"inLanguage\":\"ca\"},{\"@type\":\"Organization\",\"@id\":\"https:\\\/\\\/www.belodonte.es\\\/#organization\",\"name\":\"Cl\u00ednica Dental Belodonte\",\"url\":\"https:\\\/\\\/www.belodonte.es\\\/\",\"logo\":{\"@type\":\"ImageObject\",\"inLanguage\":\"ca\",\"@id\":\"https:\\\/\\\/www.belodonte.es\\\/#\\\/schema\\\/logo\\\/image\\\/\",\"url\":\"https:\\\/\\\/www.belodonte.es\\\/wp-content\\\/uploads\\\/2021\\\/10\\\/favicon-clinica-belodonte.png\",\"contentUrl\":\"https:\\\/\\\/www.belodonte.es\\\/wp-content\\\/uploads\\\/2021\\\/10\\\/favicon-clinica-belodonte.png\",\"width\":512,\"height\":512,\"caption\":\"Cl\u00ednica Dental Belodonte\"},\"image\":{\"@id\":\"https:\\\/\\\/www.belodonte.es\\\/#\\\/schema\\\/logo\\\/image\\\/\"}},{\"@type\":\"Person\",\"@id\":\"https:\\\/\\\/www.belodonte.es\\\/#\\\/schema\\\/person\\\/af746658db6c58f111ab4e18a476abcd\",\"name\":\"Cl\u00ednica Belodonte\",\"image\":{\"@type\":\"ImageObject\",\"inLanguage\":\"ca\",\"@id\":\"https:\\\/\\\/secure.gravatar.com\\\/avatar\\\/638e9d8d08bf2340d3d84b2996cdb448289ac0a26b32c99af87880a52287f8b8?s=96&d=mm&r=g\",\"url\":\"https:\\\/\\\/secure.gravatar.com\\\/avatar\\\/638e9d8d08bf2340d3d84b2996cdb448289ac0a26b32c99af87880a52287f8b8?s=96&d=mm&r=g\",\"contentUrl\":\"https:\\\/\\\/secure.gravatar.com\\\/avatar\\\/638e9d8d08bf2340d3d84b2996cdb448289ac0a26b32c99af87880a52287f8b8?s=96&d=mm&r=g\",\"caption\":\"Cl\u00ednica Belodonte\"},\"url\":\"https:\\\/\\\/www.belodonte.es\\\/ca\\\/author\\\/wm_mgc\\\/\"}]}<\/script>\n<!-- \/ Yoast SEO plugin. -->","yoast_head_json":{"title":"Despla\u00e7ament dental: Conseq\u00fc\u00e8ncies","robots":{"index":"index","follow":"follow","max-snippet":"max-snippet:-1","max-image-preview":"max-image-preview:large","max-video-preview":"max-video-preview:-1"},"canonical":"https:\/\/www.belodonte.es\/desplazamiento-dental-consecuencias\/","og_locale":"ca_ES","og_type":"article","og_title":"Despla\u00e7ament dental: Conseq\u00fc\u00e8ncies","og_description":"El despla\u00e7ament dental \u00e9s una condici\u00f3 comuna que afecta moltes persones, alterant l&#8217;alineaci\u00f3 natural de les dents i generant diversos problemes est\u00e8tics i de salut bucal. L&#8217;ortod\u00f2ncia s&#8217;ha convertit en una eina clau per a corregir aquestes irregularitats i millorar [&hellip;]","og_url":"https:\/\/www.belodonte.es\/desplazamiento-dental-consecuencias\/","og_site_name":"Cl\u00ednica Belodonte","article_published_time":"2024-01-16T06:00:00+00:00","og_image":[{"width":1200,"height":600,"url":"https:\/\/www.belodonte.es\/wp-content\/uploads\/2023\/12\/desplacament-dental.png","type":"image\/png"}],"author":"Cl\u00ednica Belodonte","twitter_card":"summary_large_image","twitter_misc":{"Written by":"Cl\u00ednica Belodonte","Est. reading time":"3 minutes"},"schema":{"@context":"https:\/\/schema.org","@graph":[{"@type":"Article","@id":"https:\/\/www.belodonte.es\/desplazamiento-dental-consecuencias\/#article","isPartOf":{"@id":"https:\/\/www.belodonte.es\/desplazamiento-dental-consecuencias\/"},"author":{"name":"Cl\u00ednica Belodonte","@id":"https:\/\/www.belodonte.es\/#\/schema\/person\/af746658db6c58f111ab4e18a476abcd"},"headline":"Despla\u00e7ament dental: Conseq\u00fc\u00e8ncies","datePublished":"2024-01-16T06:00:00+00:00","mainEntityOfPage":{"@id":"https:\/\/www.belodonte.es\/desplazamiento-dental-consecuencias\/"},"wordCount":669,"commentCount":0,"publisher":{"@id":"https:\/\/www.belodonte.es\/#organization"},"image":{"@id":"https:\/\/www.belodonte.es\/desplazamiento-dental-consecuencias\/#primaryimage"},"thumbnailUrl":"https:\/\/www.belodonte.es\/wp-content\/uploads\/2023\/12\/desplacament-dental.png","articleSection":["Ortod\u00f2ncia"],"inLanguage":"ca","potentialAction":[{"@type":"CommentAction","name":"Comment","target":["https:\/\/www.belodonte.es\/desplazamiento-dental-consecuencias\/#respond"]}]},{"@type":"WebPage","@id":"https:\/\/www.belodonte.es\/desplazamiento-dental-consecuencias\/","url":"https:\/\/www.belodonte.es\/desplazamiento-dental-consecuencias\/","name":"Despla\u00e7ament dental: Conseq\u00fc\u00e8ncies","isPartOf":{"@id":"https:\/\/www.belodonte.es\/#website"},"primaryImageOfPage":{"@id":"https:\/\/www.belodonte.es\/desplazamiento-dental-consecuencias\/#primaryimage"},"image":{"@id":"https:\/\/www.belodonte.es\/desplazamiento-dental-consecuencias\/#primaryimage"},"thumbnailUrl":"https:\/\/www.belodonte.es\/wp-content\/uploads\/2023\/12\/desplacament-dental.png","datePublished":"2024-01-16T06:00:00+00:00","breadcrumb":{"@id":"https:\/\/www.belodonte.es\/desplazamiento-dental-consecuencias\/#breadcrumb"},"inLanguage":"ca","potentialAction":[{"@type":"ReadAction","target":["https:\/\/www.belodonte.es\/desplazamiento-dental-consecuencias\/"]}]},{"@type":"ImageObject","inLanguage":"ca","@id":"https:\/\/www.belodonte.es\/desplazamiento-dental-consecuencias\/#primaryimage","url":"https:\/\/www.belodonte.es\/wp-content\/uploads\/2023\/12\/desplacament-dental.png","contentUrl":"https:\/\/www.belodonte.es\/wp-content\/uploads\/2023\/12\/desplacament-dental.png","width":1200,"height":600,"caption":"desplac\u0327ament dental"},{"@type":"BreadcrumbList","@id":"https:\/\/www.belodonte.es\/desplazamiento-dental-consecuencias\/#breadcrumb","itemListElement":[{"@type":"ListItem","position":1,"name":"Portada","item":"https:\/\/www.belodonte.es\/"},{"@type":"ListItem","position":2,"name":"Despla\u00e7ament dental: Conseq\u00fc\u00e8ncies"}]},{"@type":"WebSite","@id":"https:\/\/www.belodonte.es\/#website","url":"https:\/\/www.belodonte.es\/","name":"Cl\u00ednica Belodonte","description":"Cl\u00ednica dental en Barcelona","publisher":{"@id":"https:\/\/www.belodonte.es\/#organization"},"potentialAction":[{"@type":"SearchAction","target":{"@type":"EntryPoint","urlTemplate":"https:\/\/www.belodonte.es\/?s={search_term_string}"},"query-input":{"@type":"PropertyValueSpecification","valueRequired":true,"valueName":"search_term_string"}}],"inLanguage":"ca"},{"@type":"Organization","@id":"https:\/\/www.belodonte.es\/#organization","name":"Cl\u00ednica Dental Belodonte","url":"https:\/\/www.belodonte.es\/","logo":{"@type":"ImageObject","inLanguage":"ca","@id":"https:\/\/www.belodonte.es\/#\/schema\/logo\/image\/","url":"https:\/\/www.belodonte.es\/wp-content\/uploads\/2021\/10\/favicon-clinica-belodonte.png","contentUrl":"https:\/\/www.belodonte.es\/wp-content\/uploads\/2021\/10\/favicon-clinica-belodonte.png","width":512,"height":512,"caption":"Cl\u00ednica Dental Belodonte"},"image":{"@id":"https:\/\/www.belodonte.es\/#\/schema\/logo\/image\/"}},{"@type":"Person","@id":"https:\/\/www.belodonte.es\/#\/schema\/person\/af746658db6c58f111ab4e18a476abcd","name":"Cl\u00ednica Belodonte","image":{"@type":"ImageObject","inLanguage":"ca","@id":"https:\/\/secure.gravatar.com\/avatar\/638e9d8d08bf2340d3d84b2996cdb448289ac0a26b32c99af87880a52287f8b8?s=96&d=mm&r=g","url":"https:\/\/secure.gravatar.com\/avatar\/638e9d8d08bf2340d3d84b2996cdb448289ac0a26b32c99af87880a52287f8b8?s=96&d=mm&r=g","contentUrl":"https:\/\/secure.gravatar.com\/avatar\/638e9d8d08bf2340d3d84b2996cdb448289ac0a26b32c99af87880a52287f8b8?s=96&d=mm&r=g","caption":"Cl\u00ednica Belodonte"},"url":"https:\/\/www.belodonte.es\/ca\/author\/wm_mgc\/"}]}},"_links":{"self":[{"href":"https:\/\/www.belodonte.es\/ca\/wp-json\/wp\/v2\/posts\/4836","targetHints":{"allow":["GET"]}}],"collection":[{"href":"https:\/\/www.belodonte.es\/ca\/wp-json\/wp\/v2\/posts"}],"about":[{"href":"https:\/\/www.belodonte.es\/ca\/wp-json\/wp\/v2\/types\/post"}],"author":[{"embeddable":true,"href":"https:\/\/www.belodonte.es\/ca\/wp-json\/wp\/v2\/users\/3"}],"replies":[{"embeddable":true,"href":"https:\/\/www.belodonte.es\/ca\/wp-json\/wp\/v2\/comments?post=4836"}],"version-history":[{"count":2,"href":"https:\/\/www.belodonte.es\/ca\/wp-json\/wp\/v2\/posts\/4836\/revisions"}],"predecessor-version":[{"id":4840,"href":"https:\/\/www.belodonte.es\/ca\/wp-json\/wp\/v2\/posts\/4836\/revisions\/4840"}],"wp:featuredmedia":[{"embeddable":true,"href":"https:\/\/www.belodonte.es\/ca\/wp-json\/wp\/v2\/media\/4837"}],"wp:attachment":[{"href":"https:\/\/www.belodonte.es\/ca\/wp-json\/wp\/v2\/media?parent=4836"}],"wp:term":[{"taxonomy":"category","embeddable":true,"href":"https:\/\/www.belodonte.es\/ca\/wp-json\/wp\/v2\/categories?post=4836"},{"taxonomy":"post_tag","embeddable":true,"href":"https:\/\/www.belodonte.es\/ca\/wp-json\/wp\/v2\/tags?post=4836"}],"curies":[{"name":"wp","href":"https:\/\/api.w.org\/{rel}","templated":true}]}}