{"id":4722,"date":"2025-02-25T06:00:00","date_gmt":"2025-02-25T06:00:00","guid":{"rendered":"https:\/\/www.belodonte.es\/?p=4722"},"modified":"2025-01-16T09:18:17","modified_gmt":"2025-01-16T09:18:17","slug":"asimetria-facial-causes-tractaments","status":"publish","type":"post","link":"https:\/\/www.belodonte.es\/ca\/asimetria-facial-causes-tractaments\/","title":{"rendered":"Asimetria facial: causes i tractaments"},"content":{"rendered":"\n<p>L&#8217;<strong>asimetria facia<\/strong>l \u00e9s una condici\u00f3 en la qual hi ha desigualtat en la forma, grand\u00e0ria o posici\u00f3 de les estructures facials. Aquesta discrep\u00e0ncia pot afectar l&#8217;harmonia facial i, en alguns casos, pot estar associada amb problemes funcionals. Des de <strong>Cl\u00ednica Belodonte, experts en <a href=\"https:\/\/www.belodonte.es\/ca\/cirurgia-oral-i-maxilofacial\/\" target=\"_blank\" rel=\"noreferrer noopener\">Cirurgia Oral i Maxil\u00b7lofacial<\/a>, i <a href=\"https:\/\/www.belodonte.es\/ca\/medicina-estetica-facial-barcelona\/\" target=\"_blank\" rel=\"noreferrer noopener\">Medicina Est\u00e8tica Facial<\/a> a Barcelona<\/strong>, explicarem els diferents tipus d&#8217;asimetria facial, les seves causes, s\u00edmptomes, efectes, opcions de tractament i mesures preventives.<\/p>\n\n\n\n<h2 class=\"wp-block-heading\">Tipus d&#8217;asimetria facial<\/h2>\n\n\n\n<p>Segons l&#8217;estructura afectada trobem:<\/p>\n\n\n\n<ul class=\"wp-block-list\">\n<li><strong>Asimetria mandibular:<\/strong> Es refereix a la desigualtat en la posici\u00f3 de la mand\u00edbula, la qual cosa pot causar una mossegada desalineada.<\/li>\n\n\n\n<li><strong>Asimetria maxil\u00b7lar: <\/strong>Implica una difer\u00e8ncia en la posici\u00f3 o grand\u00e0ria dels ossos maxil\u00b7lars, la qual cosa pot afectar l&#8217;alineaci\u00f3 de les dents.<\/li>\n\n\n\n<li><strong>Asimetria muscular:<\/strong> Ocorre quan hi ha una discrep\u00e0ncia en el desenvolupament o to dels m\u00fasculs facials, donant com a resultat una aparen\u00e7a facial desigual.<\/li>\n\n\n\n<li><strong>Asimetria craniofacial:<\/strong> Involucra desigualtats en la forma o grand\u00e0ria dels ossos del crani, la qual cosa pot afectar la simetria facial en general.<\/li>\n<\/ul>\n\n\n\n<h2 class=\"wp-block-heading\">Causes de l&#8217;asimetria facial<\/h2>\n\n\n\n<p>Les causes poden variar i poden ser gen\u00e8tiques, cong\u00e8nites o adquirides. Alguns factors inclouen el desenvolupament anormal dels ossos facials, lesions traum\u00e0tiques, mals h\u00e0bits durant el creixement, i problemes musculars o nerviosos.<\/p>\n\n\n\n<h2 class=\"wp-block-heading\">S\u00edmptomes i efectes de l&#8217;asimetria facial<\/h2>\n\n\n\n<p>Els s\u00edmptomes poden incloure una mossegada desalineada, dolor en la mand\u00edbula, maldecaps i problemes en les articulacions temporomandibulars. A m\u00e9s dels aspectes f\u00edsics, pot tenir un impacte emocional, afectant l&#8217;autoestima i la confian\u00e7a d&#8217;una persona.<\/p>\n\n\n\n<h2 class=\"wp-block-heading\">Tractament de l&#8217;asimetria facial amb Cirurgia Oral i Maxil\u00b7lofacial<\/h2>\n\n\n\n<p>El tractament sovint implica la intervenci\u00f3 d&#8217;un cirurgi\u00e0 oral i maxil\u00b7lofacial. Depenent de la causa i la gravetat, els procediments poden incloure cirurgia ortogn\u00e0tica per a reposicionar els ossos facials, correcci\u00f3 de la mand\u00edbula mitjan\u00e7ant osteotomies, i en alguns casos, procediments est\u00e8tics per a millorar la simetria facial.<\/p>\n\n\n\n<h2 class=\"wp-block-heading\">Prevenci\u00f3 de l&#8217;asimetria facial<\/h2>\n\n\n\n<p>En casos cong\u00e8nits no \u00e9s possible prevenir-la, per\u00f2 en altres casos es poden dur a terme les seg\u00fcents pautes:<\/p>\n\n\n\n<ul class=\"wp-block-list\">\n<li><strong>Seguiment del desenvolupament facial: <\/strong>Un monitoratge regular del creixement facial durant la inf\u00e0ncia i l&#8217;adolesc\u00e8ncia pot ajudar a detectar problemes primerencs i abordar-los abans que es tornin m\u00e9s greus.<\/li>\n\n\n\n<li><strong>H\u00e0bits saludables:<\/strong> Evitar h\u00e0bits com xuclar-se el polze o recolzar-se constantment en un costat de la cara pot ajudar a prevenir el desenvolupament d&#8217;asimetries facials.<\/li>\n\n\n\n<li><strong>Protecci\u00f3 contra lesions: <\/strong>L&#8217;\u00fas d&#8217;equip de protecci\u00f3 durant activitats esportives o situacions de risc pot reduir el risc de lesions facials que podrien causar asimetria.<\/li>\n<\/ul>\n\n\n\n<p>En Cl\u00ednica Belodonte comptem amb serveis de <a href=\"https:\/\/www.belodonte.es\/ca\/medicina-estetica-facial-barcelona\/\">Medicina Est\u00e8tica Facial<\/a> i <a href=\"https:\/\/www.belodonte.es\/ca\/cirurgia-oral-i-maxilofacial\/\">Cirurgia Oral<\/a> i Maxil\u00b7lofacial. Per a m\u00e9s informaci\u00f3 o consultar-nos un cas, no dubteu a<strong> <a href=\"https:\/\/www.belodonte.es\/ca\/contacte\/\" target=\"_blank\" rel=\"noreferrer noopener\">posar-vos en contacte amb nosaltres.<\/a><\/strong><\/p>\n","protected":false},"excerpt":{"rendered":"<p>L&#8217;asimetria facial \u00e9s una condici\u00f3 en la qual hi ha desigualtat en la forma, grand\u00e0ria o posici\u00f3 de les estructures facials. Aquesta discrep\u00e0ncia pot afectar l&#8217;harmonia facial i, en alguns casos, pot estar associada amb problemes funcionals. Des de Cl\u00ednica [&hellip;]<\/p>\n","protected":false},"author":3,"featured_media":4729,"comment_status":"open","ping_status":"open","sticky":false,"template":"","format":"standard","meta":{"site-sidebar-layout":"default","site-content-layout":"","ast-site-content-layout":"default","site-content-style":"default","site-sidebar-style":"default","ast-global-header-display":"","ast-banner-title-visibility":"","ast-main-header-display":"","ast-hfb-above-header-display":"","ast-hfb-below-header-display":"","ast-hfb-mobile-header-display":"","site-post-title":"","ast-breadcrumbs-content":"","ast-featured-img":"","footer-sml-layout":"","ast-disable-related-posts":"","theme-transparent-header-meta":"","adv-header-id-meta":"","stick-header-meta":"","header-above-stick-meta":"","header-main-stick-meta":"","header-below-stick-meta":"","astra-migrate-meta-layouts":"set","ast-page-background-enabled":"default","ast-page-background-meta":{"desktop":{"background-color":"","background-image":"","background-repeat":"repeat","background-position":"center center","background-size":"auto","background-attachment":"scroll","background-type":"","background-media":"","overlay-type":"","overlay-color":"","overlay-opacity":"","overlay-gradient":""},"tablet":{"background-color":"","background-image":"","background-repeat":"repeat","background-position":"center center","background-size":"auto","background-attachment":"scroll","background-type":"","background-media":"","overlay-type":"","overlay-color":"","overlay-opacity":"","overlay-gradient":""},"mobile":{"background-color":"","background-image":"","background-repeat":"repeat","background-position":"center center","background-size":"auto","background-attachment":"scroll","background-type":"","background-media":"","overlay-type":"","overlay-color":"","overlay-opacity":"","overlay-gradient":""}},"ast-content-background-meta":{"desktop":{"background-color":"var(--ast-global-color-5)","background-image":"","background-repeat":"repeat","background-position":"center center","background-size":"auto","background-attachment":"scroll","background-type":"","background-media":"","overlay-type":"","overlay-color":"","overlay-opacity":"","overlay-gradient":""},"tablet":{"background-color":"var(--ast-global-color-5)","background-image":"","background-repeat":"repeat","background-position":"center center","background-size":"auto","background-attachment":"scroll","background-type":"","background-media":"","overlay-type":"","overlay-color":"","overlay-opacity":"","overlay-gradient":""},"mobile":{"background-color":"var(--ast-global-color-5)","background-image":"","background-repeat":"repeat","background-position":"center center","background-size":"auto","background-attachment":"scroll","background-type":"","background-media":"","overlay-type":"","overlay-color":"","overlay-opacity":"","overlay-gradient":""}},"footnotes":""},"categories":[32],"tags":[],"class_list":["post-4722","post","type-post","status-publish","format-standard","has-post-thumbnail","hentry","category-cirugia-oral"],"yoast_head":"<!-- This site is optimized with the Yoast SEO plugin v27.5 - https:\/\/yoast.com\/product\/yoast-seo-wordpress\/ -->\n<title>Asimetria facial: causes i tractaments<\/title>\n<meta name=\"description\" content=\"L&#039;asimetria facial \u00e9s una condici\u00f3 en la qual hi ha desigualtat en la forma, grand\u00e0ria o posici\u00f3 de les estructures facials.\" \/>\n<meta name=\"robots\" content=\"index, follow, max-snippet:-1, max-image-preview:large, max-video-preview:-1\" \/>\n<link rel=\"canonical\" href=\"https:\/\/www.belodonte.es\/asimetria-facial-causas-tratamientos\/\" \/>\n<meta property=\"og:locale\" content=\"ca_ES\" \/>\n<meta property=\"og:type\" content=\"article\" \/>\n<meta property=\"og:title\" content=\"Asimetria facial: causes i tractaments\" \/>\n<meta property=\"og:description\" content=\"L&#039;asimetria facial \u00e9s una condici\u00f3 en la qual hi ha desigualtat en la forma, grand\u00e0ria o posici\u00f3 de les estructures facials.\" \/>\n<meta property=\"og:url\" content=\"https:\/\/www.belodonte.es\/asimetria-facial-causas-tratamientos\/\" \/>\n<meta property=\"og:site_name\" content=\"Cl\u00ednica Belodonte\" \/>\n<meta property=\"article:published_time\" content=\"2025-02-25T06:00:00+00:00\" \/>\n<meta property=\"og:image\" content=\"https:\/\/www.belodonte.es\/wp-content\/uploads\/2023\/11\/asimetria-facial-1.png\" \/>\n\t<meta property=\"og:image:width\" content=\"1200\" \/>\n\t<meta property=\"og:image:height\" content=\"600\" \/>\n\t<meta property=\"og:image:type\" content=\"image\/png\" \/>\n<meta name=\"author\" content=\"Cl\u00ednica Belodonte\" \/>\n<meta name=\"twitter:card\" content=\"summary_large_image\" \/>\n<meta name=\"twitter:label1\" content=\"Written by\" \/>\n\t<meta name=\"twitter:data1\" content=\"Cl\u00ednica Belodonte\" \/>\n\t<meta name=\"twitter:label2\" content=\"Est. reading time\" \/>\n\t<meta name=\"twitter:data2\" content=\"3 minutes\" \/>\n<script type=\"application\/ld+json\" class=\"yoast-schema-graph\">{\"@context\":\"https:\\\/\\\/schema.org\",\"@graph\":[{\"@type\":\"Article\",\"@id\":\"https:\\\/\\\/www.belodonte.es\\\/asimetria-facial-causas-tratamientos\\\/#article\",\"isPartOf\":{\"@id\":\"https:\\\/\\\/www.belodonte.es\\\/asimetria-facial-causas-tratamientos\\\/\"},\"author\":{\"name\":\"Cl\u00ednica Belodonte\",\"@id\":\"https:\\\/\\\/www.belodonte.es\\\/#\\\/schema\\\/person\\\/af746658db6c58f111ab4e18a476abcd\"},\"headline\":\"Asimetria facial: causes i tractaments\",\"datePublished\":\"2025-02-25T06:00:00+00:00\",\"mainEntityOfPage\":{\"@id\":\"https:\\\/\\\/www.belodonte.es\\\/asimetria-facial-causas-tratamientos\\\/\"},\"wordCount\":482,\"commentCount\":0,\"publisher\":{\"@id\":\"https:\\\/\\\/www.belodonte.es\\\/#organization\"},\"image\":{\"@id\":\"https:\\\/\\\/www.belodonte.es\\\/asimetria-facial-causas-tratamientos\\\/#primaryimage\"},\"thumbnailUrl\":\"https:\\\/\\\/www.belodonte.es\\\/wp-content\\\/uploads\\\/2023\\\/11\\\/asimetria-facial-1.png\",\"articleSection\":[\"Cirugia Oral\"],\"inLanguage\":\"ca\",\"potentialAction\":[{\"@type\":\"CommentAction\",\"name\":\"Comment\",\"target\":[\"https:\\\/\\\/www.belodonte.es\\\/asimetria-facial-causas-tratamientos\\\/#respond\"]}]},{\"@type\":\"WebPage\",\"@id\":\"https:\\\/\\\/www.belodonte.es\\\/asimetria-facial-causas-tratamientos\\\/\",\"url\":\"https:\\\/\\\/www.belodonte.es\\\/asimetria-facial-causas-tratamientos\\\/\",\"name\":\"Asimetria facial: causes i tractaments\",\"isPartOf\":{\"@id\":\"https:\\\/\\\/www.belodonte.es\\\/#website\"},\"primaryImageOfPage\":{\"@id\":\"https:\\\/\\\/www.belodonte.es\\\/asimetria-facial-causas-tratamientos\\\/#primaryimage\"},\"image\":{\"@id\":\"https:\\\/\\\/www.belodonte.es\\\/asimetria-facial-causas-tratamientos\\\/#primaryimage\"},\"thumbnailUrl\":\"https:\\\/\\\/www.belodonte.es\\\/wp-content\\\/uploads\\\/2023\\\/11\\\/asimetria-facial-1.png\",\"datePublished\":\"2025-02-25T06:00:00+00:00\",\"description\":\"L'asimetria facial \u00e9s una condici\u00f3 en la qual hi ha desigualtat en la forma, grand\u00e0ria o posici\u00f3 de les estructures facials.\",\"breadcrumb\":{\"@id\":\"https:\\\/\\\/www.belodonte.es\\\/asimetria-facial-causas-tratamientos\\\/#breadcrumb\"},\"inLanguage\":\"ca\",\"potentialAction\":[{\"@type\":\"ReadAction\",\"target\":[\"https:\\\/\\\/www.belodonte.es\\\/asimetria-facial-causas-tratamientos\\\/\"]}]},{\"@type\":\"ImageObject\",\"inLanguage\":\"ca\",\"@id\":\"https:\\\/\\\/www.belodonte.es\\\/asimetria-facial-causas-tratamientos\\\/#primaryimage\",\"url\":\"https:\\\/\\\/www.belodonte.es\\\/wp-content\\\/uploads\\\/2023\\\/11\\\/asimetria-facial-1.png\",\"contentUrl\":\"https:\\\/\\\/www.belodonte.es\\\/wp-content\\\/uploads\\\/2023\\\/11\\\/asimetria-facial-1.png\",\"width\":1200,\"height\":600,\"caption\":\"asimetria facial\"},{\"@type\":\"BreadcrumbList\",\"@id\":\"https:\\\/\\\/www.belodonte.es\\\/asimetria-facial-causas-tratamientos\\\/#breadcrumb\",\"itemListElement\":[{\"@type\":\"ListItem\",\"position\":1,\"name\":\"Portada\",\"item\":\"https:\\\/\\\/www.belodonte.es\\\/\"},{\"@type\":\"ListItem\",\"position\":2,\"name\":\"Asimetria facial: causes i tractaments\"}]},{\"@type\":\"WebSite\",\"@id\":\"https:\\\/\\\/www.belodonte.es\\\/#website\",\"url\":\"https:\\\/\\\/www.belodonte.es\\\/\",\"name\":\"Cl\u00ednica Belodonte\",\"description\":\"Cl\u00ednica dental en Barcelona\",\"publisher\":{\"@id\":\"https:\\\/\\\/www.belodonte.es\\\/#organization\"},\"potentialAction\":[{\"@type\":\"SearchAction\",\"target\":{\"@type\":\"EntryPoint\",\"urlTemplate\":\"https:\\\/\\\/www.belodonte.es\\\/?s={search_term_string}\"},\"query-input\":{\"@type\":\"PropertyValueSpecification\",\"valueRequired\":true,\"valueName\":\"search_term_string\"}}],\"inLanguage\":\"ca\"},{\"@type\":\"Organization\",\"@id\":\"https:\\\/\\\/www.belodonte.es\\\/#organization\",\"name\":\"Cl\u00ednica Dental Belodonte\",\"url\":\"https:\\\/\\\/www.belodonte.es\\\/\",\"logo\":{\"@type\":\"ImageObject\",\"inLanguage\":\"ca\",\"@id\":\"https:\\\/\\\/www.belodonte.es\\\/#\\\/schema\\\/logo\\\/image\\\/\",\"url\":\"https:\\\/\\\/www.belodonte.es\\\/wp-content\\\/uploads\\\/2021\\\/10\\\/favicon-clinica-belodonte.png\",\"contentUrl\":\"https:\\\/\\\/www.belodonte.es\\\/wp-content\\\/uploads\\\/2021\\\/10\\\/favicon-clinica-belodonte.png\",\"width\":512,\"height\":512,\"caption\":\"Cl\u00ednica Dental Belodonte\"},\"image\":{\"@id\":\"https:\\\/\\\/www.belodonte.es\\\/#\\\/schema\\\/logo\\\/image\\\/\"}},{\"@type\":\"Person\",\"@id\":\"https:\\\/\\\/www.belodonte.es\\\/#\\\/schema\\\/person\\\/af746658db6c58f111ab4e18a476abcd\",\"name\":\"Cl\u00ednica Belodonte\",\"image\":{\"@type\":\"ImageObject\",\"inLanguage\":\"ca\",\"@id\":\"https:\\\/\\\/secure.gravatar.com\\\/avatar\\\/638e9d8d08bf2340d3d84b2996cdb448289ac0a26b32c99af87880a52287f8b8?s=96&d=mm&r=g\",\"url\":\"https:\\\/\\\/secure.gravatar.com\\\/avatar\\\/638e9d8d08bf2340d3d84b2996cdb448289ac0a26b32c99af87880a52287f8b8?s=96&d=mm&r=g\",\"contentUrl\":\"https:\\\/\\\/secure.gravatar.com\\\/avatar\\\/638e9d8d08bf2340d3d84b2996cdb448289ac0a26b32c99af87880a52287f8b8?s=96&d=mm&r=g\",\"caption\":\"Cl\u00ednica Belodonte\"},\"url\":\"https:\\\/\\\/www.belodonte.es\\\/ca\\\/author\\\/wm_mgc\\\/\"}]}<\/script>\n<!-- \/ Yoast SEO plugin. -->","yoast_head_json":{"title":"Asimetria facial: causes i tractaments","description":"L'asimetria facial \u00e9s una condici\u00f3 en la qual hi ha desigualtat en la forma, grand\u00e0ria o posici\u00f3 de les estructures facials.","robots":{"index":"index","follow":"follow","max-snippet":"max-snippet:-1","max-image-preview":"max-image-preview:large","max-video-preview":"max-video-preview:-1"},"canonical":"https:\/\/www.belodonte.es\/asimetria-facial-causas-tratamientos\/","og_locale":"ca_ES","og_type":"article","og_title":"Asimetria facial: causes i tractaments","og_description":"L'asimetria facial \u00e9s una condici\u00f3 en la qual hi ha desigualtat en la forma, grand\u00e0ria o posici\u00f3 de les estructures facials.","og_url":"https:\/\/www.belodonte.es\/asimetria-facial-causas-tratamientos\/","og_site_name":"Cl\u00ednica Belodonte","article_published_time":"2025-02-25T06:00:00+00:00","og_image":[{"width":1200,"height":600,"url":"https:\/\/www.belodonte.es\/wp-content\/uploads\/2023\/11\/asimetria-facial-1.png","type":"image\/png"}],"author":"Cl\u00ednica Belodonte","twitter_card":"summary_large_image","twitter_misc":{"Written by":"Cl\u00ednica Belodonte","Est. reading time":"3 minutes"},"schema":{"@context":"https:\/\/schema.org","@graph":[{"@type":"Article","@id":"https:\/\/www.belodonte.es\/asimetria-facial-causas-tratamientos\/#article","isPartOf":{"@id":"https:\/\/www.belodonte.es\/asimetria-facial-causas-tratamientos\/"},"author":{"name":"Cl\u00ednica Belodonte","@id":"https:\/\/www.belodonte.es\/#\/schema\/person\/af746658db6c58f111ab4e18a476abcd"},"headline":"Asimetria facial: causes i tractaments","datePublished":"2025-02-25T06:00:00+00:00","mainEntityOfPage":{"@id":"https:\/\/www.belodonte.es\/asimetria-facial-causas-tratamientos\/"},"wordCount":482,"commentCount":0,"publisher":{"@id":"https:\/\/www.belodonte.es\/#organization"},"image":{"@id":"https:\/\/www.belodonte.es\/asimetria-facial-causas-tratamientos\/#primaryimage"},"thumbnailUrl":"https:\/\/www.belodonte.es\/wp-content\/uploads\/2023\/11\/asimetria-facial-1.png","articleSection":["Cirugia Oral"],"inLanguage":"ca","potentialAction":[{"@type":"CommentAction","name":"Comment","target":["https:\/\/www.belodonte.es\/asimetria-facial-causas-tratamientos\/#respond"]}]},{"@type":"WebPage","@id":"https:\/\/www.belodonte.es\/asimetria-facial-causas-tratamientos\/","url":"https:\/\/www.belodonte.es\/asimetria-facial-causas-tratamientos\/","name":"Asimetria facial: causes i tractaments","isPartOf":{"@id":"https:\/\/www.belodonte.es\/#website"},"primaryImageOfPage":{"@id":"https:\/\/www.belodonte.es\/asimetria-facial-causas-tratamientos\/#primaryimage"},"image":{"@id":"https:\/\/www.belodonte.es\/asimetria-facial-causas-tratamientos\/#primaryimage"},"thumbnailUrl":"https:\/\/www.belodonte.es\/wp-content\/uploads\/2023\/11\/asimetria-facial-1.png","datePublished":"2025-02-25T06:00:00+00:00","description":"L'asimetria facial \u00e9s una condici\u00f3 en la qual hi ha desigualtat en la forma, grand\u00e0ria o posici\u00f3 de les estructures facials.","breadcrumb":{"@id":"https:\/\/www.belodonte.es\/asimetria-facial-causas-tratamientos\/#breadcrumb"},"inLanguage":"ca","potentialAction":[{"@type":"ReadAction","target":["https:\/\/www.belodonte.es\/asimetria-facial-causas-tratamientos\/"]}]},{"@type":"ImageObject","inLanguage":"ca","@id":"https:\/\/www.belodonte.es\/asimetria-facial-causas-tratamientos\/#primaryimage","url":"https:\/\/www.belodonte.es\/wp-content\/uploads\/2023\/11\/asimetria-facial-1.png","contentUrl":"https:\/\/www.belodonte.es\/wp-content\/uploads\/2023\/11\/asimetria-facial-1.png","width":1200,"height":600,"caption":"asimetria facial"},{"@type":"BreadcrumbList","@id":"https:\/\/www.belodonte.es\/asimetria-facial-causas-tratamientos\/#breadcrumb","itemListElement":[{"@type":"ListItem","position":1,"name":"Portada","item":"https:\/\/www.belodonte.es\/"},{"@type":"ListItem","position":2,"name":"Asimetria facial: causes i tractaments"}]},{"@type":"WebSite","@id":"https:\/\/www.belodonte.es\/#website","url":"https:\/\/www.belodonte.es\/","name":"Cl\u00ednica Belodonte","description":"Cl\u00ednica dental en Barcelona","publisher":{"@id":"https:\/\/www.belodonte.es\/#organization"},"potentialAction":[{"@type":"SearchAction","target":{"@type":"EntryPoint","urlTemplate":"https:\/\/www.belodonte.es\/?s={search_term_string}"},"query-input":{"@type":"PropertyValueSpecification","valueRequired":true,"valueName":"search_term_string"}}],"inLanguage":"ca"},{"@type":"Organization","@id":"https:\/\/www.belodonte.es\/#organization","name":"Cl\u00ednica Dental Belodonte","url":"https:\/\/www.belodonte.es\/","logo":{"@type":"ImageObject","inLanguage":"ca","@id":"https:\/\/www.belodonte.es\/#\/schema\/logo\/image\/","url":"https:\/\/www.belodonte.es\/wp-content\/uploads\/2021\/10\/favicon-clinica-belodonte.png","contentUrl":"https:\/\/www.belodonte.es\/wp-content\/uploads\/2021\/10\/favicon-clinica-belodonte.png","width":512,"height":512,"caption":"Cl\u00ednica Dental Belodonte"},"image":{"@id":"https:\/\/www.belodonte.es\/#\/schema\/logo\/image\/"}},{"@type":"Person","@id":"https:\/\/www.belodonte.es\/#\/schema\/person\/af746658db6c58f111ab4e18a476abcd","name":"Cl\u00ednica Belodonte","image":{"@type":"ImageObject","inLanguage":"ca","@id":"https:\/\/secure.gravatar.com\/avatar\/638e9d8d08bf2340d3d84b2996cdb448289ac0a26b32c99af87880a52287f8b8?s=96&d=mm&r=g","url":"https:\/\/secure.gravatar.com\/avatar\/638e9d8d08bf2340d3d84b2996cdb448289ac0a26b32c99af87880a52287f8b8?s=96&d=mm&r=g","contentUrl":"https:\/\/secure.gravatar.com\/avatar\/638e9d8d08bf2340d3d84b2996cdb448289ac0a26b32c99af87880a52287f8b8?s=96&d=mm&r=g","caption":"Cl\u00ednica Belodonte"},"url":"https:\/\/www.belodonte.es\/ca\/author\/wm_mgc\/"}]}},"_links":{"self":[{"href":"https:\/\/www.belodonte.es\/ca\/wp-json\/wp\/v2\/posts\/4722","targetHints":{"allow":["GET"]}}],"collection":[{"href":"https:\/\/www.belodonte.es\/ca\/wp-json\/wp\/v2\/posts"}],"about":[{"href":"https:\/\/www.belodonte.es\/ca\/wp-json\/wp\/v2\/types\/post"}],"author":[{"embeddable":true,"href":"https:\/\/www.belodonte.es\/ca\/wp-json\/wp\/v2\/users\/3"}],"replies":[{"embeddable":true,"href":"https:\/\/www.belodonte.es\/ca\/wp-json\/wp\/v2\/comments?post=4722"}],"version-history":[{"count":1,"href":"https:\/\/www.belodonte.es\/ca\/wp-json\/wp\/v2\/posts\/4722\/revisions"}],"predecessor-version":[{"id":4736,"href":"https:\/\/www.belodonte.es\/ca\/wp-json\/wp\/v2\/posts\/4722\/revisions\/4736"}],"wp:featuredmedia":[{"embeddable":true,"href":"https:\/\/www.belodonte.es\/ca\/wp-json\/wp\/v2\/media\/4729"}],"wp:attachment":[{"href":"https:\/\/www.belodonte.es\/ca\/wp-json\/wp\/v2\/media?parent=4722"}],"wp:term":[{"taxonomy":"category","embeddable":true,"href":"https:\/\/www.belodonte.es\/ca\/wp-json\/wp\/v2\/categories?post=4722"},{"taxonomy":"post_tag","embeddable":true,"href":"https:\/\/www.belodonte.es\/ca\/wp-json\/wp\/v2\/tags?post=4722"}],"curies":[{"name":"wp","href":"https:\/\/api.w.org\/{rel}","templated":true}]}}