{"id":4657,"date":"2023-12-05T06:00:00","date_gmt":"2023-12-05T06:00:00","guid":{"rendered":"https:\/\/www.belodonte.es\/?p=4657"},"modified":"2023-11-21T08:41:58","modified_gmt":"2023-11-21T08:41:58","slug":"septe-nasal-estructura-crucial-respiracio-equilibri-facial","status":"publish","type":"post","link":"https:\/\/www.belodonte.es\/ca\/septe-nasal-estructura-crucial-respiracio-equilibri-facial\/","title":{"rendered":"Septe nasal: estructura crucial a la respiraci\u00f3 i l&#8217;equilibri facial"},"content":{"rendered":"\n<p>El<strong> septe nasal<\/strong> \u00e9s una part fonamental de l&#8217;anatomia nasal que separa les cavitats nasals esquerra i dreta. Aquesta estructura, composta principalment per cart\u00edlag i os, juga un paper crucial en les funcions respirat\u00f2ries i contribueix a l&#8217;equilibri est\u00e8tic facial. Avui, des de <strong>Clinica Belodonte, experts en <a href=\"https:\/\/www.belodonte.es\/ca\/medicina-estetica-facial-barcelona\/\" target=\"_blank\" rel=\"noreferrer noopener\">Medicina Est\u00e8tica Facial <\/a>a Barcelon<\/strong>a, explicarem m\u00e9s a fons qu\u00e8 \u00e9s el septe nasal, les seves funcions, els problemes que pot patir i les solucions disponibles, com la <strong><a href=\"https:\/\/www.belodonte.es\/ca\/septoplastia-igualacio-foses-nasals\/\" target=\"_blank\" rel=\"noreferrer noopener\">septopl\u00e0stia <\/a><\/strong>o la<strong><a href=\"https:\/\/www.belodonte.es\/ca\/rinoplastia-aconseguir-nas-bonic\/\" target=\"_blank\" rel=\"noreferrer noopener\"> rinopl\u00e0stia<\/a><\/strong>.<\/p>\n\n\n\n<h2 class=\"wp-block-heading\">Qu\u00e8 \u00e9s el septe nasal i quines s\u00f3n les seves funcions?<\/h2>\n\n\n\n<p>Es tracta de la paret interna que divideix les dues cavitats nasals. Est\u00e0 compost per una porci\u00f3 \u00f2ssia a la part posterior i una porci\u00f3 cartilaginosa a la part frontal. La seva funci\u00f3 principal \u00e9s mantenir la forma i l&#8217;estabilitat del nas, aix\u00ed com facilitar el pas de l&#8217;aire durant la respiraci\u00f3. A m\u00e9s, el septe nasal actua com a suport per als teixits tous del nas i contribueix a la qualitat del sentit de l&#8217;olfacte al dirigir el flux d&#8217;aire cap a les \u00e0rees olfactives.<\/p>\n\n\n\n<h2 class=\"wp-block-heading\">Problemes comuns del septe nasal: desviaci\u00f3 i obstrucci\u00f3<\/h2>\n\n\n\n<p>Un dels problemes m\u00e9s freq\u00fcents associats amb el septe nasal \u00e9s la desviaci\u00f3 septal. Aquesta condici\u00f3 ocorre quan el septe es despla\u00e7a cap a un costat, obstaculitzant parcial o totalment una de les fosses nasals. La desviaci\u00f3 septal pot ser cong\u00e8nita o desenvolupar-se a causa de lesions o traumes al nas.<\/p>\n\n\n\n<p>L&#8217;obstrucci\u00f3 nasal resultant pot causar dificultats respirat\u00f2ries, roncs, sequedat a la gola i, en casos m\u00e9s severs, contribuir a l&#8217;apnea del son. A m\u00e9s, la desviaci\u00f3 septal pot afectar l&#8217;est\u00e8tica facial, donant lloc a asimetries nasals.<\/p>\n\n\n\n<h2 class=\"wp-block-heading\">Correccions del septe nasal, la septopl\u00e0stia i la rinopl\u00e0stia<\/h2>\n\n\n\n<p>La septopl\u00e0stia \u00e9s un procediment quir\u00fargic dissenyat per corregir problemes en aquest punt. Durant aquesta intervenci\u00f3, el cirurgi\u00e0 ajusta o elimina les porcions desviades del septe per restablir la funci\u00f3 nasal normal. \u00c9s important destacar que la septopl\u00e0stia es realitza principalment amb l&#8217;objectiu de millorar la respiraci\u00f3 i no amb fins est\u00e8tics.<\/p>\n\n\n\n<p>En canvi, la rinopl\u00e0stia \u00e9s una intervenci\u00f3 que es centra a modificar la forma i l&#8217;aspecte est\u00e8tic del nas. Tot i que pot abordar problemes funcionals del septe nasal, la rinopl\u00e0stia sol realitzar-se amb el prop\u00f2sit de millorar l&#8217;aparen\u00e7a facial en conjunt.<\/p>\n\n\n\n<h2 class=\"wp-block-heading\">\u00a0Import\u00e0ncia de la correcci\u00f3 del septe nasal<\/h2>\n\n\n\n<p>La correcci\u00f3 dels seus problemes no nom\u00e9s t\u00e9 beneficis funcionals sin\u00f3 tamb\u00e9 est\u00e8tics. La millora en la respiraci\u00f3 pot conduir a una millor qualitat de vida, millorant la qualitat del son i reduint problemes com la fatiga di\u00fcrna. A m\u00e9s, corregir la desviaci\u00f3 septal pot contribuir a una aparen\u00e7a facial m\u00e9s equilibrada i harm\u00f2nica.<\/p>\n\n\n\n<p>A Cl\u00ednica Belodonte comptem amb serveis de <a href=\"https:\/\/www.belodonte.es\/ca\/medicina-estetica-facial-barcelona\/\">Medicina Est\u00e8tica Facial<\/a>. Si vols m\u00e9s informaci\u00f3 o consultar-nos el teu cas, no dubtis a<a href=\"https:\/\/www.belodonte.es\/ca\/contacte\/\" target=\"_blank\" rel=\"noreferrer noopener\"><strong> posar-te en contacte amb nosaltres.<\/strong><\/a><\/p>\n","protected":false},"excerpt":{"rendered":"<p>El septe nasal \u00e9s una part fonamental de l&#8217;anatomia nasal que separa les cavitats nasals esquerra i dreta. Aquesta estructura, composta principalment per cart\u00edlag i os, juga un paper crucial en les funcions respirat\u00f2ries i contribueix a l&#8217;equilibri est\u00e8tic facial. [&hellip;]<\/p>\n","protected":false},"author":3,"featured_media":4658,"comment_status":"open","ping_status":"open","sticky":false,"template":"","format":"standard","meta":{"site-sidebar-layout":"default","site-content-layout":"","ast-site-content-layout":"default","site-content-style":"default","site-sidebar-style":"default","ast-global-header-display":"","ast-banner-title-visibility":"","ast-main-header-display":"","ast-hfb-above-header-display":"","ast-hfb-below-header-display":"","ast-hfb-mobile-header-display":"","site-post-title":"","ast-breadcrumbs-content":"","ast-featured-img":"","footer-sml-layout":"","ast-disable-related-posts":"","theme-transparent-header-meta":"","adv-header-id-meta":"","stick-header-meta":"","header-above-stick-meta":"","header-main-stick-meta":"","header-below-stick-meta":"","astra-migrate-meta-layouts":"default","ast-page-background-enabled":"default","ast-page-background-meta":{"desktop":{"background-color":"","background-image":"","background-repeat":"repeat","background-position":"center center","background-size":"auto","background-attachment":"scroll","background-type":"","background-media":"","overlay-type":"","overlay-color":"","overlay-opacity":"","overlay-gradient":""},"tablet":{"background-color":"","background-image":"","background-repeat":"repeat","background-position":"center center","background-size":"auto","background-attachment":"scroll","background-type":"","background-media":"","overlay-type":"","overlay-color":"","overlay-opacity":"","overlay-gradient":""},"mobile":{"background-color":"","background-image":"","background-repeat":"repeat","background-position":"center center","background-size":"auto","background-attachment":"scroll","background-type":"","background-media":"","overlay-type":"","overlay-color":"","overlay-opacity":"","overlay-gradient":""}},"ast-content-background-meta":{"desktop":{"background-color":"var(--ast-global-color-5)","background-image":"","background-repeat":"repeat","background-position":"center center","background-size":"auto","background-attachment":"scroll","background-type":"","background-media":"","overlay-type":"","overlay-color":"","overlay-opacity":"","overlay-gradient":""},"tablet":{"background-color":"var(--ast-global-color-5)","background-image":"","background-repeat":"repeat","background-position":"center center","background-size":"auto","background-attachment":"scroll","background-type":"","background-media":"","overlay-type":"","overlay-color":"","overlay-opacity":"","overlay-gradient":""},"mobile":{"background-color":"var(--ast-global-color-5)","background-image":"","background-repeat":"repeat","background-position":"center center","background-size":"auto","background-attachment":"scroll","background-type":"","background-media":"","overlay-type":"","overlay-color":"","overlay-opacity":"","overlay-gradient":""}},"footnotes":""},"categories":[17],"tags":[],"class_list":["post-4657","post","type-post","status-publish","format-standard","has-post-thumbnail","hentry","category-medicina-estetica-facial-2"],"yoast_head":"<!-- This site is optimized with the Yoast SEO plugin v27.5 - https:\/\/yoast.com\/product\/yoast-seo-wordpress\/ -->\n<title>Septe nasal: estructura crucial a la respiraci\u00f3 i l&#039;equilibri facial<\/title>\n<meta name=\"description\" content=\"El septe nasal \u00e9s una part fonamental de l&#039;anatomia nasal que separa les cavitats nasals esquerra i dreta.\" \/>\n<meta name=\"robots\" content=\"index, follow, max-snippet:-1, max-image-preview:large, max-video-preview:-1\" \/>\n<link rel=\"canonical\" href=\"https:\/\/www.belodonte.es\/septo-nasal-estructura-crucial-respiracion-equilibrio-facial\/\" \/>\n<meta property=\"og:locale\" content=\"ca_ES\" \/>\n<meta property=\"og:type\" content=\"article\" \/>\n<meta property=\"og:title\" content=\"Septe nasal: estructura crucial a la respiraci\u00f3 i l&#039;equilibri facial\" \/>\n<meta property=\"og:description\" content=\"El septe nasal \u00e9s una part fonamental de l&#039;anatomia nasal que separa les cavitats nasals esquerra i dreta.\" \/>\n<meta property=\"og:url\" content=\"https:\/\/www.belodonte.es\/septo-nasal-estructura-crucial-respiracion-equilibrio-facial\/\" \/>\n<meta property=\"og:site_name\" content=\"Cl\u00ednica Belodonte\" \/>\n<meta property=\"article:published_time\" content=\"2023-12-05T06:00:00+00:00\" \/>\n<meta property=\"og:image\" content=\"https:\/\/www.belodonte.es\/wp-content\/uploads\/2023\/11\/septe-nasal.png\" \/>\n\t<meta property=\"og:image:width\" content=\"1200\" \/>\n\t<meta property=\"og:image:height\" content=\"600\" \/>\n\t<meta property=\"og:image:type\" content=\"image\/png\" \/>\n<meta name=\"author\" content=\"Cl\u00ednica Belodonte\" \/>\n<meta name=\"twitter:card\" content=\"summary_large_image\" \/>\n<meta name=\"twitter:label1\" content=\"Written by\" \/>\n\t<meta name=\"twitter:data1\" content=\"Cl\u00ednica Belodonte\" \/>\n\t<meta name=\"twitter:label2\" content=\"Est. reading time\" \/>\n\t<meta name=\"twitter:data2\" content=\"3 minutes\" \/>\n<script type=\"application\/ld+json\" class=\"yoast-schema-graph\">{\"@context\":\"https:\\\/\\\/schema.org\",\"@graph\":[{\"@type\":\"Article\",\"@id\":\"https:\\\/\\\/www.belodonte.es\\\/septo-nasal-estructura-crucial-respiracion-equilibrio-facial\\\/#article\",\"isPartOf\":{\"@id\":\"https:\\\/\\\/www.belodonte.es\\\/septo-nasal-estructura-crucial-respiracion-equilibrio-facial\\\/\"},\"author\":{\"name\":\"Cl\u00ednica Belodonte\",\"@id\":\"https:\\\/\\\/www.belodonte.es\\\/#\\\/schema\\\/person\\\/af746658db6c58f111ab4e18a476abcd\"},\"headline\":\"Septe nasal: estructura crucial a la respiraci\u00f3 i l&#8217;equilibri facial\",\"datePublished\":\"2023-12-05T06:00:00+00:00\",\"mainEntityOfPage\":{\"@id\":\"https:\\\/\\\/www.belodonte.es\\\/septo-nasal-estructura-crucial-respiracion-equilibrio-facial\\\/\"},\"wordCount\":511,\"commentCount\":0,\"publisher\":{\"@id\":\"https:\\\/\\\/www.belodonte.es\\\/#organization\"},\"image\":{\"@id\":\"https:\\\/\\\/www.belodonte.es\\\/septo-nasal-estructura-crucial-respiracion-equilibrio-facial\\\/#primaryimage\"},\"thumbnailUrl\":\"https:\\\/\\\/www.belodonte.es\\\/wp-content\\\/uploads\\\/2023\\\/11\\\/septe-nasal.png\",\"articleSection\":[\"Medicina Est\u00e8tica Facial\"],\"inLanguage\":\"ca\",\"potentialAction\":[{\"@type\":\"CommentAction\",\"name\":\"Comment\",\"target\":[\"https:\\\/\\\/www.belodonte.es\\\/septo-nasal-estructura-crucial-respiracion-equilibrio-facial\\\/#respond\"]}]},{\"@type\":\"WebPage\",\"@id\":\"https:\\\/\\\/www.belodonte.es\\\/septo-nasal-estructura-crucial-respiracion-equilibrio-facial\\\/\",\"url\":\"https:\\\/\\\/www.belodonte.es\\\/septo-nasal-estructura-crucial-respiracion-equilibrio-facial\\\/\",\"name\":\"Septe nasal: estructura crucial a la respiraci\u00f3 i l'equilibri facial\",\"isPartOf\":{\"@id\":\"https:\\\/\\\/www.belodonte.es\\\/#website\"},\"primaryImageOfPage\":{\"@id\":\"https:\\\/\\\/www.belodonte.es\\\/septo-nasal-estructura-crucial-respiracion-equilibrio-facial\\\/#primaryimage\"},\"image\":{\"@id\":\"https:\\\/\\\/www.belodonte.es\\\/septo-nasal-estructura-crucial-respiracion-equilibrio-facial\\\/#primaryimage\"},\"thumbnailUrl\":\"https:\\\/\\\/www.belodonte.es\\\/wp-content\\\/uploads\\\/2023\\\/11\\\/septe-nasal.png\",\"datePublished\":\"2023-12-05T06:00:00+00:00\",\"description\":\"El septe nasal \u00e9s una part fonamental de l'anatomia nasal que separa les cavitats nasals esquerra i dreta.\",\"breadcrumb\":{\"@id\":\"https:\\\/\\\/www.belodonte.es\\\/septo-nasal-estructura-crucial-respiracion-equilibrio-facial\\\/#breadcrumb\"},\"inLanguage\":\"ca\",\"potentialAction\":[{\"@type\":\"ReadAction\",\"target\":[\"https:\\\/\\\/www.belodonte.es\\\/septo-nasal-estructura-crucial-respiracion-equilibrio-facial\\\/\"]}]},{\"@type\":\"ImageObject\",\"inLanguage\":\"ca\",\"@id\":\"https:\\\/\\\/www.belodonte.es\\\/septo-nasal-estructura-crucial-respiracion-equilibrio-facial\\\/#primaryimage\",\"url\":\"https:\\\/\\\/www.belodonte.es\\\/wp-content\\\/uploads\\\/2023\\\/11\\\/septe-nasal.png\",\"contentUrl\":\"https:\\\/\\\/www.belodonte.es\\\/wp-content\\\/uploads\\\/2023\\\/11\\\/septe-nasal.png\",\"width\":1200,\"height\":600,\"caption\":\"septe nasal\"},{\"@type\":\"BreadcrumbList\",\"@id\":\"https:\\\/\\\/www.belodonte.es\\\/septo-nasal-estructura-crucial-respiracion-equilibrio-facial\\\/#breadcrumb\",\"itemListElement\":[{\"@type\":\"ListItem\",\"position\":1,\"name\":\"Portada\",\"item\":\"https:\\\/\\\/www.belodonte.es\\\/\"},{\"@type\":\"ListItem\",\"position\":2,\"name\":\"Septe nasal: estructura crucial a la respiraci\u00f3 i l&#8217;equilibri facial\"}]},{\"@type\":\"WebSite\",\"@id\":\"https:\\\/\\\/www.belodonte.es\\\/#website\",\"url\":\"https:\\\/\\\/www.belodonte.es\\\/\",\"name\":\"Cl\u00ednica Belodonte\",\"description\":\"Cl\u00ednica dental en Barcelona\",\"publisher\":{\"@id\":\"https:\\\/\\\/www.belodonte.es\\\/#organization\"},\"potentialAction\":[{\"@type\":\"SearchAction\",\"target\":{\"@type\":\"EntryPoint\",\"urlTemplate\":\"https:\\\/\\\/www.belodonte.es\\\/?s={search_term_string}\"},\"query-input\":{\"@type\":\"PropertyValueSpecification\",\"valueRequired\":true,\"valueName\":\"search_term_string\"}}],\"inLanguage\":\"ca\"},{\"@type\":\"Organization\",\"@id\":\"https:\\\/\\\/www.belodonte.es\\\/#organization\",\"name\":\"Cl\u00ednica Dental Belodonte\",\"url\":\"https:\\\/\\\/www.belodonte.es\\\/\",\"logo\":{\"@type\":\"ImageObject\",\"inLanguage\":\"ca\",\"@id\":\"https:\\\/\\\/www.belodonte.es\\\/#\\\/schema\\\/logo\\\/image\\\/\",\"url\":\"https:\\\/\\\/www.belodonte.es\\\/wp-content\\\/uploads\\\/2021\\\/10\\\/favicon-clinica-belodonte.png\",\"contentUrl\":\"https:\\\/\\\/www.belodonte.es\\\/wp-content\\\/uploads\\\/2021\\\/10\\\/favicon-clinica-belodonte.png\",\"width\":512,\"height\":512,\"caption\":\"Cl\u00ednica Dental Belodonte\"},\"image\":{\"@id\":\"https:\\\/\\\/www.belodonte.es\\\/#\\\/schema\\\/logo\\\/image\\\/\"}},{\"@type\":\"Person\",\"@id\":\"https:\\\/\\\/www.belodonte.es\\\/#\\\/schema\\\/person\\\/af746658db6c58f111ab4e18a476abcd\",\"name\":\"Cl\u00ednica Belodonte\",\"image\":{\"@type\":\"ImageObject\",\"inLanguage\":\"ca\",\"@id\":\"https:\\\/\\\/secure.gravatar.com\\\/avatar\\\/638e9d8d08bf2340d3d84b2996cdb448289ac0a26b32c99af87880a52287f8b8?s=96&d=mm&r=g\",\"url\":\"https:\\\/\\\/secure.gravatar.com\\\/avatar\\\/638e9d8d08bf2340d3d84b2996cdb448289ac0a26b32c99af87880a52287f8b8?s=96&d=mm&r=g\",\"contentUrl\":\"https:\\\/\\\/secure.gravatar.com\\\/avatar\\\/638e9d8d08bf2340d3d84b2996cdb448289ac0a26b32c99af87880a52287f8b8?s=96&d=mm&r=g\",\"caption\":\"Cl\u00ednica Belodonte\"},\"url\":\"https:\\\/\\\/www.belodonte.es\\\/ca\\\/author\\\/wm_mgc\\\/\"}]}<\/script>\n<!-- \/ Yoast SEO plugin. -->","yoast_head_json":{"title":"Septe nasal: estructura crucial a la respiraci\u00f3 i l'equilibri facial","description":"El septe nasal \u00e9s una part fonamental de l'anatomia nasal que separa les cavitats nasals esquerra i dreta.","robots":{"index":"index","follow":"follow","max-snippet":"max-snippet:-1","max-image-preview":"max-image-preview:large","max-video-preview":"max-video-preview:-1"},"canonical":"https:\/\/www.belodonte.es\/septo-nasal-estructura-crucial-respiracion-equilibrio-facial\/","og_locale":"ca_ES","og_type":"article","og_title":"Septe nasal: estructura crucial a la respiraci\u00f3 i l'equilibri facial","og_description":"El septe nasal \u00e9s una part fonamental de l'anatomia nasal que separa les cavitats nasals esquerra i dreta.","og_url":"https:\/\/www.belodonte.es\/septo-nasal-estructura-crucial-respiracion-equilibrio-facial\/","og_site_name":"Cl\u00ednica Belodonte","article_published_time":"2023-12-05T06:00:00+00:00","og_image":[{"width":1200,"height":600,"url":"https:\/\/www.belodonte.es\/wp-content\/uploads\/2023\/11\/septe-nasal.png","type":"image\/png"}],"author":"Cl\u00ednica Belodonte","twitter_card":"summary_large_image","twitter_misc":{"Written by":"Cl\u00ednica Belodonte","Est. reading time":"3 minutes"},"schema":{"@context":"https:\/\/schema.org","@graph":[{"@type":"Article","@id":"https:\/\/www.belodonte.es\/septo-nasal-estructura-crucial-respiracion-equilibrio-facial\/#article","isPartOf":{"@id":"https:\/\/www.belodonte.es\/septo-nasal-estructura-crucial-respiracion-equilibrio-facial\/"},"author":{"name":"Cl\u00ednica Belodonte","@id":"https:\/\/www.belodonte.es\/#\/schema\/person\/af746658db6c58f111ab4e18a476abcd"},"headline":"Septe nasal: estructura crucial a la respiraci\u00f3 i l&#8217;equilibri facial","datePublished":"2023-12-05T06:00:00+00:00","mainEntityOfPage":{"@id":"https:\/\/www.belodonte.es\/septo-nasal-estructura-crucial-respiracion-equilibrio-facial\/"},"wordCount":511,"commentCount":0,"publisher":{"@id":"https:\/\/www.belodonte.es\/#organization"},"image":{"@id":"https:\/\/www.belodonte.es\/septo-nasal-estructura-crucial-respiracion-equilibrio-facial\/#primaryimage"},"thumbnailUrl":"https:\/\/www.belodonte.es\/wp-content\/uploads\/2023\/11\/septe-nasal.png","articleSection":["Medicina Est\u00e8tica Facial"],"inLanguage":"ca","potentialAction":[{"@type":"CommentAction","name":"Comment","target":["https:\/\/www.belodonte.es\/septo-nasal-estructura-crucial-respiracion-equilibrio-facial\/#respond"]}]},{"@type":"WebPage","@id":"https:\/\/www.belodonte.es\/septo-nasal-estructura-crucial-respiracion-equilibrio-facial\/","url":"https:\/\/www.belodonte.es\/septo-nasal-estructura-crucial-respiracion-equilibrio-facial\/","name":"Septe nasal: estructura crucial a la respiraci\u00f3 i l'equilibri facial","isPartOf":{"@id":"https:\/\/www.belodonte.es\/#website"},"primaryImageOfPage":{"@id":"https:\/\/www.belodonte.es\/septo-nasal-estructura-crucial-respiracion-equilibrio-facial\/#primaryimage"},"image":{"@id":"https:\/\/www.belodonte.es\/septo-nasal-estructura-crucial-respiracion-equilibrio-facial\/#primaryimage"},"thumbnailUrl":"https:\/\/www.belodonte.es\/wp-content\/uploads\/2023\/11\/septe-nasal.png","datePublished":"2023-12-05T06:00:00+00:00","description":"El septe nasal \u00e9s una part fonamental de l'anatomia nasal que separa les cavitats nasals esquerra i dreta.","breadcrumb":{"@id":"https:\/\/www.belodonte.es\/septo-nasal-estructura-crucial-respiracion-equilibrio-facial\/#breadcrumb"},"inLanguage":"ca","potentialAction":[{"@type":"ReadAction","target":["https:\/\/www.belodonte.es\/septo-nasal-estructura-crucial-respiracion-equilibrio-facial\/"]}]},{"@type":"ImageObject","inLanguage":"ca","@id":"https:\/\/www.belodonte.es\/septo-nasal-estructura-crucial-respiracion-equilibrio-facial\/#primaryimage","url":"https:\/\/www.belodonte.es\/wp-content\/uploads\/2023\/11\/septe-nasal.png","contentUrl":"https:\/\/www.belodonte.es\/wp-content\/uploads\/2023\/11\/septe-nasal.png","width":1200,"height":600,"caption":"septe nasal"},{"@type":"BreadcrumbList","@id":"https:\/\/www.belodonte.es\/septo-nasal-estructura-crucial-respiracion-equilibrio-facial\/#breadcrumb","itemListElement":[{"@type":"ListItem","position":1,"name":"Portada","item":"https:\/\/www.belodonte.es\/"},{"@type":"ListItem","position":2,"name":"Septe nasal: estructura crucial a la respiraci\u00f3 i l&#8217;equilibri facial"}]},{"@type":"WebSite","@id":"https:\/\/www.belodonte.es\/#website","url":"https:\/\/www.belodonte.es\/","name":"Cl\u00ednica Belodonte","description":"Cl\u00ednica dental en Barcelona","publisher":{"@id":"https:\/\/www.belodonte.es\/#organization"},"potentialAction":[{"@type":"SearchAction","target":{"@type":"EntryPoint","urlTemplate":"https:\/\/www.belodonte.es\/?s={search_term_string}"},"query-input":{"@type":"PropertyValueSpecification","valueRequired":true,"valueName":"search_term_string"}}],"inLanguage":"ca"},{"@type":"Organization","@id":"https:\/\/www.belodonte.es\/#organization","name":"Cl\u00ednica Dental Belodonte","url":"https:\/\/www.belodonte.es\/","logo":{"@type":"ImageObject","inLanguage":"ca","@id":"https:\/\/www.belodonte.es\/#\/schema\/logo\/image\/","url":"https:\/\/www.belodonte.es\/wp-content\/uploads\/2021\/10\/favicon-clinica-belodonte.png","contentUrl":"https:\/\/www.belodonte.es\/wp-content\/uploads\/2021\/10\/favicon-clinica-belodonte.png","width":512,"height":512,"caption":"Cl\u00ednica Dental Belodonte"},"image":{"@id":"https:\/\/www.belodonte.es\/#\/schema\/logo\/image\/"}},{"@type":"Person","@id":"https:\/\/www.belodonte.es\/#\/schema\/person\/af746658db6c58f111ab4e18a476abcd","name":"Cl\u00ednica Belodonte","image":{"@type":"ImageObject","inLanguage":"ca","@id":"https:\/\/secure.gravatar.com\/avatar\/638e9d8d08bf2340d3d84b2996cdb448289ac0a26b32c99af87880a52287f8b8?s=96&d=mm&r=g","url":"https:\/\/secure.gravatar.com\/avatar\/638e9d8d08bf2340d3d84b2996cdb448289ac0a26b32c99af87880a52287f8b8?s=96&d=mm&r=g","contentUrl":"https:\/\/secure.gravatar.com\/avatar\/638e9d8d08bf2340d3d84b2996cdb448289ac0a26b32c99af87880a52287f8b8?s=96&d=mm&r=g","caption":"Cl\u00ednica Belodonte"},"url":"https:\/\/www.belodonte.es\/ca\/author\/wm_mgc\/"}]}},"_links":{"self":[{"href":"https:\/\/www.belodonte.es\/ca\/wp-json\/wp\/v2\/posts\/4657","targetHints":{"allow":["GET"]}}],"collection":[{"href":"https:\/\/www.belodonte.es\/ca\/wp-json\/wp\/v2\/posts"}],"about":[{"href":"https:\/\/www.belodonte.es\/ca\/wp-json\/wp\/v2\/types\/post"}],"author":[{"embeddable":true,"href":"https:\/\/www.belodonte.es\/ca\/wp-json\/wp\/v2\/users\/3"}],"replies":[{"embeddable":true,"href":"https:\/\/www.belodonte.es\/ca\/wp-json\/wp\/v2\/comments?post=4657"}],"version-history":[{"count":2,"href":"https:\/\/www.belodonte.es\/ca\/wp-json\/wp\/v2\/posts\/4657\/revisions"}],"predecessor-version":[{"id":4661,"href":"https:\/\/www.belodonte.es\/ca\/wp-json\/wp\/v2\/posts\/4657\/revisions\/4661"}],"wp:featuredmedia":[{"embeddable":true,"href":"https:\/\/www.belodonte.es\/ca\/wp-json\/wp\/v2\/media\/4658"}],"wp:attachment":[{"href":"https:\/\/www.belodonte.es\/ca\/wp-json\/wp\/v2\/media?parent=4657"}],"wp:term":[{"taxonomy":"category","embeddable":true,"href":"https:\/\/www.belodonte.es\/ca\/wp-json\/wp\/v2\/categories?post=4657"},{"taxonomy":"post_tag","embeddable":true,"href":"https:\/\/www.belodonte.es\/ca\/wp-json\/wp\/v2\/tags?post=4657"}],"curies":[{"name":"wp","href":"https:\/\/api.w.org\/{rel}","templated":true}]}}