{"id":4442,"date":"2023-07-11T06:00:00","date_gmt":"2023-07-11T06:00:00","guid":{"rendered":"https:\/\/www.belodonte.es\/?p=4442"},"modified":"2023-10-10T12:25:32","modified_gmt":"2023-10-10T12:25:32","slug":"prognatisme-sobre-aquest-problema-mandibular","status":"publish","type":"post","link":"https:\/\/www.belodonte.es\/ca\/prognatisme-sobre-aquest-problema-mandibular\/","title":{"rendered":"Prognatisme: Sobre aquest problema mandibular"},"content":{"rendered":"\n<p>En anteriors casos hem parlat de problemes de mossegada com el <a href=\"https:\/\/www.belodonte.es\/ca\/retrognatia-causes-tractaments\/\"><strong>retrognatisme<\/strong><\/a>. Per aix\u00f2, des de <strong>Cl\u00ednica Belodonte, especialistes en <a href=\"https:\/\/www.belodonte.es\/ca\/cirurgia-oral-i-maxilofacial\/\" target=\"_blank\" rel=\"noreferrer noopener\">Cirurgia Oral i Maxil\u00b7lofacial<\/a> a Barcelona<\/strong>, explicarem el cas contrari, el prognatisme.<\/p>\n\n\n\n<h2 class=\"wp-block-heading\">Qu\u00e8 \u00e9s el prognatisme?<\/h2>\n\n\n\n<p>Tamb\u00e9 coneguda com a mand\u00edbula prominent o mand\u00edbula gran, \u00e9s una condici\u00f3 en la qual la mand\u00edbula inferior es troba despla\u00e7ada cap endavant en relaci\u00f3 amb la mand\u00edbula superior.<\/p>\n\n\n\n<h2 class=\"wp-block-heading\">Causes del prognatisme<\/h2>\n\n\n\n<p>El prognatisme mandibular pot ser causat per diversos factors. En alguns casos, \u00e9s d&#8217;origen gen\u00e8tic, cosa que significa que s&#8217;hereta d&#8217;un o tots dos pares. Altres casos poden ser el resultat d&#8217;un creixement anormal dels ossos de la mand\u00edbula durant el desenvolupament facial.<\/p>\n\n\n\n<p>A vegades, el prognatisme mandibular pot estar associat amb el creixement excessiu dels maxil\u00b7lars, que pot deure&#8217;s a una maloclusi\u00f3 dental (mossegada incorrecta) o a l&#8217;\u00fas prolongat de xumet o succi\u00f3 del polze en la inf\u00e0ncia. Tamb\u00e9 s&#8217;ha observat que uns certs h\u00e0bits com la respiraci\u00f3 bucal o la degluci\u00f3 at\u00edpica poden contribuir al desenvolupament d&#8217;aquesta condici\u00f3.<\/p>\n\n\n\n<h2 class=\"wp-block-heading\">S\u00edmptomes i efectes del prognatisme<\/h2>\n\n\n\n<p>Els s\u00edmptomes m\u00e9s comuns del prognatisme mandibular inclouen una mand\u00edbula prominent que sobresurt cap endavant, una mossegada desalineada i un ment\u00f3 prominent. Aquests trets facials poden afectar negativament l&#8217;aparen\u00e7a est\u00e8tica d&#8217;una persona i provocar problemes d&#8217;autoestima i confian\u00e7a.<\/p>\n\n\n\n<p>A m\u00e9s dels efectes est\u00e8tics, el prognatisme mandibular pot tenir conseq\u00fc\u00e8ncies per a la salut. Les persones amb aquesta condici\u00f3 poden experimentar dificultats per a mastegar, parlar o respirar correctament. Tamb\u00e9 poden sofrir de maldecaps, trastorns del son, roncs i apnea obstructiva del somni.<\/p>\n\n\n\n<h2 class=\"wp-block-heading\">Tractament del prognatisme<\/h2>\n\n\n\n<p>El tractament m\u00e9s efectiu per al prognatisme mandibular \u00e9s la <a href=\"https:\/\/www.belodonte.es\/ca\/cirurgia-oral-i-maxilofacial\/\">cirurgia oral<\/a> i maxil\u00b7lofacial. Abans de la intervenci\u00f3 quir\u00fargica, \u00e9s usual que els pacients siguin avaluats per un equip multidisciplinari que inclou ortodontistes, cirurgians maxil\u00b7lofacials i altres especialistes dentals.<\/p>\n\n\n\n<p>Durant la cirurgia, es realitza una osteotomia mandibular, que consisteix a tallar i reposicionar els ossos de la mand\u00edbula inferior. Despr\u00e9s, es fixen amb plaques i caragols especials per a permetre la cicatritzaci\u00f3 i estabilitat adequades. La cirurgia pot corregir la posici\u00f3 de la mand\u00edbula i millorar la funci\u00f3 i l&#8217;aparen\u00e7a facial del pacient.<\/p>\n\n\n\n<p>En alguns casos, es pot recomanar l&#8217;\u00fas d&#8217;aparells ortop\u00e8dics funcionals durant el creixement per a corregir la malformaci\u00f3 sense necessitat de cirurgia. La decisi\u00f3 sobre el tractament m\u00e9s adequat dependr\u00e0 de la gravetat del cas, l&#8217;edat del pacient i altres factors individuals.<\/p>\n\n\n\n<h2 class=\"wp-block-heading\">Prevenci\u00f3 del prognatisme<\/h2>\n\n\n\n<p>Es tracta d&#8217;una condici\u00f3 que pot ser dif\u00edcil de prevenir, especialment si t\u00e9 una base gen\u00e8tica. No obstant aix\u00f2, hi ha algunes mesures que es poden prendre per a minimitzar el seu desenvolupament o gravetat:<\/p>\n\n\n\n<ul class=\"wp-block-list\">\n<li><strong>Atenci\u00f3 preco\u00e7: <\/strong>\u00c9s fonamental estar atent al desenvolupament facial dels nens i consultar a un ortodontista si s&#8217;observen signes de maloclusi\u00f3 o problemes en la posici\u00f3 de la mand\u00edbula. Un diagn\u00f2stic primerenc pot permetre un tractament adequat i minimitzar la necessitat de cirurgia en el futur.<\/li>\n\n\n\n<li><strong>H\u00e0bits bucals saludables<\/strong>: Evitar h\u00e0bits com la succi\u00f3 del polze, l&#8217;ocupaci\u00f3 prolongada de xumets o biberons, aix\u00ed com la respiraci\u00f3 bucal, pot ajudar a prevenir el creixement excessiu dels maxil\u00b7lars i el prognatisme mandibular.<\/li>\n\n\n\n<li><strong>Control de la mossegada:<\/strong> Mantenir una bona salut bucal i rebre atenci\u00f3 ortod\u00f2ntica adequada pot ajudar a corregir problemes de mossegada, com la maloclusi\u00f3, que poden contribuir al desenvolupament del prognatisme mandibular.<\/li>\n<\/ul>\n\n\n\n<p>En Cl\u00ednica Belodonte duem a terme diferents tractaments en el nostre servei de Cirurgia Oral i Maxil\u00b7lofacial. Si vols saber m\u00e9s sobre ells o vols consultar-nos el teu cas, <strong><a href=\"https:\/\/www.belodonte.es\/ca\/demanar-cita\/\">demana&#8217;ns cita<\/a><\/strong> sense comprom\u00eds. T&#8217;informarem encantats!<\/p>\n","protected":false},"excerpt":{"rendered":"<p>En anteriors casos hem parlat de problemes de mossegada com el retrognatisme. Per aix\u00f2, des de Cl\u00ednica Belodonte, especialistes en Cirurgia Oral i Maxil\u00b7lofacial a Barcelona, explicarem el cas contrari, el prognatisme. Qu\u00e8 \u00e9s el prognatisme? Tamb\u00e9 coneguda com a [&hellip;]<\/p>\n","protected":false},"author":3,"featured_media":4443,"comment_status":"open","ping_status":"open","sticky":false,"template":"","format":"standard","meta":{"site-sidebar-layout":"default","site-content-layout":"","ast-site-content-layout":"default","site-content-style":"default","site-sidebar-style":"default","ast-global-header-display":"","ast-banner-title-visibility":"","ast-main-header-display":"","ast-hfb-above-header-display":"","ast-hfb-below-header-display":"","ast-hfb-mobile-header-display":"","site-post-title":"","ast-breadcrumbs-content":"","ast-featured-img":"","footer-sml-layout":"","ast-disable-related-posts":"","theme-transparent-header-meta":"","adv-header-id-meta":"","stick-header-meta":"","header-above-stick-meta":"","header-main-stick-meta":"","header-below-stick-meta":"","astra-migrate-meta-layouts":"default","ast-page-background-enabled":"default","ast-page-background-meta":{"desktop":{"background-color":"","background-image":"","background-repeat":"repeat","background-position":"center center","background-size":"auto","background-attachment":"scroll","background-type":"","background-media":"","overlay-type":"","overlay-color":"","overlay-opacity":"","overlay-gradient":""},"tablet":{"background-color":"","background-image":"","background-repeat":"repeat","background-position":"center center","background-size":"auto","background-attachment":"scroll","background-type":"","background-media":"","overlay-type":"","overlay-color":"","overlay-opacity":"","overlay-gradient":""},"mobile":{"background-color":"","background-image":"","background-repeat":"repeat","background-position":"center center","background-size":"auto","background-attachment":"scroll","background-type":"","background-media":"","overlay-type":"","overlay-color":"","overlay-opacity":"","overlay-gradient":""}},"ast-content-background-meta":{"desktop":{"background-color":"var(--ast-global-color-5)","background-image":"","background-repeat":"repeat","background-position":"center center","background-size":"auto","background-attachment":"scroll","background-type":"","background-media":"","overlay-type":"","overlay-color":"","overlay-opacity":"","overlay-gradient":""},"tablet":{"background-color":"var(--ast-global-color-5)","background-image":"","background-repeat":"repeat","background-position":"center center","background-size":"auto","background-attachment":"scroll","background-type":"","background-media":"","overlay-type":"","overlay-color":"","overlay-opacity":"","overlay-gradient":""},"mobile":{"background-color":"var(--ast-global-color-5)","background-image":"","background-repeat":"repeat","background-position":"center center","background-size":"auto","background-attachment":"scroll","background-type":"","background-media":"","overlay-type":"","overlay-color":"","overlay-opacity":"","overlay-gradient":""}},"footnotes":""},"categories":[32],"tags":[],"class_list":["post-4442","post","type-post","status-publish","format-standard","has-post-thumbnail","hentry","category-cirugia-oral"],"yoast_head":"<!-- This site is optimized with the Yoast SEO plugin v27.4 - https:\/\/yoast.com\/product\/yoast-seo-wordpress\/ -->\n<title>Prognatisme: Sobre aquest problema mandibular<\/title>\n<meta name=\"description\" content=\"El prognatisme \u00e9s una condici\u00f3 en la qual la mand\u00edbula inferior es troba despla\u00e7ada cap endavant en relaci\u00f3 amb la mand\u00edbula superior.\" \/>\n<meta name=\"robots\" content=\"index, follow, max-snippet:-1, max-image-preview:large, max-video-preview:-1\" \/>\n<link rel=\"canonical\" href=\"https:\/\/www.belodonte.es\/ca\/prognatisme-sobre-aquest-problema-mandibular\/\" \/>\n<meta property=\"og:locale\" content=\"ca_ES\" \/>\n<meta property=\"og:type\" content=\"article\" \/>\n<meta property=\"og:title\" content=\"Prognatisme: Sobre aquest problema mandibular\" \/>\n<meta property=\"og:description\" content=\"El prognatisme \u00e9s una condici\u00f3 en la qual la mand\u00edbula inferior es troba despla\u00e7ada cap endavant en relaci\u00f3 amb la mand\u00edbula superior.\" \/>\n<meta property=\"og:url\" content=\"https:\/\/www.belodonte.es\/ca\/prognatisme-sobre-aquest-problema-mandibular\/\" \/>\n<meta property=\"og:site_name\" content=\"Cl\u00ednica Belodonte\" \/>\n<meta property=\"article:published_time\" content=\"2023-07-11T06:00:00+00:00\" \/>\n<meta property=\"article:modified_time\" content=\"2023-10-10T12:25:32+00:00\" \/>\n<meta property=\"og:image\" content=\"https:\/\/www.belodonte.es\/wp-content\/uploads\/2023\/10\/prognatisme.jpeg\" \/>\n\t<meta property=\"og:image:width\" content=\"1024\" \/>\n\t<meta property=\"og:image:height\" content=\"512\" \/>\n\t<meta property=\"og:image:type\" content=\"image\/jpeg\" \/>\n<meta name=\"author\" content=\"Cl\u00ednica Belodonte\" \/>\n<meta name=\"twitter:card\" content=\"summary_large_image\" \/>\n<meta name=\"twitter:label1\" content=\"Written by\" \/>\n\t<meta name=\"twitter:data1\" content=\"Cl\u00ednica Belodonte\" \/>\n\t<meta name=\"twitter:label2\" content=\"Est. reading time\" \/>\n\t<meta name=\"twitter:data2\" content=\"3 minutes\" \/>\n<script type=\"application\/ld+json\" class=\"yoast-schema-graph\">{\"@context\":\"https:\\\/\\\/schema.org\",\"@graph\":[{\"@type\":\"Article\",\"@id\":\"https:\\\/\\\/www.belodonte.es\\\/ca\\\/prognatisme-sobre-aquest-problema-mandibular\\\/#article\",\"isPartOf\":{\"@id\":\"https:\\\/\\\/www.belodonte.es\\\/ca\\\/prognatisme-sobre-aquest-problema-mandibular\\\/\"},\"author\":{\"name\":\"Cl\u00ednica Belodonte\",\"@id\":\"https:\\\/\\\/www.belodonte.es\\\/#\\\/schema\\\/person\\\/af746658db6c58f111ab4e18a476abcd\"},\"headline\":\"Prognatisme: Sobre aquest problema mandibular\",\"datePublished\":\"2023-07-11T06:00:00+00:00\",\"dateModified\":\"2023-10-10T12:25:32+00:00\",\"mainEntityOfPage\":{\"@id\":\"https:\\\/\\\/www.belodonte.es\\\/ca\\\/prognatisme-sobre-aquest-problema-mandibular\\\/\"},\"wordCount\":630,\"commentCount\":0,\"publisher\":{\"@id\":\"https:\\\/\\\/www.belodonte.es\\\/#organization\"},\"image\":{\"@id\":\"https:\\\/\\\/www.belodonte.es\\\/ca\\\/prognatisme-sobre-aquest-problema-mandibular\\\/#primaryimage\"},\"thumbnailUrl\":\"https:\\\/\\\/www.belodonte.es\\\/wp-content\\\/uploads\\\/2023\\\/10\\\/prognatisme.jpeg\",\"articleSection\":[\"Cirugia Oral\"],\"inLanguage\":\"ca\",\"potentialAction\":[{\"@type\":\"CommentAction\",\"name\":\"Comment\",\"target\":[\"https:\\\/\\\/www.belodonte.es\\\/ca\\\/prognatisme-sobre-aquest-problema-mandibular\\\/#respond\"]}]},{\"@type\":\"WebPage\",\"@id\":\"https:\\\/\\\/www.belodonte.es\\\/ca\\\/prognatisme-sobre-aquest-problema-mandibular\\\/\",\"url\":\"https:\\\/\\\/www.belodonte.es\\\/ca\\\/prognatisme-sobre-aquest-problema-mandibular\\\/\",\"name\":\"Prognatisme: Sobre aquest problema mandibular\",\"isPartOf\":{\"@id\":\"https:\\\/\\\/www.belodonte.es\\\/#website\"},\"primaryImageOfPage\":{\"@id\":\"https:\\\/\\\/www.belodonte.es\\\/ca\\\/prognatisme-sobre-aquest-problema-mandibular\\\/#primaryimage\"},\"image\":{\"@id\":\"https:\\\/\\\/www.belodonte.es\\\/ca\\\/prognatisme-sobre-aquest-problema-mandibular\\\/#primaryimage\"},\"thumbnailUrl\":\"https:\\\/\\\/www.belodonte.es\\\/wp-content\\\/uploads\\\/2023\\\/10\\\/prognatisme.jpeg\",\"datePublished\":\"2023-07-11T06:00:00+00:00\",\"dateModified\":\"2023-10-10T12:25:32+00:00\",\"description\":\"El prognatisme \u00e9s una condici\u00f3 en la qual la mand\u00edbula inferior es troba despla\u00e7ada cap endavant en relaci\u00f3 amb la mand\u00edbula superior.\",\"breadcrumb\":{\"@id\":\"https:\\\/\\\/www.belodonte.es\\\/ca\\\/prognatisme-sobre-aquest-problema-mandibular\\\/#breadcrumb\"},\"inLanguage\":\"ca\",\"potentialAction\":[{\"@type\":\"ReadAction\",\"target\":[\"https:\\\/\\\/www.belodonte.es\\\/ca\\\/prognatisme-sobre-aquest-problema-mandibular\\\/\"]}]},{\"@type\":\"ImageObject\",\"inLanguage\":\"ca\",\"@id\":\"https:\\\/\\\/www.belodonte.es\\\/ca\\\/prognatisme-sobre-aquest-problema-mandibular\\\/#primaryimage\",\"url\":\"https:\\\/\\\/www.belodonte.es\\\/wp-content\\\/uploads\\\/2023\\\/10\\\/prognatisme.jpeg\",\"contentUrl\":\"https:\\\/\\\/www.belodonte.es\\\/wp-content\\\/uploads\\\/2023\\\/10\\\/prognatisme.jpeg\",\"width\":1024,\"height\":512,\"caption\":\"prognatisme\"},{\"@type\":\"BreadcrumbList\",\"@id\":\"https:\\\/\\\/www.belodonte.es\\\/ca\\\/prognatisme-sobre-aquest-problema-mandibular\\\/#breadcrumb\",\"itemListElement\":[{\"@type\":\"ListItem\",\"position\":1,\"name\":\"Portada\",\"item\":\"https:\\\/\\\/www.belodonte.es\\\/\"},{\"@type\":\"ListItem\",\"position\":2,\"name\":\"Prognatisme: Sobre aquest problema mandibular\"}]},{\"@type\":\"WebSite\",\"@id\":\"https:\\\/\\\/www.belodonte.es\\\/#website\",\"url\":\"https:\\\/\\\/www.belodonte.es\\\/\",\"name\":\"Cl\u00ednica Belodonte\",\"description\":\"Cl\u00ednica dental en Barcelona\",\"publisher\":{\"@id\":\"https:\\\/\\\/www.belodonte.es\\\/#organization\"},\"potentialAction\":[{\"@type\":\"SearchAction\",\"target\":{\"@type\":\"EntryPoint\",\"urlTemplate\":\"https:\\\/\\\/www.belodonte.es\\\/?s={search_term_string}\"},\"query-input\":{\"@type\":\"PropertyValueSpecification\",\"valueRequired\":true,\"valueName\":\"search_term_string\"}}],\"inLanguage\":\"ca\"},{\"@type\":\"Organization\",\"@id\":\"https:\\\/\\\/www.belodonte.es\\\/#organization\",\"name\":\"Cl\u00ednica Dental Belodonte\",\"url\":\"https:\\\/\\\/www.belodonte.es\\\/\",\"logo\":{\"@type\":\"ImageObject\",\"inLanguage\":\"ca\",\"@id\":\"https:\\\/\\\/www.belodonte.es\\\/#\\\/schema\\\/logo\\\/image\\\/\",\"url\":\"https:\\\/\\\/www.belodonte.es\\\/wp-content\\\/uploads\\\/2021\\\/10\\\/favicon-clinica-belodonte.png\",\"contentUrl\":\"https:\\\/\\\/www.belodonte.es\\\/wp-content\\\/uploads\\\/2021\\\/10\\\/favicon-clinica-belodonte.png\",\"width\":512,\"height\":512,\"caption\":\"Cl\u00ednica Dental Belodonte\"},\"image\":{\"@id\":\"https:\\\/\\\/www.belodonte.es\\\/#\\\/schema\\\/logo\\\/image\\\/\"}},{\"@type\":\"Person\",\"@id\":\"https:\\\/\\\/www.belodonte.es\\\/#\\\/schema\\\/person\\\/af746658db6c58f111ab4e18a476abcd\",\"name\":\"Cl\u00ednica Belodonte\",\"image\":{\"@type\":\"ImageObject\",\"inLanguage\":\"ca\",\"@id\":\"https:\\\/\\\/secure.gravatar.com\\\/avatar\\\/638e9d8d08bf2340d3d84b2996cdb448289ac0a26b32c99af87880a52287f8b8?s=96&d=mm&r=g\",\"url\":\"https:\\\/\\\/secure.gravatar.com\\\/avatar\\\/638e9d8d08bf2340d3d84b2996cdb448289ac0a26b32c99af87880a52287f8b8?s=96&d=mm&r=g\",\"contentUrl\":\"https:\\\/\\\/secure.gravatar.com\\\/avatar\\\/638e9d8d08bf2340d3d84b2996cdb448289ac0a26b32c99af87880a52287f8b8?s=96&d=mm&r=g\",\"caption\":\"Cl\u00ednica Belodonte\"},\"url\":\"https:\\\/\\\/www.belodonte.es\\\/ca\\\/author\\\/wm_mgc\\\/\"}]}<\/script>\n<!-- \/ Yoast SEO plugin. -->","yoast_head_json":{"title":"Prognatisme: Sobre aquest problema mandibular","description":"El prognatisme \u00e9s una condici\u00f3 en la qual la mand\u00edbula inferior es troba despla\u00e7ada cap endavant en relaci\u00f3 amb la mand\u00edbula superior.","robots":{"index":"index","follow":"follow","max-snippet":"max-snippet:-1","max-image-preview":"max-image-preview:large","max-video-preview":"max-video-preview:-1"},"canonical":"https:\/\/www.belodonte.es\/ca\/prognatisme-sobre-aquest-problema-mandibular\/","og_locale":"ca_ES","og_type":"article","og_title":"Prognatisme: Sobre aquest problema mandibular","og_description":"El prognatisme \u00e9s una condici\u00f3 en la qual la mand\u00edbula inferior es troba despla\u00e7ada cap endavant en relaci\u00f3 amb la mand\u00edbula superior.","og_url":"https:\/\/www.belodonte.es\/ca\/prognatisme-sobre-aquest-problema-mandibular\/","og_site_name":"Cl\u00ednica Belodonte","article_published_time":"2023-07-11T06:00:00+00:00","article_modified_time":"2023-10-10T12:25:32+00:00","og_image":[{"width":1024,"height":512,"url":"https:\/\/www.belodonte.es\/wp-content\/uploads\/2023\/10\/prognatisme.jpeg","type":"image\/jpeg"}],"author":"Cl\u00ednica Belodonte","twitter_card":"summary_large_image","twitter_misc":{"Written by":"Cl\u00ednica Belodonte","Est. reading time":"3 minutes"},"schema":{"@context":"https:\/\/schema.org","@graph":[{"@type":"Article","@id":"https:\/\/www.belodonte.es\/ca\/prognatisme-sobre-aquest-problema-mandibular\/#article","isPartOf":{"@id":"https:\/\/www.belodonte.es\/ca\/prognatisme-sobre-aquest-problema-mandibular\/"},"author":{"name":"Cl\u00ednica Belodonte","@id":"https:\/\/www.belodonte.es\/#\/schema\/person\/af746658db6c58f111ab4e18a476abcd"},"headline":"Prognatisme: Sobre aquest problema mandibular","datePublished":"2023-07-11T06:00:00+00:00","dateModified":"2023-10-10T12:25:32+00:00","mainEntityOfPage":{"@id":"https:\/\/www.belodonte.es\/ca\/prognatisme-sobre-aquest-problema-mandibular\/"},"wordCount":630,"commentCount":0,"publisher":{"@id":"https:\/\/www.belodonte.es\/#organization"},"image":{"@id":"https:\/\/www.belodonte.es\/ca\/prognatisme-sobre-aquest-problema-mandibular\/#primaryimage"},"thumbnailUrl":"https:\/\/www.belodonte.es\/wp-content\/uploads\/2023\/10\/prognatisme.jpeg","articleSection":["Cirugia Oral"],"inLanguage":"ca","potentialAction":[{"@type":"CommentAction","name":"Comment","target":["https:\/\/www.belodonte.es\/ca\/prognatisme-sobre-aquest-problema-mandibular\/#respond"]}]},{"@type":"WebPage","@id":"https:\/\/www.belodonte.es\/ca\/prognatisme-sobre-aquest-problema-mandibular\/","url":"https:\/\/www.belodonte.es\/ca\/prognatisme-sobre-aquest-problema-mandibular\/","name":"Prognatisme: Sobre aquest problema mandibular","isPartOf":{"@id":"https:\/\/www.belodonte.es\/#website"},"primaryImageOfPage":{"@id":"https:\/\/www.belodonte.es\/ca\/prognatisme-sobre-aquest-problema-mandibular\/#primaryimage"},"image":{"@id":"https:\/\/www.belodonte.es\/ca\/prognatisme-sobre-aquest-problema-mandibular\/#primaryimage"},"thumbnailUrl":"https:\/\/www.belodonte.es\/wp-content\/uploads\/2023\/10\/prognatisme.jpeg","datePublished":"2023-07-11T06:00:00+00:00","dateModified":"2023-10-10T12:25:32+00:00","description":"El prognatisme \u00e9s una condici\u00f3 en la qual la mand\u00edbula inferior es troba despla\u00e7ada cap endavant en relaci\u00f3 amb la mand\u00edbula superior.","breadcrumb":{"@id":"https:\/\/www.belodonte.es\/ca\/prognatisme-sobre-aquest-problema-mandibular\/#breadcrumb"},"inLanguage":"ca","potentialAction":[{"@type":"ReadAction","target":["https:\/\/www.belodonte.es\/ca\/prognatisme-sobre-aquest-problema-mandibular\/"]}]},{"@type":"ImageObject","inLanguage":"ca","@id":"https:\/\/www.belodonte.es\/ca\/prognatisme-sobre-aquest-problema-mandibular\/#primaryimage","url":"https:\/\/www.belodonte.es\/wp-content\/uploads\/2023\/10\/prognatisme.jpeg","contentUrl":"https:\/\/www.belodonte.es\/wp-content\/uploads\/2023\/10\/prognatisme.jpeg","width":1024,"height":512,"caption":"prognatisme"},{"@type":"BreadcrumbList","@id":"https:\/\/www.belodonte.es\/ca\/prognatisme-sobre-aquest-problema-mandibular\/#breadcrumb","itemListElement":[{"@type":"ListItem","position":1,"name":"Portada","item":"https:\/\/www.belodonte.es\/"},{"@type":"ListItem","position":2,"name":"Prognatisme: Sobre aquest problema mandibular"}]},{"@type":"WebSite","@id":"https:\/\/www.belodonte.es\/#website","url":"https:\/\/www.belodonte.es\/","name":"Cl\u00ednica Belodonte","description":"Cl\u00ednica dental en Barcelona","publisher":{"@id":"https:\/\/www.belodonte.es\/#organization"},"potentialAction":[{"@type":"SearchAction","target":{"@type":"EntryPoint","urlTemplate":"https:\/\/www.belodonte.es\/?s={search_term_string}"},"query-input":{"@type":"PropertyValueSpecification","valueRequired":true,"valueName":"search_term_string"}}],"inLanguage":"ca"},{"@type":"Organization","@id":"https:\/\/www.belodonte.es\/#organization","name":"Cl\u00ednica Dental Belodonte","url":"https:\/\/www.belodonte.es\/","logo":{"@type":"ImageObject","inLanguage":"ca","@id":"https:\/\/www.belodonte.es\/#\/schema\/logo\/image\/","url":"https:\/\/www.belodonte.es\/wp-content\/uploads\/2021\/10\/favicon-clinica-belodonte.png","contentUrl":"https:\/\/www.belodonte.es\/wp-content\/uploads\/2021\/10\/favicon-clinica-belodonte.png","width":512,"height":512,"caption":"Cl\u00ednica Dental Belodonte"},"image":{"@id":"https:\/\/www.belodonte.es\/#\/schema\/logo\/image\/"}},{"@type":"Person","@id":"https:\/\/www.belodonte.es\/#\/schema\/person\/af746658db6c58f111ab4e18a476abcd","name":"Cl\u00ednica Belodonte","image":{"@type":"ImageObject","inLanguage":"ca","@id":"https:\/\/secure.gravatar.com\/avatar\/638e9d8d08bf2340d3d84b2996cdb448289ac0a26b32c99af87880a52287f8b8?s=96&d=mm&r=g","url":"https:\/\/secure.gravatar.com\/avatar\/638e9d8d08bf2340d3d84b2996cdb448289ac0a26b32c99af87880a52287f8b8?s=96&d=mm&r=g","contentUrl":"https:\/\/secure.gravatar.com\/avatar\/638e9d8d08bf2340d3d84b2996cdb448289ac0a26b32c99af87880a52287f8b8?s=96&d=mm&r=g","caption":"Cl\u00ednica Belodonte"},"url":"https:\/\/www.belodonte.es\/ca\/author\/wm_mgc\/"}]}},"_links":{"self":[{"href":"https:\/\/www.belodonte.es\/ca\/wp-json\/wp\/v2\/posts\/4442","targetHints":{"allow":["GET"]}}],"collection":[{"href":"https:\/\/www.belodonte.es\/ca\/wp-json\/wp\/v2\/posts"}],"about":[{"href":"https:\/\/www.belodonte.es\/ca\/wp-json\/wp\/v2\/types\/post"}],"author":[{"embeddable":true,"href":"https:\/\/www.belodonte.es\/ca\/wp-json\/wp\/v2\/users\/3"}],"replies":[{"embeddable":true,"href":"https:\/\/www.belodonte.es\/ca\/wp-json\/wp\/v2\/comments?post=4442"}],"version-history":[{"count":2,"href":"https:\/\/www.belodonte.es\/ca\/wp-json\/wp\/v2\/posts\/4442\/revisions"}],"predecessor-version":[{"id":4446,"href":"https:\/\/www.belodonte.es\/ca\/wp-json\/wp\/v2\/posts\/4442\/revisions\/4446"}],"wp:featuredmedia":[{"embeddable":true,"href":"https:\/\/www.belodonte.es\/ca\/wp-json\/wp\/v2\/media\/4443"}],"wp:attachment":[{"href":"https:\/\/www.belodonte.es\/ca\/wp-json\/wp\/v2\/media?parent=4442"}],"wp:term":[{"taxonomy":"category","embeddable":true,"href":"https:\/\/www.belodonte.es\/ca\/wp-json\/wp\/v2\/categories?post=4442"},{"taxonomy":"post_tag","embeddable":true,"href":"https:\/\/www.belodonte.es\/ca\/wp-json\/wp\/v2\/tags?post=4442"}],"curies":[{"name":"wp","href":"https:\/\/api.w.org\/{rel}","templated":true}]}}