{"id":4335,"date":"2023-04-04T06:25:00","date_gmt":"2023-04-04T06:25:00","guid":{"rendered":"https:\/\/www.belodonte.es\/?p=4335"},"modified":"2023-10-10T07:33:42","modified_gmt":"2023-10-10T07:33:42","slug":"caries-infantil-causes-tractament","status":"publish","type":"post","link":"https:\/\/www.belodonte.es\/ca\/caries-infantil-causes-tractament\/","title":{"rendered":"C\u00e0ries infantil: Causes i tractament"},"content":{"rendered":"\n<p>La<strong> c\u00e0ries infantil<\/strong> \u00e9s un dels problemes m\u00e9s freq\u00fcents de la salut dental dels m\u00e9s petits.<\/p>\n\n\n\n<p>En <strong>Cl\u00ednica Belodonte som experts en <a href=\"https:\/\/www.belodonte.es\/ca\/odontopediatria\/\">Odontopediatria<\/a> a Barcelona<\/strong>, per aix\u00f2, et comptem amb m\u00e9s detall qu\u00e8 \u00e9s, quan i per quines causes apareix, els seus s\u00edmptomes i efectes, tractament i prevenci\u00f3.<\/p>\n\n\n\n<h2 class=\"wp-block-heading\">Qu\u00e8 \u00e9s una c\u00e0ries infantil?<\/h2>\n\n\n\n<p>Es tracta d&#8217;una lesi\u00f3 dental que es produeix en la superf\u00edcie de la dent com a resultat de la desmineralitzaci\u00f3 de l&#8217;esmalt dental per l&#8217;\u00e0cid produ\u00eft pels bacteris. Els bacteris produeixen \u00e0cid quan metabolitzen els sucres i altres carbohidrats presents en el menjar i beguda que consumeixen els nens. Si aquests \u00e0cids romanen en contacte amb les dents durant un per\u00edode prolongat, poden danyar l&#8217;esmalt dental i causar aquest problema.<\/p>\n\n\n\n<h2 class=\"wp-block-heading\">Quan i per qu\u00e8 apareix una c\u00e0ries infantil?<\/h2>\n\n\n\n<p>Pot apar\u00e8ixer en qualsevol moment despr\u00e9s que les dents de llet (o dents temporals) erupcionin en la boca del nen, generalment al voltant dels sis mesos d&#8217;edat. No obstant aix\u00f2, la majoria dels casos es produeixen en nens entre les edats de dos i cinc anys.<\/p>\n\n\n\n<p>La causa principal \u00e9s una mala higiene bucal. Si les dents no es raspallen regularment, els bacteris poden cr\u00e9ixer en la boca i produir \u00e0cids que danyen l&#8217;esmalt dental. A m\u00e9s, si el nen consumeix una dieta alta en sucres i carbohidrats refinats, augmenta el risc de desenvolupar-la.<\/p>\n\n\n\n<p>Tamb\u00e9 poden estar en major risc si tenen factors de risc addicionals, com a problemes de salut que redueixen la producci\u00f3 de saliva (com la s\u00edndrome de Sjogren), o problemes de salut mental o emocionals que fan que el nen se senti ansi\u00f3s o tingui dificultats per a cuidar adequadament de la seva higiene bucal.<\/p>\n\n\n\n<h2 class=\"wp-block-heading\">Quins s\u00f3n els s\u00edmptomes i efectes de la c\u00e0ries infantil?<\/h2>\n\n\n\n<p>Els s\u00edmptomes poden variar, depenent de la gravetat de la malaltia. En les primeres etapes, \u00e9s possible que el nen no senti cap dolor o mol\u00e8stia, per\u00f2 pot notar taques blanques o marrons en les dents. A mesura que avan\u00e7a, \u00e9s possible que el nen senti dolor o sensibilitat en la dent afectada. Tamb\u00e9 pot experimentar altres s\u00edmptomes, com a mal al\u00e8, inflamaci\u00f3 de les genives i dificultat per a menjar.<\/p>\n\n\n\n<p>Si no es tracta a temps, pot provocar una infecci\u00f3 dental que pot estendre&#8217;s a altres parts del cos. A m\u00e9s, la p\u00e8rdua de dents en la inf\u00e0ncia pot afectar el desenvolupament de la parla i la masticaci\u00f3, la qual cosa pot afectar el creixement i desenvolupament general del nen.<\/p>\n\n\n\n<h2 class=\"wp-block-heading\">Tractament de la c\u00e0ries infantil<\/h2>\n\n\n\n<p>El tractament dependr\u00e0 de la gravetat de la lesi\u00f3. Si es detecta d&#8217;hora, es pot tractar amb una neteja dental i l&#8217;aplicaci\u00f3 d&#8217;un segellador dental per a prevenir la propagaci\u00f3 de la infecci\u00f3. Si ha progressat, \u00e9s possible que sigui necessari un tractament m\u00e9s invasiu, com l&#8217;eliminaci\u00f3 del teixit dental afectat i la col\u00b7locaci\u00f3 d&#8217;un farciment dental per a restaurar la dent danyada.<\/p>\n\n\n\n<p>En casos greus, \u00e9s possible que sigui necessari un tractament de conducte o fins i tot l&#8217;extracci\u00f3 de la dent afectada. En aquests casos, \u00e9s important tenir en compte que la p\u00e8rdua d&#8217;una dent de llet pot afectar el desenvolupament dental del nen, per la qual cosa es pot necessitar un tractament d&#8217;<a href=\"https:\/\/www.belodonte.es\/ca\/ortodoncia\/\">ortod\u00f2ncia<\/a> per a corregir la posici\u00f3 de les dents.<\/p>\n\n\n\n<h2 class=\"wp-block-heading\">Prevenci\u00f3 de la c\u00e0ries infantil<\/h2>\n\n\n\n<p>La prevenci\u00f3 \u00e9s clau per a evitar l&#8217;aparici\u00f3 de la malaltia en primer lloc. Algunes mesures que es poden prendre per a evitar-la inclouen:<\/p>\n\n\n\n<ul class=\"wp-block-list\">\n<li><strong>Cura bucal adequada: <\/strong>\u00e9s crucial ensenyar als nens a raspallar-se les dents adequadament dues vegades al dia i usar fil dental di\u00e0riament. \u00c9s fonamental supervisar i ajudar els nens m\u00e9s petits a raspallar-se les dents.<\/li>\n\n\n\n<li><strong>Dieta saludable:<\/strong> limitar els aliments i begudes ensucrades i carbohidrats refinats i fomentar el consum d&#8217;aliments saludables rics en nutrients.<\/li>\n\n\n\n<li><strong>Visitar al dentista: <\/strong>\u00e9s rellevant portar als nens al dentista regularment per a neteges dentals i ex\u00e0mens. Els nens han de tenir la seva primera visita al dentista al voltant del seu primer aniversari i despr\u00e9s almenys una vegada a l&#8217;any.<\/li>\n\n\n\n<li><strong>Segelladors dentals: <\/strong>els segelladors dentals s\u00f3n una capa protectora que s&#8217;aplica en els molars posteriors del nen.<\/li>\n\n\n\n<li><strong>Fluorur:<\/strong> el fluorur \u00e9s un mineral que pot ajudar a prevenir la c\u00e0ries dental. El fluorur es pot trobar en moltes pastes dentals fluorades.<\/li>\n<\/ul>\n\n\n\n<p>En Cl\u00ednica Belodonte duem a terme el nostre servei d&#8217;Odontopediatria perqu\u00e8 els petits de casa obtinguin un somriure sa i bonic. Si vols saber m\u00e9s sobre aquest tractament o vols consultar-nos un cas, <strong><a href=\"https:\/\/www.belodonte.es\/ca\/demanar-cita\/\">demana&#8217;ns cita <\/a><\/strong>sense comprom\u00eds. T&#8217;informarem encantats!<\/p>\n","protected":false},"excerpt":{"rendered":"<p>La c\u00e0ries infantil \u00e9s un dels problemes m\u00e9s freq\u00fcents de la salut dental dels m\u00e9s petits. En Cl\u00ednica Belodonte som experts en Odontopediatria a Barcelona, per aix\u00f2, et comptem amb m\u00e9s detall qu\u00e8 \u00e9s, quan i per quines causes apareix, [&hellip;]<\/p>\n","protected":false},"author":3,"featured_media":4336,"comment_status":"open","ping_status":"open","sticky":false,"template":"","format":"standard","meta":{"site-sidebar-layout":"default","site-content-layout":"","ast-site-content-layout":"default","site-content-style":"default","site-sidebar-style":"default","ast-global-header-display":"","ast-banner-title-visibility":"","ast-main-header-display":"","ast-hfb-above-header-display":"","ast-hfb-below-header-display":"","ast-hfb-mobile-header-display":"","site-post-title":"","ast-breadcrumbs-content":"","ast-featured-img":"","footer-sml-layout":"","ast-disable-related-posts":"","theme-transparent-header-meta":"","adv-header-id-meta":"","stick-header-meta":"","header-above-stick-meta":"","header-main-stick-meta":"","header-below-stick-meta":"","astra-migrate-meta-layouts":"default","ast-page-background-enabled":"default","ast-page-background-meta":{"desktop":{"background-color":"","background-image":"","background-repeat":"repeat","background-position":"center center","background-size":"auto","background-attachment":"scroll","background-type":"","background-media":"","overlay-type":"","overlay-color":"","overlay-opacity":"","overlay-gradient":""},"tablet":{"background-color":"","background-image":"","background-repeat":"repeat","background-position":"center center","background-size":"auto","background-attachment":"scroll","background-type":"","background-media":"","overlay-type":"","overlay-color":"","overlay-opacity":"","overlay-gradient":""},"mobile":{"background-color":"","background-image":"","background-repeat":"repeat","background-position":"center center","background-size":"auto","background-attachment":"scroll","background-type":"","background-media":"","overlay-type":"","overlay-color":"","overlay-opacity":"","overlay-gradient":""}},"ast-content-background-meta":{"desktop":{"background-color":"var(--ast-global-color-5)","background-image":"","background-repeat":"repeat","background-position":"center center","background-size":"auto","background-attachment":"scroll","background-type":"","background-media":"","overlay-type":"","overlay-color":"","overlay-opacity":"","overlay-gradient":""},"tablet":{"background-color":"var(--ast-global-color-5)","background-image":"","background-repeat":"repeat","background-position":"center center","background-size":"auto","background-attachment":"scroll","background-type":"","background-media":"","overlay-type":"","overlay-color":"","overlay-opacity":"","overlay-gradient":""},"mobile":{"background-color":"var(--ast-global-color-5)","background-image":"","background-repeat":"repeat","background-position":"center center","background-size":"auto","background-attachment":"scroll","background-type":"","background-media":"","overlay-type":"","overlay-color":"","overlay-opacity":"","overlay-gradient":""}},"footnotes":""},"categories":[35],"tags":[],"class_list":["post-4335","post","type-post","status-publish","format-standard","has-post-thumbnail","hentry","category-odontopediatria-2"],"yoast_head":"<!-- This site is optimized with the Yoast SEO plugin v27.4 - https:\/\/yoast.com\/product\/yoast-seo-wordpress\/ -->\n<title>C\u00e0ries infantil: Causes i tractament<\/title>\n<meta name=\"description\" content=\"La c\u00e0ries infantil \u00e9s un dels problemes m\u00e9s freq\u00fcents de la salut dental dels m\u00e9s petits. Avui us expliquem tot d&#039;ella.\" \/>\n<meta name=\"robots\" content=\"index, follow, max-snippet:-1, max-image-preview:large, max-video-preview:-1\" \/>\n<link rel=\"canonical\" href=\"https:\/\/www.belodonte.es\/ca\/caries-infantil-causes-tractament\/\" \/>\n<meta property=\"og:locale\" content=\"ca_ES\" \/>\n<meta property=\"og:type\" content=\"article\" \/>\n<meta property=\"og:title\" content=\"C\u00e0ries infantil: Causes i tractament\" \/>\n<meta property=\"og:description\" content=\"La c\u00e0ries infantil \u00e9s un dels problemes m\u00e9s freq\u00fcents de la salut dental dels m\u00e9s petits. Avui us expliquem tot d&#039;ella.\" \/>\n<meta property=\"og:url\" content=\"https:\/\/www.belodonte.es\/ca\/caries-infantil-causes-tractament\/\" \/>\n<meta property=\"og:site_name\" content=\"Cl\u00ednica Belodonte\" \/>\n<meta property=\"article:published_time\" content=\"2023-04-04T06:25:00+00:00\" \/>\n<meta property=\"article:modified_time\" content=\"2023-10-10T07:33:42+00:00\" \/>\n<meta property=\"og:image\" content=\"https:\/\/www.belodonte.es\/wp-content\/uploads\/2023\/10\/caries-infantil.jpeg\" \/>\n\t<meta property=\"og:image:width\" content=\"1024\" \/>\n\t<meta property=\"og:image:height\" content=\"512\" \/>\n\t<meta property=\"og:image:type\" content=\"image\/jpeg\" \/>\n<meta name=\"author\" content=\"Cl\u00ednica Belodonte\" \/>\n<meta name=\"twitter:card\" content=\"summary_large_image\" \/>\n<meta name=\"twitter:label1\" content=\"Written by\" \/>\n\t<meta name=\"twitter:data1\" content=\"Cl\u00ednica Belodonte\" \/>\n\t<meta name=\"twitter:label2\" content=\"Est. reading time\" \/>\n\t<meta name=\"twitter:data2\" content=\"4 minutes\" \/>\n<script type=\"application\/ld+json\" class=\"yoast-schema-graph\">{\"@context\":\"https:\\\/\\\/schema.org\",\"@graph\":[{\"@type\":\"Article\",\"@id\":\"https:\\\/\\\/www.belodonte.es\\\/ca\\\/caries-infantil-causes-tractament\\\/#article\",\"isPartOf\":{\"@id\":\"https:\\\/\\\/www.belodonte.es\\\/ca\\\/caries-infantil-causes-tractament\\\/\"},\"author\":{\"name\":\"Cl\u00ednica Belodonte\",\"@id\":\"https:\\\/\\\/www.belodonte.es\\\/#\\\/schema\\\/person\\\/af746658db6c58f111ab4e18a476abcd\"},\"headline\":\"C\u00e0ries infantil: Causes i tractament\",\"datePublished\":\"2023-04-04T06:25:00+00:00\",\"dateModified\":\"2023-10-10T07:33:42+00:00\",\"mainEntityOfPage\":{\"@id\":\"https:\\\/\\\/www.belodonte.es\\\/ca\\\/caries-infantil-causes-tractament\\\/\"},\"wordCount\":795,\"commentCount\":0,\"publisher\":{\"@id\":\"https:\\\/\\\/www.belodonte.es\\\/#organization\"},\"image\":{\"@id\":\"https:\\\/\\\/www.belodonte.es\\\/ca\\\/caries-infantil-causes-tractament\\\/#primaryimage\"},\"thumbnailUrl\":\"https:\\\/\\\/www.belodonte.es\\\/wp-content\\\/uploads\\\/2023\\\/10\\\/caries-infantil.jpeg\",\"articleSection\":[\"Odontopediatria\"],\"inLanguage\":\"ca\",\"potentialAction\":[{\"@type\":\"CommentAction\",\"name\":\"Comment\",\"target\":[\"https:\\\/\\\/www.belodonte.es\\\/ca\\\/caries-infantil-causes-tractament\\\/#respond\"]}]},{\"@type\":\"WebPage\",\"@id\":\"https:\\\/\\\/www.belodonte.es\\\/ca\\\/caries-infantil-causes-tractament\\\/\",\"url\":\"https:\\\/\\\/www.belodonte.es\\\/ca\\\/caries-infantil-causes-tractament\\\/\",\"name\":\"C\u00e0ries infantil: Causes i tractament\",\"isPartOf\":{\"@id\":\"https:\\\/\\\/www.belodonte.es\\\/#website\"},\"primaryImageOfPage\":{\"@id\":\"https:\\\/\\\/www.belodonte.es\\\/ca\\\/caries-infantil-causes-tractament\\\/#primaryimage\"},\"image\":{\"@id\":\"https:\\\/\\\/www.belodonte.es\\\/ca\\\/caries-infantil-causes-tractament\\\/#primaryimage\"},\"thumbnailUrl\":\"https:\\\/\\\/www.belodonte.es\\\/wp-content\\\/uploads\\\/2023\\\/10\\\/caries-infantil.jpeg\",\"datePublished\":\"2023-04-04T06:25:00+00:00\",\"dateModified\":\"2023-10-10T07:33:42+00:00\",\"description\":\"La c\u00e0ries infantil \u00e9s un dels problemes m\u00e9s freq\u00fcents de la salut dental dels m\u00e9s petits. Avui us expliquem tot d'ella.\",\"breadcrumb\":{\"@id\":\"https:\\\/\\\/www.belodonte.es\\\/ca\\\/caries-infantil-causes-tractament\\\/#breadcrumb\"},\"inLanguage\":\"ca\",\"potentialAction\":[{\"@type\":\"ReadAction\",\"target\":[\"https:\\\/\\\/www.belodonte.es\\\/ca\\\/caries-infantil-causes-tractament\\\/\"]}]},{\"@type\":\"ImageObject\",\"inLanguage\":\"ca\",\"@id\":\"https:\\\/\\\/www.belodonte.es\\\/ca\\\/caries-infantil-causes-tractament\\\/#primaryimage\",\"url\":\"https:\\\/\\\/www.belodonte.es\\\/wp-content\\\/uploads\\\/2023\\\/10\\\/caries-infantil.jpeg\",\"contentUrl\":\"https:\\\/\\\/www.belodonte.es\\\/wp-content\\\/uploads\\\/2023\\\/10\\\/caries-infantil.jpeg\",\"width\":1024,\"height\":512,\"caption\":\"ca\u0300ries infantil\"},{\"@type\":\"BreadcrumbList\",\"@id\":\"https:\\\/\\\/www.belodonte.es\\\/ca\\\/caries-infantil-causes-tractament\\\/#breadcrumb\",\"itemListElement\":[{\"@type\":\"ListItem\",\"position\":1,\"name\":\"Portada\",\"item\":\"https:\\\/\\\/www.belodonte.es\\\/\"},{\"@type\":\"ListItem\",\"position\":2,\"name\":\"C\u00e0ries infantil: Causes i tractament\"}]},{\"@type\":\"WebSite\",\"@id\":\"https:\\\/\\\/www.belodonte.es\\\/#website\",\"url\":\"https:\\\/\\\/www.belodonte.es\\\/\",\"name\":\"Cl\u00ednica Belodonte\",\"description\":\"Cl\u00ednica dental en Barcelona\",\"publisher\":{\"@id\":\"https:\\\/\\\/www.belodonte.es\\\/#organization\"},\"potentialAction\":[{\"@type\":\"SearchAction\",\"target\":{\"@type\":\"EntryPoint\",\"urlTemplate\":\"https:\\\/\\\/www.belodonte.es\\\/?s={search_term_string}\"},\"query-input\":{\"@type\":\"PropertyValueSpecification\",\"valueRequired\":true,\"valueName\":\"search_term_string\"}}],\"inLanguage\":\"ca\"},{\"@type\":\"Organization\",\"@id\":\"https:\\\/\\\/www.belodonte.es\\\/#organization\",\"name\":\"Cl\u00ednica Dental Belodonte\",\"url\":\"https:\\\/\\\/www.belodonte.es\\\/\",\"logo\":{\"@type\":\"ImageObject\",\"inLanguage\":\"ca\",\"@id\":\"https:\\\/\\\/www.belodonte.es\\\/#\\\/schema\\\/logo\\\/image\\\/\",\"url\":\"https:\\\/\\\/www.belodonte.es\\\/wp-content\\\/uploads\\\/2021\\\/10\\\/favicon-clinica-belodonte.png\",\"contentUrl\":\"https:\\\/\\\/www.belodonte.es\\\/wp-content\\\/uploads\\\/2021\\\/10\\\/favicon-clinica-belodonte.png\",\"width\":512,\"height\":512,\"caption\":\"Cl\u00ednica Dental Belodonte\"},\"image\":{\"@id\":\"https:\\\/\\\/www.belodonte.es\\\/#\\\/schema\\\/logo\\\/image\\\/\"}},{\"@type\":\"Person\",\"@id\":\"https:\\\/\\\/www.belodonte.es\\\/#\\\/schema\\\/person\\\/af746658db6c58f111ab4e18a476abcd\",\"name\":\"Cl\u00ednica Belodonte\",\"image\":{\"@type\":\"ImageObject\",\"inLanguage\":\"ca\",\"@id\":\"https:\\\/\\\/secure.gravatar.com\\\/avatar\\\/638e9d8d08bf2340d3d84b2996cdb448289ac0a26b32c99af87880a52287f8b8?s=96&d=mm&r=g\",\"url\":\"https:\\\/\\\/secure.gravatar.com\\\/avatar\\\/638e9d8d08bf2340d3d84b2996cdb448289ac0a26b32c99af87880a52287f8b8?s=96&d=mm&r=g\",\"contentUrl\":\"https:\\\/\\\/secure.gravatar.com\\\/avatar\\\/638e9d8d08bf2340d3d84b2996cdb448289ac0a26b32c99af87880a52287f8b8?s=96&d=mm&r=g\",\"caption\":\"Cl\u00ednica Belodonte\"},\"url\":\"https:\\\/\\\/www.belodonte.es\\\/ca\\\/author\\\/wm_mgc\\\/\"}]}<\/script>\n<!-- \/ Yoast SEO plugin. -->","yoast_head_json":{"title":"C\u00e0ries infantil: Causes i tractament","description":"La c\u00e0ries infantil \u00e9s un dels problemes m\u00e9s freq\u00fcents de la salut dental dels m\u00e9s petits. Avui us expliquem tot d'ella.","robots":{"index":"index","follow":"follow","max-snippet":"max-snippet:-1","max-image-preview":"max-image-preview:large","max-video-preview":"max-video-preview:-1"},"canonical":"https:\/\/www.belodonte.es\/ca\/caries-infantil-causes-tractament\/","og_locale":"ca_ES","og_type":"article","og_title":"C\u00e0ries infantil: Causes i tractament","og_description":"La c\u00e0ries infantil \u00e9s un dels problemes m\u00e9s freq\u00fcents de la salut dental dels m\u00e9s petits. Avui us expliquem tot d'ella.","og_url":"https:\/\/www.belodonte.es\/ca\/caries-infantil-causes-tractament\/","og_site_name":"Cl\u00ednica Belodonte","article_published_time":"2023-04-04T06:25:00+00:00","article_modified_time":"2023-10-10T07:33:42+00:00","og_image":[{"width":1024,"height":512,"url":"https:\/\/www.belodonte.es\/wp-content\/uploads\/2023\/10\/caries-infantil.jpeg","type":"image\/jpeg"}],"author":"Cl\u00ednica Belodonte","twitter_card":"summary_large_image","twitter_misc":{"Written by":"Cl\u00ednica Belodonte","Est. reading time":"4 minutes"},"schema":{"@context":"https:\/\/schema.org","@graph":[{"@type":"Article","@id":"https:\/\/www.belodonte.es\/ca\/caries-infantil-causes-tractament\/#article","isPartOf":{"@id":"https:\/\/www.belodonte.es\/ca\/caries-infantil-causes-tractament\/"},"author":{"name":"Cl\u00ednica Belodonte","@id":"https:\/\/www.belodonte.es\/#\/schema\/person\/af746658db6c58f111ab4e18a476abcd"},"headline":"C\u00e0ries infantil: Causes i tractament","datePublished":"2023-04-04T06:25:00+00:00","dateModified":"2023-10-10T07:33:42+00:00","mainEntityOfPage":{"@id":"https:\/\/www.belodonte.es\/ca\/caries-infantil-causes-tractament\/"},"wordCount":795,"commentCount":0,"publisher":{"@id":"https:\/\/www.belodonte.es\/#organization"},"image":{"@id":"https:\/\/www.belodonte.es\/ca\/caries-infantil-causes-tractament\/#primaryimage"},"thumbnailUrl":"https:\/\/www.belodonte.es\/wp-content\/uploads\/2023\/10\/caries-infantil.jpeg","articleSection":["Odontopediatria"],"inLanguage":"ca","potentialAction":[{"@type":"CommentAction","name":"Comment","target":["https:\/\/www.belodonte.es\/ca\/caries-infantil-causes-tractament\/#respond"]}]},{"@type":"WebPage","@id":"https:\/\/www.belodonte.es\/ca\/caries-infantil-causes-tractament\/","url":"https:\/\/www.belodonte.es\/ca\/caries-infantil-causes-tractament\/","name":"C\u00e0ries infantil: Causes i tractament","isPartOf":{"@id":"https:\/\/www.belodonte.es\/#website"},"primaryImageOfPage":{"@id":"https:\/\/www.belodonte.es\/ca\/caries-infantil-causes-tractament\/#primaryimage"},"image":{"@id":"https:\/\/www.belodonte.es\/ca\/caries-infantil-causes-tractament\/#primaryimage"},"thumbnailUrl":"https:\/\/www.belodonte.es\/wp-content\/uploads\/2023\/10\/caries-infantil.jpeg","datePublished":"2023-04-04T06:25:00+00:00","dateModified":"2023-10-10T07:33:42+00:00","description":"La c\u00e0ries infantil \u00e9s un dels problemes m\u00e9s freq\u00fcents de la salut dental dels m\u00e9s petits. Avui us expliquem tot d'ella.","breadcrumb":{"@id":"https:\/\/www.belodonte.es\/ca\/caries-infantil-causes-tractament\/#breadcrumb"},"inLanguage":"ca","potentialAction":[{"@type":"ReadAction","target":["https:\/\/www.belodonte.es\/ca\/caries-infantil-causes-tractament\/"]}]},{"@type":"ImageObject","inLanguage":"ca","@id":"https:\/\/www.belodonte.es\/ca\/caries-infantil-causes-tractament\/#primaryimage","url":"https:\/\/www.belodonte.es\/wp-content\/uploads\/2023\/10\/caries-infantil.jpeg","contentUrl":"https:\/\/www.belodonte.es\/wp-content\/uploads\/2023\/10\/caries-infantil.jpeg","width":1024,"height":512,"caption":"ca\u0300ries infantil"},{"@type":"BreadcrumbList","@id":"https:\/\/www.belodonte.es\/ca\/caries-infantil-causes-tractament\/#breadcrumb","itemListElement":[{"@type":"ListItem","position":1,"name":"Portada","item":"https:\/\/www.belodonte.es\/"},{"@type":"ListItem","position":2,"name":"C\u00e0ries infantil: Causes i tractament"}]},{"@type":"WebSite","@id":"https:\/\/www.belodonte.es\/#website","url":"https:\/\/www.belodonte.es\/","name":"Cl\u00ednica Belodonte","description":"Cl\u00ednica dental en Barcelona","publisher":{"@id":"https:\/\/www.belodonte.es\/#organization"},"potentialAction":[{"@type":"SearchAction","target":{"@type":"EntryPoint","urlTemplate":"https:\/\/www.belodonte.es\/?s={search_term_string}"},"query-input":{"@type":"PropertyValueSpecification","valueRequired":true,"valueName":"search_term_string"}}],"inLanguage":"ca"},{"@type":"Organization","@id":"https:\/\/www.belodonte.es\/#organization","name":"Cl\u00ednica Dental Belodonte","url":"https:\/\/www.belodonte.es\/","logo":{"@type":"ImageObject","inLanguage":"ca","@id":"https:\/\/www.belodonte.es\/#\/schema\/logo\/image\/","url":"https:\/\/www.belodonte.es\/wp-content\/uploads\/2021\/10\/favicon-clinica-belodonte.png","contentUrl":"https:\/\/www.belodonte.es\/wp-content\/uploads\/2021\/10\/favicon-clinica-belodonte.png","width":512,"height":512,"caption":"Cl\u00ednica Dental Belodonte"},"image":{"@id":"https:\/\/www.belodonte.es\/#\/schema\/logo\/image\/"}},{"@type":"Person","@id":"https:\/\/www.belodonte.es\/#\/schema\/person\/af746658db6c58f111ab4e18a476abcd","name":"Cl\u00ednica Belodonte","image":{"@type":"ImageObject","inLanguage":"ca","@id":"https:\/\/secure.gravatar.com\/avatar\/638e9d8d08bf2340d3d84b2996cdb448289ac0a26b32c99af87880a52287f8b8?s=96&d=mm&r=g","url":"https:\/\/secure.gravatar.com\/avatar\/638e9d8d08bf2340d3d84b2996cdb448289ac0a26b32c99af87880a52287f8b8?s=96&d=mm&r=g","contentUrl":"https:\/\/secure.gravatar.com\/avatar\/638e9d8d08bf2340d3d84b2996cdb448289ac0a26b32c99af87880a52287f8b8?s=96&d=mm&r=g","caption":"Cl\u00ednica Belodonte"},"url":"https:\/\/www.belodonte.es\/ca\/author\/wm_mgc\/"}]}},"_links":{"self":[{"href":"https:\/\/www.belodonte.es\/ca\/wp-json\/wp\/v2\/posts\/4335","targetHints":{"allow":["GET"]}}],"collection":[{"href":"https:\/\/www.belodonte.es\/ca\/wp-json\/wp\/v2\/posts"}],"about":[{"href":"https:\/\/www.belodonte.es\/ca\/wp-json\/wp\/v2\/types\/post"}],"author":[{"embeddable":true,"href":"https:\/\/www.belodonte.es\/ca\/wp-json\/wp\/v2\/users\/3"}],"replies":[{"embeddable":true,"href":"https:\/\/www.belodonte.es\/ca\/wp-json\/wp\/v2\/comments?post=4335"}],"version-history":[{"count":1,"href":"https:\/\/www.belodonte.es\/ca\/wp-json\/wp\/v2\/posts\/4335\/revisions"}],"predecessor-version":[{"id":4338,"href":"https:\/\/www.belodonte.es\/ca\/wp-json\/wp\/v2\/posts\/4335\/revisions\/4338"}],"wp:featuredmedia":[{"embeddable":true,"href":"https:\/\/www.belodonte.es\/ca\/wp-json\/wp\/v2\/media\/4336"}],"wp:attachment":[{"href":"https:\/\/www.belodonte.es\/ca\/wp-json\/wp\/v2\/media?parent=4335"}],"wp:term":[{"taxonomy":"category","embeddable":true,"href":"https:\/\/www.belodonte.es\/ca\/wp-json\/wp\/v2\/categories?post=4335"},{"taxonomy":"post_tag","embeddable":true,"href":"https:\/\/www.belodonte.es\/ca\/wp-json\/wp\/v2\/tags?post=4335"}],"curies":[{"name":"wp","href":"https:\/\/api.w.org\/{rel}","templated":true}]}}