{"id":4193,"date":"2022-11-10T06:18:00","date_gmt":"2022-11-10T06:18:00","guid":{"rendered":"https:\/\/www.belodonte.es\/?p=4193"},"modified":"2023-10-09T06:24:38","modified_gmt":"2023-10-09T06:24:38","slug":"caries-bibero-com-succeeix","status":"publish","type":"post","link":"https:\/\/www.belodonte.es\/ca\/caries-bibero-com-succeeix\/","title":{"rendered":"C\u00e0ries del biber\u00f3: Com succeeix?"},"content":{"rendered":"\n<p>Al contrari del que es creu, les dents de llet s\u00f3n fonamentals per a la present i futura salut bucodental, per aix\u00f2 s&#8217;han de cuidar b\u00e9 encara que despr\u00e9s caiguin. Un problema que poden patir i que s&#8217;ha de tenir en compte \u00e9s la <strong>c\u00e0ries del biber\u00f3.<\/strong><\/p>\n\n\n\n<p>En <strong>Cl\u00ednica\u00a0Belodonte\u00a0som experts en <a href=\"https:\/\/www.belodonte.es\/ca\/odontopediatria\/\">Odontopediatria <\/a>a Barcelona<\/strong>, i\u00a0per aix\u00f2, avui t&#8217;expliquem en qu\u00e8 consisteix la c\u00e0ries del biber\u00f3, les seves causes, s\u00edmptomes i efectes, tractament i si es pot prevenir.<\/p>\n\n\n\n<h2 class=\"wp-block-heading\">Qu\u00e8 \u00e9s la c\u00e0ries del biber\u00f3 i quines s\u00f3n les seves causes?<\/h2>\n\n\n\n<p>Tamb\u00e9 denominada c\u00e0ries del lactant o c\u00e0ries rampant, \u00e9s aquella que apareix en les dents temporals (entre els&nbsp;sis&nbsp;mesos de vida i els&nbsp;cinc&nbsp;anys, encara que \u00e9s m\u00e9s freq\u00fcent entre l&#8217;any i els&nbsp;dos&nbsp;anys).<\/p>\n\n\n\n<p>Afecta generalment&nbsp;els&nbsp;incisius superiors i als molars i no t\u00e9 per qu\u00e8 ser derivada que el nen encara segueixi aquest tipus d&#8217;alimentaci\u00f3.<\/p>\n\n\n\n<p>La seva aparici\u00f3 \u00e9s molt r\u00e0pida i \u00e9s causada pels h\u00e0bits alimentosos del petit. L&#8217;alt contingut en carbohidrats, aix\u00ed com un exc\u00e9s de sucres i lactis, promouen la proliferaci\u00f3 bacteriana, que causa les c\u00e0ries.<\/p>\n\n\n\n<h2 class=\"wp-block-heading\">S\u00edmptomes i efectes de la c\u00e0ries del biber\u00f3<\/h2>\n\n\n\n<p>La c\u00e0ries rampant comen\u00e7a mostrant taques blanques en les dents, per a despr\u00e9s fer que es tornin groguencs i fins i tot marrons.<\/p>\n\n\n\n<p>Aquesta c\u00e0ries pot generar problemes per a mastegar, problemes de fonaci\u00f3, aparici\u00f3 d&#8217;infeccions, aix\u00ed com possibles malposicions en la pe\u00e7a definitiva si la dent de llet acaba caient o perdent-se per la c\u00e0ries.<\/p>\n\n\n\n<h2 class=\"wp-block-heading\">Tractament de la c\u00e0ries del biber\u00f3<\/h2>\n\n\n\n<p>Si ha aparegut una c\u00e0ries del lactant&nbsp;\u00e9s&nbsp;fonamental acudir&nbsp;a l&#8217;odontopediatra&nbsp;al m\u00e9s aviat possible, ja que la rapidesa en qu\u00e8 es tracti determinar\u00e0 el seu desenvolupament i els seus possibles efectes.<\/p>\n\n\n\n<p>Com en el cas d&#8217;altres c\u00e0ries (com les de les dents definitives), el seu tractament consisteix en l&#8217;empastament de les dents per a evitar que la c\u00e0ries continu\u00ef i pugui afectar m\u00e9s dents o fins i tot, al definitiu.<\/p>\n\n\n\n<p>A pesar que l&#8217;empastament sigui temporal (aix\u00ed com la dent), aquest tractament cal perqu\u00e8 actua de manera preventiva.<\/p>\n\n\n\n<h2 class=\"wp-block-heading\">Es pot prevenir?<\/h2>\n\n\n\n<p>Tenint en compte que no tots els nens presenten aquest problema, i que t\u00e9 un clar factor aliment\u00f3s, la c\u00e0ries del biber\u00f3 es pot evitar.<\/p>\n\n\n\n<p>Per a aix\u00f2, \u00e9s fonamental que els pares tinguin en compte evitar un exc\u00e9s de dol\u00e7os, aix\u00ed com d&#8217;hidrats. A m\u00e9s, donar el pit o el biber\u00f3 a la nit als nens no \u00e9s recomanable, ja que la lactosa \u00e9s un gl\u00facid que s&#8217;acumula en la boca i afavoreix l&#8217;aparici\u00f3 de la c\u00e0ries.<\/p>\n\n\n\n<p>Finalment, \u00e9s crucial vigilar i promoure que els nens segueixin uns bons h\u00e0bits d&#8217;higiene dental des de la inf\u00e0ncia, no sols per a prevenir aquest problema, sin\u00f3 per a marcar les pautes per al seu futur cuidat bucodental.<\/p>\n\n\n\n<p>En Cl\u00ednica\u00a0Belodonte\u00a0comptem amb servei d&#8217;Odontopediatria. Si vols saber m\u00e9s sobre els nostres tractaments o vols consultar-nos el teu cas, <strong><a href=\"https:\/\/www.belodonte.es\/ca\/demanar-cita\/\">demana&#8217;ns cita<\/a><\/strong> sense comprom\u00eds. T&#8217;informarem encantats!<\/p>\n","protected":false},"excerpt":{"rendered":"<p>Al contrari del que es creu, les dents de llet s\u00f3n fonamentals per a la present i futura salut bucodental, per aix\u00f2 s&#8217;han de cuidar b\u00e9 encara que despr\u00e9s caiguin. Un problema que poden patir i que s&#8217;ha de tenir [&hellip;]<\/p>\n","protected":false},"author":3,"featured_media":4194,"comment_status":"open","ping_status":"open","sticky":false,"template":"","format":"standard","meta":{"site-sidebar-layout":"default","site-content-layout":"","ast-site-content-layout":"default","site-content-style":"default","site-sidebar-style":"default","ast-global-header-display":"","ast-banner-title-visibility":"","ast-main-header-display":"","ast-hfb-above-header-display":"","ast-hfb-below-header-display":"","ast-hfb-mobile-header-display":"","site-post-title":"","ast-breadcrumbs-content":"","ast-featured-img":"","footer-sml-layout":"","ast-disable-related-posts":"","theme-transparent-header-meta":"","adv-header-id-meta":"","stick-header-meta":"","header-above-stick-meta":"","header-main-stick-meta":"","header-below-stick-meta":"","astra-migrate-meta-layouts":"default","ast-page-background-enabled":"default","ast-page-background-meta":{"desktop":{"background-color":"","background-image":"","background-repeat":"repeat","background-position":"center center","background-size":"auto","background-attachment":"scroll","background-type":"","background-media":"","overlay-type":"","overlay-color":"","overlay-opacity":"","overlay-gradient":""},"tablet":{"background-color":"","background-image":"","background-repeat":"repeat","background-position":"center center","background-size":"auto","background-attachment":"scroll","background-type":"","background-media":"","overlay-type":"","overlay-color":"","overlay-opacity":"","overlay-gradient":""},"mobile":{"background-color":"","background-image":"","background-repeat":"repeat","background-position":"center center","background-size":"auto","background-attachment":"scroll","background-type":"","background-media":"","overlay-type":"","overlay-color":"","overlay-opacity":"","overlay-gradient":""}},"ast-content-background-meta":{"desktop":{"background-color":"var(--ast-global-color-5)","background-image":"","background-repeat":"repeat","background-position":"center center","background-size":"auto","background-attachment":"scroll","background-type":"","background-media":"","overlay-type":"","overlay-color":"","overlay-opacity":"","overlay-gradient":""},"tablet":{"background-color":"var(--ast-global-color-5)","background-image":"","background-repeat":"repeat","background-position":"center center","background-size":"auto","background-attachment":"scroll","background-type":"","background-media":"","overlay-type":"","overlay-color":"","overlay-opacity":"","overlay-gradient":""},"mobile":{"background-color":"var(--ast-global-color-5)","background-image":"","background-repeat":"repeat","background-position":"center center","background-size":"auto","background-attachment":"scroll","background-type":"","background-media":"","overlay-type":"","overlay-color":"","overlay-opacity":"","overlay-gradient":""}},"footnotes":""},"categories":[35],"tags":[],"class_list":["post-4193","post","type-post","status-publish","format-standard","has-post-thumbnail","hentry","category-odontopediatria-2"],"yoast_head":"<!-- This site is optimized with the Yoast SEO plugin v27.4 - https:\/\/yoast.com\/product\/yoast-seo-wordpress\/ -->\n<title>C\u00e0ries del biber\u00f3: Com succeeix?<\/title>\n<meta name=\"description\" content=\"Avui t&#039;expliquem en qu\u00e8 consisteix la c\u00e0ries del biber\u00f3, les seves causes, s\u00edmptomes i efectes, tractament i si es pot prevenir.\" \/>\n<meta name=\"robots\" content=\"index, follow, max-snippet:-1, max-image-preview:large, max-video-preview:-1\" \/>\n<link rel=\"canonical\" href=\"https:\/\/www.belodonte.es\/ca\/caries-bibero-com-succeeix\/\" \/>\n<meta property=\"og:locale\" content=\"ca_ES\" \/>\n<meta property=\"og:type\" content=\"article\" \/>\n<meta property=\"og:title\" content=\"C\u00e0ries del biber\u00f3: Com succeeix?\" \/>\n<meta property=\"og:description\" content=\"Avui t&#039;expliquem en qu\u00e8 consisteix la c\u00e0ries del biber\u00f3, les seves causes, s\u00edmptomes i efectes, tractament i si es pot prevenir.\" \/>\n<meta property=\"og:url\" content=\"https:\/\/www.belodonte.es\/ca\/caries-bibero-com-succeeix\/\" \/>\n<meta property=\"og:site_name\" content=\"Cl\u00ednica Belodonte\" \/>\n<meta property=\"article:published_time\" content=\"2022-11-10T06:18:00+00:00\" \/>\n<meta property=\"article:modified_time\" content=\"2023-10-09T06:24:38+00:00\" \/>\n<meta property=\"og:image\" content=\"https:\/\/www.belodonte.es\/wp-content\/uploads\/2023\/10\/caries-del-biberon-1024x512-1.jpeg\" \/>\n\t<meta property=\"og:image:width\" content=\"1024\" \/>\n\t<meta property=\"og:image:height\" content=\"512\" \/>\n\t<meta property=\"og:image:type\" content=\"image\/jpeg\" \/>\n<meta name=\"author\" content=\"Cl\u00ednica Belodonte\" \/>\n<meta name=\"twitter:card\" content=\"summary_large_image\" \/>\n<meta name=\"twitter:label1\" content=\"Written by\" \/>\n\t<meta name=\"twitter:data1\" content=\"Cl\u00ednica Belodonte\" \/>\n\t<meta name=\"twitter:label2\" content=\"Est. reading time\" \/>\n\t<meta name=\"twitter:data2\" content=\"3 minutes\" \/>\n<script type=\"application\/ld+json\" class=\"yoast-schema-graph\">{\"@context\":\"https:\\\/\\\/schema.org\",\"@graph\":[{\"@type\":\"Article\",\"@id\":\"https:\\\/\\\/www.belodonte.es\\\/ca\\\/caries-bibero-com-succeeix\\\/#article\",\"isPartOf\":{\"@id\":\"https:\\\/\\\/www.belodonte.es\\\/ca\\\/caries-bibero-com-succeeix\\\/\"},\"author\":{\"name\":\"Cl\u00ednica Belodonte\",\"@id\":\"https:\\\/\\\/www.belodonte.es\\\/#\\\/schema\\\/person\\\/af746658db6c58f111ab4e18a476abcd\"},\"headline\":\"C\u00e0ries del biber\u00f3: Com succeeix?\",\"datePublished\":\"2022-11-10T06:18:00+00:00\",\"dateModified\":\"2023-10-09T06:24:38+00:00\",\"mainEntityOfPage\":{\"@id\":\"https:\\\/\\\/www.belodonte.es\\\/ca\\\/caries-bibero-com-succeeix\\\/\"},\"wordCount\":552,\"commentCount\":0,\"publisher\":{\"@id\":\"https:\\\/\\\/www.belodonte.es\\\/#organization\"},\"image\":{\"@id\":\"https:\\\/\\\/www.belodonte.es\\\/ca\\\/caries-bibero-com-succeeix\\\/#primaryimage\"},\"thumbnailUrl\":\"https:\\\/\\\/www.belodonte.es\\\/wp-content\\\/uploads\\\/2023\\\/10\\\/caries-del-biberon-1024x512-1.jpeg\",\"articleSection\":[\"Odontopediatria\"],\"inLanguage\":\"ca\",\"potentialAction\":[{\"@type\":\"CommentAction\",\"name\":\"Comment\",\"target\":[\"https:\\\/\\\/www.belodonte.es\\\/ca\\\/caries-bibero-com-succeeix\\\/#respond\"]}]},{\"@type\":\"WebPage\",\"@id\":\"https:\\\/\\\/www.belodonte.es\\\/ca\\\/caries-bibero-com-succeeix\\\/\",\"url\":\"https:\\\/\\\/www.belodonte.es\\\/ca\\\/caries-bibero-com-succeeix\\\/\",\"name\":\"C\u00e0ries del biber\u00f3: Com succeeix?\",\"isPartOf\":{\"@id\":\"https:\\\/\\\/www.belodonte.es\\\/#website\"},\"primaryImageOfPage\":{\"@id\":\"https:\\\/\\\/www.belodonte.es\\\/ca\\\/caries-bibero-com-succeeix\\\/#primaryimage\"},\"image\":{\"@id\":\"https:\\\/\\\/www.belodonte.es\\\/ca\\\/caries-bibero-com-succeeix\\\/#primaryimage\"},\"thumbnailUrl\":\"https:\\\/\\\/www.belodonte.es\\\/wp-content\\\/uploads\\\/2023\\\/10\\\/caries-del-biberon-1024x512-1.jpeg\",\"datePublished\":\"2022-11-10T06:18:00+00:00\",\"dateModified\":\"2023-10-09T06:24:38+00:00\",\"description\":\"Avui t'expliquem en qu\u00e8 consisteix la c\u00e0ries del biber\u00f3, les seves causes, s\u00edmptomes i efectes, tractament i si es pot prevenir.\",\"breadcrumb\":{\"@id\":\"https:\\\/\\\/www.belodonte.es\\\/ca\\\/caries-bibero-com-succeeix\\\/#breadcrumb\"},\"inLanguage\":\"ca\",\"potentialAction\":[{\"@type\":\"ReadAction\",\"target\":[\"https:\\\/\\\/www.belodonte.es\\\/ca\\\/caries-bibero-com-succeeix\\\/\"]}]},{\"@type\":\"ImageObject\",\"inLanguage\":\"ca\",\"@id\":\"https:\\\/\\\/www.belodonte.es\\\/ca\\\/caries-bibero-com-succeeix\\\/#primaryimage\",\"url\":\"https:\\\/\\\/www.belodonte.es\\\/wp-content\\\/uploads\\\/2023\\\/10\\\/caries-del-biberon-1024x512-1.jpeg\",\"contentUrl\":\"https:\\\/\\\/www.belodonte.es\\\/wp-content\\\/uploads\\\/2023\\\/10\\\/caries-del-biberon-1024x512-1.jpeg\",\"width\":1024,\"height\":512,\"caption\":\"c\u00e0ries-del-bibero\u0301\"},{\"@type\":\"BreadcrumbList\",\"@id\":\"https:\\\/\\\/www.belodonte.es\\\/ca\\\/caries-bibero-com-succeeix\\\/#breadcrumb\",\"itemListElement\":[{\"@type\":\"ListItem\",\"position\":1,\"name\":\"Portada\",\"item\":\"https:\\\/\\\/www.belodonte.es\\\/\"},{\"@type\":\"ListItem\",\"position\":2,\"name\":\"C\u00e0ries del biber\u00f3: Com succeeix?\"}]},{\"@type\":\"WebSite\",\"@id\":\"https:\\\/\\\/www.belodonte.es\\\/#website\",\"url\":\"https:\\\/\\\/www.belodonte.es\\\/\",\"name\":\"Cl\u00ednica Belodonte\",\"description\":\"Cl\u00ednica dental en Barcelona\",\"publisher\":{\"@id\":\"https:\\\/\\\/www.belodonte.es\\\/#organization\"},\"potentialAction\":[{\"@type\":\"SearchAction\",\"target\":{\"@type\":\"EntryPoint\",\"urlTemplate\":\"https:\\\/\\\/www.belodonte.es\\\/?s={search_term_string}\"},\"query-input\":{\"@type\":\"PropertyValueSpecification\",\"valueRequired\":true,\"valueName\":\"search_term_string\"}}],\"inLanguage\":\"ca\"},{\"@type\":\"Organization\",\"@id\":\"https:\\\/\\\/www.belodonte.es\\\/#organization\",\"name\":\"Cl\u00ednica Dental Belodonte\",\"url\":\"https:\\\/\\\/www.belodonte.es\\\/\",\"logo\":{\"@type\":\"ImageObject\",\"inLanguage\":\"ca\",\"@id\":\"https:\\\/\\\/www.belodonte.es\\\/#\\\/schema\\\/logo\\\/image\\\/\",\"url\":\"https:\\\/\\\/www.belodonte.es\\\/wp-content\\\/uploads\\\/2021\\\/10\\\/favicon-clinica-belodonte.png\",\"contentUrl\":\"https:\\\/\\\/www.belodonte.es\\\/wp-content\\\/uploads\\\/2021\\\/10\\\/favicon-clinica-belodonte.png\",\"width\":512,\"height\":512,\"caption\":\"Cl\u00ednica Dental Belodonte\"},\"image\":{\"@id\":\"https:\\\/\\\/www.belodonte.es\\\/#\\\/schema\\\/logo\\\/image\\\/\"}},{\"@type\":\"Person\",\"@id\":\"https:\\\/\\\/www.belodonte.es\\\/#\\\/schema\\\/person\\\/af746658db6c58f111ab4e18a476abcd\",\"name\":\"Cl\u00ednica Belodonte\",\"image\":{\"@type\":\"ImageObject\",\"inLanguage\":\"ca\",\"@id\":\"https:\\\/\\\/secure.gravatar.com\\\/avatar\\\/638e9d8d08bf2340d3d84b2996cdb448289ac0a26b32c99af87880a52287f8b8?s=96&d=mm&r=g\",\"url\":\"https:\\\/\\\/secure.gravatar.com\\\/avatar\\\/638e9d8d08bf2340d3d84b2996cdb448289ac0a26b32c99af87880a52287f8b8?s=96&d=mm&r=g\",\"contentUrl\":\"https:\\\/\\\/secure.gravatar.com\\\/avatar\\\/638e9d8d08bf2340d3d84b2996cdb448289ac0a26b32c99af87880a52287f8b8?s=96&d=mm&r=g\",\"caption\":\"Cl\u00ednica Belodonte\"},\"url\":\"https:\\\/\\\/www.belodonte.es\\\/ca\\\/author\\\/wm_mgc\\\/\"}]}<\/script>\n<!-- \/ Yoast SEO plugin. -->","yoast_head_json":{"title":"C\u00e0ries del biber\u00f3: Com succeeix?","description":"Avui t'expliquem en qu\u00e8 consisteix la c\u00e0ries del biber\u00f3, les seves causes, s\u00edmptomes i efectes, tractament i si es pot prevenir.","robots":{"index":"index","follow":"follow","max-snippet":"max-snippet:-1","max-image-preview":"max-image-preview:large","max-video-preview":"max-video-preview:-1"},"canonical":"https:\/\/www.belodonte.es\/ca\/caries-bibero-com-succeeix\/","og_locale":"ca_ES","og_type":"article","og_title":"C\u00e0ries del biber\u00f3: Com succeeix?","og_description":"Avui t'expliquem en qu\u00e8 consisteix la c\u00e0ries del biber\u00f3, les seves causes, s\u00edmptomes i efectes, tractament i si es pot prevenir.","og_url":"https:\/\/www.belodonte.es\/ca\/caries-bibero-com-succeeix\/","og_site_name":"Cl\u00ednica Belodonte","article_published_time":"2022-11-10T06:18:00+00:00","article_modified_time":"2023-10-09T06:24:38+00:00","og_image":[{"width":1024,"height":512,"url":"https:\/\/www.belodonte.es\/wp-content\/uploads\/2023\/10\/caries-del-biberon-1024x512-1.jpeg","type":"image\/jpeg"}],"author":"Cl\u00ednica Belodonte","twitter_card":"summary_large_image","twitter_misc":{"Written by":"Cl\u00ednica Belodonte","Est. reading time":"3 minutes"},"schema":{"@context":"https:\/\/schema.org","@graph":[{"@type":"Article","@id":"https:\/\/www.belodonte.es\/ca\/caries-bibero-com-succeeix\/#article","isPartOf":{"@id":"https:\/\/www.belodonte.es\/ca\/caries-bibero-com-succeeix\/"},"author":{"name":"Cl\u00ednica Belodonte","@id":"https:\/\/www.belodonte.es\/#\/schema\/person\/af746658db6c58f111ab4e18a476abcd"},"headline":"C\u00e0ries del biber\u00f3: Com succeeix?","datePublished":"2022-11-10T06:18:00+00:00","dateModified":"2023-10-09T06:24:38+00:00","mainEntityOfPage":{"@id":"https:\/\/www.belodonte.es\/ca\/caries-bibero-com-succeeix\/"},"wordCount":552,"commentCount":0,"publisher":{"@id":"https:\/\/www.belodonte.es\/#organization"},"image":{"@id":"https:\/\/www.belodonte.es\/ca\/caries-bibero-com-succeeix\/#primaryimage"},"thumbnailUrl":"https:\/\/www.belodonte.es\/wp-content\/uploads\/2023\/10\/caries-del-biberon-1024x512-1.jpeg","articleSection":["Odontopediatria"],"inLanguage":"ca","potentialAction":[{"@type":"CommentAction","name":"Comment","target":["https:\/\/www.belodonte.es\/ca\/caries-bibero-com-succeeix\/#respond"]}]},{"@type":"WebPage","@id":"https:\/\/www.belodonte.es\/ca\/caries-bibero-com-succeeix\/","url":"https:\/\/www.belodonte.es\/ca\/caries-bibero-com-succeeix\/","name":"C\u00e0ries del biber\u00f3: Com succeeix?","isPartOf":{"@id":"https:\/\/www.belodonte.es\/#website"},"primaryImageOfPage":{"@id":"https:\/\/www.belodonte.es\/ca\/caries-bibero-com-succeeix\/#primaryimage"},"image":{"@id":"https:\/\/www.belodonte.es\/ca\/caries-bibero-com-succeeix\/#primaryimage"},"thumbnailUrl":"https:\/\/www.belodonte.es\/wp-content\/uploads\/2023\/10\/caries-del-biberon-1024x512-1.jpeg","datePublished":"2022-11-10T06:18:00+00:00","dateModified":"2023-10-09T06:24:38+00:00","description":"Avui t'expliquem en qu\u00e8 consisteix la c\u00e0ries del biber\u00f3, les seves causes, s\u00edmptomes i efectes, tractament i si es pot prevenir.","breadcrumb":{"@id":"https:\/\/www.belodonte.es\/ca\/caries-bibero-com-succeeix\/#breadcrumb"},"inLanguage":"ca","potentialAction":[{"@type":"ReadAction","target":["https:\/\/www.belodonte.es\/ca\/caries-bibero-com-succeeix\/"]}]},{"@type":"ImageObject","inLanguage":"ca","@id":"https:\/\/www.belodonte.es\/ca\/caries-bibero-com-succeeix\/#primaryimage","url":"https:\/\/www.belodonte.es\/wp-content\/uploads\/2023\/10\/caries-del-biberon-1024x512-1.jpeg","contentUrl":"https:\/\/www.belodonte.es\/wp-content\/uploads\/2023\/10\/caries-del-biberon-1024x512-1.jpeg","width":1024,"height":512,"caption":"c\u00e0ries-del-bibero\u0301"},{"@type":"BreadcrumbList","@id":"https:\/\/www.belodonte.es\/ca\/caries-bibero-com-succeeix\/#breadcrumb","itemListElement":[{"@type":"ListItem","position":1,"name":"Portada","item":"https:\/\/www.belodonte.es\/"},{"@type":"ListItem","position":2,"name":"C\u00e0ries del biber\u00f3: Com succeeix?"}]},{"@type":"WebSite","@id":"https:\/\/www.belodonte.es\/#website","url":"https:\/\/www.belodonte.es\/","name":"Cl\u00ednica Belodonte","description":"Cl\u00ednica dental en Barcelona","publisher":{"@id":"https:\/\/www.belodonte.es\/#organization"},"potentialAction":[{"@type":"SearchAction","target":{"@type":"EntryPoint","urlTemplate":"https:\/\/www.belodonte.es\/?s={search_term_string}"},"query-input":{"@type":"PropertyValueSpecification","valueRequired":true,"valueName":"search_term_string"}}],"inLanguage":"ca"},{"@type":"Organization","@id":"https:\/\/www.belodonte.es\/#organization","name":"Cl\u00ednica Dental Belodonte","url":"https:\/\/www.belodonte.es\/","logo":{"@type":"ImageObject","inLanguage":"ca","@id":"https:\/\/www.belodonte.es\/#\/schema\/logo\/image\/","url":"https:\/\/www.belodonte.es\/wp-content\/uploads\/2021\/10\/favicon-clinica-belodonte.png","contentUrl":"https:\/\/www.belodonte.es\/wp-content\/uploads\/2021\/10\/favicon-clinica-belodonte.png","width":512,"height":512,"caption":"Cl\u00ednica Dental Belodonte"},"image":{"@id":"https:\/\/www.belodonte.es\/#\/schema\/logo\/image\/"}},{"@type":"Person","@id":"https:\/\/www.belodonte.es\/#\/schema\/person\/af746658db6c58f111ab4e18a476abcd","name":"Cl\u00ednica Belodonte","image":{"@type":"ImageObject","inLanguage":"ca","@id":"https:\/\/secure.gravatar.com\/avatar\/638e9d8d08bf2340d3d84b2996cdb448289ac0a26b32c99af87880a52287f8b8?s=96&d=mm&r=g","url":"https:\/\/secure.gravatar.com\/avatar\/638e9d8d08bf2340d3d84b2996cdb448289ac0a26b32c99af87880a52287f8b8?s=96&d=mm&r=g","contentUrl":"https:\/\/secure.gravatar.com\/avatar\/638e9d8d08bf2340d3d84b2996cdb448289ac0a26b32c99af87880a52287f8b8?s=96&d=mm&r=g","caption":"Cl\u00ednica Belodonte"},"url":"https:\/\/www.belodonte.es\/ca\/author\/wm_mgc\/"}]}},"_links":{"self":[{"href":"https:\/\/www.belodonte.es\/ca\/wp-json\/wp\/v2\/posts\/4193","targetHints":{"allow":["GET"]}}],"collection":[{"href":"https:\/\/www.belodonte.es\/ca\/wp-json\/wp\/v2\/posts"}],"about":[{"href":"https:\/\/www.belodonte.es\/ca\/wp-json\/wp\/v2\/types\/post"}],"author":[{"embeddable":true,"href":"https:\/\/www.belodonte.es\/ca\/wp-json\/wp\/v2\/users\/3"}],"replies":[{"embeddable":true,"href":"https:\/\/www.belodonte.es\/ca\/wp-json\/wp\/v2\/comments?post=4193"}],"version-history":[{"count":1,"href":"https:\/\/www.belodonte.es\/ca\/wp-json\/wp\/v2\/posts\/4193\/revisions"}],"predecessor-version":[{"id":4196,"href":"https:\/\/www.belodonte.es\/ca\/wp-json\/wp\/v2\/posts\/4193\/revisions\/4196"}],"wp:featuredmedia":[{"embeddable":true,"href":"https:\/\/www.belodonte.es\/ca\/wp-json\/wp\/v2\/media\/4194"}],"wp:attachment":[{"href":"https:\/\/www.belodonte.es\/ca\/wp-json\/wp\/v2\/media?parent=4193"}],"wp:term":[{"taxonomy":"category","embeddable":true,"href":"https:\/\/www.belodonte.es\/ca\/wp-json\/wp\/v2\/categories?post=4193"},{"taxonomy":"post_tag","embeddable":true,"href":"https:\/\/www.belodonte.es\/ca\/wp-json\/wp\/v2\/tags?post=4193"}],"curies":[{"name":"wp","href":"https:\/\/api.w.org\/{rel}","templated":true}]}}