{"id":4168,"date":"2022-10-18T10:49:00","date_gmt":"2022-10-18T10:49:00","guid":{"rendered":"https:\/\/www.belodonte.es\/?p=4168"},"modified":"2023-10-06T11:08:58","modified_gmt":"2023-10-06T11:08:58","slug":"carilles-dentals-que-son","status":"publish","type":"post","link":"https:\/\/www.belodonte.es\/ca\/carilles-dentals-que-son\/","title":{"rendered":"Carilles dentals: Qu\u00e8 s\u00f3n?"},"content":{"rendered":"\n<p>Amb anterioritat parlem de les<a href=\"https:\/\/www.belodonte.es\/ca\/fundes-dentals-igual-carilles\/\"> <strong>fundes dentals<\/strong><\/a>, un tipus de tractament d&#8217;<a href=\"https:\/\/www.belodonte.es\/ca\/estetica-dental\/\">est\u00e8tica dental<\/a>, i expliquem en qu\u00e8 s&#8217;assemblaven a les\u00a0<strong>carilles\u00a0dentals.<\/strong> Per\u00f2 qu\u00e8 s\u00f3n aquestes i per a qu\u00e8 serveixen? En <strong>Cl\u00ednica\u00a0Belodonte\u00a0som experts en <a href=\"https:\/\/www.belodonte.es\/ca\/estetica-dental\/\">est\u00e8tica dental<\/a> a Barcelona<\/strong>\u00a0i\u00a0per aix\u00f2, avui t&#8217;expliquem sobre aquesta mena de tractament.<\/p>\n\n\n\n<h2 class=\"wp-block-heading\">Qu\u00e8 s\u00f3n les&nbsp;carilles&nbsp;dentals i per a qu\u00e8 s&#8217;usen?<\/h2>\n\n\n\n<p>Les&nbsp;carilles&nbsp;dentals s\u00f3n l\u00e0mines petites i fines fabricades en comp\u00f2sit o porcellana, que s&#8217;adhereixen a la part frontal de les dents per a emmascarar i dissimular problemes.<\/p>\n\n\n\n<p>Tamb\u00e9 denominades facetes o&nbsp;carilles&nbsp;est\u00e8tiques, consisteixen en reconstruccions que tenen com a objectiu millorar l&#8217;est\u00e8tica externa del somriure, ja que permeten aportar-li a la dent brillo, tonalitat o una forma adequada i harm\u00f2nica a les dents. Se solen utilitzar sobretot quan les dents originals presenten una coloraci\u00f3 fosca o estan tacats, o si estan fissurats o tenen formes irregulars. Tamb\u00e9 poden tapar dents fracturades o espais massa amplis entre les dents.<\/p>\n\n\n\n<h2 class=\"wp-block-heading\">Com es col\u00b7loquen?<\/h2>\n\n\n\n<p>El proc\u00e9s d&#8217;aplicaci\u00f3 de les&nbsp;carilles&nbsp;requereix ,&nbsp;almenys, dues visites amb l&#8217;odont\u00f2leg.<\/p>\n\n\n\n<p>En la primera es valorar\u00e0 el problema a tractar, la seva gravetat i les expectatives del pacient. A m\u00e9s, dur\u00e0 a terme la presa d&#8217;un motlle del, o les dents a tractar, i es determinar\u00e0 el color i la lluentor per a la&nbsp;carilla.<\/p>\n\n\n\n<p>Prenent com a refer\u00e8ncia el motlle, el laboratori prot\u00e8tic dental procedir\u00e0 a la fabricaci\u00f3 de les&nbsp;carilles&nbsp;dentals concretes per al pacient. Una vegada acabades, l&#8217;odont\u00f2leg les rebr\u00e0 i les pegar\u00e0 sobre la cara externa de la dent amb un adhesiu especial, elaborat amb ciment de resina.<\/p>\n\n\n\n<p>Les corones i fundes, en haver d&#8217;arreglar problemes m\u00e9s greus i haver de recobrir la dent, han de reduir major quantitat de teixit, la qual cosa les fa m\u00e9s agressives, no&nbsp;obstant aix\u00f2, les&nbsp;carilles&nbsp;s\u00f3n un tractament conservador perqu\u00e8 per a col\u00b7locar-les nom\u00e9s caldr\u00e0 fer una lleu&nbsp;asperitzaci\u00f3&nbsp;de l&#8217;esmalt per a permetre que l&#8217;adhesi\u00f3 de la&nbsp;carilla&nbsp;sigui m\u00e9s f\u00e0cil.<\/p>\n\n\n\n<p>Una vegada les&nbsp;carilles&nbsp;estan enganxades a la dent, el conjunt format entre dent i&nbsp;carilla&nbsp;adquireix resist\u00e8ncia no sols a les possibles fractures, sin\u00f3 tamb\u00e9 a taques. En el cas de les&nbsp;carilles&nbsp;de porcellana, podem dir que aquest material actua com un gran substitut sint\u00e8tic de l&#8217;esmalt dental natural.<\/p>\n\n\n\n<h2 class=\"wp-block-heading\">Quins s\u00f3n els seus avantatges i desavantatges?<\/h2>\n\n\n\n<p>Els avantatges de les\u00a0carilles\u00a0dentals s\u00f3n les seg\u00fcents:<\/p>\n\n\n\n<ul class=\"wp-block-list\">\n<li>Ofereixen un bon resultat est\u00e8tic amb aspecte natural.<\/li>\n\n\n\n<li>Els materials s\u00f3n biocompatibles.<\/li>\n\n\n\n<li>Faciliten la correcci\u00f3 d&#8217;alteracions est\u00e8tiques.<\/li>\n\n\n\n<li>Ofereixen resist\u00e8ncia a la dent i s\u00f3n resistents a taques.<\/li>\n\n\n\n<li>El tractament t\u00e9 un proc\u00e9s m\u00e9s r\u00e0pid i econ\u00f2mic que altres opcions.<\/li>\n\n\n\n<li>No s\u00f3n invasives.<\/li>\n\n\n\n<li>No presenta cap temps de recuperaci\u00f3.<\/li>\n<\/ul>\n\n\n\n<p>D&#8217;altra banda, els desavantatges de les\u00a0carilles\u00a0enfront de fundes o corones s\u00f3n les seg\u00fcents:<\/p>\n\n\n\n<ul class=\"wp-block-list\">\n<li>No ofereix una soluci\u00f3 a problemes de salut bucodental, ja que nom\u00e9s es tracten d&#8217;una opci\u00f3 est\u00e8tica que emmascara i actua com un pegat, per\u00f2 no soluciona els problemes.<\/li>\n\n\n\n<li>Al\u00a0cimentar-se, els resultats s\u00f3n irreversibles, per la qual cosa per a evitar col\u00b7locar una pe\u00e7a que no sigui del to adequat, \u00e9s recomanable portar unes de prova abans, si no hauran de canviar-se.<\/li>\n<\/ul>\n\n\n\n<p>En Cl\u00ednica\u00a0Belodonte\u00a0realitzem la col\u00b7locaci\u00f3 de\u00a0carileas\u00a0dentals en la nostra unitat d&#8217;est\u00e8tica dental. Si vols saber m\u00e9s sobre els nostres tractaments o vols consultar-nos el teu cas, <strong><a href=\"https:\/\/www.belodonte.es\/ca\/demanar-cita\/\">demana&#8217;ns cita <\/a><\/strong>sense comprom\u00eds. T&#8217;informarem encantats!<\/p>\n","protected":false},"excerpt":{"rendered":"<p>Amb anterioritat parlem de les fundes dentals, un tipus de tractament d&#8217;est\u00e8tica dental, i expliquem en qu\u00e8 s&#8217;assemblaven a les\u00a0carilles\u00a0dentals. Per\u00f2 qu\u00e8 s\u00f3n aquestes i per a qu\u00e8 serveixen? En Cl\u00ednica\u00a0Belodonte\u00a0som experts en est\u00e8tica dental a Barcelona\u00a0i\u00a0per aix\u00f2, avui t&#8217;expliquem [&hellip;]<\/p>\n","protected":false},"author":3,"featured_media":4169,"comment_status":"open","ping_status":"open","sticky":false,"template":"","format":"standard","meta":{"site-sidebar-layout":"default","site-content-layout":"","ast-site-content-layout":"default","site-content-style":"default","site-sidebar-style":"default","ast-global-header-display":"","ast-banner-title-visibility":"","ast-main-header-display":"","ast-hfb-above-header-display":"","ast-hfb-below-header-display":"","ast-hfb-mobile-header-display":"","site-post-title":"","ast-breadcrumbs-content":"","ast-featured-img":"","footer-sml-layout":"","ast-disable-related-posts":"","theme-transparent-header-meta":"","adv-header-id-meta":"","stick-header-meta":"","header-above-stick-meta":"","header-main-stick-meta":"","header-below-stick-meta":"","astra-migrate-meta-layouts":"default","ast-page-background-enabled":"default","ast-page-background-meta":{"desktop":{"background-color":"","background-image":"","background-repeat":"repeat","background-position":"center center","background-size":"auto","background-attachment":"scroll","background-type":"","background-media":"","overlay-type":"","overlay-color":"","overlay-opacity":"","overlay-gradient":""},"tablet":{"background-color":"","background-image":"","background-repeat":"repeat","background-position":"center center","background-size":"auto","background-attachment":"scroll","background-type":"","background-media":"","overlay-type":"","overlay-color":"","overlay-opacity":"","overlay-gradient":""},"mobile":{"background-color":"","background-image":"","background-repeat":"repeat","background-position":"center center","background-size":"auto","background-attachment":"scroll","background-type":"","background-media":"","overlay-type":"","overlay-color":"","overlay-opacity":"","overlay-gradient":""}},"ast-content-background-meta":{"desktop":{"background-color":"var(--ast-global-color-5)","background-image":"","background-repeat":"repeat","background-position":"center center","background-size":"auto","background-attachment":"scroll","background-type":"","background-media":"","overlay-type":"","overlay-color":"","overlay-opacity":"","overlay-gradient":""},"tablet":{"background-color":"var(--ast-global-color-5)","background-image":"","background-repeat":"repeat","background-position":"center center","background-size":"auto","background-attachment":"scroll","background-type":"","background-media":"","overlay-type":"","overlay-color":"","overlay-opacity":"","overlay-gradient":""},"mobile":{"background-color":"var(--ast-global-color-5)","background-image":"","background-repeat":"repeat","background-position":"center center","background-size":"auto","background-attachment":"scroll","background-type":"","background-media":"","overlay-type":"","overlay-color":"","overlay-opacity":"","overlay-gradient":""}},"footnotes":""},"categories":[31],"tags":[],"class_list":["post-4168","post","type-post","status-publish","format-standard","has-post-thumbnail","hentry","category-estetica-dental-2"],"yoast_head":"<!-- This site is optimized with the Yoast SEO plugin v27.4 - https:\/\/yoast.com\/product\/yoast-seo-wordpress\/ -->\n<title>Carilles dentals: Qu\u00e8 s\u00f3n?<\/title>\n<meta name=\"description\" content=\"En Cl\u00ednica\u00a0Belodonte\u00a0som experts en est\u00e8tica dental a Barcelona\u00a0i\u00a0per aix\u00f2, avui t&#039;expliquem sobre les carilles dentals.\" \/>\n<meta name=\"robots\" content=\"index, follow, max-snippet:-1, max-image-preview:large, max-video-preview:-1\" \/>\n<link rel=\"canonical\" href=\"https:\/\/www.belodonte.es\/ca\/carilles-dentals-que-son\/\" \/>\n<meta property=\"og:locale\" content=\"ca_ES\" \/>\n<meta property=\"og:type\" content=\"article\" \/>\n<meta property=\"og:title\" content=\"Carilles dentals: Qu\u00e8 s\u00f3n?\" \/>\n<meta property=\"og:description\" content=\"En Cl\u00ednica\u00a0Belodonte\u00a0som experts en est\u00e8tica dental a Barcelona\u00a0i\u00a0per aix\u00f2, avui t&#039;expliquem sobre les carilles dentals.\" \/>\n<meta property=\"og:url\" content=\"https:\/\/www.belodonte.es\/ca\/carilles-dentals-que-son\/\" \/>\n<meta property=\"og:site_name\" content=\"Cl\u00ednica Belodonte\" \/>\n<meta property=\"article:published_time\" content=\"2022-10-18T10:49:00+00:00\" \/>\n<meta property=\"article:modified_time\" content=\"2023-10-06T11:08:58+00:00\" \/>\n<meta property=\"og:image\" content=\"https:\/\/www.belodonte.es\/wp-content\/uploads\/2023\/10\/carilles-dentals.jpeg\" \/>\n\t<meta property=\"og:image:width\" content=\"1200\" \/>\n\t<meta property=\"og:image:height\" content=\"600\" \/>\n\t<meta property=\"og:image:type\" content=\"image\/jpeg\" \/>\n<meta name=\"author\" content=\"Cl\u00ednica Belodonte\" \/>\n<meta name=\"twitter:card\" content=\"summary_large_image\" \/>\n<meta name=\"twitter:label1\" content=\"Written by\" \/>\n\t<meta name=\"twitter:data1\" content=\"Cl\u00ednica Belodonte\" \/>\n\t<meta name=\"twitter:label2\" content=\"Est. reading time\" \/>\n\t<meta name=\"twitter:data2\" content=\"3 minutes\" \/>\n<script type=\"application\/ld+json\" class=\"yoast-schema-graph\">{\"@context\":\"https:\\\/\\\/schema.org\",\"@graph\":[{\"@type\":\"Article\",\"@id\":\"https:\\\/\\\/www.belodonte.es\\\/ca\\\/carilles-dentals-que-son\\\/#article\",\"isPartOf\":{\"@id\":\"https:\\\/\\\/www.belodonte.es\\\/ca\\\/carilles-dentals-que-son\\\/\"},\"author\":{\"name\":\"Cl\u00ednica Belodonte\",\"@id\":\"https:\\\/\\\/www.belodonte.es\\\/#\\\/schema\\\/person\\\/af746658db6c58f111ab4e18a476abcd\"},\"headline\":\"Carilles dentals: Qu\u00e8 s\u00f3n?\",\"datePublished\":\"2022-10-18T10:49:00+00:00\",\"dateModified\":\"2023-10-06T11:08:58+00:00\",\"mainEntityOfPage\":{\"@id\":\"https:\\\/\\\/www.belodonte.es\\\/ca\\\/carilles-dentals-que-son\\\/\"},\"wordCount\":639,\"commentCount\":0,\"publisher\":{\"@id\":\"https:\\\/\\\/www.belodonte.es\\\/#organization\"},\"image\":{\"@id\":\"https:\\\/\\\/www.belodonte.es\\\/ca\\\/carilles-dentals-que-son\\\/#primaryimage\"},\"thumbnailUrl\":\"https:\\\/\\\/www.belodonte.es\\\/wp-content\\\/uploads\\\/2023\\\/10\\\/carilles-dentals.jpeg\",\"articleSection\":[\"Est\u00e9tica dental\"],\"inLanguage\":\"ca\",\"potentialAction\":[{\"@type\":\"CommentAction\",\"name\":\"Comment\",\"target\":[\"https:\\\/\\\/www.belodonte.es\\\/ca\\\/carilles-dentals-que-son\\\/#respond\"]}]},{\"@type\":\"WebPage\",\"@id\":\"https:\\\/\\\/www.belodonte.es\\\/ca\\\/carilles-dentals-que-son\\\/\",\"url\":\"https:\\\/\\\/www.belodonte.es\\\/ca\\\/carilles-dentals-que-son\\\/\",\"name\":\"Carilles dentals: Qu\u00e8 s\u00f3n?\",\"isPartOf\":{\"@id\":\"https:\\\/\\\/www.belodonte.es\\\/#website\"},\"primaryImageOfPage\":{\"@id\":\"https:\\\/\\\/www.belodonte.es\\\/ca\\\/carilles-dentals-que-son\\\/#primaryimage\"},\"image\":{\"@id\":\"https:\\\/\\\/www.belodonte.es\\\/ca\\\/carilles-dentals-que-son\\\/#primaryimage\"},\"thumbnailUrl\":\"https:\\\/\\\/www.belodonte.es\\\/wp-content\\\/uploads\\\/2023\\\/10\\\/carilles-dentals.jpeg\",\"datePublished\":\"2022-10-18T10:49:00+00:00\",\"dateModified\":\"2023-10-06T11:08:58+00:00\",\"description\":\"En Cl\u00ednica\u00a0Belodonte\u00a0som experts en est\u00e8tica dental a Barcelona\u00a0i\u00a0per aix\u00f2, avui t'expliquem sobre les carilles dentals.\",\"breadcrumb\":{\"@id\":\"https:\\\/\\\/www.belodonte.es\\\/ca\\\/carilles-dentals-que-son\\\/#breadcrumb\"},\"inLanguage\":\"ca\",\"potentialAction\":[{\"@type\":\"ReadAction\",\"target\":[\"https:\\\/\\\/www.belodonte.es\\\/ca\\\/carilles-dentals-que-son\\\/\"]}]},{\"@type\":\"ImageObject\",\"inLanguage\":\"ca\",\"@id\":\"https:\\\/\\\/www.belodonte.es\\\/ca\\\/carilles-dentals-que-son\\\/#primaryimage\",\"url\":\"https:\\\/\\\/www.belodonte.es\\\/wp-content\\\/uploads\\\/2023\\\/10\\\/carilles-dentals.jpeg\",\"contentUrl\":\"https:\\\/\\\/www.belodonte.es\\\/wp-content\\\/uploads\\\/2023\\\/10\\\/carilles-dentals.jpeg\",\"width\":1200,\"height\":600,\"caption\":\"carilles dentals\"},{\"@type\":\"BreadcrumbList\",\"@id\":\"https:\\\/\\\/www.belodonte.es\\\/ca\\\/carilles-dentals-que-son\\\/#breadcrumb\",\"itemListElement\":[{\"@type\":\"ListItem\",\"position\":1,\"name\":\"Portada\",\"item\":\"https:\\\/\\\/www.belodonte.es\\\/\"},{\"@type\":\"ListItem\",\"position\":2,\"name\":\"Carilles dentals: Qu\u00e8 s\u00f3n?\"}]},{\"@type\":\"WebSite\",\"@id\":\"https:\\\/\\\/www.belodonte.es\\\/#website\",\"url\":\"https:\\\/\\\/www.belodonte.es\\\/\",\"name\":\"Cl\u00ednica Belodonte\",\"description\":\"Cl\u00ednica dental en Barcelona\",\"publisher\":{\"@id\":\"https:\\\/\\\/www.belodonte.es\\\/#organization\"},\"potentialAction\":[{\"@type\":\"SearchAction\",\"target\":{\"@type\":\"EntryPoint\",\"urlTemplate\":\"https:\\\/\\\/www.belodonte.es\\\/?s={search_term_string}\"},\"query-input\":{\"@type\":\"PropertyValueSpecification\",\"valueRequired\":true,\"valueName\":\"search_term_string\"}}],\"inLanguage\":\"ca\"},{\"@type\":\"Organization\",\"@id\":\"https:\\\/\\\/www.belodonte.es\\\/#organization\",\"name\":\"Cl\u00ednica Dental Belodonte\",\"url\":\"https:\\\/\\\/www.belodonte.es\\\/\",\"logo\":{\"@type\":\"ImageObject\",\"inLanguage\":\"ca\",\"@id\":\"https:\\\/\\\/www.belodonte.es\\\/#\\\/schema\\\/logo\\\/image\\\/\",\"url\":\"https:\\\/\\\/www.belodonte.es\\\/wp-content\\\/uploads\\\/2021\\\/10\\\/favicon-clinica-belodonte.png\",\"contentUrl\":\"https:\\\/\\\/www.belodonte.es\\\/wp-content\\\/uploads\\\/2021\\\/10\\\/favicon-clinica-belodonte.png\",\"width\":512,\"height\":512,\"caption\":\"Cl\u00ednica Dental Belodonte\"},\"image\":{\"@id\":\"https:\\\/\\\/www.belodonte.es\\\/#\\\/schema\\\/logo\\\/image\\\/\"}},{\"@type\":\"Person\",\"@id\":\"https:\\\/\\\/www.belodonte.es\\\/#\\\/schema\\\/person\\\/af746658db6c58f111ab4e18a476abcd\",\"name\":\"Cl\u00ednica Belodonte\",\"image\":{\"@type\":\"ImageObject\",\"inLanguage\":\"ca\",\"@id\":\"https:\\\/\\\/secure.gravatar.com\\\/avatar\\\/638e9d8d08bf2340d3d84b2996cdb448289ac0a26b32c99af87880a52287f8b8?s=96&d=mm&r=g\",\"url\":\"https:\\\/\\\/secure.gravatar.com\\\/avatar\\\/638e9d8d08bf2340d3d84b2996cdb448289ac0a26b32c99af87880a52287f8b8?s=96&d=mm&r=g\",\"contentUrl\":\"https:\\\/\\\/secure.gravatar.com\\\/avatar\\\/638e9d8d08bf2340d3d84b2996cdb448289ac0a26b32c99af87880a52287f8b8?s=96&d=mm&r=g\",\"caption\":\"Cl\u00ednica Belodonte\"},\"url\":\"https:\\\/\\\/www.belodonte.es\\\/ca\\\/author\\\/wm_mgc\\\/\"}]}<\/script>\n<!-- \/ Yoast SEO plugin. -->","yoast_head_json":{"title":"Carilles dentals: Qu\u00e8 s\u00f3n?","description":"En Cl\u00ednica\u00a0Belodonte\u00a0som experts en est\u00e8tica dental a Barcelona\u00a0i\u00a0per aix\u00f2, avui t'expliquem sobre les carilles dentals.","robots":{"index":"index","follow":"follow","max-snippet":"max-snippet:-1","max-image-preview":"max-image-preview:large","max-video-preview":"max-video-preview:-1"},"canonical":"https:\/\/www.belodonte.es\/ca\/carilles-dentals-que-son\/","og_locale":"ca_ES","og_type":"article","og_title":"Carilles dentals: Qu\u00e8 s\u00f3n?","og_description":"En Cl\u00ednica\u00a0Belodonte\u00a0som experts en est\u00e8tica dental a Barcelona\u00a0i\u00a0per aix\u00f2, avui t'expliquem sobre les carilles dentals.","og_url":"https:\/\/www.belodonte.es\/ca\/carilles-dentals-que-son\/","og_site_name":"Cl\u00ednica Belodonte","article_published_time":"2022-10-18T10:49:00+00:00","article_modified_time":"2023-10-06T11:08:58+00:00","og_image":[{"width":1200,"height":600,"url":"https:\/\/www.belodonte.es\/wp-content\/uploads\/2023\/10\/carilles-dentals.jpeg","type":"image\/jpeg"}],"author":"Cl\u00ednica Belodonte","twitter_card":"summary_large_image","twitter_misc":{"Written by":"Cl\u00ednica Belodonte","Est. reading time":"3 minutes"},"schema":{"@context":"https:\/\/schema.org","@graph":[{"@type":"Article","@id":"https:\/\/www.belodonte.es\/ca\/carilles-dentals-que-son\/#article","isPartOf":{"@id":"https:\/\/www.belodonte.es\/ca\/carilles-dentals-que-son\/"},"author":{"name":"Cl\u00ednica Belodonte","@id":"https:\/\/www.belodonte.es\/#\/schema\/person\/af746658db6c58f111ab4e18a476abcd"},"headline":"Carilles dentals: Qu\u00e8 s\u00f3n?","datePublished":"2022-10-18T10:49:00+00:00","dateModified":"2023-10-06T11:08:58+00:00","mainEntityOfPage":{"@id":"https:\/\/www.belodonte.es\/ca\/carilles-dentals-que-son\/"},"wordCount":639,"commentCount":0,"publisher":{"@id":"https:\/\/www.belodonte.es\/#organization"},"image":{"@id":"https:\/\/www.belodonte.es\/ca\/carilles-dentals-que-son\/#primaryimage"},"thumbnailUrl":"https:\/\/www.belodonte.es\/wp-content\/uploads\/2023\/10\/carilles-dentals.jpeg","articleSection":["Est\u00e9tica dental"],"inLanguage":"ca","potentialAction":[{"@type":"CommentAction","name":"Comment","target":["https:\/\/www.belodonte.es\/ca\/carilles-dentals-que-son\/#respond"]}]},{"@type":"WebPage","@id":"https:\/\/www.belodonte.es\/ca\/carilles-dentals-que-son\/","url":"https:\/\/www.belodonte.es\/ca\/carilles-dentals-que-son\/","name":"Carilles dentals: Qu\u00e8 s\u00f3n?","isPartOf":{"@id":"https:\/\/www.belodonte.es\/#website"},"primaryImageOfPage":{"@id":"https:\/\/www.belodonte.es\/ca\/carilles-dentals-que-son\/#primaryimage"},"image":{"@id":"https:\/\/www.belodonte.es\/ca\/carilles-dentals-que-son\/#primaryimage"},"thumbnailUrl":"https:\/\/www.belodonte.es\/wp-content\/uploads\/2023\/10\/carilles-dentals.jpeg","datePublished":"2022-10-18T10:49:00+00:00","dateModified":"2023-10-06T11:08:58+00:00","description":"En Cl\u00ednica\u00a0Belodonte\u00a0som experts en est\u00e8tica dental a Barcelona\u00a0i\u00a0per aix\u00f2, avui t'expliquem sobre les carilles dentals.","breadcrumb":{"@id":"https:\/\/www.belodonte.es\/ca\/carilles-dentals-que-son\/#breadcrumb"},"inLanguage":"ca","potentialAction":[{"@type":"ReadAction","target":["https:\/\/www.belodonte.es\/ca\/carilles-dentals-que-son\/"]}]},{"@type":"ImageObject","inLanguage":"ca","@id":"https:\/\/www.belodonte.es\/ca\/carilles-dentals-que-son\/#primaryimage","url":"https:\/\/www.belodonte.es\/wp-content\/uploads\/2023\/10\/carilles-dentals.jpeg","contentUrl":"https:\/\/www.belodonte.es\/wp-content\/uploads\/2023\/10\/carilles-dentals.jpeg","width":1200,"height":600,"caption":"carilles dentals"},{"@type":"BreadcrumbList","@id":"https:\/\/www.belodonte.es\/ca\/carilles-dentals-que-son\/#breadcrumb","itemListElement":[{"@type":"ListItem","position":1,"name":"Portada","item":"https:\/\/www.belodonte.es\/"},{"@type":"ListItem","position":2,"name":"Carilles dentals: Qu\u00e8 s\u00f3n?"}]},{"@type":"WebSite","@id":"https:\/\/www.belodonte.es\/#website","url":"https:\/\/www.belodonte.es\/","name":"Cl\u00ednica Belodonte","description":"Cl\u00ednica dental en Barcelona","publisher":{"@id":"https:\/\/www.belodonte.es\/#organization"},"potentialAction":[{"@type":"SearchAction","target":{"@type":"EntryPoint","urlTemplate":"https:\/\/www.belodonte.es\/?s={search_term_string}"},"query-input":{"@type":"PropertyValueSpecification","valueRequired":true,"valueName":"search_term_string"}}],"inLanguage":"ca"},{"@type":"Organization","@id":"https:\/\/www.belodonte.es\/#organization","name":"Cl\u00ednica Dental Belodonte","url":"https:\/\/www.belodonte.es\/","logo":{"@type":"ImageObject","inLanguage":"ca","@id":"https:\/\/www.belodonte.es\/#\/schema\/logo\/image\/","url":"https:\/\/www.belodonte.es\/wp-content\/uploads\/2021\/10\/favicon-clinica-belodonte.png","contentUrl":"https:\/\/www.belodonte.es\/wp-content\/uploads\/2021\/10\/favicon-clinica-belodonte.png","width":512,"height":512,"caption":"Cl\u00ednica Dental Belodonte"},"image":{"@id":"https:\/\/www.belodonte.es\/#\/schema\/logo\/image\/"}},{"@type":"Person","@id":"https:\/\/www.belodonte.es\/#\/schema\/person\/af746658db6c58f111ab4e18a476abcd","name":"Cl\u00ednica Belodonte","image":{"@type":"ImageObject","inLanguage":"ca","@id":"https:\/\/secure.gravatar.com\/avatar\/638e9d8d08bf2340d3d84b2996cdb448289ac0a26b32c99af87880a52287f8b8?s=96&d=mm&r=g","url":"https:\/\/secure.gravatar.com\/avatar\/638e9d8d08bf2340d3d84b2996cdb448289ac0a26b32c99af87880a52287f8b8?s=96&d=mm&r=g","contentUrl":"https:\/\/secure.gravatar.com\/avatar\/638e9d8d08bf2340d3d84b2996cdb448289ac0a26b32c99af87880a52287f8b8?s=96&d=mm&r=g","caption":"Cl\u00ednica Belodonte"},"url":"https:\/\/www.belodonte.es\/ca\/author\/wm_mgc\/"}]}},"_links":{"self":[{"href":"https:\/\/www.belodonte.es\/ca\/wp-json\/wp\/v2\/posts\/4168","targetHints":{"allow":["GET"]}}],"collection":[{"href":"https:\/\/www.belodonte.es\/ca\/wp-json\/wp\/v2\/posts"}],"about":[{"href":"https:\/\/www.belodonte.es\/ca\/wp-json\/wp\/v2\/types\/post"}],"author":[{"embeddable":true,"href":"https:\/\/www.belodonte.es\/ca\/wp-json\/wp\/v2\/users\/3"}],"replies":[{"embeddable":true,"href":"https:\/\/www.belodonte.es\/ca\/wp-json\/wp\/v2\/comments?post=4168"}],"version-history":[{"count":1,"href":"https:\/\/www.belodonte.es\/ca\/wp-json\/wp\/v2\/posts\/4168\/revisions"}],"predecessor-version":[{"id":4171,"href":"https:\/\/www.belodonte.es\/ca\/wp-json\/wp\/v2\/posts\/4168\/revisions\/4171"}],"wp:featuredmedia":[{"embeddable":true,"href":"https:\/\/www.belodonte.es\/ca\/wp-json\/wp\/v2\/media\/4169"}],"wp:attachment":[{"href":"https:\/\/www.belodonte.es\/ca\/wp-json\/wp\/v2\/media?parent=4168"}],"wp:term":[{"taxonomy":"category","embeddable":true,"href":"https:\/\/www.belodonte.es\/ca\/wp-json\/wp\/v2\/categories?post=4168"},{"taxonomy":"post_tag","embeddable":true,"href":"https:\/\/www.belodonte.es\/ca\/wp-json\/wp\/v2\/tags?post=4168"}],"curies":[{"name":"wp","href":"https:\/\/api.w.org\/{rel}","templated":true}]}}