{"id":4163,"date":"2022-10-13T10:36:00","date_gmt":"2022-10-13T10:36:00","guid":{"rendered":"https:\/\/www.belodonte.es\/?p=4163"},"modified":"2023-10-06T10:43:14","modified_gmt":"2023-10-06T10:43:14","slug":"ortodoncia-nens-quan-com-escollir","status":"publish","type":"post","link":"https:\/\/www.belodonte.es\/ca\/ortodoncia-nens-quan-com-escollir\/","title":{"rendered":"Ortod\u00f2ncia en nens: Quan i com escollir-la?"},"content":{"rendered":"\n<p>Com expliquem en un article anterior, les dents de llet s\u00f3n importants pel fet que marquen la pauta de les dents definitives. Si aquests no surten b\u00e9, caldr\u00e0 realitzar una<strong> <a href=\"https:\/\/www.belodonte.es\/ca\/ortodoncia\/\">ortod\u00f2ncia<\/a> en nens.<\/strong><\/p>\n\n\n\n<p>En <strong>Cl\u00ednica\u00a0Belodonte\u00a0som experts en <a href=\"https:\/\/www.belodonte.es\/ca\/ortodoncia-brackets\/\">Ortod\u00f2ncia<\/a> i <a href=\"https:\/\/www.belodonte.es\/ca\/odontopediatria\/\">Odontopediatria<\/a> a Barcelona<\/strong>, per aix\u00f2, avui t&#8217;expliquem et comptem a partir de quina edat s&#8217;han de tenir en compte i com triar l&#8217;ortod\u00f2ncia.<\/p>\n\n\n\n<h2 class=\"wp-block-heading\">Quan valorar l&#8217;ortod\u00f2ncia en nens?<\/h2>\n\n\n\n<p>Se sol considerar que el moment per a iniciar un tractament d&#8217;ortod\u00f2ncia \u00e9s entre els 12 i 13 anys, quan totes les peces dentals permanents ja s\u00f3n presents. No obstant aix\u00f2, aquest no \u00e9s el millor moment, ja que per a llavors ja pot ser tard.<\/p>\n\n\n\n<p>Segons la Societat Espanyola d&#8217;Ortod\u00f2ncia (SEDO) el millor \u00e9s com m\u00e9s aviat millor, \u00e9s a dir, sobre els 6 anys. Aix\u00ed, el dentista podr\u00e0 valorar la posici\u00f3 de les dents, la mossegada i el creixement maxil\u00b7lar.<\/p>\n\n\n\n<p>A partir dels 6 anys arrenca la dentici\u00f3 permanent, canviant les dents de llet pels definitius, i fins als 12 anys la dentici\u00f3 \u00e9s mixta. Aix\u00f2 fa refer\u00e8ncia a la conviv\u00e8ncia de dents de llet i permanents fins que es dona el canvi complet.<\/p>\n\n\n\n<p>Si s&#8217;actua sobre la dentici\u00f3 mixta, es podr\u00e0 corregir a temps les possibles malposicions o alineacions de les dents noves, aix\u00ed com mantenir els espais i promoure aix\u00ed que a la sortida dels molars les dents encaixin, i no es donin problemes com\u00a0sobremossegada i apinyament.<\/p>\n\n\n\n<p>Aix\u00ed mateix, aquesta \u00e9s una \u00e8poca en qu\u00e8 els ossos maxil\u00b7lars estan en creixement, per la qual cosa poden modelar-se per a corregir problemes de manera preventiva.<\/p>\n\n\n\n<p>Aix\u00f2 \u00e9s important, ja que si s&#8217;actua mentre les estructures bucodentals estan en desenvolupament, el proc\u00e9s ser\u00e0 m\u00e9s f\u00e0cil i r\u00e0pid que en l&#8217;adultesa, en qu\u00e8 potser havien d&#8217;emprar-se procediments m\u00e9s dr\u00e0stics, complicats o lents.<\/p>\n\n\n\n<h2 class=\"wp-block-heading\">Com triar l&#8217;ortod\u00f2ncia en nens?<\/h2>\n\n\n\n<p>Existeixen, per tant, dos moments claus en refer\u00e8ncia a la col\u00b7locaci\u00f3 d&#8217;ortod\u00f2ncia en nens, els 6 i els 12 anys.<\/p>\n\n\n\n<p>Depenent de l&#8217;edat i del tipus de problema, l&#8217;ortod\u00f2ncia ser\u00e0 interceptiva (o amovible) o fixa.<\/p>\n\n\n\n<p>L&#8217;ortod\u00f2ncia interceptiva \u00e9s l&#8217;empleada en casos de nens m\u00e9s petits, que encara disposen de dents de llet o mixtos. Rep el seu nom pel fet que s&#8217;intercepta un possible problema futur i es pret\u00e9n prevenir-ho.<\/p>\n\n\n\n<p>Per a aix\u00f2, s&#8217;empra una funda fabricada amb material acr\u00edlic, que se sost\u00e9 en l&#8217;arcada mitjan\u00e7ant unes subjeccions. Aix\u00ed s&#8217;aconsegueix corregir la mossegada, expandir l&#8217;arcada o generar alguns despla\u00e7aments de dents.<\/p>\n\n\n\n<p>D&#8217;altra banda, es troba l&#8217;ortod\u00f2ncia fixa o&nbsp;brackets, que es col\u00b7loquen sobre els 12 anys d&#8217;edat, ja amb les dents definitives. Aquest tipus de&nbsp;bracket&nbsp;podr\u00e0 ser met\u00e0l\u00b7lic, de safir, de porcellana, linguals, o invisibles.<\/p>\n\n\n\n<p>El tipus de&nbsp;bracket&nbsp;fix dependr\u00e0 de la durada del tractament i de les expectatives est\u00e8tiques del pacient.<\/p>\n\n\n\n<p>En Cl\u00ednica\u00a0Belodonte\u00a0cuidem del somriure dels m\u00e9s petits i tractem els seus possibles problemes en els nostres serveis d&#8217;Ortod\u00f2ncia i d&#8217;Odontopediatria. Si vols saber m\u00e9s acosta o vols consultar-nos el teu cas, <a href=\"https:\/\/www.belodonte.es\/ca\/demanar-cita\/\"><strong>demana&#8217;ns cita<\/strong><\/a> sense comprom\u00eds. T&#8217;informarem encantats!<\/p>\n","protected":false},"excerpt":{"rendered":"<p>Com expliquem en un article anterior, les dents de llet s\u00f3n importants pel fet que marquen la pauta de les dents definitives. Si aquests no surten b\u00e9, caldr\u00e0 realitzar una ortod\u00f2ncia en nens. En Cl\u00ednica\u00a0Belodonte\u00a0som experts en Ortod\u00f2ncia i Odontopediatria [&hellip;]<\/p>\n","protected":false},"author":3,"featured_media":4164,"comment_status":"open","ping_status":"open","sticky":false,"template":"","format":"standard","meta":{"site-sidebar-layout":"default","site-content-layout":"","ast-site-content-layout":"default","site-content-style":"default","site-sidebar-style":"default","ast-global-header-display":"","ast-banner-title-visibility":"","ast-main-header-display":"","ast-hfb-above-header-display":"","ast-hfb-below-header-display":"","ast-hfb-mobile-header-display":"","site-post-title":"","ast-breadcrumbs-content":"","ast-featured-img":"","footer-sml-layout":"","ast-disable-related-posts":"","theme-transparent-header-meta":"","adv-header-id-meta":"","stick-header-meta":"","header-above-stick-meta":"","header-main-stick-meta":"","header-below-stick-meta":"","astra-migrate-meta-layouts":"default","ast-page-background-enabled":"default","ast-page-background-meta":{"desktop":{"background-color":"","background-image":"","background-repeat":"repeat","background-position":"center center","background-size":"auto","background-attachment":"scroll","background-type":"","background-media":"","overlay-type":"","overlay-color":"","overlay-opacity":"","overlay-gradient":""},"tablet":{"background-color":"","background-image":"","background-repeat":"repeat","background-position":"center center","background-size":"auto","background-attachment":"scroll","background-type":"","background-media":"","overlay-type":"","overlay-color":"","overlay-opacity":"","overlay-gradient":""},"mobile":{"background-color":"","background-image":"","background-repeat":"repeat","background-position":"center center","background-size":"auto","background-attachment":"scroll","background-type":"","background-media":"","overlay-type":"","overlay-color":"","overlay-opacity":"","overlay-gradient":""}},"ast-content-background-meta":{"desktop":{"background-color":"var(--ast-global-color-5)","background-image":"","background-repeat":"repeat","background-position":"center center","background-size":"auto","background-attachment":"scroll","background-type":"","background-media":"","overlay-type":"","overlay-color":"","overlay-opacity":"","overlay-gradient":""},"tablet":{"background-color":"var(--ast-global-color-5)","background-image":"","background-repeat":"repeat","background-position":"center center","background-size":"auto","background-attachment":"scroll","background-type":"","background-media":"","overlay-type":"","overlay-color":"","overlay-opacity":"","overlay-gradient":""},"mobile":{"background-color":"var(--ast-global-color-5)","background-image":"","background-repeat":"repeat","background-position":"center center","background-size":"auto","background-attachment":"scroll","background-type":"","background-media":"","overlay-type":"","overlay-color":"","overlay-opacity":"","overlay-gradient":""}},"footnotes":""},"categories":[35,19],"tags":[],"class_list":["post-4163","post","type-post","status-publish","format-standard","has-post-thumbnail","hentry","category-odontopediatria-2","category-ortodoncia-2"],"yoast_head":"<!-- This site is optimized with the Yoast SEO plugin v27.4 - https:\/\/yoast.com\/product\/yoast-seo-wordpress\/ -->\n<title>Ortod\u00f2ncia en nens: Quan i com escollir-la?<\/title>\n<meta name=\"description\" content=\"Les dents de llet s\u00f3n importants pel fet que marquen la pauta de les dents definitives. Si aquests no surten b\u00e9, cal una ortod\u00f2ncia en nens.\" \/>\n<meta name=\"robots\" content=\"index, follow, max-snippet:-1, max-image-preview:large, max-video-preview:-1\" \/>\n<link rel=\"canonical\" href=\"https:\/\/www.belodonte.es\/ca\/ortodoncia-nens-quan-com-escollir\/\" \/>\n<meta property=\"og:locale\" content=\"ca_ES\" \/>\n<meta property=\"og:type\" content=\"article\" \/>\n<meta property=\"og:title\" content=\"Ortod\u00f2ncia en nens: Quan i com escollir-la?\" \/>\n<meta property=\"og:description\" content=\"Les dents de llet s\u00f3n importants pel fet que marquen la pauta de les dents definitives. Si aquests no surten b\u00e9, cal una ortod\u00f2ncia en nens.\" \/>\n<meta property=\"og:url\" content=\"https:\/\/www.belodonte.es\/ca\/ortodoncia-nens-quan-com-escollir\/\" \/>\n<meta property=\"og:site_name\" content=\"Cl\u00ednica Belodonte\" \/>\n<meta property=\"article:published_time\" content=\"2022-10-13T10:36:00+00:00\" \/>\n<meta property=\"article:modified_time\" content=\"2023-10-06T10:43:14+00:00\" \/>\n<meta property=\"og:image\" content=\"https:\/\/www.belodonte.es\/wp-content\/uploads\/2023\/10\/ortodoncia-en-nens.jpeg\" \/>\n\t<meta property=\"og:image:width\" content=\"1200\" \/>\n\t<meta property=\"og:image:height\" content=\"600\" \/>\n\t<meta property=\"og:image:type\" content=\"image\/jpeg\" \/>\n<meta name=\"author\" content=\"Cl\u00ednica Belodonte\" \/>\n<meta name=\"twitter:card\" content=\"summary_large_image\" \/>\n<meta name=\"twitter:label1\" content=\"Written by\" \/>\n\t<meta name=\"twitter:data1\" content=\"Cl\u00ednica Belodonte\" \/>\n\t<meta name=\"twitter:label2\" content=\"Est. reading time\" \/>\n\t<meta name=\"twitter:data2\" content=\"3 minutes\" \/>\n<script type=\"application\/ld+json\" class=\"yoast-schema-graph\">{\"@context\":\"https:\\\/\\\/schema.org\",\"@graph\":[{\"@type\":\"Article\",\"@id\":\"https:\\\/\\\/www.belodonte.es\\\/ca\\\/ortodoncia-nens-quan-com-escollir\\\/#article\",\"isPartOf\":{\"@id\":\"https:\\\/\\\/www.belodonte.es\\\/ca\\\/ortodoncia-nens-quan-com-escollir\\\/\"},\"author\":{\"name\":\"Cl\u00ednica Belodonte\",\"@id\":\"https:\\\/\\\/www.belodonte.es\\\/#\\\/schema\\\/person\\\/af746658db6c58f111ab4e18a476abcd\"},\"headline\":\"Ortod\u00f2ncia en nens: Quan i com escollir-la?\",\"datePublished\":\"2022-10-13T10:36:00+00:00\",\"dateModified\":\"2023-10-06T10:43:14+00:00\",\"mainEntityOfPage\":{\"@id\":\"https:\\\/\\\/www.belodonte.es\\\/ca\\\/ortodoncia-nens-quan-com-escollir\\\/\"},\"wordCount\":547,\"commentCount\":0,\"publisher\":{\"@id\":\"https:\\\/\\\/www.belodonte.es\\\/#organization\"},\"image\":{\"@id\":\"https:\\\/\\\/www.belodonte.es\\\/ca\\\/ortodoncia-nens-quan-com-escollir\\\/#primaryimage\"},\"thumbnailUrl\":\"https:\\\/\\\/www.belodonte.es\\\/wp-content\\\/uploads\\\/2023\\\/10\\\/ortodoncia-en-nens.jpeg\",\"articleSection\":[\"Odontopediatria\",\"Ortod\u00f2ncia\"],\"inLanguage\":\"ca\",\"potentialAction\":[{\"@type\":\"CommentAction\",\"name\":\"Comment\",\"target\":[\"https:\\\/\\\/www.belodonte.es\\\/ca\\\/ortodoncia-nens-quan-com-escollir\\\/#respond\"]}]},{\"@type\":\"WebPage\",\"@id\":\"https:\\\/\\\/www.belodonte.es\\\/ca\\\/ortodoncia-nens-quan-com-escollir\\\/\",\"url\":\"https:\\\/\\\/www.belodonte.es\\\/ca\\\/ortodoncia-nens-quan-com-escollir\\\/\",\"name\":\"Ortod\u00f2ncia en nens: Quan i com escollir-la?\",\"isPartOf\":{\"@id\":\"https:\\\/\\\/www.belodonte.es\\\/#website\"},\"primaryImageOfPage\":{\"@id\":\"https:\\\/\\\/www.belodonte.es\\\/ca\\\/ortodoncia-nens-quan-com-escollir\\\/#primaryimage\"},\"image\":{\"@id\":\"https:\\\/\\\/www.belodonte.es\\\/ca\\\/ortodoncia-nens-quan-com-escollir\\\/#primaryimage\"},\"thumbnailUrl\":\"https:\\\/\\\/www.belodonte.es\\\/wp-content\\\/uploads\\\/2023\\\/10\\\/ortodoncia-en-nens.jpeg\",\"datePublished\":\"2022-10-13T10:36:00+00:00\",\"dateModified\":\"2023-10-06T10:43:14+00:00\",\"description\":\"Les dents de llet s\u00f3n importants pel fet que marquen la pauta de les dents definitives. Si aquests no surten b\u00e9, cal una ortod\u00f2ncia en nens.\",\"breadcrumb\":{\"@id\":\"https:\\\/\\\/www.belodonte.es\\\/ca\\\/ortodoncia-nens-quan-com-escollir\\\/#breadcrumb\"},\"inLanguage\":\"ca\",\"potentialAction\":[{\"@type\":\"ReadAction\",\"target\":[\"https:\\\/\\\/www.belodonte.es\\\/ca\\\/ortodoncia-nens-quan-com-escollir\\\/\"]}]},{\"@type\":\"ImageObject\",\"inLanguage\":\"ca\",\"@id\":\"https:\\\/\\\/www.belodonte.es\\\/ca\\\/ortodoncia-nens-quan-com-escollir\\\/#primaryimage\",\"url\":\"https:\\\/\\\/www.belodonte.es\\\/wp-content\\\/uploads\\\/2023\\\/10\\\/ortodoncia-en-nens.jpeg\",\"contentUrl\":\"https:\\\/\\\/www.belodonte.es\\\/wp-content\\\/uploads\\\/2023\\\/10\\\/ortodoncia-en-nens.jpeg\",\"width\":1200,\"height\":600,\"caption\":\"ortodoncia-en-nens\"},{\"@type\":\"BreadcrumbList\",\"@id\":\"https:\\\/\\\/www.belodonte.es\\\/ca\\\/ortodoncia-nens-quan-com-escollir\\\/#breadcrumb\",\"itemListElement\":[{\"@type\":\"ListItem\",\"position\":1,\"name\":\"Portada\",\"item\":\"https:\\\/\\\/www.belodonte.es\\\/\"},{\"@type\":\"ListItem\",\"position\":2,\"name\":\"Ortod\u00f2ncia en nens: Quan i com escollir-la?\"}]},{\"@type\":\"WebSite\",\"@id\":\"https:\\\/\\\/www.belodonte.es\\\/#website\",\"url\":\"https:\\\/\\\/www.belodonte.es\\\/\",\"name\":\"Cl\u00ednica Belodonte\",\"description\":\"Cl\u00ednica dental en Barcelona\",\"publisher\":{\"@id\":\"https:\\\/\\\/www.belodonte.es\\\/#organization\"},\"potentialAction\":[{\"@type\":\"SearchAction\",\"target\":{\"@type\":\"EntryPoint\",\"urlTemplate\":\"https:\\\/\\\/www.belodonte.es\\\/?s={search_term_string}\"},\"query-input\":{\"@type\":\"PropertyValueSpecification\",\"valueRequired\":true,\"valueName\":\"search_term_string\"}}],\"inLanguage\":\"ca\"},{\"@type\":\"Organization\",\"@id\":\"https:\\\/\\\/www.belodonte.es\\\/#organization\",\"name\":\"Cl\u00ednica Dental Belodonte\",\"url\":\"https:\\\/\\\/www.belodonte.es\\\/\",\"logo\":{\"@type\":\"ImageObject\",\"inLanguage\":\"ca\",\"@id\":\"https:\\\/\\\/www.belodonte.es\\\/#\\\/schema\\\/logo\\\/image\\\/\",\"url\":\"https:\\\/\\\/www.belodonte.es\\\/wp-content\\\/uploads\\\/2021\\\/10\\\/favicon-clinica-belodonte.png\",\"contentUrl\":\"https:\\\/\\\/www.belodonte.es\\\/wp-content\\\/uploads\\\/2021\\\/10\\\/favicon-clinica-belodonte.png\",\"width\":512,\"height\":512,\"caption\":\"Cl\u00ednica Dental Belodonte\"},\"image\":{\"@id\":\"https:\\\/\\\/www.belodonte.es\\\/#\\\/schema\\\/logo\\\/image\\\/\"}},{\"@type\":\"Person\",\"@id\":\"https:\\\/\\\/www.belodonte.es\\\/#\\\/schema\\\/person\\\/af746658db6c58f111ab4e18a476abcd\",\"name\":\"Cl\u00ednica Belodonte\",\"image\":{\"@type\":\"ImageObject\",\"inLanguage\":\"ca\",\"@id\":\"https:\\\/\\\/secure.gravatar.com\\\/avatar\\\/638e9d8d08bf2340d3d84b2996cdb448289ac0a26b32c99af87880a52287f8b8?s=96&d=mm&r=g\",\"url\":\"https:\\\/\\\/secure.gravatar.com\\\/avatar\\\/638e9d8d08bf2340d3d84b2996cdb448289ac0a26b32c99af87880a52287f8b8?s=96&d=mm&r=g\",\"contentUrl\":\"https:\\\/\\\/secure.gravatar.com\\\/avatar\\\/638e9d8d08bf2340d3d84b2996cdb448289ac0a26b32c99af87880a52287f8b8?s=96&d=mm&r=g\",\"caption\":\"Cl\u00ednica Belodonte\"},\"url\":\"https:\\\/\\\/www.belodonte.es\\\/ca\\\/author\\\/wm_mgc\\\/\"}]}<\/script>\n<!-- \/ Yoast SEO plugin. -->","yoast_head_json":{"title":"Ortod\u00f2ncia en nens: Quan i com escollir-la?","description":"Les dents de llet s\u00f3n importants pel fet que marquen la pauta de les dents definitives. Si aquests no surten b\u00e9, cal una ortod\u00f2ncia en nens.","robots":{"index":"index","follow":"follow","max-snippet":"max-snippet:-1","max-image-preview":"max-image-preview:large","max-video-preview":"max-video-preview:-1"},"canonical":"https:\/\/www.belodonte.es\/ca\/ortodoncia-nens-quan-com-escollir\/","og_locale":"ca_ES","og_type":"article","og_title":"Ortod\u00f2ncia en nens: Quan i com escollir-la?","og_description":"Les dents de llet s\u00f3n importants pel fet que marquen la pauta de les dents definitives. Si aquests no surten b\u00e9, cal una ortod\u00f2ncia en nens.","og_url":"https:\/\/www.belodonte.es\/ca\/ortodoncia-nens-quan-com-escollir\/","og_site_name":"Cl\u00ednica Belodonte","article_published_time":"2022-10-13T10:36:00+00:00","article_modified_time":"2023-10-06T10:43:14+00:00","og_image":[{"width":1200,"height":600,"url":"https:\/\/www.belodonte.es\/wp-content\/uploads\/2023\/10\/ortodoncia-en-nens.jpeg","type":"image\/jpeg"}],"author":"Cl\u00ednica Belodonte","twitter_card":"summary_large_image","twitter_misc":{"Written by":"Cl\u00ednica Belodonte","Est. reading time":"3 minutes"},"schema":{"@context":"https:\/\/schema.org","@graph":[{"@type":"Article","@id":"https:\/\/www.belodonte.es\/ca\/ortodoncia-nens-quan-com-escollir\/#article","isPartOf":{"@id":"https:\/\/www.belodonte.es\/ca\/ortodoncia-nens-quan-com-escollir\/"},"author":{"name":"Cl\u00ednica Belodonte","@id":"https:\/\/www.belodonte.es\/#\/schema\/person\/af746658db6c58f111ab4e18a476abcd"},"headline":"Ortod\u00f2ncia en nens: Quan i com escollir-la?","datePublished":"2022-10-13T10:36:00+00:00","dateModified":"2023-10-06T10:43:14+00:00","mainEntityOfPage":{"@id":"https:\/\/www.belodonte.es\/ca\/ortodoncia-nens-quan-com-escollir\/"},"wordCount":547,"commentCount":0,"publisher":{"@id":"https:\/\/www.belodonte.es\/#organization"},"image":{"@id":"https:\/\/www.belodonte.es\/ca\/ortodoncia-nens-quan-com-escollir\/#primaryimage"},"thumbnailUrl":"https:\/\/www.belodonte.es\/wp-content\/uploads\/2023\/10\/ortodoncia-en-nens.jpeg","articleSection":["Odontopediatria","Ortod\u00f2ncia"],"inLanguage":"ca","potentialAction":[{"@type":"CommentAction","name":"Comment","target":["https:\/\/www.belodonte.es\/ca\/ortodoncia-nens-quan-com-escollir\/#respond"]}]},{"@type":"WebPage","@id":"https:\/\/www.belodonte.es\/ca\/ortodoncia-nens-quan-com-escollir\/","url":"https:\/\/www.belodonte.es\/ca\/ortodoncia-nens-quan-com-escollir\/","name":"Ortod\u00f2ncia en nens: Quan i com escollir-la?","isPartOf":{"@id":"https:\/\/www.belodonte.es\/#website"},"primaryImageOfPage":{"@id":"https:\/\/www.belodonte.es\/ca\/ortodoncia-nens-quan-com-escollir\/#primaryimage"},"image":{"@id":"https:\/\/www.belodonte.es\/ca\/ortodoncia-nens-quan-com-escollir\/#primaryimage"},"thumbnailUrl":"https:\/\/www.belodonte.es\/wp-content\/uploads\/2023\/10\/ortodoncia-en-nens.jpeg","datePublished":"2022-10-13T10:36:00+00:00","dateModified":"2023-10-06T10:43:14+00:00","description":"Les dents de llet s\u00f3n importants pel fet que marquen la pauta de les dents definitives. Si aquests no surten b\u00e9, cal una ortod\u00f2ncia en nens.","breadcrumb":{"@id":"https:\/\/www.belodonte.es\/ca\/ortodoncia-nens-quan-com-escollir\/#breadcrumb"},"inLanguage":"ca","potentialAction":[{"@type":"ReadAction","target":["https:\/\/www.belodonte.es\/ca\/ortodoncia-nens-quan-com-escollir\/"]}]},{"@type":"ImageObject","inLanguage":"ca","@id":"https:\/\/www.belodonte.es\/ca\/ortodoncia-nens-quan-com-escollir\/#primaryimage","url":"https:\/\/www.belodonte.es\/wp-content\/uploads\/2023\/10\/ortodoncia-en-nens.jpeg","contentUrl":"https:\/\/www.belodonte.es\/wp-content\/uploads\/2023\/10\/ortodoncia-en-nens.jpeg","width":1200,"height":600,"caption":"ortodoncia-en-nens"},{"@type":"BreadcrumbList","@id":"https:\/\/www.belodonte.es\/ca\/ortodoncia-nens-quan-com-escollir\/#breadcrumb","itemListElement":[{"@type":"ListItem","position":1,"name":"Portada","item":"https:\/\/www.belodonte.es\/"},{"@type":"ListItem","position":2,"name":"Ortod\u00f2ncia en nens: Quan i com escollir-la?"}]},{"@type":"WebSite","@id":"https:\/\/www.belodonte.es\/#website","url":"https:\/\/www.belodonte.es\/","name":"Cl\u00ednica Belodonte","description":"Cl\u00ednica dental en Barcelona","publisher":{"@id":"https:\/\/www.belodonte.es\/#organization"},"potentialAction":[{"@type":"SearchAction","target":{"@type":"EntryPoint","urlTemplate":"https:\/\/www.belodonte.es\/?s={search_term_string}"},"query-input":{"@type":"PropertyValueSpecification","valueRequired":true,"valueName":"search_term_string"}}],"inLanguage":"ca"},{"@type":"Organization","@id":"https:\/\/www.belodonte.es\/#organization","name":"Cl\u00ednica Dental Belodonte","url":"https:\/\/www.belodonte.es\/","logo":{"@type":"ImageObject","inLanguage":"ca","@id":"https:\/\/www.belodonte.es\/#\/schema\/logo\/image\/","url":"https:\/\/www.belodonte.es\/wp-content\/uploads\/2021\/10\/favicon-clinica-belodonte.png","contentUrl":"https:\/\/www.belodonte.es\/wp-content\/uploads\/2021\/10\/favicon-clinica-belodonte.png","width":512,"height":512,"caption":"Cl\u00ednica Dental Belodonte"},"image":{"@id":"https:\/\/www.belodonte.es\/#\/schema\/logo\/image\/"}},{"@type":"Person","@id":"https:\/\/www.belodonte.es\/#\/schema\/person\/af746658db6c58f111ab4e18a476abcd","name":"Cl\u00ednica Belodonte","image":{"@type":"ImageObject","inLanguage":"ca","@id":"https:\/\/secure.gravatar.com\/avatar\/638e9d8d08bf2340d3d84b2996cdb448289ac0a26b32c99af87880a52287f8b8?s=96&d=mm&r=g","url":"https:\/\/secure.gravatar.com\/avatar\/638e9d8d08bf2340d3d84b2996cdb448289ac0a26b32c99af87880a52287f8b8?s=96&d=mm&r=g","contentUrl":"https:\/\/secure.gravatar.com\/avatar\/638e9d8d08bf2340d3d84b2996cdb448289ac0a26b32c99af87880a52287f8b8?s=96&d=mm&r=g","caption":"Cl\u00ednica Belodonte"},"url":"https:\/\/www.belodonte.es\/ca\/author\/wm_mgc\/"}]}},"_links":{"self":[{"href":"https:\/\/www.belodonte.es\/ca\/wp-json\/wp\/v2\/posts\/4163","targetHints":{"allow":["GET"]}}],"collection":[{"href":"https:\/\/www.belodonte.es\/ca\/wp-json\/wp\/v2\/posts"}],"about":[{"href":"https:\/\/www.belodonte.es\/ca\/wp-json\/wp\/v2\/types\/post"}],"author":[{"embeddable":true,"href":"https:\/\/www.belodonte.es\/ca\/wp-json\/wp\/v2\/users\/3"}],"replies":[{"embeddable":true,"href":"https:\/\/www.belodonte.es\/ca\/wp-json\/wp\/v2\/comments?post=4163"}],"version-history":[{"count":1,"href":"https:\/\/www.belodonte.es\/ca\/wp-json\/wp\/v2\/posts\/4163\/revisions"}],"predecessor-version":[{"id":4166,"href":"https:\/\/www.belodonte.es\/ca\/wp-json\/wp\/v2\/posts\/4163\/revisions\/4166"}],"wp:featuredmedia":[{"embeddable":true,"href":"https:\/\/www.belodonte.es\/ca\/wp-json\/wp\/v2\/media\/4164"}],"wp:attachment":[{"href":"https:\/\/www.belodonte.es\/ca\/wp-json\/wp\/v2\/media?parent=4163"}],"wp:term":[{"taxonomy":"category","embeddable":true,"href":"https:\/\/www.belodonte.es\/ca\/wp-json\/wp\/v2\/categories?post=4163"},{"taxonomy":"post_tag","embeddable":true,"href":"https:\/\/www.belodonte.es\/ca\/wp-json\/wp\/v2\/tags?post=4163"}],"curies":[{"name":"wp","href":"https:\/\/api.w.org\/{rel}","templated":true}]}}